{"id":1047,"date":"2016-03-25T11:17:01","date_gmt":"2016-03-25T09:17:01","guid":{"rendered":"http:\/\/www.inkultura-online.de\/politisch_unkorrekt\/?p=1047"},"modified":"2016-03-25T11:17:01","modified_gmt":"2016-03-25T09:17:01","slug":"deal-der-nur-einer-seite-nutzt","status":"publish","type":"post","link":"https:\/\/www.inkultura-online.de\/politisch_unkorrekt\/deal-der-nur-einer-seite-nutzt\/","title":{"rendered":"Ein Deal, der nur einer Seite nutzt"},"content":{"rendered":"<p align=\"justify\">Bundeskanzlerin Merkel, die sich von den Medien gern als \u201em\u00e4chtigste Frau Europas\u201c feiern l\u00e4sst, hat diesem Kontinent, vor allen aber Deutschland, durch den \u201eFl\u00fcchtlingsdeal\u201c mit der T\u00fcrkei einen B\u00e4rendienst erwiesen, dessen negative Auswirkungen sich bald bemerkbar machen werden. Wenn es soweit ist, dann sind die aktuellen Migrationsstr\u00f6me nur ein kleiner Bruchteil von den zu erwartenden neuen V\u00f6lkerwanderungen gewesen.<\/p>\n<p align=\"justify\">Wenn die T\u00fcrkei sich bereiterkl\u00e4rt, die von ihrem Territorium illegal nach Griechenland \u00fcbergesetzten \u201eFl\u00fcchtlinge\u201c zur\u00fcckzunehmen und f\u00fcr jeden \u201eR\u00fcckkehrer\u201c einem \u201eSyrer\u201c legal die Weiterreise nach Europa zu gestatten, dann ist das pure Augenwischerei. So berichtet nicht nur der deutsche Geheimdienst, dass auf den anatolischen Basaren inzwischen syrische Reisep\u00e4sse zum Sondertarif verkauft werden.<\/p>\n<p align=\"justify\">Im Zuge des EU-T\u00fcrkei-Abkommens, das naive westliche Politiker als L\u00f6sung des von Merkel zu verantwortenden Asyltourismus betrachten, erhalten t\u00fcrkische B\u00fcrger die Visafreiheit f\u00fcr Reisen in die L\u00e4nder der EU. Was f\u00fcr einen verantwortungslosen Irrsinn haben die Br\u00fcsseler Ochlokraten damit angerichtet? In der T\u00fcrkei sitzen, so die ober\u00f6sterreichische Zeitung <a href=\"https:\/\/www.wochenblick.at\/5-millionen-tuerken-sitzen-auf-gepackten-koffern\/\" target=\"_blank\">Wochenblick<\/a> 5 Millionen in Armut lebender T\u00fcrken auf gepackten Koffern und warten nur darauf, ohne b\u00fcrokratische H\u00fcrden in den vermeintlich reichen Westen zu gelangen. Die zugesagte Visafreiheit d\u00fcrfte dem Kontinent, hier besonders wieder Deutschland, eine weitere Welle von Millionen an nicht integrierbaren Menschen zuf\u00fchren.<\/p>\n<p align=\"justify\">Jetzt ist ein weiterer Passus des Abkommens mit der T\u00fcrkei in der \u00d6ffentlichkeit aufgetaucht, der am Verstand der auf europ\u00e4ischer Seite die Verhandlungen gef\u00fchrt habenden Politiker zweifeln l\u00e4sst. In Punkt 4 der Vereinbarung hei\u00dft es: <i>&#8222;Wenn die irregul\u00e4ren \u00dcberfahrten von der T\u00fcrkei in die EU gestoppt oder zumindest substanziell und nachhaltig reduziert wurden, wird ein ,Freiwilliges Humanit\u00e4res Aufnahmesystem&#8216; aktiviert. Dazu tragen die EU-Mitgliedstaaten freiwillig bei.&#8220;<\/i><\/p>\n<p align=\"justify\"><i> <\/i>Im Klartext bedeutet das, Europa, und da sich alle anderen L\u00e4nder nach den j\u00fcngsten islamischen Anschl\u00e4gen in Belgien inzwischen weigern weitere, haupts\u00e4chlich muslimische Fl\u00fcchtlinge aufzunehmen, ausschlie\u00dflich Deutschland, dessen Willkommenskulturwahnsinn keine Grenzen kennt, die zu erwartenden \u201eFl\u00fcchtlinge\u201c, die dann laut besagtem Punkt 4 vollkommen legal nach Europa weiterreisen, aufnehmen wird.<\/p>\n<p align=\"justify\">Der lautstark propagierte Erfolg des EU-T\u00fcrkei-Abkommens ist in Wirklichkeit die Legalisierung der von Merkel initiierten Invasion Deutschlands mit kulturfernen Personen, die bei uns weniger Zuflucht vor Verfolgung und Krieg suchen, sondern sich an den erstaunlicherweise noch immer gut gef\u00fcllten T\u00f6pfen des Sozial- und Wohlfahrtsstaates Deutschland bedienen wollen.<\/p>\n<p align=\"justify\">Ob das aus politischem Kalk\u00fcl, politischer Naivit\u00e4t oder einfach nur grenzenloser Dummheit der herrschende Elite geschieht, ist die alles entscheidende Frage. So erkl\u00e4rte ein EU-Politiker auf Nachfrage den Punkt 4 kurzerhand als nicht existent, wie die <a href=\"http:\/\/www.sueddeutsche.de\/politik\/eu-asylpolitik-verdaechtiges-schweigen-ueber-die-zweite-haelfte-des-eu-tuerkei-deals-1.2917391\" target=\"_blank\">SZ<\/a> schreibt. Als ein Diplomat ihm den Text des Abkommens zeigte, bestand dessen Reaktion in lautem Schweigen. Das best\u00e4tigt einmal mehr die These vom Krieg, den die politisch Verantwortlichen gegen die V\u00f6lker Europas f\u00fchren und an dessen Spitze, wie sollte es auch anders sein, die Gr\u00f6KaZ, die \u201em\u00e4chtigste Frau Europas\u201c steht.<\/p>\n<p align=\"justify\">Der Deal, der in Wirklichkeit keiner ist, wird ausschlie\u00dflich f\u00fcr die Entlastung der T\u00fcrkei sorgen, die, wie bereits vor 40 Jahren, ihren unproduktiven Bev\u00f6lkerungs\u00fcberschuss in Richtung Deutschland abschieben kann und damit hier die Geschwindigkeit der Islamisierung weiter forciert. Ein Land, das solche Politiker wie Angela Merkel besitzt, braucht wahrlich keine \u00e4u\u00dferen Feinde mehr.<\/p>\n","protected":false},"excerpt":{"rendered":"<p>Bundeskanzlerin Merkel, die sich von den Medien gern als \u201em\u00e4chtigste Frau Europas\u201c feiern l\u00e4sst, hat diesem Kontinent, vor allen aber Deutschland, durch den \u201eFl\u00fcchtlingsdeal\u201c mit der T\u00fcrkei einen B\u00e4rendienst erwiesen, dessen negative Auswirkungen sich bald bemerkbar machen werden. Wenn es &hellip; <a href=\"https:\/\/www.inkultura-online.de\/politisch_unkorrekt\/deal-der-nur-einer-seite-nutzt\/\">Weiterlesen <span class=\"meta-nav\">&rarr;<\/span><\/a><\/p>\n","protected":false},"author":1,"featured_media":0,"comment_status":"open","ping_status":"open","sticky":false,"template":"","format":"standard","meta":{"footnotes":""},"categories":[444,146,9,10],"tags":[620,79,52,416,618,619],"class_list":["post-1047","post","type-post","status-publish","format-standard","hentry","category-gedanken-zum-tag","category-keine-islamisierung","category-staaten-untereinander","category-systemfehler","tag-eu-tuerkei-abkommen","tag-fluechtlinge","tag-islamisierung","tag-syrer","tag-tuerkei","tag-visafreiheit"],"yoast_head":"<!-- This site is optimized with the Yoast SEO plugin v27.5 - https:\/\/yoast.com\/product\/yoast-seo-wordpress\/ -->\n<title>Ein Deal, der nur einer Seite nutzt - Zeitgeist? Frei!<\/title>\n<meta name=\"robots\" content=\"index, follow, max-snippet:-1, max-image-preview:large, max-video-preview:-1\" \/>\n<link rel=\"canonical\" href=\"https:\/\/www.inkultura-online.de\/politisch_unkorrekt\/deal-der-nur-einer-seite-nutzt\/\" \/>\n<meta property=\"og:locale\" content=\"de_DE\" \/>\n<meta property=\"og:type\" content=\"article\" \/>\n<meta property=\"og:title\" content=\"Ein Deal, der nur einer Seite nutzt - Zeitgeist? Frei!\" \/>\n<meta property=\"og:description\" content=\"Bundeskanzlerin Merkel, die sich von den Medien gern als \u201em\u00e4chtigste Frau Europas\u201c feiern l\u00e4sst, hat diesem Kontinent, vor allen aber Deutschland, durch den \u201eFl\u00fcchtlingsdeal\u201c mit der T\u00fcrkei einen B\u00e4rendienst erwiesen, dessen negative Auswirkungen sich bald bemerkbar machen werden. Wenn es &hellip; Weiterlesen &rarr;\" \/>\n<meta property=\"og:url\" content=\"https:\/\/www.inkultura-online.de\/politisch_unkorrekt\/deal-der-nur-einer-seite-nutzt\/\" \/>\n<meta property=\"og:site_name\" content=\"Zeitgeist? Frei!\" \/>\n<meta property=\"article:published_time\" content=\"2016-03-25T09:17:01+00:00\" \/>\n<meta name=\"author\" content=\"Orator\" \/>\n<meta name=\"twitter:label1\" content=\"Verfasst von\" \/>\n\t<meta name=\"twitter:data1\" content=\"Orator\" \/>\n\t<meta name=\"twitter:label2\" content=\"Gesch\u00e4tzte Lesezeit\" \/>\n\t<meta name=\"twitter:data2\" content=\"3\u00a0Minuten\" \/>\n<script type=\"application\/ld+json\" class=\"yoast-schema-graph\">{\"@context\":\"https:\\\/\\\/schema.org\",\"@graph\":[{\"@type\":\"Article\",\"@id\":\"https:\\\/\\\/www.inkultura-online.de\\\/politisch_unkorrekt\\\/deal-der-nur-einer-seite-nutzt\\\/#article\",\"isPartOf\":{\"@id\":\"https:\\\/\\\/www.inkultura-online.de\\\/politisch_unkorrekt\\\/deal-der-nur-einer-seite-nutzt\\\/\"},\"author\":{\"name\":\"Orator\",\"@id\":\"https:\\\/\\\/www.inkultura-online.de\\\/politisch_unkorrekt\\\/#\\\/schema\\\/person\\\/5b30b80e385478896a1de221e1994d86\"},\"headline\":\"Ein Deal, der nur einer Seite nutzt\",\"datePublished\":\"2016-03-25T09:17:01+00:00\",\"mainEntityOfPage\":{\"@id\":\"https:\\\/\\\/www.inkultura-online.de\\\/politisch_unkorrekt\\\/deal-der-nur-einer-seite-nutzt\\\/\"},\"wordCount\":566,\"commentCount\":0,\"publisher\":{\"@id\":\"https:\\\/\\\/www.inkultura-online.de\\\/politisch_unkorrekt\\\/#\\\/schema\\\/person\\\/5b30b80e385478896a1de221e1994d86\"},\"keywords\":[\"EU-T\u00fcrkei-Abkommen\",\"Fl\u00fcchtlinge\",\"Islamisierung\",\"Syrer\",\"T\u00fcrkei\",\"Visafreiheit\"],\"articleSection\":[\"Gedanken zum Tag\",\"Keine Islamisierung?\",\"Staaten untereinander\",\"Systemfehler\"],\"inLanguage\":\"de\",\"potentialAction\":[{\"@type\":\"CommentAction\",\"name\":\"Comment\",\"target\":[\"https:\\\/\\\/www.inkultura-online.de\\\/politisch_unkorrekt\\\/deal-der-nur-einer-seite-nutzt\\\/#respond\"]}]},{\"@type\":\"WebPage\",\"@id\":\"https:\\\/\\\/www.inkultura-online.de\\\/politisch_unkorrekt\\\/deal-der-nur-einer-seite-nutzt\\\/\",\"url\":\"https:\\\/\\\/www.inkultura-online.de\\\/politisch_unkorrekt\\\/deal-der-nur-einer-seite-nutzt\\\/\",\"name\":\"Ein Deal, der nur einer Seite nutzt - Zeitgeist? Frei!\",\"isPartOf\":{\"@id\":\"https:\\\/\\\/www.inkultura-online.de\\\/politisch_unkorrekt\\\/#website\"},\"datePublished\":\"2016-03-25T09:17:01+00:00\",\"breadcrumb\":{\"@id\":\"https:\\\/\\\/www.inkultura-online.de\\\/politisch_unkorrekt\\\/deal-der-nur-einer-seite-nutzt\\\/#breadcrumb\"},\"inLanguage\":\"de\",\"potentialAction\":[{\"@type\":\"ReadAction\",\"target\":[\"https:\\\/\\\/www.inkultura-online.de\\\/politisch_unkorrekt\\\/deal-der-nur-einer-seite-nutzt\\\/\"]}]},{\"@type\":\"BreadcrumbList\",\"@id\":\"https:\\\/\\\/www.inkultura-online.de\\\/politisch_unkorrekt\\\/deal-der-nur-einer-seite-nutzt\\\/#breadcrumb\",\"itemListElement\":[{\"@type\":\"ListItem\",\"position\":1,\"name\":\"Home\",\"item\":\"https:\\\/\\\/www.inkultura-online.de\\\/politisch_unkorrekt\\\/\"},{\"@type\":\"ListItem\",\"position\":2,\"name\":\"Ein Deal, der nur einer Seite nutzt\"}]},{\"@type\":\"WebSite\",\"@id\":\"https:\\\/\\\/www.inkultura-online.de\\\/politisch_unkorrekt\\\/#website\",\"url\":\"https:\\\/\\\/www.inkultura-online.de\\\/politisch_unkorrekt\\\/\",\"name\":\"Zeitgeist? Frei!\",\"description\":\"Was Ihr den Geist der Zeiten hei\u00dft...\",\"publisher\":{\"@id\":\"https:\\\/\\\/www.inkultura-online.de\\\/politisch_unkorrekt\\\/#\\\/schema\\\/person\\\/5b30b80e385478896a1de221e1994d86\"},\"potentialAction\":[{\"@type\":\"SearchAction\",\"target\":{\"@type\":\"EntryPoint\",\"urlTemplate\":\"https:\\\/\\\/www.inkultura-online.de\\\/politisch_unkorrekt\\\/?s={search_term_string}\"},\"query-input\":{\"@type\":\"PropertyValueSpecification\",\"valueRequired\":true,\"valueName\":\"search_term_string\"}}],\"inLanguage\":\"de\"},{\"@type\":[\"Person\",\"Organization\"],\"@id\":\"https:\\\/\\\/www.inkultura-online.de\\\/politisch_unkorrekt\\\/#\\\/schema\\\/person\\\/5b30b80e385478896a1de221e1994d86\",\"name\":\"Orator\",\"image\":{\"@type\":\"ImageObject\",\"inLanguage\":\"de\",\"@id\":\"https:\\\/\\\/secure.gravatar.com\\\/avatar\\\/96e03166d31716e9c437060430eb7605c45a8ce6fb6dab483637ca6915dd0844?s=96&d=mm&r=g\",\"url\":\"https:\\\/\\\/secure.gravatar.com\\\/avatar\\\/96e03166d31716e9c437060430eb7605c45a8ce6fb6dab483637ca6915dd0844?s=96&d=mm&r=g\",\"contentUrl\":\"https:\\\/\\\/secure.gravatar.com\\\/avatar\\\/96e03166d31716e9c437060430eb7605c45a8ce6fb6dab483637ca6915dd0844?s=96&d=mm&r=g\",\"caption\":\"Orator\"},\"logo\":{\"@id\":\"https:\\\/\\\/secure.gravatar.com\\\/avatar\\\/96e03166d31716e9c437060430eb7605c45a8ce6fb6dab483637ca6915dd0844?s=96&d=mm&r=g\"},\"url\":\"https:\\\/\\\/www.inkultura-online.de\\\/politisch_unkorrekt\\\/author\\\/1korrektor21-2\\\/\"}]}<\/script>\n<!-- \/ Yoast SEO plugin. -->","yoast_head_json":{"title":"Ein Deal, der nur einer Seite nutzt - Zeitgeist? Frei!","robots":{"index":"index","follow":"follow","max-snippet":"max-snippet:-1","max-image-preview":"max-image-preview:large","max-video-preview":"max-video-preview:-1"},"canonical":"https:\/\/www.inkultura-online.de\/politisch_unkorrekt\/deal-der-nur-einer-seite-nutzt\/","og_locale":"de_DE","og_type":"article","og_title":"Ein Deal, der nur einer Seite nutzt - Zeitgeist? Frei!","og_description":"Bundeskanzlerin Merkel, die sich von den Medien gern als \u201em\u00e4chtigste Frau Europas\u201c feiern l\u00e4sst, hat diesem Kontinent, vor allen aber Deutschland, durch den \u201eFl\u00fcchtlingsdeal\u201c mit der T\u00fcrkei einen B\u00e4rendienst erwiesen, dessen negative Auswirkungen sich bald bemerkbar machen werden. Wenn es &hellip; Weiterlesen &rarr;","og_url":"https:\/\/www.inkultura-online.de\/politisch_unkorrekt\/deal-der-nur-einer-seite-nutzt\/","og_site_name":"Zeitgeist? Frei!","article_published_time":"2016-03-25T09:17:01+00:00","author":"Orator","twitter_misc":{"Verfasst von":"Orator","Gesch\u00e4tzte Lesezeit":"3\u00a0Minuten"},"schema":{"@context":"https:\/\/schema.org","@graph":[{"@type":"Article","@id":"https:\/\/www.inkultura-online.de\/politisch_unkorrekt\/deal-der-nur-einer-seite-nutzt\/#article","isPartOf":{"@id":"https:\/\/www.inkultura-online.de\/politisch_unkorrekt\/deal-der-nur-einer-seite-nutzt\/"},"author":{"name":"Orator","@id":"https:\/\/www.inkultura-online.de\/politisch_unkorrekt\/#\/schema\/person\/5b30b80e385478896a1de221e1994d86"},"headline":"Ein Deal, der nur einer Seite nutzt","datePublished":"2016-03-25T09:17:01+00:00","mainEntityOfPage":{"@id":"https:\/\/www.inkultura-online.de\/politisch_unkorrekt\/deal-der-nur-einer-seite-nutzt\/"},"wordCount":566,"commentCount":0,"publisher":{"@id":"https:\/\/www.inkultura-online.de\/politisch_unkorrekt\/#\/schema\/person\/5b30b80e385478896a1de221e1994d86"},"keywords":["EU-T\u00fcrkei-Abkommen","Fl\u00fcchtlinge","Islamisierung","Syrer","T\u00fcrkei","Visafreiheit"],"articleSection":["Gedanken zum Tag","Keine Islamisierung?","Staaten untereinander","Systemfehler"],"inLanguage":"de","potentialAction":[{"@type":"CommentAction","name":"Comment","target":["https:\/\/www.inkultura-online.de\/politisch_unkorrekt\/deal-der-nur-einer-seite-nutzt\/#respond"]}]},{"@type":"WebPage","@id":"https:\/\/www.inkultura-online.de\/politisch_unkorrekt\/deal-der-nur-einer-seite-nutzt\/","url":"https:\/\/www.inkultura-online.de\/politisch_unkorrekt\/deal-der-nur-einer-seite-nutzt\/","name":"Ein Deal, der nur einer Seite nutzt - Zeitgeist? Frei!","isPartOf":{"@id":"https:\/\/www.inkultura-online.de\/politisch_unkorrekt\/#website"},"datePublished":"2016-03-25T09:17:01+00:00","breadcrumb":{"@id":"https:\/\/www.inkultura-online.de\/politisch_unkorrekt\/deal-der-nur-einer-seite-nutzt\/#breadcrumb"},"inLanguage":"de","potentialAction":[{"@type":"ReadAction","target":["https:\/\/www.inkultura-online.de\/politisch_unkorrekt\/deal-der-nur-einer-seite-nutzt\/"]}]},{"@type":"BreadcrumbList","@id":"https:\/\/www.inkultura-online.de\/politisch_unkorrekt\/deal-der-nur-einer-seite-nutzt\/#breadcrumb","itemListElement":[{"@type":"ListItem","position":1,"name":"Home","item":"https:\/\/www.inkultura-online.de\/politisch_unkorrekt\/"},{"@type":"ListItem","position":2,"name":"Ein Deal, der nur einer Seite nutzt"}]},{"@type":"WebSite","@id":"https:\/\/www.inkultura-online.de\/politisch_unkorrekt\/#website","url":"https:\/\/www.inkultura-online.de\/politisch_unkorrekt\/","name":"Zeitgeist? Frei!","description":"Was Ihr den Geist der Zeiten hei\u00dft...","publisher":{"@id":"https:\/\/www.inkultura-online.de\/politisch_unkorrekt\/#\/schema\/person\/5b30b80e385478896a1de221e1994d86"},"potentialAction":[{"@type":"SearchAction","target":{"@type":"EntryPoint","urlTemplate":"https:\/\/www.inkultura-online.de\/politisch_unkorrekt\/?s={search_term_string}"},"query-input":{"@type":"PropertyValueSpecification","valueRequired":true,"valueName":"search_term_string"}}],"inLanguage":"de"},{"@type":["Person","Organization"],"@id":"https:\/\/www.inkultura-online.de\/politisch_unkorrekt\/#\/schema\/person\/5b30b80e385478896a1de221e1994d86","name":"Orator","image":{"@type":"ImageObject","inLanguage":"de","@id":"https:\/\/secure.gravatar.com\/avatar\/96e03166d31716e9c437060430eb7605c45a8ce6fb6dab483637ca6915dd0844?s=96&d=mm&r=g","url":"https:\/\/secure.gravatar.com\/avatar\/96e03166d31716e9c437060430eb7605c45a8ce6fb6dab483637ca6915dd0844?s=96&d=mm&r=g","contentUrl":"https:\/\/secure.gravatar.com\/avatar\/96e03166d31716e9c437060430eb7605c45a8ce6fb6dab483637ca6915dd0844?s=96&d=mm&r=g","caption":"Orator"},"logo":{"@id":"https:\/\/secure.gravatar.com\/avatar\/96e03166d31716e9c437060430eb7605c45a8ce6fb6dab483637ca6915dd0844?s=96&d=mm&r=g"},"url":"https:\/\/www.inkultura-online.de\/politisch_unkorrekt\/author\/1korrektor21-2\/"}]}},"_links":{"self":[{"href":"https:\/\/www.inkultura-online.de\/politisch_unkorrekt\/wp-json\/wp\/v2\/posts\/1047","targetHints":{"allow":["GET"]}}],"collection":[{"href":"https:\/\/www.inkultura-online.de\/politisch_unkorrekt\/wp-json\/wp\/v2\/posts"}],"about":[{"href":"https:\/\/www.inkultura-online.de\/politisch_unkorrekt\/wp-json\/wp\/v2\/types\/post"}],"author":[{"embeddable":true,"href":"https:\/\/www.inkultura-online.de\/politisch_unkorrekt\/wp-json\/wp\/v2\/users\/1"}],"replies":[{"embeddable":true,"href":"https:\/\/www.inkultura-online.de\/politisch_unkorrekt\/wp-json\/wp\/v2\/comments?post=1047"}],"version-history":[{"count":1,"href":"https:\/\/www.inkultura-online.de\/politisch_unkorrekt\/wp-json\/wp\/v2\/posts\/1047\/revisions"}],"predecessor-version":[{"id":1048,"href":"https:\/\/www.inkultura-online.de\/politisch_unkorrekt\/wp-json\/wp\/v2\/posts\/1047\/revisions\/1048"}],"wp:attachment":[{"href":"https:\/\/www.inkultura-online.de\/politisch_unkorrekt\/wp-json\/wp\/v2\/media?parent=1047"}],"wp:term":[{"taxonomy":"category","embeddable":true,"href":"https:\/\/www.inkultura-online.de\/politisch_unkorrekt\/wp-json\/wp\/v2\/categories?post=1047"},{"taxonomy":"post_tag","embeddable":true,"href":"https:\/\/www.inkultura-online.de\/politisch_unkorrekt\/wp-json\/wp\/v2\/tags?post=1047"}],"curies":[{"name":"wp","href":"https:\/\/api.w.org\/{rel}","templated":true}]}}