{"id":1049,"date":"2016-03-25T18:28:07","date_gmt":"2016-03-25T16:28:07","guid":{"rendered":"http:\/\/www.inkultura-online.de\/politisch_unkorrekt\/?p=1049"},"modified":"2016-03-25T18:28:07","modified_gmt":"2016-03-25T16:28:07","slug":"die-merkwuerdige-welt-des-bodo-ramelow","status":"publish","type":"post","link":"https:\/\/www.inkultura-online.de\/politisch_unkorrekt\/die-merkwuerdige-welt-des-bodo-ramelow\/","title":{"rendered":"Die merkw\u00fcrdige Welt des Bodo Ramelow"},"content":{"rendered":"<p>Obwohl auch die Linkspartei wegen ihrer Bef\u00fcrwortung der Merkel`schen Fl\u00fcchtlingspolitik W\u00e4hler verloren hat, die geradewegs zur AfD gewechselt sind, will die LINKE am praktizierten Volksaustausch festhalten.<!--more--><\/p>\n<p>Inschallah-Ramelow, wir erinnern uns, der Mann, der angesichts der Ankunft kulturferner Invasoren mit vor Begeisterung feuchter Unterw\u00e4sche nicht m\u00fcde wurde, immer wieder ein lautes \u201eInschallah\u201c in die Menge islamischer Landnehmer zu rufen, will jetzt, so berichtet <a href=\"http:\/\/www.spiegel.de\/politik\/deutschland\/bodo-ramelow-will-bis-zu-2000-fluechtlinge-nach-thueringen-holen-a-1084129.html\" target=\"_blank\">SPON<\/a>, bis zu 2000 \u201eFl\u00fcchtlinge\u201c nach Th\u00fcringen locken, um, das lasse man sich auf der Zunge zergehen, den Wunsch der heimischen Wirtschaft nach Arbeitskr\u00e4ften zu erf\u00fcllen.<\/p>\n<p>Die n\u00e4mlich, so der weinerliche Tenor der Bosse dieses Bundeslandes, finden partout keine Leute, um die <a href=\"https:\/\/statistik.arbeitsagentur.de\/Navigation\/Statistik\/Statistik-nach-Regionen\/Politische-Gebietsstruktur\/Thueringen-Nav.html\" target=\"_blank\">19.608<\/a> im Februar dieses Jahres gemeldeten freien Arbeitsstellen zu besetzen. Wirft man einen Blick auf die von der Bundesagentur f\u00fcr Arbeit ver\u00f6ffentlichte Statistik, dann sind in Th\u00fcringen 89.490 Menschen ohne Arbeit. L\u00e4sst man die 10 Prozent herausfallen, die nicht arbeiten wollen, dann bleiben immer noch \u00fcber 80.000 Autochthone \u00fcbrig, die keinen Arbeitsplatz finden.<\/p>\n<p>Es stellt sich daher die berechtigte Frage, was f\u00fcr ein \u00fcbles Spiel Wirtschaft und Politik treiben, wenn sie unisono nach \u201eFl\u00fcchtlingen\u201c rufen, um angeblich Stellen zu besetzen, die ansonsten frei bleiben m\u00fcssten. Bei offiziell \u00fcber 80.000 Arbeitslosen und nur 19.608 freien Stellen nach ausl\u00e4ndischen \u201eFachkr\u00e4ften\u201c zu rufen, grenzt gef\u00e4hrlich an kognitive Dissonanz. Oder soll das Ganze doch nicht vielmehr eine neue Taktik im Krieg gegen das eigene Volk sein?<\/p>\n","protected":false},"excerpt":{"rendered":"<p>Obwohl auch die Linkspartei wegen ihrer Bef\u00fcrwortung der Merkel`schen Fl\u00fcchtlingspolitik W\u00e4hler verloren hat, die geradewegs zur AfD gewechselt sind, will die LINKE am praktizierten Volksaustausch festhalten.<\/p>\n","protected":false},"author":1,"featured_media":0,"comment_status":"open","ping_status":"open","sticky":false,"template":"","format":"standard","meta":{"footnotes":""},"categories":[2,378,1,10],"tags":[79,463,156,164],"class_list":["post-1049","post","type-post","status-publish","format-standard","hentry","category-antipathie","category-denunzianten","category-fundstuecke","category-systemfehler","tag-fluechtlinge","tag-inschallah-ramelow","tag-volksaustausch","tag-volksverrat"],"yoast_head":"<!-- This site is optimized with the Yoast SEO plugin v27.5 - https:\/\/yoast.com\/product\/yoast-seo-wordpress\/ -->\n<title>Die merkw\u00fcrdige Welt des Bodo Ramelow - Zeitgeist? Frei!<\/title>\n<meta name=\"robots\" content=\"index, follow, max-snippet:-1, max-image-preview:large, max-video-preview:-1\" \/>\n<link rel=\"canonical\" href=\"https:\/\/www.inkultura-online.de\/politisch_unkorrekt\/die-merkwuerdige-welt-des-bodo-ramelow\/\" \/>\n<meta property=\"og:locale\" content=\"de_DE\" \/>\n<meta property=\"og:type\" content=\"article\" \/>\n<meta property=\"og:title\" content=\"Die merkw\u00fcrdige Welt des Bodo Ramelow - Zeitgeist? Frei!\" \/>\n<meta property=\"og:description\" content=\"Obwohl auch die Linkspartei wegen ihrer Bef\u00fcrwortung der Merkel`schen Fl\u00fcchtlingspolitik W\u00e4hler verloren hat, die geradewegs zur AfD gewechselt sind, will die LINKE am praktizierten Volksaustausch festhalten.\" \/>\n<meta property=\"og:url\" content=\"https:\/\/www.inkultura-online.de\/politisch_unkorrekt\/die-merkwuerdige-welt-des-bodo-ramelow\/\" \/>\n<meta property=\"og:site_name\" content=\"Zeitgeist? Frei!\" \/>\n<meta property=\"article:published_time\" content=\"2016-03-25T16:28:07+00:00\" \/>\n<meta name=\"author\" content=\"Orator\" \/>\n<meta name=\"twitter:label1\" content=\"Verfasst von\" \/>\n\t<meta name=\"twitter:data1\" content=\"Orator\" \/>\n\t<meta name=\"twitter:label2\" content=\"Gesch\u00e4tzte Lesezeit\" \/>\n\t<meta name=\"twitter:data2\" content=\"1\u00a0Minute\" \/>\n<script type=\"application\/ld+json\" class=\"yoast-schema-graph\">{\"@context\":\"https:\\\/\\\/schema.org\",\"@graph\":[{\"@type\":\"Article\",\"@id\":\"https:\\\/\\\/www.inkultura-online.de\\\/politisch_unkorrekt\\\/die-merkwuerdige-welt-des-bodo-ramelow\\\/#article\",\"isPartOf\":{\"@id\":\"https:\\\/\\\/www.inkultura-online.de\\\/politisch_unkorrekt\\\/die-merkwuerdige-welt-des-bodo-ramelow\\\/\"},\"author\":{\"name\":\"Orator\",\"@id\":\"https:\\\/\\\/www.inkultura-online.de\\\/politisch_unkorrekt\\\/#\\\/schema\\\/person\\\/5b30b80e385478896a1de221e1994d86\"},\"headline\":\"Die merkw\u00fcrdige Welt des Bodo Ramelow\",\"datePublished\":\"2016-03-25T16:28:07+00:00\",\"mainEntityOfPage\":{\"@id\":\"https:\\\/\\\/www.inkultura-online.de\\\/politisch_unkorrekt\\\/die-merkwuerdige-welt-des-bodo-ramelow\\\/\"},\"wordCount\":247,\"commentCount\":0,\"publisher\":{\"@id\":\"https:\\\/\\\/www.inkultura-online.de\\\/politisch_unkorrekt\\\/#\\\/schema\\\/person\\\/5b30b80e385478896a1de221e1994d86\"},\"keywords\":[\"Fl\u00fcchtlinge\",\"Inschallah-Ramelow\",\"Volksaustausch\",\"Volksverrat\"],\"articleSection\":[\"Antipathie\",\"Denunzianten und Volksverr\u00e4ter\",\"Fundst\u00fccke\",\"Systemfehler\"],\"inLanguage\":\"de\",\"potentialAction\":[{\"@type\":\"CommentAction\",\"name\":\"Comment\",\"target\":[\"https:\\\/\\\/www.inkultura-online.de\\\/politisch_unkorrekt\\\/die-merkwuerdige-welt-des-bodo-ramelow\\\/#respond\"]}]},{\"@type\":\"WebPage\",\"@id\":\"https:\\\/\\\/www.inkultura-online.de\\\/politisch_unkorrekt\\\/die-merkwuerdige-welt-des-bodo-ramelow\\\/\",\"url\":\"https:\\\/\\\/www.inkultura-online.de\\\/politisch_unkorrekt\\\/die-merkwuerdige-welt-des-bodo-ramelow\\\/\",\"name\":\"Die merkw\u00fcrdige Welt des Bodo Ramelow - Zeitgeist? Frei!\",\"isPartOf\":{\"@id\":\"https:\\\/\\\/www.inkultura-online.de\\\/politisch_unkorrekt\\\/#website\"},\"datePublished\":\"2016-03-25T16:28:07+00:00\",\"breadcrumb\":{\"@id\":\"https:\\\/\\\/www.inkultura-online.de\\\/politisch_unkorrekt\\\/die-merkwuerdige-welt-des-bodo-ramelow\\\/#breadcrumb\"},\"inLanguage\":\"de\",\"potentialAction\":[{\"@type\":\"ReadAction\",\"target\":[\"https:\\\/\\\/www.inkultura-online.de\\\/politisch_unkorrekt\\\/die-merkwuerdige-welt-des-bodo-ramelow\\\/\"]}]},{\"@type\":\"BreadcrumbList\",\"@id\":\"https:\\\/\\\/www.inkultura-online.de\\\/politisch_unkorrekt\\\/die-merkwuerdige-welt-des-bodo-ramelow\\\/#breadcrumb\",\"itemListElement\":[{\"@type\":\"ListItem\",\"position\":1,\"name\":\"Home\",\"item\":\"https:\\\/\\\/www.inkultura-online.de\\\/politisch_unkorrekt\\\/\"},{\"@type\":\"ListItem\",\"position\":2,\"name\":\"Die merkw\u00fcrdige Welt des Bodo Ramelow\"}]},{\"@type\":\"WebSite\",\"@id\":\"https:\\\/\\\/www.inkultura-online.de\\\/politisch_unkorrekt\\\/#website\",\"url\":\"https:\\\/\\\/www.inkultura-online.de\\\/politisch_unkorrekt\\\/\",\"name\":\"Zeitgeist? Frei!\",\"description\":\"Was Ihr den Geist der Zeiten hei\u00dft...\",\"publisher\":{\"@id\":\"https:\\\/\\\/www.inkultura-online.de\\\/politisch_unkorrekt\\\/#\\\/schema\\\/person\\\/5b30b80e385478896a1de221e1994d86\"},\"potentialAction\":[{\"@type\":\"SearchAction\",\"target\":{\"@type\":\"EntryPoint\",\"urlTemplate\":\"https:\\\/\\\/www.inkultura-online.de\\\/politisch_unkorrekt\\\/?s={search_term_string}\"},\"query-input\":{\"@type\":\"PropertyValueSpecification\",\"valueRequired\":true,\"valueName\":\"search_term_string\"}}],\"inLanguage\":\"de\"},{\"@type\":[\"Person\",\"Organization\"],\"@id\":\"https:\\\/\\\/www.inkultura-online.de\\\/politisch_unkorrekt\\\/#\\\/schema\\\/person\\\/5b30b80e385478896a1de221e1994d86\",\"name\":\"Orator\",\"image\":{\"@type\":\"ImageObject\",\"inLanguage\":\"de\",\"@id\":\"https:\\\/\\\/secure.gravatar.com\\\/avatar\\\/96e03166d31716e9c437060430eb7605c45a8ce6fb6dab483637ca6915dd0844?s=96&d=mm&r=g\",\"url\":\"https:\\\/\\\/secure.gravatar.com\\\/avatar\\\/96e03166d31716e9c437060430eb7605c45a8ce6fb6dab483637ca6915dd0844?s=96&d=mm&r=g\",\"contentUrl\":\"https:\\\/\\\/secure.gravatar.com\\\/avatar\\\/96e03166d31716e9c437060430eb7605c45a8ce6fb6dab483637ca6915dd0844?s=96&d=mm&r=g\",\"caption\":\"Orator\"},\"logo\":{\"@id\":\"https:\\\/\\\/secure.gravatar.com\\\/avatar\\\/96e03166d31716e9c437060430eb7605c45a8ce6fb6dab483637ca6915dd0844?s=96&d=mm&r=g\"},\"url\":\"https:\\\/\\\/www.inkultura-online.de\\\/politisch_unkorrekt\\\/author\\\/1korrektor21-2\\\/\"}]}<\/script>\n<!-- \/ Yoast SEO plugin. -->","yoast_head_json":{"title":"Die merkw\u00fcrdige Welt des Bodo Ramelow - Zeitgeist? Frei!","robots":{"index":"index","follow":"follow","max-snippet":"max-snippet:-1","max-image-preview":"max-image-preview:large","max-video-preview":"max-video-preview:-1"},"canonical":"https:\/\/www.inkultura-online.de\/politisch_unkorrekt\/die-merkwuerdige-welt-des-bodo-ramelow\/","og_locale":"de_DE","og_type":"article","og_title":"Die merkw\u00fcrdige Welt des Bodo Ramelow - Zeitgeist? Frei!","og_description":"Obwohl auch die Linkspartei wegen ihrer Bef\u00fcrwortung der Merkel`schen Fl\u00fcchtlingspolitik W\u00e4hler verloren hat, die geradewegs zur AfD gewechselt sind, will die LINKE am praktizierten Volksaustausch festhalten.","og_url":"https:\/\/www.inkultura-online.de\/politisch_unkorrekt\/die-merkwuerdige-welt-des-bodo-ramelow\/","og_site_name":"Zeitgeist? Frei!","article_published_time":"2016-03-25T16:28:07+00:00","author":"Orator","twitter_misc":{"Verfasst von":"Orator","Gesch\u00e4tzte Lesezeit":"1\u00a0Minute"},"schema":{"@context":"https:\/\/schema.org","@graph":[{"@type":"Article","@id":"https:\/\/www.inkultura-online.de\/politisch_unkorrekt\/die-merkwuerdige-welt-des-bodo-ramelow\/#article","isPartOf":{"@id":"https:\/\/www.inkultura-online.de\/politisch_unkorrekt\/die-merkwuerdige-welt-des-bodo-ramelow\/"},"author":{"name":"Orator","@id":"https:\/\/www.inkultura-online.de\/politisch_unkorrekt\/#\/schema\/person\/5b30b80e385478896a1de221e1994d86"},"headline":"Die merkw\u00fcrdige Welt des Bodo Ramelow","datePublished":"2016-03-25T16:28:07+00:00","mainEntityOfPage":{"@id":"https:\/\/www.inkultura-online.de\/politisch_unkorrekt\/die-merkwuerdige-welt-des-bodo-ramelow\/"},"wordCount":247,"commentCount":0,"publisher":{"@id":"https:\/\/www.inkultura-online.de\/politisch_unkorrekt\/#\/schema\/person\/5b30b80e385478896a1de221e1994d86"},"keywords":["Fl\u00fcchtlinge","Inschallah-Ramelow","Volksaustausch","Volksverrat"],"articleSection":["Antipathie","Denunzianten und Volksverr\u00e4ter","Fundst\u00fccke","Systemfehler"],"inLanguage":"de","potentialAction":[{"@type":"CommentAction","name":"Comment","target":["https:\/\/www.inkultura-online.de\/politisch_unkorrekt\/die-merkwuerdige-welt-des-bodo-ramelow\/#respond"]}]},{"@type":"WebPage","@id":"https:\/\/www.inkultura-online.de\/politisch_unkorrekt\/die-merkwuerdige-welt-des-bodo-ramelow\/","url":"https:\/\/www.inkultura-online.de\/politisch_unkorrekt\/die-merkwuerdige-welt-des-bodo-ramelow\/","name":"Die merkw\u00fcrdige Welt des Bodo Ramelow - Zeitgeist? Frei!","isPartOf":{"@id":"https:\/\/www.inkultura-online.de\/politisch_unkorrekt\/#website"},"datePublished":"2016-03-25T16:28:07+00:00","breadcrumb":{"@id":"https:\/\/www.inkultura-online.de\/politisch_unkorrekt\/die-merkwuerdige-welt-des-bodo-ramelow\/#breadcrumb"},"inLanguage":"de","potentialAction":[{"@type":"ReadAction","target":["https:\/\/www.inkultura-online.de\/politisch_unkorrekt\/die-merkwuerdige-welt-des-bodo-ramelow\/"]}]},{"@type":"BreadcrumbList","@id":"https:\/\/www.inkultura-online.de\/politisch_unkorrekt\/die-merkwuerdige-welt-des-bodo-ramelow\/#breadcrumb","itemListElement":[{"@type":"ListItem","position":1,"name":"Home","item":"https:\/\/www.inkultura-online.de\/politisch_unkorrekt\/"},{"@type":"ListItem","position":2,"name":"Die merkw\u00fcrdige Welt des Bodo Ramelow"}]},{"@type":"WebSite","@id":"https:\/\/www.inkultura-online.de\/politisch_unkorrekt\/#website","url":"https:\/\/www.inkultura-online.de\/politisch_unkorrekt\/","name":"Zeitgeist? Frei!","description":"Was Ihr den Geist der Zeiten hei\u00dft...","publisher":{"@id":"https:\/\/www.inkultura-online.de\/politisch_unkorrekt\/#\/schema\/person\/5b30b80e385478896a1de221e1994d86"},"potentialAction":[{"@type":"SearchAction","target":{"@type":"EntryPoint","urlTemplate":"https:\/\/www.inkultura-online.de\/politisch_unkorrekt\/?s={search_term_string}"},"query-input":{"@type":"PropertyValueSpecification","valueRequired":true,"valueName":"search_term_string"}}],"inLanguage":"de"},{"@type":["Person","Organization"],"@id":"https:\/\/www.inkultura-online.de\/politisch_unkorrekt\/#\/schema\/person\/5b30b80e385478896a1de221e1994d86","name":"Orator","image":{"@type":"ImageObject","inLanguage":"de","@id":"https:\/\/secure.gravatar.com\/avatar\/96e03166d31716e9c437060430eb7605c45a8ce6fb6dab483637ca6915dd0844?s=96&d=mm&r=g","url":"https:\/\/secure.gravatar.com\/avatar\/96e03166d31716e9c437060430eb7605c45a8ce6fb6dab483637ca6915dd0844?s=96&d=mm&r=g","contentUrl":"https:\/\/secure.gravatar.com\/avatar\/96e03166d31716e9c437060430eb7605c45a8ce6fb6dab483637ca6915dd0844?s=96&d=mm&r=g","caption":"Orator"},"logo":{"@id":"https:\/\/secure.gravatar.com\/avatar\/96e03166d31716e9c437060430eb7605c45a8ce6fb6dab483637ca6915dd0844?s=96&d=mm&r=g"},"url":"https:\/\/www.inkultura-online.de\/politisch_unkorrekt\/author\/1korrektor21-2\/"}]}},"_links":{"self":[{"href":"https:\/\/www.inkultura-online.de\/politisch_unkorrekt\/wp-json\/wp\/v2\/posts\/1049","targetHints":{"allow":["GET"]}}],"collection":[{"href":"https:\/\/www.inkultura-online.de\/politisch_unkorrekt\/wp-json\/wp\/v2\/posts"}],"about":[{"href":"https:\/\/www.inkultura-online.de\/politisch_unkorrekt\/wp-json\/wp\/v2\/types\/post"}],"author":[{"embeddable":true,"href":"https:\/\/www.inkultura-online.de\/politisch_unkorrekt\/wp-json\/wp\/v2\/users\/1"}],"replies":[{"embeddable":true,"href":"https:\/\/www.inkultura-online.de\/politisch_unkorrekt\/wp-json\/wp\/v2\/comments?post=1049"}],"version-history":[{"count":1,"href":"https:\/\/www.inkultura-online.de\/politisch_unkorrekt\/wp-json\/wp\/v2\/posts\/1049\/revisions"}],"predecessor-version":[{"id":1050,"href":"https:\/\/www.inkultura-online.de\/politisch_unkorrekt\/wp-json\/wp\/v2\/posts\/1049\/revisions\/1050"}],"wp:attachment":[{"href":"https:\/\/www.inkultura-online.de\/politisch_unkorrekt\/wp-json\/wp\/v2\/media?parent=1049"}],"wp:term":[{"taxonomy":"category","embeddable":true,"href":"https:\/\/www.inkultura-online.de\/politisch_unkorrekt\/wp-json\/wp\/v2\/categories?post=1049"},{"taxonomy":"post_tag","embeddable":true,"href":"https:\/\/www.inkultura-online.de\/politisch_unkorrekt\/wp-json\/wp\/v2\/tags?post=1049"}],"curies":[{"name":"wp","href":"https:\/\/api.w.org\/{rel}","templated":true}]}}