{"id":1051,"date":"2016-03-27T15:37:01","date_gmt":"2016-03-27T13:37:01","guid":{"rendered":"http:\/\/www.inkultura-online.de\/politisch_unkorrekt\/?p=1051"},"modified":"2016-03-27T15:41:24","modified_gmt":"2016-03-27T13:41:24","slug":"margots-osterbotschaft","status":"publish","type":"post","link":"https:\/\/www.inkultura-online.de\/politisch_unkorrekt\/margots-osterbotschaft\/","title":{"rendered":"Margots Osterbotschaft"},"content":{"rendered":"<p align=\"justify\">War wohl wieder etwas zu viel Osterwasser, dass den Geist und die Stimme des evangelisches Gutmenschengewissens da befl\u00fcgelt hat, als Margot K\u00e4\u00dfmann die frohe Osterbotschaft <i>\u201e<\/i><i>Liebe deinen n\u00e4chsten Terroristen wie <\/i><i>dich<\/i><i> selbst\u201c<\/i> verk\u00fcndet hat. Wir, die potentiellen Opfer islamischen Terrors sollen, so die anscheinend pr\u00e4-debil wahrnehmungsgest\u00f6rte fr\u00fchere EKD-Ratspr\u00e4sidentin, den Attent\u00e4tern <i>\u201emit Liebe und Gebeten begegnen\u201c<\/i>.<!--more--><\/p>\n<p align=\"justify\">Da kann der aufmerksame Beobachter des politischen Zeitgeistes, der nun wahrlich hartgesotten ist bez\u00fcglich der manchmal die Grenze des Wahnsinns \u00fcberschreitenden \u00c4u\u00dferungen der sog. herrschenden Elite und ihrer Medienherolde, nur noch verzweifelt mit dem Kopf sch\u00fctteln und sich angewidert abwenden.<\/p>\n<p align=\"justify\">Wie gest\u00f6rt muss ein Mensch sein, dass er die Realit\u00e4t, die Attentate im Namen Allahs, die Entf\u00fchrungen und Vergewaltigungen von M\u00e4dchen und Frauen durch den IS, die Verst\u00fcmmelungen und T\u00f6tungen von Christen \u2013 Ungl\u00e4ubige in den Augen der Islamisten \u2013 und die Enthauptungen von Menschen partout nicht wahrhaben will und immer noch der Meinung ist, das alles habe nichts mit dem Islam zu tun, und wenn wir nur flei\u00dfig auch die andere Wange hinhalten w\u00fcrden, sich die islamischen Verbrecher eines, wohl durch Margots Zauberhand erschaffenen Tages in wertvolle Mitglieder des westlichen Gemeinschaft verwandeln w\u00fcrden.<\/p>\n<p align=\"justify\">W\u00e4re die Stimme K\u00e4\u00dfmanns die einzige, die solch einen Schwachsinn propagiert, k\u00f6nnte man dies als individuelle geistige St\u00f6rung abtun. Leider ist diese Einstellung der unterschwellige Tenor sowohl der verantwortlichen Politiker als auch der Hofberichterstattung in den Medien. Wer, wie Bundeskanzlerin Merkel, unter Applaus des politischen Betriebs die Grenzen sperrangelweit (auch) f\u00fcr jegliches Gesindel ge\u00f6ffnet hat und den Anschein des Stolzes dar\u00fcber erweckt, nicht einmal zu wissen, wer da alles die Grenze \u00fcberschritten hat, in der Hoffnung, allein das Betreten eines demokratischen und freien Gemeinwesens w\u00fcrde Hardcoreislamisten in friedliche, die Demokratie liebende Personen mutieren lassen, der leidet, wie Margot K\u00e4\u00dfmann, an kognitiver Dissonanz im fortgeschrittenen Zustand.<\/p>\n<p align=\"justify\">Gegen islamische Verbrecher helfen nur drei Dinge: Waffen, Waffen, Waffen. <a href=\"http:\/\/nicolaus-fest.de\/\" target=\"_blank\">Nicolaus Fest<\/a> ist einer der wenigen Journalisten, der das verstanden hat.<\/p>\n<blockquote>\n<p align=\"justify\">\u201e<span style=\"color: #000000;\">Wer die Anschl\u00e4ge als Kriegserkl\u00e4rung versteht, m\u00fcsste drei Dinge angehen. Erstens die Einschr\u00e4nkung der Rechtsschutzgarantien. Rechtsstaatlichkeit ist immer Verfahrenssicherheit, mit anderen Worten: Nicht Gerechtigkeit als solche wird garantiert, sondern lediglich die Wahrscheinlichkeit, dass auf dem Weg \u00fcber gegebenenfalls mehrere Instanzen am Ende ein gerechtes Urteil steht. Im \u201aVerteidigungsfall\u2019 des Grundgesetzes lassen sich solche Rechtsschutzgarantien einschr\u00e4nken. Diese M\u00f6glichkeit sollte, da man sich im Krieg befindet, ausdr\u00fccklich in Betracht gezogen werden. Konkret hei\u00dft das vor allem: Radikale Einschr\u00e4nkung der Verteidigungsm\u00f6glichkeiten gegen\u00fcber Abschiebungen, Aussetzung des Asylrechts, erleichterte \u00dcberwachung, harte Residenzpflichten, Ausgangssperren f\u00fcr potentielle Gef\u00e4hrder. <\/span><\/p>\n<p align=\"justify\"><span style=\"color: #000000;\">Zweitens: Druck auf das Sympathisantenmilieu durch harte Ma\u00dfnahmen gegen\u00fcber Angeh\u00f6rigen im n\u00e4heren oder weiteren Sinn. So zerst\u00f6ren die Israelis regelm\u00e4\u00dfig die H\u00e4user der Familien von Attent\u00e4tern. Denkbar w\u00e4re hier die Schlie\u00dfung von Moscheen und Vereinslokalen, hohe finanzielle Entsch\u00e4digungszahlen der muslimischen Gemeinden im Falle von Anschl\u00e4gen, Zerschlagung von Clanverb\u00e4nden und radikaler Gruppen durch Zuweisung weit voneinander entfernter Wohnsitze. Ob man Kinder und Jugendliche von Terroristen und Ha\u00dfpredigern in deren Obhut lassen sollte, w\u00e4re zu diskutieren. Deutlich werden m\u00fcsste: Jeder Anschlag hat extrem nachteilige Folgen f\u00fcr die gesamte muslimische Community. Das w\u00fcrde endlich die \u00fcberf\u00e4llige innermuslimische Diskussion in Gang setzen und die bisher weitgehend unt\u00e4tigen Muslimverb\u00e4nde unter Zugzwang setzen.<\/span><\/p>\n<p align=\"justify\"><span style=\"color: #000000;\">Dritte Ma\u00dfnahme: Ausschalten terroristischer Zellen durch Spezialkr\u00e4fte oder den milit\u00e4rischen Abwehrdienst. Auch die Deutschen werden asymmetrische Kriegsf\u00fchrung lernen und sich zu den Guerillaoperationen bekennen m\u00fcssen, die Amerikaner, Briten oder Israelis schon lange f\u00fchren. Das umfasst auch die straf- und gerichtsfreie T\u00f6tung tats\u00e4chlicher oder potentieller Terroristen, und m\u00f6glicherweise \u2013 wie zuweilen bei der Exekution per Drohne \u2013 auch unschuldiger Passanten. Diese T\u00f6tungen sind der Preis des eigenen \u00dcberlebens. Das ist, daran f\u00fchrt kein Weg vorbei, die Suspendierung des Rechtsstaats, und damit ein Paradox: Um den Rechtsstaat im Verteidigungsfall zu sch\u00fctzen, muss man ihn teilweise aufgeben. Das ist genau das, was hinter der sperrigen Vokabel des \u201aVerteidigungsfalls\u2019 wirklich steht.<\/span>\u201c<\/p>\n<\/blockquote>\n<p align=\"justify\">Zweifelsohne eine harte, jedoch vollkommen realistische Einsch\u00e4tzung der Lage. Leider fehlen den Verantwortlichen daf\u00fcr die Eier in der Hose. Die labern lieber nach jedem islamischen Attentat davon, dass das nat\u00fcrlich nichts mit dem Islam zu tun hat. Dann k\u00f6nnen sie sich ihre Betroffenheitsfloskeln auch gleich in den Allerwertesten schieben.<\/p>\n<p align=\"justify\">Solange die K\u00e4\u00dfmanns in dieser Republik den politischen Ton angeben, wird sich nichts Signifikantes ver\u00e4ndern.<\/p>\n","protected":false},"excerpt":{"rendered":"<p>War wohl wieder etwas zu viel Osterwasser, dass den Geist und die Stimme des evangelisches Gutmenschengewissens da befl\u00fcgelt hat, als Margot K\u00e4\u00dfmann die frohe Osterbotschaft \u201eLiebe deinen n\u00e4chsten Terroristen wie dich selbst\u201c verk\u00fcndet hat. Wir, die potentiellen Opfer islamischen Terrors &hellip; <a href=\"https:\/\/www.inkultura-online.de\/politisch_unkorrekt\/margots-osterbotschaft\/\">Weiterlesen <span class=\"meta-nav\">&rarr;<\/span><\/a><\/p>\n","protected":false},"author":1,"featured_media":0,"comment_status":"open","ping_status":"open","sticky":false,"template":"","format":"standard","meta":{"footnotes":""},"categories":[2,378,3,146,10],"tags":[311,621,21,106,496],"class_list":["post-1051","post","type-post","status-publish","format-standard","hentry","category-antipathie","category-denunzianten","category-die-duemmsten-sprueche-der-woche","category-keine-islamisierung","category-systemfehler","tag-gutmenschen","tag-is","tag-islam","tag-islamischer-terror","tag-margot-kaessmann"],"yoast_head":"<!-- This site is optimized with the Yoast SEO plugin v27.5 - https:\/\/yoast.com\/product\/yoast-seo-wordpress\/ -->\n<title>Margots Osterbotschaft - Zeitgeist? Frei!<\/title>\n<meta name=\"robots\" content=\"index, follow, max-snippet:-1, max-image-preview:large, max-video-preview:-1\" \/>\n<link rel=\"canonical\" href=\"https:\/\/www.inkultura-online.de\/politisch_unkorrekt\/margots-osterbotschaft\/\" \/>\n<meta property=\"og:locale\" content=\"de_DE\" \/>\n<meta property=\"og:type\" content=\"article\" \/>\n<meta property=\"og:title\" content=\"Margots Osterbotschaft - Zeitgeist? Frei!\" \/>\n<meta property=\"og:description\" content=\"War wohl wieder etwas zu viel Osterwasser, dass den Geist und die Stimme des evangelisches Gutmenschengewissens da befl\u00fcgelt hat, als Margot K\u00e4\u00dfmann die frohe Osterbotschaft \u201eLiebe deinen n\u00e4chsten Terroristen wie dich selbst\u201c verk\u00fcndet hat. Wir, die potentiellen Opfer islamischen Terrors &hellip; Weiterlesen &rarr;\" \/>\n<meta property=\"og:url\" content=\"https:\/\/www.inkultura-online.de\/politisch_unkorrekt\/margots-osterbotschaft\/\" \/>\n<meta property=\"og:site_name\" content=\"Zeitgeist? Frei!\" \/>\n<meta property=\"article:published_time\" content=\"2016-03-27T13:37:01+00:00\" \/>\n<meta property=\"article:modified_time\" content=\"2016-03-27T13:41:24+00:00\" \/>\n<meta name=\"author\" content=\"Orator\" \/>\n<meta name=\"twitter:label1\" content=\"Verfasst von\" \/>\n\t<meta name=\"twitter:data1\" content=\"Orator\" \/>\n\t<meta name=\"twitter:label2\" content=\"Gesch\u00e4tzte Lesezeit\" \/>\n\t<meta name=\"twitter:data2\" content=\"4\u00a0Minuten\" \/>\n<script type=\"application\/ld+json\" class=\"yoast-schema-graph\">{\"@context\":\"https:\\\/\\\/schema.org\",\"@graph\":[{\"@type\":\"Article\",\"@id\":\"https:\\\/\\\/www.inkultura-online.de\\\/politisch_unkorrekt\\\/margots-osterbotschaft\\\/#article\",\"isPartOf\":{\"@id\":\"https:\\\/\\\/www.inkultura-online.de\\\/politisch_unkorrekt\\\/margots-osterbotschaft\\\/\"},\"author\":{\"name\":\"Orator\",\"@id\":\"https:\\\/\\\/www.inkultura-online.de\\\/politisch_unkorrekt\\\/#\\\/schema\\\/person\\\/5b30b80e385478896a1de221e1994d86\"},\"headline\":\"Margots Osterbotschaft\",\"datePublished\":\"2016-03-27T13:37:01+00:00\",\"dateModified\":\"2016-03-27T13:41:24+00:00\",\"mainEntityOfPage\":{\"@id\":\"https:\\\/\\\/www.inkultura-online.de\\\/politisch_unkorrekt\\\/margots-osterbotschaft\\\/\"},\"wordCount\":765,\"commentCount\":0,\"publisher\":{\"@id\":\"https:\\\/\\\/www.inkultura-online.de\\\/politisch_unkorrekt\\\/#\\\/schema\\\/person\\\/5b30b80e385478896a1de221e1994d86\"},\"keywords\":[\"Gutmenschen\",\"IS\",\"Islam\",\"islamischer Terror\",\"Margot K\u00e4\u00dfmann\"],\"articleSection\":[\"Antipathie\",\"Denunzianten und Volksverr\u00e4ter\",\"Die d\u00fcmmsten Spr\u00fcche der Woche\",\"Keine Islamisierung?\",\"Systemfehler\"],\"inLanguage\":\"de\",\"potentialAction\":[{\"@type\":\"CommentAction\",\"name\":\"Comment\",\"target\":[\"https:\\\/\\\/www.inkultura-online.de\\\/politisch_unkorrekt\\\/margots-osterbotschaft\\\/#respond\"]}]},{\"@type\":\"WebPage\",\"@id\":\"https:\\\/\\\/www.inkultura-online.de\\\/politisch_unkorrekt\\\/margots-osterbotschaft\\\/\",\"url\":\"https:\\\/\\\/www.inkultura-online.de\\\/politisch_unkorrekt\\\/margots-osterbotschaft\\\/\",\"name\":\"Margots Osterbotschaft - Zeitgeist? Frei!\",\"isPartOf\":{\"@id\":\"https:\\\/\\\/www.inkultura-online.de\\\/politisch_unkorrekt\\\/#website\"},\"datePublished\":\"2016-03-27T13:37:01+00:00\",\"dateModified\":\"2016-03-27T13:41:24+00:00\",\"breadcrumb\":{\"@id\":\"https:\\\/\\\/www.inkultura-online.de\\\/politisch_unkorrekt\\\/margots-osterbotschaft\\\/#breadcrumb\"},\"inLanguage\":\"de\",\"potentialAction\":[{\"@type\":\"ReadAction\",\"target\":[\"https:\\\/\\\/www.inkultura-online.de\\\/politisch_unkorrekt\\\/margots-osterbotschaft\\\/\"]}]},{\"@type\":\"BreadcrumbList\",\"@id\":\"https:\\\/\\\/www.inkultura-online.de\\\/politisch_unkorrekt\\\/margots-osterbotschaft\\\/#breadcrumb\",\"itemListElement\":[{\"@type\":\"ListItem\",\"position\":1,\"name\":\"Home\",\"item\":\"https:\\\/\\\/www.inkultura-online.de\\\/politisch_unkorrekt\\\/\"},{\"@type\":\"ListItem\",\"position\":2,\"name\":\"Margots Osterbotschaft\"}]},{\"@type\":\"WebSite\",\"@id\":\"https:\\\/\\\/www.inkultura-online.de\\\/politisch_unkorrekt\\\/#website\",\"url\":\"https:\\\/\\\/www.inkultura-online.de\\\/politisch_unkorrekt\\\/\",\"name\":\"Zeitgeist? Frei!\",\"description\":\"Was Ihr den Geist der Zeiten hei\u00dft...\",\"publisher\":{\"@id\":\"https:\\\/\\\/www.inkultura-online.de\\\/politisch_unkorrekt\\\/#\\\/schema\\\/person\\\/5b30b80e385478896a1de221e1994d86\"},\"potentialAction\":[{\"@type\":\"SearchAction\",\"target\":{\"@type\":\"EntryPoint\",\"urlTemplate\":\"https:\\\/\\\/www.inkultura-online.de\\\/politisch_unkorrekt\\\/?s={search_term_string}\"},\"query-input\":{\"@type\":\"PropertyValueSpecification\",\"valueRequired\":true,\"valueName\":\"search_term_string\"}}],\"inLanguage\":\"de\"},{\"@type\":[\"Person\",\"Organization\"],\"@id\":\"https:\\\/\\\/www.inkultura-online.de\\\/politisch_unkorrekt\\\/#\\\/schema\\\/person\\\/5b30b80e385478896a1de221e1994d86\",\"name\":\"Orator\",\"image\":{\"@type\":\"ImageObject\",\"inLanguage\":\"de\",\"@id\":\"https:\\\/\\\/secure.gravatar.com\\\/avatar\\\/96e03166d31716e9c437060430eb7605c45a8ce6fb6dab483637ca6915dd0844?s=96&d=mm&r=g\",\"url\":\"https:\\\/\\\/secure.gravatar.com\\\/avatar\\\/96e03166d31716e9c437060430eb7605c45a8ce6fb6dab483637ca6915dd0844?s=96&d=mm&r=g\",\"contentUrl\":\"https:\\\/\\\/secure.gravatar.com\\\/avatar\\\/96e03166d31716e9c437060430eb7605c45a8ce6fb6dab483637ca6915dd0844?s=96&d=mm&r=g\",\"caption\":\"Orator\"},\"logo\":{\"@id\":\"https:\\\/\\\/secure.gravatar.com\\\/avatar\\\/96e03166d31716e9c437060430eb7605c45a8ce6fb6dab483637ca6915dd0844?s=96&d=mm&r=g\"},\"url\":\"https:\\\/\\\/www.inkultura-online.de\\\/politisch_unkorrekt\\\/author\\\/1korrektor21-2\\\/\"}]}<\/script>\n<!-- \/ Yoast SEO plugin. -->","yoast_head_json":{"title":"Margots Osterbotschaft - Zeitgeist? Frei!","robots":{"index":"index","follow":"follow","max-snippet":"max-snippet:-1","max-image-preview":"max-image-preview:large","max-video-preview":"max-video-preview:-1"},"canonical":"https:\/\/www.inkultura-online.de\/politisch_unkorrekt\/margots-osterbotschaft\/","og_locale":"de_DE","og_type":"article","og_title":"Margots Osterbotschaft - Zeitgeist? Frei!","og_description":"War wohl wieder etwas zu viel Osterwasser, dass den Geist und die Stimme des evangelisches Gutmenschengewissens da befl\u00fcgelt hat, als Margot K\u00e4\u00dfmann die frohe Osterbotschaft \u201eLiebe deinen n\u00e4chsten Terroristen wie dich selbst\u201c verk\u00fcndet hat. Wir, die potentiellen Opfer islamischen Terrors &hellip; Weiterlesen &rarr;","og_url":"https:\/\/www.inkultura-online.de\/politisch_unkorrekt\/margots-osterbotschaft\/","og_site_name":"Zeitgeist? Frei!","article_published_time":"2016-03-27T13:37:01+00:00","article_modified_time":"2016-03-27T13:41:24+00:00","author":"Orator","twitter_misc":{"Verfasst von":"Orator","Gesch\u00e4tzte Lesezeit":"4\u00a0Minuten"},"schema":{"@context":"https:\/\/schema.org","@graph":[{"@type":"Article","@id":"https:\/\/www.inkultura-online.de\/politisch_unkorrekt\/margots-osterbotschaft\/#article","isPartOf":{"@id":"https:\/\/www.inkultura-online.de\/politisch_unkorrekt\/margots-osterbotschaft\/"},"author":{"name":"Orator","@id":"https:\/\/www.inkultura-online.de\/politisch_unkorrekt\/#\/schema\/person\/5b30b80e385478896a1de221e1994d86"},"headline":"Margots Osterbotschaft","datePublished":"2016-03-27T13:37:01+00:00","dateModified":"2016-03-27T13:41:24+00:00","mainEntityOfPage":{"@id":"https:\/\/www.inkultura-online.de\/politisch_unkorrekt\/margots-osterbotschaft\/"},"wordCount":765,"commentCount":0,"publisher":{"@id":"https:\/\/www.inkultura-online.de\/politisch_unkorrekt\/#\/schema\/person\/5b30b80e385478896a1de221e1994d86"},"keywords":["Gutmenschen","IS","Islam","islamischer Terror","Margot K\u00e4\u00dfmann"],"articleSection":["Antipathie","Denunzianten und Volksverr\u00e4ter","Die d\u00fcmmsten Spr\u00fcche der Woche","Keine Islamisierung?","Systemfehler"],"inLanguage":"de","potentialAction":[{"@type":"CommentAction","name":"Comment","target":["https:\/\/www.inkultura-online.de\/politisch_unkorrekt\/margots-osterbotschaft\/#respond"]}]},{"@type":"WebPage","@id":"https:\/\/www.inkultura-online.de\/politisch_unkorrekt\/margots-osterbotschaft\/","url":"https:\/\/www.inkultura-online.de\/politisch_unkorrekt\/margots-osterbotschaft\/","name":"Margots Osterbotschaft - Zeitgeist? Frei!","isPartOf":{"@id":"https:\/\/www.inkultura-online.de\/politisch_unkorrekt\/#website"},"datePublished":"2016-03-27T13:37:01+00:00","dateModified":"2016-03-27T13:41:24+00:00","breadcrumb":{"@id":"https:\/\/www.inkultura-online.de\/politisch_unkorrekt\/margots-osterbotschaft\/#breadcrumb"},"inLanguage":"de","potentialAction":[{"@type":"ReadAction","target":["https:\/\/www.inkultura-online.de\/politisch_unkorrekt\/margots-osterbotschaft\/"]}]},{"@type":"BreadcrumbList","@id":"https:\/\/www.inkultura-online.de\/politisch_unkorrekt\/margots-osterbotschaft\/#breadcrumb","itemListElement":[{"@type":"ListItem","position":1,"name":"Home","item":"https:\/\/www.inkultura-online.de\/politisch_unkorrekt\/"},{"@type":"ListItem","position":2,"name":"Margots Osterbotschaft"}]},{"@type":"WebSite","@id":"https:\/\/www.inkultura-online.de\/politisch_unkorrekt\/#website","url":"https:\/\/www.inkultura-online.de\/politisch_unkorrekt\/","name":"Zeitgeist? Frei!","description":"Was Ihr den Geist der Zeiten hei\u00dft...","publisher":{"@id":"https:\/\/www.inkultura-online.de\/politisch_unkorrekt\/#\/schema\/person\/5b30b80e385478896a1de221e1994d86"},"potentialAction":[{"@type":"SearchAction","target":{"@type":"EntryPoint","urlTemplate":"https:\/\/www.inkultura-online.de\/politisch_unkorrekt\/?s={search_term_string}"},"query-input":{"@type":"PropertyValueSpecification","valueRequired":true,"valueName":"search_term_string"}}],"inLanguage":"de"},{"@type":["Person","Organization"],"@id":"https:\/\/www.inkultura-online.de\/politisch_unkorrekt\/#\/schema\/person\/5b30b80e385478896a1de221e1994d86","name":"Orator","image":{"@type":"ImageObject","inLanguage":"de","@id":"https:\/\/secure.gravatar.com\/avatar\/96e03166d31716e9c437060430eb7605c45a8ce6fb6dab483637ca6915dd0844?s=96&d=mm&r=g","url":"https:\/\/secure.gravatar.com\/avatar\/96e03166d31716e9c437060430eb7605c45a8ce6fb6dab483637ca6915dd0844?s=96&d=mm&r=g","contentUrl":"https:\/\/secure.gravatar.com\/avatar\/96e03166d31716e9c437060430eb7605c45a8ce6fb6dab483637ca6915dd0844?s=96&d=mm&r=g","caption":"Orator"},"logo":{"@id":"https:\/\/secure.gravatar.com\/avatar\/96e03166d31716e9c437060430eb7605c45a8ce6fb6dab483637ca6915dd0844?s=96&d=mm&r=g"},"url":"https:\/\/www.inkultura-online.de\/politisch_unkorrekt\/author\/1korrektor21-2\/"}]}},"_links":{"self":[{"href":"https:\/\/www.inkultura-online.de\/politisch_unkorrekt\/wp-json\/wp\/v2\/posts\/1051","targetHints":{"allow":["GET"]}}],"collection":[{"href":"https:\/\/www.inkultura-online.de\/politisch_unkorrekt\/wp-json\/wp\/v2\/posts"}],"about":[{"href":"https:\/\/www.inkultura-online.de\/politisch_unkorrekt\/wp-json\/wp\/v2\/types\/post"}],"author":[{"embeddable":true,"href":"https:\/\/www.inkultura-online.de\/politisch_unkorrekt\/wp-json\/wp\/v2\/users\/1"}],"replies":[{"embeddable":true,"href":"https:\/\/www.inkultura-online.de\/politisch_unkorrekt\/wp-json\/wp\/v2\/comments?post=1051"}],"version-history":[{"count":2,"href":"https:\/\/www.inkultura-online.de\/politisch_unkorrekt\/wp-json\/wp\/v2\/posts\/1051\/revisions"}],"predecessor-version":[{"id":1053,"href":"https:\/\/www.inkultura-online.de\/politisch_unkorrekt\/wp-json\/wp\/v2\/posts\/1051\/revisions\/1053"}],"wp:attachment":[{"href":"https:\/\/www.inkultura-online.de\/politisch_unkorrekt\/wp-json\/wp\/v2\/media?parent=1051"}],"wp:term":[{"taxonomy":"category","embeddable":true,"href":"https:\/\/www.inkultura-online.de\/politisch_unkorrekt\/wp-json\/wp\/v2\/categories?post=1051"},{"taxonomy":"post_tag","embeddable":true,"href":"https:\/\/www.inkultura-online.de\/politisch_unkorrekt\/wp-json\/wp\/v2\/tags?post=1051"}],"curies":[{"name":"wp","href":"https:\/\/api.w.org\/{rel}","templated":true}]}}