{"id":1100,"date":"2016-05-21T19:37:38","date_gmt":"2016-05-21T17:37:38","guid":{"rendered":"http:\/\/www.inkultura-online.de\/politisch_unkorrekt\/?p=1100"},"modified":"2016-05-21T19:37:38","modified_gmt":"2016-05-21T17:37:38","slug":"unfaehig-zur-selbstverteidigung","status":"publish","type":"post","link":"https:\/\/www.inkultura-online.de\/politisch_unkorrekt\/unfaehig-zur-selbstverteidigung\/","title":{"rendered":"Unf\u00e4hig zur (Selbst)Verteidigung"},"content":{"rendered":"<p>Der Professor f\u00fcr Geschichte Osteuropas an der Humboldt-Universit\u00e4t zu Berlin, <a href=\"https:\/\/de.wikipedia.org\/wiki\/J%C3%B6rg_Baberowski\" target=\"_blank\">J\u00f6rg Baberowski<\/a>, hat festgestellt, \u201e\u2026 dass M\u00e4nner in Deutschland gar nicht mehr wissen, wie man mit Gewalt umgeht\u201c. Wer angesichts der t\u00e4glich stattfindenden Attacken gelangweilter Fachkr\u00e4fte aus dem Ausland auf Autochthone, die auch schon mal zum Tod des oder der Angegriffenen f\u00fchren k\u00f6nnen denkt, dass der Spruch der staatlich alimentierten Leerkraft, Verzeihung, Lehrkraft Bedauern oder gar Besorgnis beinhaltet, der liegt schief.<!--more--><\/p>\n<p>Im Gegenteil, \u201eGottseidank\u201c, so der werte Herr Professor weiter, vertrauen autochthone M\u00e4nner auf die Polizei. Man ist geneigt, diese naive Sicht der Dinge der d\u00fcnnen Luft, die fraglos in den H\u00f6hen des Elfenbeinturms herrscht, in dem unsere Professoren nun einmal leben, zuzuschreiben. Und doch ist es ein St\u00fcck bitterster Realit\u00e4t, die Baberowski da feststellt.<\/p>\n<p>Der deutsche Mann ist politisch kastriert, gesellschaftlich domestiziert und zu einem Bettvorleger mutiert, der weder den Willen noch die physische Kraft besitzt, das Eigene zu verteidigen. Schon l\u00e4ngst hat er das Terrain, sein Terrain, kampflos preisgegeben und darf sich des Beifalls der linksrotgr\u00fcnen Menscheningenieure sicher sein.<\/p>\n<p>Wo Jungs keine Jungs mehr sein d\u00fcrfen, wo kleine Raufereien und Kabbeleien von verweiblichten P\u00e4dagogen und Sozialarbeitern ausschlie\u00dflich als Ausdruck m\u00e4nnlicher Gewalt und damit als Vorstufe zur Primitivit\u00e4t interpretiert werden, k\u00f6nnen auch M\u00e4nner keine M\u00e4nner mehr sein. Und diese zu j\u00e4mmerlichen Gestalten herabgez\u00fcchteten Neutren, die weder sich noch ihre Frauen und Kinder, geschweige ihre Art zu leben und die daf\u00fcr notwendige Freiheit verstehen zu sch\u00fctzen, sind nat\u00fcrlich, wie weiland die kleinen Kinder in der Buddelkiste auf die Hilfe der Mutter, auf den Beistand der \u201eStaatsmacht\u201c angewiesen.<\/p>\n<p>Allerdings hat die Euphorie des Professor Baberowski bez\u00fcglich der Pr\u00e4senz der \u201eStaatsmacht\u201c einen kleinen Sch\u00f6nheitsfehler: Mit der verh\u00e4lt es sich \u00e4hnlich wie mit der m\u00e4nnlichen Vorhaut. Wenn es darauf ankommt, zieht die sich (auch) zur\u00fcck.<\/p>\n","protected":false},"excerpt":{"rendered":"<p>Der Professor f\u00fcr Geschichte Osteuropas an der Humboldt-Universit\u00e4t zu Berlin, J\u00f6rg Baberowski, hat festgestellt, \u201e\u2026 dass M\u00e4nner in Deutschland gar nicht mehr wissen, wie man mit Gewalt umgeht\u201c. Wer angesichts der t\u00e4glich stattfindenden Attacken gelangweilter Fachkr\u00e4fte aus dem Ausland auf &hellip; <a href=\"https:\/\/www.inkultura-online.de\/politisch_unkorrekt\/unfaehig-zur-selbstverteidigung\/\">Weiterlesen <span class=\"meta-nav\">&rarr;<\/span><\/a><\/p>\n","protected":false},"author":1,"featured_media":0,"comment_status":"open","ping_status":"open","sticky":false,"template":"","format":"standard","meta":{"footnotes":""},"categories":[1,444],"tags":[341,17,652,653],"class_list":["post-1100","post","type-post","status-publish","format-standard","hentry","category-fundstuecke","category-gedanken-zum-tag","tag-invasoren","tag-landnehmer","tag-selbstverteidigung","tag-staatsmacht"],"yoast_head":"<!-- This site is optimized with the Yoast SEO plugin v27.5 - https:\/\/yoast.com\/product\/yoast-seo-wordpress\/ -->\n<title>Unf\u00e4hig zur (Selbst)Verteidigung - Zeitgeist? Frei!<\/title>\n<meta name=\"robots\" content=\"index, follow, max-snippet:-1, max-image-preview:large, max-video-preview:-1\" \/>\n<link rel=\"canonical\" href=\"https:\/\/www.inkultura-online.de\/politisch_unkorrekt\/unfaehig-zur-selbstverteidigung\/\" \/>\n<meta property=\"og:locale\" content=\"de_DE\" \/>\n<meta property=\"og:type\" content=\"article\" \/>\n<meta property=\"og:title\" content=\"Unf\u00e4hig zur (Selbst)Verteidigung - Zeitgeist? Frei!\" \/>\n<meta property=\"og:description\" content=\"Der Professor f\u00fcr Geschichte Osteuropas an der Humboldt-Universit\u00e4t zu Berlin, J\u00f6rg Baberowski, hat festgestellt, \u201e\u2026 dass M\u00e4nner in Deutschland gar nicht mehr wissen, wie man mit Gewalt umgeht\u201c. Wer angesichts der t\u00e4glich stattfindenden Attacken gelangweilter Fachkr\u00e4fte aus dem Ausland auf &hellip; Weiterlesen &rarr;\" \/>\n<meta property=\"og:url\" content=\"https:\/\/www.inkultura-online.de\/politisch_unkorrekt\/unfaehig-zur-selbstverteidigung\/\" \/>\n<meta property=\"og:site_name\" content=\"Zeitgeist? Frei!\" \/>\n<meta property=\"article:published_time\" content=\"2016-05-21T17:37:38+00:00\" \/>\n<meta name=\"author\" content=\"Orator\" \/>\n<meta name=\"twitter:label1\" content=\"Verfasst von\" \/>\n\t<meta name=\"twitter:data1\" content=\"Orator\" \/>\n\t<meta name=\"twitter:label2\" content=\"Gesch\u00e4tzte Lesezeit\" \/>\n\t<meta name=\"twitter:data2\" content=\"2\u00a0Minuten\" \/>\n<script type=\"application\/ld+json\" class=\"yoast-schema-graph\">{\"@context\":\"https:\\\/\\\/schema.org\",\"@graph\":[{\"@type\":\"Article\",\"@id\":\"https:\\\/\\\/www.inkultura-online.de\\\/politisch_unkorrekt\\\/unfaehig-zur-selbstverteidigung\\\/#article\",\"isPartOf\":{\"@id\":\"https:\\\/\\\/www.inkultura-online.de\\\/politisch_unkorrekt\\\/unfaehig-zur-selbstverteidigung\\\/\"},\"author\":{\"name\":\"Orator\",\"@id\":\"https:\\\/\\\/www.inkultura-online.de\\\/politisch_unkorrekt\\\/#\\\/schema\\\/person\\\/5b30b80e385478896a1de221e1994d86\"},\"headline\":\"Unf\u00e4hig zur (Selbst)Verteidigung\",\"datePublished\":\"2016-05-21T17:37:38+00:00\",\"mainEntityOfPage\":{\"@id\":\"https:\\\/\\\/www.inkultura-online.de\\\/politisch_unkorrekt\\\/unfaehig-zur-selbstverteidigung\\\/\"},\"wordCount\":330,\"commentCount\":0,\"publisher\":{\"@id\":\"https:\\\/\\\/www.inkultura-online.de\\\/politisch_unkorrekt\\\/#\\\/schema\\\/person\\\/5b30b80e385478896a1de221e1994d86\"},\"keywords\":[\"Invasoren\",\"Landnehmer\",\"Selbstverteidigung\",\"Staatsmacht\"],\"articleSection\":[\"Fundst\u00fccke\",\"Gedanken zum Tag\"],\"inLanguage\":\"de\",\"potentialAction\":[{\"@type\":\"CommentAction\",\"name\":\"Comment\",\"target\":[\"https:\\\/\\\/www.inkultura-online.de\\\/politisch_unkorrekt\\\/unfaehig-zur-selbstverteidigung\\\/#respond\"]}]},{\"@type\":\"WebPage\",\"@id\":\"https:\\\/\\\/www.inkultura-online.de\\\/politisch_unkorrekt\\\/unfaehig-zur-selbstverteidigung\\\/\",\"url\":\"https:\\\/\\\/www.inkultura-online.de\\\/politisch_unkorrekt\\\/unfaehig-zur-selbstverteidigung\\\/\",\"name\":\"Unf\u00e4hig zur (Selbst)Verteidigung - Zeitgeist? Frei!\",\"isPartOf\":{\"@id\":\"https:\\\/\\\/www.inkultura-online.de\\\/politisch_unkorrekt\\\/#website\"},\"datePublished\":\"2016-05-21T17:37:38+00:00\",\"breadcrumb\":{\"@id\":\"https:\\\/\\\/www.inkultura-online.de\\\/politisch_unkorrekt\\\/unfaehig-zur-selbstverteidigung\\\/#breadcrumb\"},\"inLanguage\":\"de\",\"potentialAction\":[{\"@type\":\"ReadAction\",\"target\":[\"https:\\\/\\\/www.inkultura-online.de\\\/politisch_unkorrekt\\\/unfaehig-zur-selbstverteidigung\\\/\"]}]},{\"@type\":\"BreadcrumbList\",\"@id\":\"https:\\\/\\\/www.inkultura-online.de\\\/politisch_unkorrekt\\\/unfaehig-zur-selbstverteidigung\\\/#breadcrumb\",\"itemListElement\":[{\"@type\":\"ListItem\",\"position\":1,\"name\":\"Home\",\"item\":\"https:\\\/\\\/www.inkultura-online.de\\\/politisch_unkorrekt\\\/\"},{\"@type\":\"ListItem\",\"position\":2,\"name\":\"Unf\u00e4hig zur (Selbst)Verteidigung\"}]},{\"@type\":\"WebSite\",\"@id\":\"https:\\\/\\\/www.inkultura-online.de\\\/politisch_unkorrekt\\\/#website\",\"url\":\"https:\\\/\\\/www.inkultura-online.de\\\/politisch_unkorrekt\\\/\",\"name\":\"Zeitgeist? Frei!\",\"description\":\"Was Ihr den Geist der Zeiten hei\u00dft...\",\"publisher\":{\"@id\":\"https:\\\/\\\/www.inkultura-online.de\\\/politisch_unkorrekt\\\/#\\\/schema\\\/person\\\/5b30b80e385478896a1de221e1994d86\"},\"potentialAction\":[{\"@type\":\"SearchAction\",\"target\":{\"@type\":\"EntryPoint\",\"urlTemplate\":\"https:\\\/\\\/www.inkultura-online.de\\\/politisch_unkorrekt\\\/?s={search_term_string}\"},\"query-input\":{\"@type\":\"PropertyValueSpecification\",\"valueRequired\":true,\"valueName\":\"search_term_string\"}}],\"inLanguage\":\"de\"},{\"@type\":[\"Person\",\"Organization\"],\"@id\":\"https:\\\/\\\/www.inkultura-online.de\\\/politisch_unkorrekt\\\/#\\\/schema\\\/person\\\/5b30b80e385478896a1de221e1994d86\",\"name\":\"Orator\",\"image\":{\"@type\":\"ImageObject\",\"inLanguage\":\"de\",\"@id\":\"https:\\\/\\\/secure.gravatar.com\\\/avatar\\\/96e03166d31716e9c437060430eb7605c45a8ce6fb6dab483637ca6915dd0844?s=96&d=mm&r=g\",\"url\":\"https:\\\/\\\/secure.gravatar.com\\\/avatar\\\/96e03166d31716e9c437060430eb7605c45a8ce6fb6dab483637ca6915dd0844?s=96&d=mm&r=g\",\"contentUrl\":\"https:\\\/\\\/secure.gravatar.com\\\/avatar\\\/96e03166d31716e9c437060430eb7605c45a8ce6fb6dab483637ca6915dd0844?s=96&d=mm&r=g\",\"caption\":\"Orator\"},\"logo\":{\"@id\":\"https:\\\/\\\/secure.gravatar.com\\\/avatar\\\/96e03166d31716e9c437060430eb7605c45a8ce6fb6dab483637ca6915dd0844?s=96&d=mm&r=g\"},\"url\":\"https:\\\/\\\/www.inkultura-online.de\\\/politisch_unkorrekt\\\/author\\\/1korrektor21-2\\\/\"}]}<\/script>\n<!-- \/ Yoast SEO plugin. -->","yoast_head_json":{"title":"Unf\u00e4hig zur (Selbst)Verteidigung - Zeitgeist? Frei!","robots":{"index":"index","follow":"follow","max-snippet":"max-snippet:-1","max-image-preview":"max-image-preview:large","max-video-preview":"max-video-preview:-1"},"canonical":"https:\/\/www.inkultura-online.de\/politisch_unkorrekt\/unfaehig-zur-selbstverteidigung\/","og_locale":"de_DE","og_type":"article","og_title":"Unf\u00e4hig zur (Selbst)Verteidigung - Zeitgeist? Frei!","og_description":"Der Professor f\u00fcr Geschichte Osteuropas an der Humboldt-Universit\u00e4t zu Berlin, J\u00f6rg Baberowski, hat festgestellt, \u201e\u2026 dass M\u00e4nner in Deutschland gar nicht mehr wissen, wie man mit Gewalt umgeht\u201c. Wer angesichts der t\u00e4glich stattfindenden Attacken gelangweilter Fachkr\u00e4fte aus dem Ausland auf &hellip; Weiterlesen &rarr;","og_url":"https:\/\/www.inkultura-online.de\/politisch_unkorrekt\/unfaehig-zur-selbstverteidigung\/","og_site_name":"Zeitgeist? Frei!","article_published_time":"2016-05-21T17:37:38+00:00","author":"Orator","twitter_misc":{"Verfasst von":"Orator","Gesch\u00e4tzte Lesezeit":"2\u00a0Minuten"},"schema":{"@context":"https:\/\/schema.org","@graph":[{"@type":"Article","@id":"https:\/\/www.inkultura-online.de\/politisch_unkorrekt\/unfaehig-zur-selbstverteidigung\/#article","isPartOf":{"@id":"https:\/\/www.inkultura-online.de\/politisch_unkorrekt\/unfaehig-zur-selbstverteidigung\/"},"author":{"name":"Orator","@id":"https:\/\/www.inkultura-online.de\/politisch_unkorrekt\/#\/schema\/person\/5b30b80e385478896a1de221e1994d86"},"headline":"Unf\u00e4hig zur (Selbst)Verteidigung","datePublished":"2016-05-21T17:37:38+00:00","mainEntityOfPage":{"@id":"https:\/\/www.inkultura-online.de\/politisch_unkorrekt\/unfaehig-zur-selbstverteidigung\/"},"wordCount":330,"commentCount":0,"publisher":{"@id":"https:\/\/www.inkultura-online.de\/politisch_unkorrekt\/#\/schema\/person\/5b30b80e385478896a1de221e1994d86"},"keywords":["Invasoren","Landnehmer","Selbstverteidigung","Staatsmacht"],"articleSection":["Fundst\u00fccke","Gedanken zum Tag"],"inLanguage":"de","potentialAction":[{"@type":"CommentAction","name":"Comment","target":["https:\/\/www.inkultura-online.de\/politisch_unkorrekt\/unfaehig-zur-selbstverteidigung\/#respond"]}]},{"@type":"WebPage","@id":"https:\/\/www.inkultura-online.de\/politisch_unkorrekt\/unfaehig-zur-selbstverteidigung\/","url":"https:\/\/www.inkultura-online.de\/politisch_unkorrekt\/unfaehig-zur-selbstverteidigung\/","name":"Unf\u00e4hig zur (Selbst)Verteidigung - Zeitgeist? Frei!","isPartOf":{"@id":"https:\/\/www.inkultura-online.de\/politisch_unkorrekt\/#website"},"datePublished":"2016-05-21T17:37:38+00:00","breadcrumb":{"@id":"https:\/\/www.inkultura-online.de\/politisch_unkorrekt\/unfaehig-zur-selbstverteidigung\/#breadcrumb"},"inLanguage":"de","potentialAction":[{"@type":"ReadAction","target":["https:\/\/www.inkultura-online.de\/politisch_unkorrekt\/unfaehig-zur-selbstverteidigung\/"]}]},{"@type":"BreadcrumbList","@id":"https:\/\/www.inkultura-online.de\/politisch_unkorrekt\/unfaehig-zur-selbstverteidigung\/#breadcrumb","itemListElement":[{"@type":"ListItem","position":1,"name":"Home","item":"https:\/\/www.inkultura-online.de\/politisch_unkorrekt\/"},{"@type":"ListItem","position":2,"name":"Unf\u00e4hig zur (Selbst)Verteidigung"}]},{"@type":"WebSite","@id":"https:\/\/www.inkultura-online.de\/politisch_unkorrekt\/#website","url":"https:\/\/www.inkultura-online.de\/politisch_unkorrekt\/","name":"Zeitgeist? Frei!","description":"Was Ihr den Geist der Zeiten hei\u00dft...","publisher":{"@id":"https:\/\/www.inkultura-online.de\/politisch_unkorrekt\/#\/schema\/person\/5b30b80e385478896a1de221e1994d86"},"potentialAction":[{"@type":"SearchAction","target":{"@type":"EntryPoint","urlTemplate":"https:\/\/www.inkultura-online.de\/politisch_unkorrekt\/?s={search_term_string}"},"query-input":{"@type":"PropertyValueSpecification","valueRequired":true,"valueName":"search_term_string"}}],"inLanguage":"de"},{"@type":["Person","Organization"],"@id":"https:\/\/www.inkultura-online.de\/politisch_unkorrekt\/#\/schema\/person\/5b30b80e385478896a1de221e1994d86","name":"Orator","image":{"@type":"ImageObject","inLanguage":"de","@id":"https:\/\/secure.gravatar.com\/avatar\/96e03166d31716e9c437060430eb7605c45a8ce6fb6dab483637ca6915dd0844?s=96&d=mm&r=g","url":"https:\/\/secure.gravatar.com\/avatar\/96e03166d31716e9c437060430eb7605c45a8ce6fb6dab483637ca6915dd0844?s=96&d=mm&r=g","contentUrl":"https:\/\/secure.gravatar.com\/avatar\/96e03166d31716e9c437060430eb7605c45a8ce6fb6dab483637ca6915dd0844?s=96&d=mm&r=g","caption":"Orator"},"logo":{"@id":"https:\/\/secure.gravatar.com\/avatar\/96e03166d31716e9c437060430eb7605c45a8ce6fb6dab483637ca6915dd0844?s=96&d=mm&r=g"},"url":"https:\/\/www.inkultura-online.de\/politisch_unkorrekt\/author\/1korrektor21-2\/"}]}},"_links":{"self":[{"href":"https:\/\/www.inkultura-online.de\/politisch_unkorrekt\/wp-json\/wp\/v2\/posts\/1100","targetHints":{"allow":["GET"]}}],"collection":[{"href":"https:\/\/www.inkultura-online.de\/politisch_unkorrekt\/wp-json\/wp\/v2\/posts"}],"about":[{"href":"https:\/\/www.inkultura-online.de\/politisch_unkorrekt\/wp-json\/wp\/v2\/types\/post"}],"author":[{"embeddable":true,"href":"https:\/\/www.inkultura-online.de\/politisch_unkorrekt\/wp-json\/wp\/v2\/users\/1"}],"replies":[{"embeddable":true,"href":"https:\/\/www.inkultura-online.de\/politisch_unkorrekt\/wp-json\/wp\/v2\/comments?post=1100"}],"version-history":[{"count":1,"href":"https:\/\/www.inkultura-online.de\/politisch_unkorrekt\/wp-json\/wp\/v2\/posts\/1100\/revisions"}],"predecessor-version":[{"id":1101,"href":"https:\/\/www.inkultura-online.de\/politisch_unkorrekt\/wp-json\/wp\/v2\/posts\/1100\/revisions\/1101"}],"wp:attachment":[{"href":"https:\/\/www.inkultura-online.de\/politisch_unkorrekt\/wp-json\/wp\/v2\/media?parent=1100"}],"wp:term":[{"taxonomy":"category","embeddable":true,"href":"https:\/\/www.inkultura-online.de\/politisch_unkorrekt\/wp-json\/wp\/v2\/categories?post=1100"},{"taxonomy":"post_tag","embeddable":true,"href":"https:\/\/www.inkultura-online.de\/politisch_unkorrekt\/wp-json\/wp\/v2\/tags?post=1100"}],"curies":[{"name":"wp","href":"https:\/\/api.w.org\/{rel}","templated":true}]}}