{"id":1102,"date":"2016-05-22T09:51:03","date_gmt":"2016-05-22T07:51:03","guid":{"rendered":"http:\/\/www.inkultura-online.de\/politisch_unkorrekt\/?p=1102"},"modified":"2016-05-22T09:53:07","modified_gmt":"2016-05-22T07:53:07","slug":"das-quaken-der-fetten-froesche","status":"publish","type":"post","link":"https:\/\/www.inkultura-online.de\/politisch_unkorrekt\/das-quaken-der-fetten-froesche\/","title":{"rendered":"Das Quaken der fetten Fr\u00f6sche"},"content":{"rendered":"<p>In dem ganzen Haufen unserer verkommenen Politkretins ist Jens Spahn gewiss einer der Widerlichsten. Wie alle seine Kollegen hat auch er zu jedem Thema eine Meinung, jedoch von keinem eine Ahnung. Jetzt bringt er sich anscheinend bereits f\u00fcr seine Zeit nach der aktiven Politik, wie so mancher \u201eBerufskollege\u201c vor ihm, als Manager von Versicherungsunternehmen ins Gespr\u00e4ch.<!--more--><\/p>\n<p>In einem Interview mit dem Berliner Tagesspiegel fordert er, der als Parlamentarischer Staatssekret\u00e4r laut <a href=\"http:\/\/www.steuerzahler.de\/Parlamentarische-Staatssekretaere-zu-viele-und-zu-teuer\/8699c10194i1p525\/\" target=\"_blank\">Bund der Steuerzahler<\/a> \u00fcber ein monatliches Einkommen von 19.000 Euro verf\u00fcgt und auch als politischer Pension\u00e4r wohl kaum am Hungertuch nagen muss, f\u00fcr das gew\u00f6hnliche Volk Rentenk\u00fcrzungen.<\/p>\n<p>\u201e<i>Das Rentenniveau muss weiter sinken\u201c<\/i>, so der vom Steuerzahler f\u00fcrstlich alimentierte Minderleister. Da quakt wahrlich ein fetter Frosch im T\u00fcmpel der politischen Selbstversorger. Diese, als Nichteinzahler in die Rentenkassen, pl\u00fcndern hemmungslos jede zur Verf\u00fcgung stehende Geldschublade. Woher, bittesch\u00f6n, kommen denn auf einmal die Milliarden, die den B\u00fcrger die Invasion der jungen Landnehmer kostet? Bei der am Horizont sich abzeichnenden Integrationskatastrophe entstehen f\u00fcr den Staat &#8211; die B\u00fcrger &#8211; laut einer <a href=\"http:\/\/www.zeit.de\/wirtschaft\/2016-04\/fluechtlinge-arbeitsmarkt-integration-kosten-studie-zew\" target=\"_blank\">Studie<\/a> des Mannheimer Zentrums f\u00fcr Europ\u00e4ische Wirtschaftsforschung Kosten in H\u00f6he von 400 Milliarden Euro. Nur zum Vergleich: Der <a href=\"http:\/\/www.bundesfinanzministerium.de\/Content\/DE\/Standardartikel\/Themen\/Oeffentliche_Finanzen\/Bundeshaushalt\/Bundeshaushalt_2016\/2016_01_01_HH2016.html;jsessionid=CF1034D7A0372E13B600219BCCA14AC9\" target=\"_blank\">Bundeshaushalt f\u00fcr das Jahr 2016<\/a> betr\u00e4gt 316,9 Milliarden Euro&#8230;<\/p>\n<p>Die Sendung \u201eHart aber Fair\u201c der \u00d6ffentlich-Rechtlichen-Verdummung brachte dummerweise, f\u00fcr Jens Spahn, eine f\u00fcr ihn anscheinend unbequeme Tatsache zur Sprache. Als er einer Krankenpflegerin, die mangels finanzieller Masse keine Eigenvorsorge betreiben kann, ihr dies mit den Worten, sie solle an anderer Stelle sparen, vorwarf, kam wenig sp\u00e4ter heraus, dass er selbst aus seiner Bundestagst\u00e4tigkeit einen Anspruch von bisher 3000 Euro Pension monatlich hat: Seine Reaktion bez\u00fcglich dieser Offenlegung: Er reagierte deutlich \u00e4rgerlich, dass die Information an die \u00d6ffentlichkeit gelangt ist.<\/p>\n<p>Es gibt ein M\u00e4rchen der Gebr\u00fcder Grimm, das vielleicht einen Rat gibt bez\u00fcglich des Umgangs mit so manchem Volksverr\u00e4ter, Verzeihung, Volksvertreter gibt: <i>\u201e<\/i><i>Tischlein deck dich, Esel streck&#8216; Dich und Kn\u00fcppel aus dem Sack.<\/i><i>\u201c<\/i><\/p>\n<p>Tischlein deck dich &#8211; machen unsere Politclowns ganz allein mittels Di\u00e4tenerh\u00f6hung<\/p>\n<p>Esel streck&#8216; Dich &#8211; lieber Politiker als produktiv arbeiten<\/p>\n<p>Kn\u00fcppel aus dem Sack &#8211; f\u00fcr alle Spahns der Republik<\/p>\n","protected":false},"excerpt":{"rendered":"<p>In dem ganzen Haufen unserer verkommenen Politkretins ist Jens Spahn gewiss einer der Widerlichsten. Wie alle seine Kollegen hat auch er zu jedem Thema eine Meinung, jedoch von keinem eine Ahnung. Jetzt bringt er sich anscheinend bereits f\u00fcr seine Zeit &hellip; <a href=\"https:\/\/www.inkultura-online.de\/politisch_unkorrekt\/das-quaken-der-fetten-froesche\/\">Weiterlesen <span class=\"meta-nav\">&rarr;<\/span><\/a><\/p>\n","protected":false},"author":1,"featured_media":0,"comment_status":"open","ping_status":"open","sticky":false,"template":"","format":"standard","meta":{"footnotes":""},"categories":[2,1,444,6],"tags":[656,657,654,655,225],"class_list":["post-1102","post","type-post","status-publish","format-standard","hentry","category-antipathie","category-fundstuecke","category-gedanken-zum-tag","category-menschen-untereinander","tag-diaetenerhoehung","tag-fette-froesche","tag-jens-spahn","tag-rentenkuerzungen","tag-volksverraeter"],"yoast_head":"<!-- This site is optimized with the Yoast SEO plugin v27.5 - https:\/\/yoast.com\/product\/yoast-seo-wordpress\/ -->\n<title>Das Quaken der fetten Fr\u00f6sche - Zeitgeist? Frei!<\/title>\n<meta name=\"robots\" content=\"index, follow, max-snippet:-1, max-image-preview:large, max-video-preview:-1\" \/>\n<link rel=\"canonical\" href=\"https:\/\/www.inkultura-online.de\/politisch_unkorrekt\/das-quaken-der-fetten-froesche\/\" \/>\n<meta property=\"og:locale\" content=\"de_DE\" \/>\n<meta property=\"og:type\" content=\"article\" \/>\n<meta property=\"og:title\" content=\"Das Quaken der fetten Fr\u00f6sche - Zeitgeist? Frei!\" \/>\n<meta property=\"og:description\" content=\"In dem ganzen Haufen unserer verkommenen Politkretins ist Jens Spahn gewiss einer der Widerlichsten. Wie alle seine Kollegen hat auch er zu jedem Thema eine Meinung, jedoch von keinem eine Ahnung. Jetzt bringt er sich anscheinend bereits f\u00fcr seine Zeit &hellip; Weiterlesen &rarr;\" \/>\n<meta property=\"og:url\" content=\"https:\/\/www.inkultura-online.de\/politisch_unkorrekt\/das-quaken-der-fetten-froesche\/\" \/>\n<meta property=\"og:site_name\" content=\"Zeitgeist? Frei!\" \/>\n<meta property=\"article:published_time\" content=\"2016-05-22T07:51:03+00:00\" \/>\n<meta property=\"article:modified_time\" content=\"2016-05-22T07:53:07+00:00\" \/>\n<meta name=\"author\" content=\"Orator\" \/>\n<meta name=\"twitter:label1\" content=\"Verfasst von\" \/>\n\t<meta name=\"twitter:data1\" content=\"Orator\" \/>\n\t<meta name=\"twitter:label2\" content=\"Gesch\u00e4tzte Lesezeit\" \/>\n\t<meta name=\"twitter:data2\" content=\"2\u00a0Minuten\" \/>\n<script type=\"application\/ld+json\" class=\"yoast-schema-graph\">{\"@context\":\"https:\\\/\\\/schema.org\",\"@graph\":[{\"@type\":\"Article\",\"@id\":\"https:\\\/\\\/www.inkultura-online.de\\\/politisch_unkorrekt\\\/das-quaken-der-fetten-froesche\\\/#article\",\"isPartOf\":{\"@id\":\"https:\\\/\\\/www.inkultura-online.de\\\/politisch_unkorrekt\\\/das-quaken-der-fetten-froesche\\\/\"},\"author\":{\"name\":\"Orator\",\"@id\":\"https:\\\/\\\/www.inkultura-online.de\\\/politisch_unkorrekt\\\/#\\\/schema\\\/person\\\/5b30b80e385478896a1de221e1994d86\"},\"headline\":\"Das Quaken der fetten Fr\u00f6sche\",\"datePublished\":\"2016-05-22T07:51:03+00:00\",\"dateModified\":\"2016-05-22T07:53:07+00:00\",\"mainEntityOfPage\":{\"@id\":\"https:\\\/\\\/www.inkultura-online.de\\\/politisch_unkorrekt\\\/das-quaken-der-fetten-froesche\\\/\"},\"wordCount\":373,\"commentCount\":0,\"publisher\":{\"@id\":\"https:\\\/\\\/www.inkultura-online.de\\\/politisch_unkorrekt\\\/#\\\/schema\\\/person\\\/5b30b80e385478896a1de221e1994d86\"},\"keywords\":[\"Di\u00e4tenerh\u00f6hung\",\"fette Fr\u00f6sche\",\"Jens Spahn\",\"Rentenk\u00fcrzungen\",\"Volksverr\u00e4ter\"],\"articleSection\":[\"Antipathie\",\"Fundst\u00fccke\",\"Gedanken zum Tag\",\"Menschen untereinander\"],\"inLanguage\":\"de\",\"potentialAction\":[{\"@type\":\"CommentAction\",\"name\":\"Comment\",\"target\":[\"https:\\\/\\\/www.inkultura-online.de\\\/politisch_unkorrekt\\\/das-quaken-der-fetten-froesche\\\/#respond\"]}]},{\"@type\":\"WebPage\",\"@id\":\"https:\\\/\\\/www.inkultura-online.de\\\/politisch_unkorrekt\\\/das-quaken-der-fetten-froesche\\\/\",\"url\":\"https:\\\/\\\/www.inkultura-online.de\\\/politisch_unkorrekt\\\/das-quaken-der-fetten-froesche\\\/\",\"name\":\"Das Quaken der fetten Fr\u00f6sche - Zeitgeist? Frei!\",\"isPartOf\":{\"@id\":\"https:\\\/\\\/www.inkultura-online.de\\\/politisch_unkorrekt\\\/#website\"},\"datePublished\":\"2016-05-22T07:51:03+00:00\",\"dateModified\":\"2016-05-22T07:53:07+00:00\",\"breadcrumb\":{\"@id\":\"https:\\\/\\\/www.inkultura-online.de\\\/politisch_unkorrekt\\\/das-quaken-der-fetten-froesche\\\/#breadcrumb\"},\"inLanguage\":\"de\",\"potentialAction\":[{\"@type\":\"ReadAction\",\"target\":[\"https:\\\/\\\/www.inkultura-online.de\\\/politisch_unkorrekt\\\/das-quaken-der-fetten-froesche\\\/\"]}]},{\"@type\":\"BreadcrumbList\",\"@id\":\"https:\\\/\\\/www.inkultura-online.de\\\/politisch_unkorrekt\\\/das-quaken-der-fetten-froesche\\\/#breadcrumb\",\"itemListElement\":[{\"@type\":\"ListItem\",\"position\":1,\"name\":\"Home\",\"item\":\"https:\\\/\\\/www.inkultura-online.de\\\/politisch_unkorrekt\\\/\"},{\"@type\":\"ListItem\",\"position\":2,\"name\":\"Das Quaken der fetten Fr\u00f6sche\"}]},{\"@type\":\"WebSite\",\"@id\":\"https:\\\/\\\/www.inkultura-online.de\\\/politisch_unkorrekt\\\/#website\",\"url\":\"https:\\\/\\\/www.inkultura-online.de\\\/politisch_unkorrekt\\\/\",\"name\":\"Zeitgeist? Frei!\",\"description\":\"Was Ihr den Geist der Zeiten hei\u00dft...\",\"publisher\":{\"@id\":\"https:\\\/\\\/www.inkultura-online.de\\\/politisch_unkorrekt\\\/#\\\/schema\\\/person\\\/5b30b80e385478896a1de221e1994d86\"},\"potentialAction\":[{\"@type\":\"SearchAction\",\"target\":{\"@type\":\"EntryPoint\",\"urlTemplate\":\"https:\\\/\\\/www.inkultura-online.de\\\/politisch_unkorrekt\\\/?s={search_term_string}\"},\"query-input\":{\"@type\":\"PropertyValueSpecification\",\"valueRequired\":true,\"valueName\":\"search_term_string\"}}],\"inLanguage\":\"de\"},{\"@type\":[\"Person\",\"Organization\"],\"@id\":\"https:\\\/\\\/www.inkultura-online.de\\\/politisch_unkorrekt\\\/#\\\/schema\\\/person\\\/5b30b80e385478896a1de221e1994d86\",\"name\":\"Orator\",\"image\":{\"@type\":\"ImageObject\",\"inLanguage\":\"de\",\"@id\":\"https:\\\/\\\/secure.gravatar.com\\\/avatar\\\/96e03166d31716e9c437060430eb7605c45a8ce6fb6dab483637ca6915dd0844?s=96&d=mm&r=g\",\"url\":\"https:\\\/\\\/secure.gravatar.com\\\/avatar\\\/96e03166d31716e9c437060430eb7605c45a8ce6fb6dab483637ca6915dd0844?s=96&d=mm&r=g\",\"contentUrl\":\"https:\\\/\\\/secure.gravatar.com\\\/avatar\\\/96e03166d31716e9c437060430eb7605c45a8ce6fb6dab483637ca6915dd0844?s=96&d=mm&r=g\",\"caption\":\"Orator\"},\"logo\":{\"@id\":\"https:\\\/\\\/secure.gravatar.com\\\/avatar\\\/96e03166d31716e9c437060430eb7605c45a8ce6fb6dab483637ca6915dd0844?s=96&d=mm&r=g\"},\"url\":\"https:\\\/\\\/www.inkultura-online.de\\\/politisch_unkorrekt\\\/author\\\/1korrektor21-2\\\/\"}]}<\/script>\n<!-- \/ Yoast SEO plugin. -->","yoast_head_json":{"title":"Das Quaken der fetten Fr\u00f6sche - Zeitgeist? Frei!","robots":{"index":"index","follow":"follow","max-snippet":"max-snippet:-1","max-image-preview":"max-image-preview:large","max-video-preview":"max-video-preview:-1"},"canonical":"https:\/\/www.inkultura-online.de\/politisch_unkorrekt\/das-quaken-der-fetten-froesche\/","og_locale":"de_DE","og_type":"article","og_title":"Das Quaken der fetten Fr\u00f6sche - Zeitgeist? Frei!","og_description":"In dem ganzen Haufen unserer verkommenen Politkretins ist Jens Spahn gewiss einer der Widerlichsten. Wie alle seine Kollegen hat auch er zu jedem Thema eine Meinung, jedoch von keinem eine Ahnung. Jetzt bringt er sich anscheinend bereits f\u00fcr seine Zeit &hellip; Weiterlesen &rarr;","og_url":"https:\/\/www.inkultura-online.de\/politisch_unkorrekt\/das-quaken-der-fetten-froesche\/","og_site_name":"Zeitgeist? Frei!","article_published_time":"2016-05-22T07:51:03+00:00","article_modified_time":"2016-05-22T07:53:07+00:00","author":"Orator","twitter_misc":{"Verfasst von":"Orator","Gesch\u00e4tzte Lesezeit":"2\u00a0Minuten"},"schema":{"@context":"https:\/\/schema.org","@graph":[{"@type":"Article","@id":"https:\/\/www.inkultura-online.de\/politisch_unkorrekt\/das-quaken-der-fetten-froesche\/#article","isPartOf":{"@id":"https:\/\/www.inkultura-online.de\/politisch_unkorrekt\/das-quaken-der-fetten-froesche\/"},"author":{"name":"Orator","@id":"https:\/\/www.inkultura-online.de\/politisch_unkorrekt\/#\/schema\/person\/5b30b80e385478896a1de221e1994d86"},"headline":"Das Quaken der fetten Fr\u00f6sche","datePublished":"2016-05-22T07:51:03+00:00","dateModified":"2016-05-22T07:53:07+00:00","mainEntityOfPage":{"@id":"https:\/\/www.inkultura-online.de\/politisch_unkorrekt\/das-quaken-der-fetten-froesche\/"},"wordCount":373,"commentCount":0,"publisher":{"@id":"https:\/\/www.inkultura-online.de\/politisch_unkorrekt\/#\/schema\/person\/5b30b80e385478896a1de221e1994d86"},"keywords":["Di\u00e4tenerh\u00f6hung","fette Fr\u00f6sche","Jens Spahn","Rentenk\u00fcrzungen","Volksverr\u00e4ter"],"articleSection":["Antipathie","Fundst\u00fccke","Gedanken zum Tag","Menschen untereinander"],"inLanguage":"de","potentialAction":[{"@type":"CommentAction","name":"Comment","target":["https:\/\/www.inkultura-online.de\/politisch_unkorrekt\/das-quaken-der-fetten-froesche\/#respond"]}]},{"@type":"WebPage","@id":"https:\/\/www.inkultura-online.de\/politisch_unkorrekt\/das-quaken-der-fetten-froesche\/","url":"https:\/\/www.inkultura-online.de\/politisch_unkorrekt\/das-quaken-der-fetten-froesche\/","name":"Das Quaken der fetten Fr\u00f6sche - Zeitgeist? Frei!","isPartOf":{"@id":"https:\/\/www.inkultura-online.de\/politisch_unkorrekt\/#website"},"datePublished":"2016-05-22T07:51:03+00:00","dateModified":"2016-05-22T07:53:07+00:00","breadcrumb":{"@id":"https:\/\/www.inkultura-online.de\/politisch_unkorrekt\/das-quaken-der-fetten-froesche\/#breadcrumb"},"inLanguage":"de","potentialAction":[{"@type":"ReadAction","target":["https:\/\/www.inkultura-online.de\/politisch_unkorrekt\/das-quaken-der-fetten-froesche\/"]}]},{"@type":"BreadcrumbList","@id":"https:\/\/www.inkultura-online.de\/politisch_unkorrekt\/das-quaken-der-fetten-froesche\/#breadcrumb","itemListElement":[{"@type":"ListItem","position":1,"name":"Home","item":"https:\/\/www.inkultura-online.de\/politisch_unkorrekt\/"},{"@type":"ListItem","position":2,"name":"Das Quaken der fetten Fr\u00f6sche"}]},{"@type":"WebSite","@id":"https:\/\/www.inkultura-online.de\/politisch_unkorrekt\/#website","url":"https:\/\/www.inkultura-online.de\/politisch_unkorrekt\/","name":"Zeitgeist? Frei!","description":"Was Ihr den Geist der Zeiten hei\u00dft...","publisher":{"@id":"https:\/\/www.inkultura-online.de\/politisch_unkorrekt\/#\/schema\/person\/5b30b80e385478896a1de221e1994d86"},"potentialAction":[{"@type":"SearchAction","target":{"@type":"EntryPoint","urlTemplate":"https:\/\/www.inkultura-online.de\/politisch_unkorrekt\/?s={search_term_string}"},"query-input":{"@type":"PropertyValueSpecification","valueRequired":true,"valueName":"search_term_string"}}],"inLanguage":"de"},{"@type":["Person","Organization"],"@id":"https:\/\/www.inkultura-online.de\/politisch_unkorrekt\/#\/schema\/person\/5b30b80e385478896a1de221e1994d86","name":"Orator","image":{"@type":"ImageObject","inLanguage":"de","@id":"https:\/\/secure.gravatar.com\/avatar\/96e03166d31716e9c437060430eb7605c45a8ce6fb6dab483637ca6915dd0844?s=96&d=mm&r=g","url":"https:\/\/secure.gravatar.com\/avatar\/96e03166d31716e9c437060430eb7605c45a8ce6fb6dab483637ca6915dd0844?s=96&d=mm&r=g","contentUrl":"https:\/\/secure.gravatar.com\/avatar\/96e03166d31716e9c437060430eb7605c45a8ce6fb6dab483637ca6915dd0844?s=96&d=mm&r=g","caption":"Orator"},"logo":{"@id":"https:\/\/secure.gravatar.com\/avatar\/96e03166d31716e9c437060430eb7605c45a8ce6fb6dab483637ca6915dd0844?s=96&d=mm&r=g"},"url":"https:\/\/www.inkultura-online.de\/politisch_unkorrekt\/author\/1korrektor21-2\/"}]}},"_links":{"self":[{"href":"https:\/\/www.inkultura-online.de\/politisch_unkorrekt\/wp-json\/wp\/v2\/posts\/1102","targetHints":{"allow":["GET"]}}],"collection":[{"href":"https:\/\/www.inkultura-online.de\/politisch_unkorrekt\/wp-json\/wp\/v2\/posts"}],"about":[{"href":"https:\/\/www.inkultura-online.de\/politisch_unkorrekt\/wp-json\/wp\/v2\/types\/post"}],"author":[{"embeddable":true,"href":"https:\/\/www.inkultura-online.de\/politisch_unkorrekt\/wp-json\/wp\/v2\/users\/1"}],"replies":[{"embeddable":true,"href":"https:\/\/www.inkultura-online.de\/politisch_unkorrekt\/wp-json\/wp\/v2\/comments?post=1102"}],"version-history":[{"count":1,"href":"https:\/\/www.inkultura-online.de\/politisch_unkorrekt\/wp-json\/wp\/v2\/posts\/1102\/revisions"}],"predecessor-version":[{"id":1103,"href":"https:\/\/www.inkultura-online.de\/politisch_unkorrekt\/wp-json\/wp\/v2\/posts\/1102\/revisions\/1103"}],"wp:attachment":[{"href":"https:\/\/www.inkultura-online.de\/politisch_unkorrekt\/wp-json\/wp\/v2\/media?parent=1102"}],"wp:term":[{"taxonomy":"category","embeddable":true,"href":"https:\/\/www.inkultura-online.de\/politisch_unkorrekt\/wp-json\/wp\/v2\/categories?post=1102"},{"taxonomy":"post_tag","embeddable":true,"href":"https:\/\/www.inkultura-online.de\/politisch_unkorrekt\/wp-json\/wp\/v2\/tags?post=1102"}],"curies":[{"name":"wp","href":"https:\/\/api.w.org\/{rel}","templated":true}]}}