{"id":1105,"date":"2016-05-22T11:06:43","date_gmt":"2016-05-22T09:06:43","guid":{"rendered":"http:\/\/www.inkultura-online.de\/politisch_unkorrekt\/?p=1105"},"modified":"2016-05-22T11:06:43","modified_gmt":"2016-05-22T09:06:43","slug":"das-schlachten-geht-weiter","status":"publish","type":"post","link":"https:\/\/www.inkultura-online.de\/politisch_unkorrekt\/das-schlachten-geht-weiter\/","title":{"rendered":"Das Schlachten geht weiter"},"content":{"rendered":"<p>Unter bewunderungsw\u00fcrdiger Demonstration orientalischer Ehren- und Respektskultur lebten 10 junge M\u00e4nner s\u00fcdl\u00e4ndischen Aussehens, anscheinend im \u00dcberschwang ihrer freudigen Gef\u00fchle, bald einen gut dotierten Arbeitsplatz als Facharbeiter bekleiden zu d\u00fcrfen, ihre fraglos robusten Gl\u00fccksmomente aus und <a href=\"http:\/\/www.presseportal.de\/blaulicht\/pm\/43777\/3332693\" target=\"_blank\">verm\u00f6belten<\/a> gemeinsam einen 27-j\u00e4hrigen Autochthonen.<!--more--><\/p>\n<p>Nur dessen zweifelsohne miesepetrige und fremden- und feierfeindliche Freundin unterbrach das gem\u00fctliche und kulturell sensible Bashing durch das pl\u00f6tzliche Ziehen einer Distanzwaffe \u2013 ein Smartphone.<\/p>\n<p>Kein Scherz! Uwe Schmitt, eine Edelfeder des Axel-Springer Qualit\u00e4tsblatts DIE WELT h\u00e4lt besagtes Kommunikationsger\u00e4t f\u00fcr bestens geeignet, um der temperamentvoll initiierten Beziehungsanbahnung der kulturellen Bereicherer eine Grenze zu setzen. Man solle, so der Journalist angesichts seiner eigenen und wohl auch derer vieler Zeitgenossen abhanden gekommenen F\u00e4higkeit zur resoluten Selbstverteidigung, sein Handy in eine &#8211; Originalzitat \u2013 <a href=\"http:\/\/www.welt.de\/debatte\/kolumnen\/made-in-germany\/article155489510\/Muessen-Maenner-ihre-Frauen-mit-der-Faust-verteidigen.html\" target=\"_blank\">Distanzwaffe<\/a> umwandeln und Fotos von dem munteren und oft von den tumben deutschen Kartoffeln missverstandenen Ausdruck orientalischer Lebensfreunde schie\u00dfen.<\/p>\n<p>Man k\u00f6nnte, nur so ein Gedankenblitz, nat\u00fcrlich die Distanzwaffe in ein Wurfger\u00e4t verwandeln und damit nach vor Gl\u00fcck trunkenen ausl\u00e4ndischen Fachkr\u00e4ften werfen, die emotional etwas \u00fcberreagieren. Doch das w\u00fcrde, w\u00e4ren die Werfer und Werferinnen denn \u00fcberhaupt zielsicher, von deutschen Gerichten garantiert als schwere K\u00f6rperverletzung bewertet werden.<\/p>\n<p>Bleibt also nur eines und ich zitiere wieder die anscheinend physisch unzul\u00e4nglich ausgestattete Edelfeder: \u201eWenn das n\u00e4chste Mal Frauen (oder M\u00e4nner \u2013 Zusatz des Autors) bel\u00e4stigt werden, mischt euch ein, M\u00e4nner (oder Frauen \u2013 Zusatz des Autors), zieht, schie\u00dft. Bilder.\u201c<\/p>\n<p>Herr, lass Hirn und Muskelmasse vom Himmel fallen!<\/p>\n","protected":false},"excerpt":{"rendered":"<p>Unter bewunderungsw\u00fcrdiger Demonstration orientalischer Ehren- und Respektskultur lebten 10 junge M\u00e4nner s\u00fcdl\u00e4ndischen Aussehens, anscheinend im \u00dcberschwang ihrer freudigen Gef\u00fchle, bald einen gut dotierten Arbeitsplatz als Facharbeiter bekleiden zu d\u00fcrfen, ihre fraglos robusten Gl\u00fccksmomente aus und verm\u00f6belten gemeinsam einen 27-j\u00e4hrigen Autochthonen.<\/p>\n","protected":false},"author":1,"featured_media":0,"comment_status":"open","ping_status":"open","sticky":false,"template":"","format":"standard","meta":{"footnotes":""},"categories":[3,1,444,10],"tags":[28,370,17,652],"class_list":["post-1105","post","type-post","status-publish","format-standard","hentry","category-die-duemmsten-sprueche-der-woche","category-fundstuecke","category-gedanken-zum-tag","category-systemfehler","tag-auslaendische-fachkraefte","tag-invasion","tag-landnehmer","tag-selbstverteidigung"],"yoast_head":"<!-- This site is optimized with the Yoast SEO plugin v27.5 - https:\/\/yoast.com\/product\/yoast-seo-wordpress\/ -->\n<title>Das Schlachten geht weiter - Zeitgeist? Frei!<\/title>\n<meta name=\"robots\" content=\"index, follow, max-snippet:-1, max-image-preview:large, max-video-preview:-1\" \/>\n<link rel=\"canonical\" href=\"https:\/\/www.inkultura-online.de\/politisch_unkorrekt\/das-schlachten-geht-weiter\/\" \/>\n<meta property=\"og:locale\" content=\"de_DE\" \/>\n<meta property=\"og:type\" content=\"article\" \/>\n<meta property=\"og:title\" content=\"Das Schlachten geht weiter - Zeitgeist? Frei!\" \/>\n<meta property=\"og:description\" content=\"Unter bewunderungsw\u00fcrdiger Demonstration orientalischer Ehren- und Respektskultur lebten 10 junge M\u00e4nner s\u00fcdl\u00e4ndischen Aussehens, anscheinend im \u00dcberschwang ihrer freudigen Gef\u00fchle, bald einen gut dotierten Arbeitsplatz als Facharbeiter bekleiden zu d\u00fcrfen, ihre fraglos robusten Gl\u00fccksmomente aus und verm\u00f6belten gemeinsam einen 27-j\u00e4hrigen Autochthonen.\" \/>\n<meta property=\"og:url\" content=\"https:\/\/www.inkultura-online.de\/politisch_unkorrekt\/das-schlachten-geht-weiter\/\" \/>\n<meta property=\"og:site_name\" content=\"Zeitgeist? Frei!\" \/>\n<meta property=\"article:published_time\" content=\"2016-05-22T09:06:43+00:00\" \/>\n<meta name=\"author\" content=\"Orator\" \/>\n<meta name=\"twitter:label1\" content=\"Verfasst von\" \/>\n\t<meta name=\"twitter:data1\" content=\"Orator\" \/>\n\t<meta name=\"twitter:label2\" content=\"Gesch\u00e4tzte Lesezeit\" \/>\n\t<meta name=\"twitter:data2\" content=\"1\u00a0Minute\" \/>\n<script type=\"application\/ld+json\" class=\"yoast-schema-graph\">{\"@context\":\"https:\\\/\\\/schema.org\",\"@graph\":[{\"@type\":\"Article\",\"@id\":\"https:\\\/\\\/www.inkultura-online.de\\\/politisch_unkorrekt\\\/das-schlachten-geht-weiter\\\/#article\",\"isPartOf\":{\"@id\":\"https:\\\/\\\/www.inkultura-online.de\\\/politisch_unkorrekt\\\/das-schlachten-geht-weiter\\\/\"},\"author\":{\"name\":\"Orator\",\"@id\":\"https:\\\/\\\/www.inkultura-online.de\\\/politisch_unkorrekt\\\/#\\\/schema\\\/person\\\/5b30b80e385478896a1de221e1994d86\"},\"headline\":\"Das Schlachten geht weiter\",\"datePublished\":\"2016-05-22T09:06:43+00:00\",\"mainEntityOfPage\":{\"@id\":\"https:\\\/\\\/www.inkultura-online.de\\\/politisch_unkorrekt\\\/das-schlachten-geht-weiter\\\/\"},\"wordCount\":265,\"commentCount\":0,\"publisher\":{\"@id\":\"https:\\\/\\\/www.inkultura-online.de\\\/politisch_unkorrekt\\\/#\\\/schema\\\/person\\\/5b30b80e385478896a1de221e1994d86\"},\"keywords\":[\"ausl\u00e4ndische Fachkr\u00e4fte\",\"Invasion\",\"Landnehmer\",\"Selbstverteidigung\"],\"articleSection\":[\"Die d\u00fcmmsten Spr\u00fcche der Woche\",\"Fundst\u00fccke\",\"Gedanken zum Tag\",\"Systemfehler\"],\"inLanguage\":\"de\",\"potentialAction\":[{\"@type\":\"CommentAction\",\"name\":\"Comment\",\"target\":[\"https:\\\/\\\/www.inkultura-online.de\\\/politisch_unkorrekt\\\/das-schlachten-geht-weiter\\\/#respond\"]}]},{\"@type\":\"WebPage\",\"@id\":\"https:\\\/\\\/www.inkultura-online.de\\\/politisch_unkorrekt\\\/das-schlachten-geht-weiter\\\/\",\"url\":\"https:\\\/\\\/www.inkultura-online.de\\\/politisch_unkorrekt\\\/das-schlachten-geht-weiter\\\/\",\"name\":\"Das Schlachten geht weiter - Zeitgeist? Frei!\",\"isPartOf\":{\"@id\":\"https:\\\/\\\/www.inkultura-online.de\\\/politisch_unkorrekt\\\/#website\"},\"datePublished\":\"2016-05-22T09:06:43+00:00\",\"breadcrumb\":{\"@id\":\"https:\\\/\\\/www.inkultura-online.de\\\/politisch_unkorrekt\\\/das-schlachten-geht-weiter\\\/#breadcrumb\"},\"inLanguage\":\"de\",\"potentialAction\":[{\"@type\":\"ReadAction\",\"target\":[\"https:\\\/\\\/www.inkultura-online.de\\\/politisch_unkorrekt\\\/das-schlachten-geht-weiter\\\/\"]}]},{\"@type\":\"BreadcrumbList\",\"@id\":\"https:\\\/\\\/www.inkultura-online.de\\\/politisch_unkorrekt\\\/das-schlachten-geht-weiter\\\/#breadcrumb\",\"itemListElement\":[{\"@type\":\"ListItem\",\"position\":1,\"name\":\"Home\",\"item\":\"https:\\\/\\\/www.inkultura-online.de\\\/politisch_unkorrekt\\\/\"},{\"@type\":\"ListItem\",\"position\":2,\"name\":\"Das Schlachten geht weiter\"}]},{\"@type\":\"WebSite\",\"@id\":\"https:\\\/\\\/www.inkultura-online.de\\\/politisch_unkorrekt\\\/#website\",\"url\":\"https:\\\/\\\/www.inkultura-online.de\\\/politisch_unkorrekt\\\/\",\"name\":\"Zeitgeist? Frei!\",\"description\":\"Was Ihr den Geist der Zeiten hei\u00dft...\",\"publisher\":{\"@id\":\"https:\\\/\\\/www.inkultura-online.de\\\/politisch_unkorrekt\\\/#\\\/schema\\\/person\\\/5b30b80e385478896a1de221e1994d86\"},\"potentialAction\":[{\"@type\":\"SearchAction\",\"target\":{\"@type\":\"EntryPoint\",\"urlTemplate\":\"https:\\\/\\\/www.inkultura-online.de\\\/politisch_unkorrekt\\\/?s={search_term_string}\"},\"query-input\":{\"@type\":\"PropertyValueSpecification\",\"valueRequired\":true,\"valueName\":\"search_term_string\"}}],\"inLanguage\":\"de\"},{\"@type\":[\"Person\",\"Organization\"],\"@id\":\"https:\\\/\\\/www.inkultura-online.de\\\/politisch_unkorrekt\\\/#\\\/schema\\\/person\\\/5b30b80e385478896a1de221e1994d86\",\"name\":\"Orator\",\"image\":{\"@type\":\"ImageObject\",\"inLanguage\":\"de\",\"@id\":\"https:\\\/\\\/secure.gravatar.com\\\/avatar\\\/96e03166d31716e9c437060430eb7605c45a8ce6fb6dab483637ca6915dd0844?s=96&d=mm&r=g\",\"url\":\"https:\\\/\\\/secure.gravatar.com\\\/avatar\\\/96e03166d31716e9c437060430eb7605c45a8ce6fb6dab483637ca6915dd0844?s=96&d=mm&r=g\",\"contentUrl\":\"https:\\\/\\\/secure.gravatar.com\\\/avatar\\\/96e03166d31716e9c437060430eb7605c45a8ce6fb6dab483637ca6915dd0844?s=96&d=mm&r=g\",\"caption\":\"Orator\"},\"logo\":{\"@id\":\"https:\\\/\\\/secure.gravatar.com\\\/avatar\\\/96e03166d31716e9c437060430eb7605c45a8ce6fb6dab483637ca6915dd0844?s=96&d=mm&r=g\"},\"url\":\"https:\\\/\\\/www.inkultura-online.de\\\/politisch_unkorrekt\\\/author\\\/1korrektor21-2\\\/\"}]}<\/script>\n<!-- \/ Yoast SEO plugin. -->","yoast_head_json":{"title":"Das Schlachten geht weiter - Zeitgeist? Frei!","robots":{"index":"index","follow":"follow","max-snippet":"max-snippet:-1","max-image-preview":"max-image-preview:large","max-video-preview":"max-video-preview:-1"},"canonical":"https:\/\/www.inkultura-online.de\/politisch_unkorrekt\/das-schlachten-geht-weiter\/","og_locale":"de_DE","og_type":"article","og_title":"Das Schlachten geht weiter - Zeitgeist? Frei!","og_description":"Unter bewunderungsw\u00fcrdiger Demonstration orientalischer Ehren- und Respektskultur lebten 10 junge M\u00e4nner s\u00fcdl\u00e4ndischen Aussehens, anscheinend im \u00dcberschwang ihrer freudigen Gef\u00fchle, bald einen gut dotierten Arbeitsplatz als Facharbeiter bekleiden zu d\u00fcrfen, ihre fraglos robusten Gl\u00fccksmomente aus und verm\u00f6belten gemeinsam einen 27-j\u00e4hrigen Autochthonen.","og_url":"https:\/\/www.inkultura-online.de\/politisch_unkorrekt\/das-schlachten-geht-weiter\/","og_site_name":"Zeitgeist? Frei!","article_published_time":"2016-05-22T09:06:43+00:00","author":"Orator","twitter_misc":{"Verfasst von":"Orator","Gesch\u00e4tzte Lesezeit":"1\u00a0Minute"},"schema":{"@context":"https:\/\/schema.org","@graph":[{"@type":"Article","@id":"https:\/\/www.inkultura-online.de\/politisch_unkorrekt\/das-schlachten-geht-weiter\/#article","isPartOf":{"@id":"https:\/\/www.inkultura-online.de\/politisch_unkorrekt\/das-schlachten-geht-weiter\/"},"author":{"name":"Orator","@id":"https:\/\/www.inkultura-online.de\/politisch_unkorrekt\/#\/schema\/person\/5b30b80e385478896a1de221e1994d86"},"headline":"Das Schlachten geht weiter","datePublished":"2016-05-22T09:06:43+00:00","mainEntityOfPage":{"@id":"https:\/\/www.inkultura-online.de\/politisch_unkorrekt\/das-schlachten-geht-weiter\/"},"wordCount":265,"commentCount":0,"publisher":{"@id":"https:\/\/www.inkultura-online.de\/politisch_unkorrekt\/#\/schema\/person\/5b30b80e385478896a1de221e1994d86"},"keywords":["ausl\u00e4ndische Fachkr\u00e4fte","Invasion","Landnehmer","Selbstverteidigung"],"articleSection":["Die d\u00fcmmsten Spr\u00fcche der Woche","Fundst\u00fccke","Gedanken zum Tag","Systemfehler"],"inLanguage":"de","potentialAction":[{"@type":"CommentAction","name":"Comment","target":["https:\/\/www.inkultura-online.de\/politisch_unkorrekt\/das-schlachten-geht-weiter\/#respond"]}]},{"@type":"WebPage","@id":"https:\/\/www.inkultura-online.de\/politisch_unkorrekt\/das-schlachten-geht-weiter\/","url":"https:\/\/www.inkultura-online.de\/politisch_unkorrekt\/das-schlachten-geht-weiter\/","name":"Das Schlachten geht weiter - Zeitgeist? Frei!","isPartOf":{"@id":"https:\/\/www.inkultura-online.de\/politisch_unkorrekt\/#website"},"datePublished":"2016-05-22T09:06:43+00:00","breadcrumb":{"@id":"https:\/\/www.inkultura-online.de\/politisch_unkorrekt\/das-schlachten-geht-weiter\/#breadcrumb"},"inLanguage":"de","potentialAction":[{"@type":"ReadAction","target":["https:\/\/www.inkultura-online.de\/politisch_unkorrekt\/das-schlachten-geht-weiter\/"]}]},{"@type":"BreadcrumbList","@id":"https:\/\/www.inkultura-online.de\/politisch_unkorrekt\/das-schlachten-geht-weiter\/#breadcrumb","itemListElement":[{"@type":"ListItem","position":1,"name":"Home","item":"https:\/\/www.inkultura-online.de\/politisch_unkorrekt\/"},{"@type":"ListItem","position":2,"name":"Das Schlachten geht weiter"}]},{"@type":"WebSite","@id":"https:\/\/www.inkultura-online.de\/politisch_unkorrekt\/#website","url":"https:\/\/www.inkultura-online.de\/politisch_unkorrekt\/","name":"Zeitgeist? Frei!","description":"Was Ihr den Geist der Zeiten hei\u00dft...","publisher":{"@id":"https:\/\/www.inkultura-online.de\/politisch_unkorrekt\/#\/schema\/person\/5b30b80e385478896a1de221e1994d86"},"potentialAction":[{"@type":"SearchAction","target":{"@type":"EntryPoint","urlTemplate":"https:\/\/www.inkultura-online.de\/politisch_unkorrekt\/?s={search_term_string}"},"query-input":{"@type":"PropertyValueSpecification","valueRequired":true,"valueName":"search_term_string"}}],"inLanguage":"de"},{"@type":["Person","Organization"],"@id":"https:\/\/www.inkultura-online.de\/politisch_unkorrekt\/#\/schema\/person\/5b30b80e385478896a1de221e1994d86","name":"Orator","image":{"@type":"ImageObject","inLanguage":"de","@id":"https:\/\/secure.gravatar.com\/avatar\/96e03166d31716e9c437060430eb7605c45a8ce6fb6dab483637ca6915dd0844?s=96&d=mm&r=g","url":"https:\/\/secure.gravatar.com\/avatar\/96e03166d31716e9c437060430eb7605c45a8ce6fb6dab483637ca6915dd0844?s=96&d=mm&r=g","contentUrl":"https:\/\/secure.gravatar.com\/avatar\/96e03166d31716e9c437060430eb7605c45a8ce6fb6dab483637ca6915dd0844?s=96&d=mm&r=g","caption":"Orator"},"logo":{"@id":"https:\/\/secure.gravatar.com\/avatar\/96e03166d31716e9c437060430eb7605c45a8ce6fb6dab483637ca6915dd0844?s=96&d=mm&r=g"},"url":"https:\/\/www.inkultura-online.de\/politisch_unkorrekt\/author\/1korrektor21-2\/"}]}},"_links":{"self":[{"href":"https:\/\/www.inkultura-online.de\/politisch_unkorrekt\/wp-json\/wp\/v2\/posts\/1105","targetHints":{"allow":["GET"]}}],"collection":[{"href":"https:\/\/www.inkultura-online.de\/politisch_unkorrekt\/wp-json\/wp\/v2\/posts"}],"about":[{"href":"https:\/\/www.inkultura-online.de\/politisch_unkorrekt\/wp-json\/wp\/v2\/types\/post"}],"author":[{"embeddable":true,"href":"https:\/\/www.inkultura-online.de\/politisch_unkorrekt\/wp-json\/wp\/v2\/users\/1"}],"replies":[{"embeddable":true,"href":"https:\/\/www.inkultura-online.de\/politisch_unkorrekt\/wp-json\/wp\/v2\/comments?post=1105"}],"version-history":[{"count":1,"href":"https:\/\/www.inkultura-online.de\/politisch_unkorrekt\/wp-json\/wp\/v2\/posts\/1105\/revisions"}],"predecessor-version":[{"id":1106,"href":"https:\/\/www.inkultura-online.de\/politisch_unkorrekt\/wp-json\/wp\/v2\/posts\/1105\/revisions\/1106"}],"wp:attachment":[{"href":"https:\/\/www.inkultura-online.de\/politisch_unkorrekt\/wp-json\/wp\/v2\/media?parent=1105"}],"wp:term":[{"taxonomy":"category","embeddable":true,"href":"https:\/\/www.inkultura-online.de\/politisch_unkorrekt\/wp-json\/wp\/v2\/categories?post=1105"},{"taxonomy":"post_tag","embeddable":true,"href":"https:\/\/www.inkultura-online.de\/politisch_unkorrekt\/wp-json\/wp\/v2\/tags?post=1105"}],"curies":[{"name":"wp","href":"https:\/\/api.w.org\/{rel}","templated":true}]}}