{"id":1144,"date":"2016-06-11T18:33:53","date_gmt":"2016-06-11T16:33:53","guid":{"rendered":"http:\/\/www.inkultura-online.de\/politisch_unkorrekt\/?p=1144"},"modified":"2016-06-11T18:35:36","modified_gmt":"2016-06-11T16:35:36","slug":"gruene-hasenfuesse","status":"publish","type":"post","link":"https:\/\/www.inkultura-online.de\/politisch_unkorrekt\/gruene-hasenfuesse\/","title":{"rendered":"Gr\u00fcne Hasenf\u00fc\u00dfe"},"content":{"rendered":"<p>Gr\u00fcne Politiker sind \u00e4ngstlich auf ihre k\u00f6rperliche Unversehrtheit bedacht. Im Gegensatz zu den von ihrer \u201eAntifaschistischen Sturmtruppe\u201c zusammengepr\u00fcgelten Opfern mit abweichender politischer Meinung haben die elf Bundestagsabgeordneten mit t\u00fcrkischen Wurzeln angesichts martialischer Ansagen aus der T\u00fcrkei wohl Angst um Leib und Leben und erhalten Polizeischutz.<!--more--><\/p>\n<p>Dieser Luxus ist denjenigen leider vorenthalten worden, denen die Antifa aus Gr\u00fcnden politischer Erziehung entweder die Autos, die Wohnh\u00e4user oder sogar die eigene Person attackierten. Als z. B. im Internet die Adressen von politisch missliebigen Personen ver\u00f6ffentlicht wurden, konnten die Initiatoren mit dem stillschweigenden Wohlwollen gr\u00fcner Gesellschaftsingenieure rechnen.<\/p>\n<p>Schaut man sich die Namen derjenigen t\u00fcrkisch st\u00e4mmigen Abgeordneten an, die nach der Armenien-Resolution unter Polizeischutz stehen, fallen einem drei auf, denen es bisher, ging es um Gewalt gegen Autochthone, eher zur\u00fcckhaltend reagiert haben. Der Gr\u00fcne \u00d6zcan Mutlu und die SPD-Frau Aydan \u00d6zoguz sind meines Wissens nicht bei denjenigen gewesen, die Gewalt gegen Deutsche moniert oder \u00fcberhaupt zur Kenntnis genommen haben.<\/p>\n<p>Wenn jetzt sogar, ein weiterer Name auf der t\u00fcrkischen Hassliste, Cem \u00d6zdemir die t\u00fcrkischen Verb\u00e4nde und Integrationsbeir\u00e4te in Deutschland auffordert, daf\u00fcr zu sorgen, dass aus ihren Reihen niemand gegen unserer freiheitliche Ordnung verst\u00f6\u00dft und den Weisungen des Wesirs aus Istanbul Folge leistet, dann ist das schon ein Schlag ins Gesicht derjenigen, die schon lange von der deutschen Islam- und T\u00fcrkenlobby eine klare Kante gegen die Feinde der freien Welt forderten und die diese immer verweigert hat.<\/p>\n<p>Tja, wenn es um das eigene Wohl geht, dann machen sich die (gr\u00fcnen) politischen Gro\u00dfm\u00e4uler schnell in die Hose. Willkommen im wirklichen Leben! Das kann, au\u00dferhalb der Biosph\u00e4re Politik, ganz sch\u00f6n hart sein.<\/p>\n","protected":false},"excerpt":{"rendered":"<p>Gr\u00fcne Politiker sind \u00e4ngstlich auf ihre k\u00f6rperliche Unversehrtheit bedacht. Im Gegensatz zu den von ihrer \u201eAntifaschistischen Sturmtruppe\u201c zusammengepr\u00fcgelten Opfern mit abweichender politischer Meinung haben die elf Bundestagsabgeordneten mit t\u00fcrkischen Wurzeln angesichts martialischer Ansagen aus der T\u00fcrkei wohl Angst um Leib &hellip; <a href=\"https:\/\/www.inkultura-online.de\/politisch_unkorrekt\/gruene-hasenfuesse\/\">Weiterlesen <span class=\"meta-nav\">&rarr;<\/span><\/a><\/p>\n","protected":false},"author":1,"featured_media":0,"comment_status":"open","ping_status":"open","sticky":false,"template":"","format":"standard","meta":{"footnotes":""},"categories":[2,444],"tags":[87,673,309,198],"class_list":["post-1144","post","type-post","status-publish","format-standard","hentry","category-antipathie","category-gedanken-zum-tag","tag-antifa","tag-gruene-hasenfuesse","tag-islamlobby","tag-moslemlobby"],"yoast_head":"<!-- This site is optimized with the Yoast SEO plugin v27.4 - https:\/\/yoast.com\/product\/yoast-seo-wordpress\/ -->\n<title>Gr\u00fcne Hasenf\u00fc\u00dfe - Zeitgeist? Frei!<\/title>\n<meta name=\"robots\" content=\"index, follow, max-snippet:-1, max-image-preview:large, max-video-preview:-1\" \/>\n<link rel=\"canonical\" href=\"https:\/\/www.inkultura-online.de\/politisch_unkorrekt\/gruene-hasenfuesse\/\" \/>\n<meta property=\"og:locale\" content=\"de_DE\" \/>\n<meta property=\"og:type\" content=\"article\" \/>\n<meta property=\"og:title\" content=\"Gr\u00fcne Hasenf\u00fc\u00dfe - Zeitgeist? Frei!\" \/>\n<meta property=\"og:description\" content=\"Gr\u00fcne Politiker sind \u00e4ngstlich auf ihre k\u00f6rperliche Unversehrtheit bedacht. Im Gegensatz zu den von ihrer \u201eAntifaschistischen Sturmtruppe\u201c zusammengepr\u00fcgelten Opfern mit abweichender politischer Meinung haben die elf Bundestagsabgeordneten mit t\u00fcrkischen Wurzeln angesichts martialischer Ansagen aus der T\u00fcrkei wohl Angst um Leib &hellip; Weiterlesen &rarr;\" \/>\n<meta property=\"og:url\" content=\"https:\/\/www.inkultura-online.de\/politisch_unkorrekt\/gruene-hasenfuesse\/\" \/>\n<meta property=\"og:site_name\" content=\"Zeitgeist? Frei!\" \/>\n<meta property=\"article:published_time\" content=\"2016-06-11T16:33:53+00:00\" \/>\n<meta property=\"article:modified_time\" content=\"2016-06-11T16:35:36+00:00\" \/>\n<meta name=\"author\" content=\"Orator\" \/>\n<meta name=\"twitter:label1\" content=\"Verfasst von\" \/>\n\t<meta name=\"twitter:data1\" content=\"Orator\" \/>\n\t<meta name=\"twitter:label2\" content=\"Gesch\u00e4tzte Lesezeit\" \/>\n\t<meta name=\"twitter:data2\" content=\"1\u00a0Minute\" \/>\n<script type=\"application\/ld+json\" class=\"yoast-schema-graph\">{\"@context\":\"https:\\\/\\\/schema.org\",\"@graph\":[{\"@type\":\"Article\",\"@id\":\"https:\\\/\\\/www.inkultura-online.de\\\/politisch_unkorrekt\\\/gruene-hasenfuesse\\\/#article\",\"isPartOf\":{\"@id\":\"https:\\\/\\\/www.inkultura-online.de\\\/politisch_unkorrekt\\\/gruene-hasenfuesse\\\/\"},\"author\":{\"name\":\"Orator\",\"@id\":\"https:\\\/\\\/www.inkultura-online.de\\\/politisch_unkorrekt\\\/#\\\/schema\\\/person\\\/5b30b80e385478896a1de221e1994d86\"},\"headline\":\"Gr\u00fcne Hasenf\u00fc\u00dfe\",\"datePublished\":\"2016-06-11T16:33:53+00:00\",\"dateModified\":\"2016-06-11T16:35:36+00:00\",\"mainEntityOfPage\":{\"@id\":\"https:\\\/\\\/www.inkultura-online.de\\\/politisch_unkorrekt\\\/gruene-hasenfuesse\\\/\"},\"wordCount\":293,\"commentCount\":0,\"publisher\":{\"@id\":\"https:\\\/\\\/www.inkultura-online.de\\\/politisch_unkorrekt\\\/#\\\/schema\\\/person\\\/5b30b80e385478896a1de221e1994d86\"},\"keywords\":[\"AntiFa\",\"Gr\u00fcne Hasenf\u00fc\u00dfe\",\"Islamlobby\",\"Moslemlobby\"],\"articleSection\":[\"Antipathie\",\"Gedanken zum Tag\"],\"inLanguage\":\"de\",\"potentialAction\":[{\"@type\":\"CommentAction\",\"name\":\"Comment\",\"target\":[\"https:\\\/\\\/www.inkultura-online.de\\\/politisch_unkorrekt\\\/gruene-hasenfuesse\\\/#respond\"]}]},{\"@type\":\"WebPage\",\"@id\":\"https:\\\/\\\/www.inkultura-online.de\\\/politisch_unkorrekt\\\/gruene-hasenfuesse\\\/\",\"url\":\"https:\\\/\\\/www.inkultura-online.de\\\/politisch_unkorrekt\\\/gruene-hasenfuesse\\\/\",\"name\":\"Gr\u00fcne Hasenf\u00fc\u00dfe - Zeitgeist? Frei!\",\"isPartOf\":{\"@id\":\"https:\\\/\\\/www.inkultura-online.de\\\/politisch_unkorrekt\\\/#website\"},\"datePublished\":\"2016-06-11T16:33:53+00:00\",\"dateModified\":\"2016-06-11T16:35:36+00:00\",\"breadcrumb\":{\"@id\":\"https:\\\/\\\/www.inkultura-online.de\\\/politisch_unkorrekt\\\/gruene-hasenfuesse\\\/#breadcrumb\"},\"inLanguage\":\"de\",\"potentialAction\":[{\"@type\":\"ReadAction\",\"target\":[\"https:\\\/\\\/www.inkultura-online.de\\\/politisch_unkorrekt\\\/gruene-hasenfuesse\\\/\"]}]},{\"@type\":\"BreadcrumbList\",\"@id\":\"https:\\\/\\\/www.inkultura-online.de\\\/politisch_unkorrekt\\\/gruene-hasenfuesse\\\/#breadcrumb\",\"itemListElement\":[{\"@type\":\"ListItem\",\"position\":1,\"name\":\"Home\",\"item\":\"https:\\\/\\\/www.inkultura-online.de\\\/politisch_unkorrekt\\\/\"},{\"@type\":\"ListItem\",\"position\":2,\"name\":\"Gr\u00fcne Hasenf\u00fc\u00dfe\"}]},{\"@type\":\"WebSite\",\"@id\":\"https:\\\/\\\/www.inkultura-online.de\\\/politisch_unkorrekt\\\/#website\",\"url\":\"https:\\\/\\\/www.inkultura-online.de\\\/politisch_unkorrekt\\\/\",\"name\":\"Zeitgeist? Frei!\",\"description\":\"Was Ihr den Geist der Zeiten hei\u00dft...\",\"publisher\":{\"@id\":\"https:\\\/\\\/www.inkultura-online.de\\\/politisch_unkorrekt\\\/#\\\/schema\\\/person\\\/5b30b80e385478896a1de221e1994d86\"},\"potentialAction\":[{\"@type\":\"SearchAction\",\"target\":{\"@type\":\"EntryPoint\",\"urlTemplate\":\"https:\\\/\\\/www.inkultura-online.de\\\/politisch_unkorrekt\\\/?s={search_term_string}\"},\"query-input\":{\"@type\":\"PropertyValueSpecification\",\"valueRequired\":true,\"valueName\":\"search_term_string\"}}],\"inLanguage\":\"de\"},{\"@type\":[\"Person\",\"Organization\"],\"@id\":\"https:\\\/\\\/www.inkultura-online.de\\\/politisch_unkorrekt\\\/#\\\/schema\\\/person\\\/5b30b80e385478896a1de221e1994d86\",\"name\":\"Orator\",\"image\":{\"@type\":\"ImageObject\",\"inLanguage\":\"de\",\"@id\":\"https:\\\/\\\/secure.gravatar.com\\\/avatar\\\/96e03166d31716e9c437060430eb7605c45a8ce6fb6dab483637ca6915dd0844?s=96&d=mm&r=g\",\"url\":\"https:\\\/\\\/secure.gravatar.com\\\/avatar\\\/96e03166d31716e9c437060430eb7605c45a8ce6fb6dab483637ca6915dd0844?s=96&d=mm&r=g\",\"contentUrl\":\"https:\\\/\\\/secure.gravatar.com\\\/avatar\\\/96e03166d31716e9c437060430eb7605c45a8ce6fb6dab483637ca6915dd0844?s=96&d=mm&r=g\",\"caption\":\"Orator\"},\"logo\":{\"@id\":\"https:\\\/\\\/secure.gravatar.com\\\/avatar\\\/96e03166d31716e9c437060430eb7605c45a8ce6fb6dab483637ca6915dd0844?s=96&d=mm&r=g\"},\"url\":\"https:\\\/\\\/www.inkultura-online.de\\\/politisch_unkorrekt\\\/author\\\/1korrektor21-2\\\/\"}]}<\/script>\n<!-- \/ Yoast SEO plugin. -->","yoast_head_json":{"title":"Gr\u00fcne Hasenf\u00fc\u00dfe - Zeitgeist? Frei!","robots":{"index":"index","follow":"follow","max-snippet":"max-snippet:-1","max-image-preview":"max-image-preview:large","max-video-preview":"max-video-preview:-1"},"canonical":"https:\/\/www.inkultura-online.de\/politisch_unkorrekt\/gruene-hasenfuesse\/","og_locale":"de_DE","og_type":"article","og_title":"Gr\u00fcne Hasenf\u00fc\u00dfe - Zeitgeist? Frei!","og_description":"Gr\u00fcne Politiker sind \u00e4ngstlich auf ihre k\u00f6rperliche Unversehrtheit bedacht. Im Gegensatz zu den von ihrer \u201eAntifaschistischen Sturmtruppe\u201c zusammengepr\u00fcgelten Opfern mit abweichender politischer Meinung haben die elf Bundestagsabgeordneten mit t\u00fcrkischen Wurzeln angesichts martialischer Ansagen aus der T\u00fcrkei wohl Angst um Leib &hellip; Weiterlesen &rarr;","og_url":"https:\/\/www.inkultura-online.de\/politisch_unkorrekt\/gruene-hasenfuesse\/","og_site_name":"Zeitgeist? Frei!","article_published_time":"2016-06-11T16:33:53+00:00","article_modified_time":"2016-06-11T16:35:36+00:00","author":"Orator","twitter_misc":{"Verfasst von":"Orator","Gesch\u00e4tzte Lesezeit":"1\u00a0Minute"},"schema":{"@context":"https:\/\/schema.org","@graph":[{"@type":"Article","@id":"https:\/\/www.inkultura-online.de\/politisch_unkorrekt\/gruene-hasenfuesse\/#article","isPartOf":{"@id":"https:\/\/www.inkultura-online.de\/politisch_unkorrekt\/gruene-hasenfuesse\/"},"author":{"name":"Orator","@id":"https:\/\/www.inkultura-online.de\/politisch_unkorrekt\/#\/schema\/person\/5b30b80e385478896a1de221e1994d86"},"headline":"Gr\u00fcne Hasenf\u00fc\u00dfe","datePublished":"2016-06-11T16:33:53+00:00","dateModified":"2016-06-11T16:35:36+00:00","mainEntityOfPage":{"@id":"https:\/\/www.inkultura-online.de\/politisch_unkorrekt\/gruene-hasenfuesse\/"},"wordCount":293,"commentCount":0,"publisher":{"@id":"https:\/\/www.inkultura-online.de\/politisch_unkorrekt\/#\/schema\/person\/5b30b80e385478896a1de221e1994d86"},"keywords":["AntiFa","Gr\u00fcne Hasenf\u00fc\u00dfe","Islamlobby","Moslemlobby"],"articleSection":["Antipathie","Gedanken zum Tag"],"inLanguage":"de","potentialAction":[{"@type":"CommentAction","name":"Comment","target":["https:\/\/www.inkultura-online.de\/politisch_unkorrekt\/gruene-hasenfuesse\/#respond"]}]},{"@type":"WebPage","@id":"https:\/\/www.inkultura-online.de\/politisch_unkorrekt\/gruene-hasenfuesse\/","url":"https:\/\/www.inkultura-online.de\/politisch_unkorrekt\/gruene-hasenfuesse\/","name":"Gr\u00fcne Hasenf\u00fc\u00dfe - Zeitgeist? Frei!","isPartOf":{"@id":"https:\/\/www.inkultura-online.de\/politisch_unkorrekt\/#website"},"datePublished":"2016-06-11T16:33:53+00:00","dateModified":"2016-06-11T16:35:36+00:00","breadcrumb":{"@id":"https:\/\/www.inkultura-online.de\/politisch_unkorrekt\/gruene-hasenfuesse\/#breadcrumb"},"inLanguage":"de","potentialAction":[{"@type":"ReadAction","target":["https:\/\/www.inkultura-online.de\/politisch_unkorrekt\/gruene-hasenfuesse\/"]}]},{"@type":"BreadcrumbList","@id":"https:\/\/www.inkultura-online.de\/politisch_unkorrekt\/gruene-hasenfuesse\/#breadcrumb","itemListElement":[{"@type":"ListItem","position":1,"name":"Home","item":"https:\/\/www.inkultura-online.de\/politisch_unkorrekt\/"},{"@type":"ListItem","position":2,"name":"Gr\u00fcne Hasenf\u00fc\u00dfe"}]},{"@type":"WebSite","@id":"https:\/\/www.inkultura-online.de\/politisch_unkorrekt\/#website","url":"https:\/\/www.inkultura-online.de\/politisch_unkorrekt\/","name":"Zeitgeist? Frei!","description":"Was Ihr den Geist der Zeiten hei\u00dft...","publisher":{"@id":"https:\/\/www.inkultura-online.de\/politisch_unkorrekt\/#\/schema\/person\/5b30b80e385478896a1de221e1994d86"},"potentialAction":[{"@type":"SearchAction","target":{"@type":"EntryPoint","urlTemplate":"https:\/\/www.inkultura-online.de\/politisch_unkorrekt\/?s={search_term_string}"},"query-input":{"@type":"PropertyValueSpecification","valueRequired":true,"valueName":"search_term_string"}}],"inLanguage":"de"},{"@type":["Person","Organization"],"@id":"https:\/\/www.inkultura-online.de\/politisch_unkorrekt\/#\/schema\/person\/5b30b80e385478896a1de221e1994d86","name":"Orator","image":{"@type":"ImageObject","inLanguage":"de","@id":"https:\/\/secure.gravatar.com\/avatar\/96e03166d31716e9c437060430eb7605c45a8ce6fb6dab483637ca6915dd0844?s=96&d=mm&r=g","url":"https:\/\/secure.gravatar.com\/avatar\/96e03166d31716e9c437060430eb7605c45a8ce6fb6dab483637ca6915dd0844?s=96&d=mm&r=g","contentUrl":"https:\/\/secure.gravatar.com\/avatar\/96e03166d31716e9c437060430eb7605c45a8ce6fb6dab483637ca6915dd0844?s=96&d=mm&r=g","caption":"Orator"},"logo":{"@id":"https:\/\/secure.gravatar.com\/avatar\/96e03166d31716e9c437060430eb7605c45a8ce6fb6dab483637ca6915dd0844?s=96&d=mm&r=g"},"url":"https:\/\/www.inkultura-online.de\/politisch_unkorrekt\/author\/1korrektor21-2\/"}]}},"_links":{"self":[{"href":"https:\/\/www.inkultura-online.de\/politisch_unkorrekt\/wp-json\/wp\/v2\/posts\/1144","targetHints":{"allow":["GET"]}}],"collection":[{"href":"https:\/\/www.inkultura-online.de\/politisch_unkorrekt\/wp-json\/wp\/v2\/posts"}],"about":[{"href":"https:\/\/www.inkultura-online.de\/politisch_unkorrekt\/wp-json\/wp\/v2\/types\/post"}],"author":[{"embeddable":true,"href":"https:\/\/www.inkultura-online.de\/politisch_unkorrekt\/wp-json\/wp\/v2\/users\/1"}],"replies":[{"embeddable":true,"href":"https:\/\/www.inkultura-online.de\/politisch_unkorrekt\/wp-json\/wp\/v2\/comments?post=1144"}],"version-history":[{"count":3,"href":"https:\/\/www.inkultura-online.de\/politisch_unkorrekt\/wp-json\/wp\/v2\/posts\/1144\/revisions"}],"predecessor-version":[{"id":1147,"href":"https:\/\/www.inkultura-online.de\/politisch_unkorrekt\/wp-json\/wp\/v2\/posts\/1144\/revisions\/1147"}],"wp:attachment":[{"href":"https:\/\/www.inkultura-online.de\/politisch_unkorrekt\/wp-json\/wp\/v2\/media?parent=1144"}],"wp:term":[{"taxonomy":"category","embeddable":true,"href":"https:\/\/www.inkultura-online.de\/politisch_unkorrekt\/wp-json\/wp\/v2\/categories?post=1144"},{"taxonomy":"post_tag","embeddable":true,"href":"https:\/\/www.inkultura-online.de\/politisch_unkorrekt\/wp-json\/wp\/v2\/tags?post=1144"}],"curies":[{"name":"wp","href":"https:\/\/api.w.org\/{rel}","templated":true}]}}