{"id":1163,"date":"2016-06-25T15:36:47","date_gmt":"2016-06-25T13:36:47","guid":{"rendered":"http:\/\/www.inkultura-online.de\/politisch_unkorrekt\/?p=1163"},"modified":"2016-06-25T15:36:47","modified_gmt":"2016-06-25T13:36:47","slug":"eine-edelfeder-traeumt-von-rebellion","status":"publish","type":"post","link":"https:\/\/www.inkultura-online.de\/politisch_unkorrekt\/eine-edelfeder-traeumt-von-rebellion\/","title":{"rendered":"Eine Edelfeder tr\u00e4umt von Rebellion"},"content":{"rendered":"<p>Als die FAZ noch eine seri\u00f6se Zeitung und der Beruf des Journalisten noch mit rudiment\u00e4rer Bildung und Intelligenz zu tun hatte, w\u00e4re ein Typ wie Mathias M\u00fcller von Blumencron bestenfalls Zeitungsverk\u00e4ufer geworden. In einer Zeit, in der weniger das intellektuelle Niveau als vielmehr das Mitschwimmen im Mainstream f\u00fcr Karrieren sorgt, wird solch ein Mensch schnell in Positionen und Funktionen gesp\u00fclt, die einmal mehr daf\u00fcr sorgen, dass der Begriff \u201eL\u00fcgenpresse\u201c mit Inhalt gef\u00fcllt wird.<!--more--><\/p>\n<p>Besagte <a href=\"http:\/\/www.faz.net\/aktuell\/politik\/brexit\/warum-wir-nach-der-brexit-referendum-neue-rebellion-brauchen-14306632.html\" target=\"_blank\">Edelfeder Blumencron<\/a> kommt mit der Entscheidung des britischen Souver\u00e4ns, nicht mehr Mitglied in der EUdSSR sein zu wollen, anscheinend nicht besonders gut zurecht. In der FAZ schwadroniert der gute Mann \u00fcber eine dringend notwendige Rebellion der J\u00fcngeren gegen eine, wie er es ausdr\u00fcckt, <i>\u201e<\/i><i>Generation, in der sich die Furcht um die Zukunft mit einer eigenartigen Sorge um die Reinheit der Heimat zu einem Cocktail aus Verzagen und Abgrenzen mischt.<\/i><i>\u201c<\/i> Als ob das nicht bereits krude genug sei, legt er noch einen drauf und schwafelt von <i>\u201eeinen Aufstand der Zukunfts-Ideen gegen das R\u00fcckw\u00e4rts-Ideal.\u201c<\/i><\/p>\n<p>Mach mal halblang, Matze und denk dar\u00fcber nach, aus welchen Gr\u00fcnden die Briten gegen einen Verbleib in der EU gestimmt haben. L\u00e4ngst n\u00e4mlich hat sich diese an sich gute Idee in einen Haufen kleptokratischer und undemokratischer Bonzen verwandelt, die sich im Gr\u00f6\u00dfenwahnmodus befinden und mit an diktatorischer Willk\u00fcr grenzend alles, aber auch alles zu reglementieren und in b\u00fcrokratische Monster zu verwandeln.<\/p>\n<p>In deren verquastem Weltbild kommt die Tatsache, dass die EU in den vergangenen Jahren mehr und mehr gegen ihre eigenen Bestimmungen, Verordnungen und Gesetze versto\u00dfen hat, nicht mehr vor. Die Stichw\u00f6rter Bail-out und Staatsfinanzierung durch die EZB sind nur zwei Beispiele f\u00fcr das moralisch verkommene Br\u00fcsseler Ochlokratenpack, das sich \u00fcber Recht und Gesetz erhaben f\u00fchlt und ungeniert und wiederholt dagegen verst\u00f6\u00dft.<\/p>\n<p>Wenn Blumencron in seiner Verzweiflung angesichts angewandter Demokratie jetzt davon spricht, die \u00c4lteren w\u00fcrden die Zukunft der J\u00fcngeren verbauen, dann ist das nur ein Pfeifen im Wald angesichts des sukzessiven Verschwindens der Deutungshoheit des politisch-medialen Komplexes und betrifft damit eher direkt sein eigenes Portemonnaie, dessen Leere er angesichts der von ihm vertretenen Meinung bald bef\u00fcrchten sollte.<\/p>\n<p>Das Gegenteil ist der Fall. Die Bef\u00fcrworter des Brexit \u2013 woher wei\u00df Blumencron bereits jetzt, dass es alte wei\u00dfe M\u00e4nner waren? &#8211; haben die Chancen der (britischen) Jugend auf eine bessere Zukunft gesichert, denn Gro\u00dfbritannien kann sich jetzt darauf konzentrieren, eine Politik zu betreiben, die nationalen Bed\u00fcrfnissen entspricht und nicht das Ausf\u00fchrungsorgan Br\u00fcsseler Anweisungen darstellt.<\/p>\n<p>Wer jetzt bef\u00fcrchtet <i>\u201eDie j\u00fcngere Generation hat gerade das Recht verloren, in 27 anderen L\u00e4ndern zu leben und zu arbeiten. Wir werden niemals das ganze Ausma\u00df der verlorenen Chancen, Freundschaften, Ehen und Erfahrungen wissen, die uns jetzt versagt bleiben.\u201c<\/i>, der beweist nur eines: das Versagen des Schulsystems. Auch bevor es die EUdSSR mit ihrer Regel- und Kontrollwut gab, konnte jeder Europ\u00e4er in einem anderen europ\u00e4ischen Land arbeiten, dabei seine Frau \u2013 oder Mann \u2013 kennenlernen und heiraten. Wer etwas anderes behauptet, hat schlicht und ergreifend im Geschichtsunterricht geschlafen. Und das liegt nun bestimmt nicht an dem von Blumencron herbeigerufenen Gespenst \u201e\u00e4ltere Generation\u201c.<\/p>\n<p>Wer nat\u00fcrlich von den \u201esozialen Medien\u201c und ihrer Geist verhindernden Attit\u00fcde sozialisiert worden ist und z. B. das Hochhalten eines Reisepasses beim Grenz\u00fcbertritt f\u00fcr eine Zumutung h\u00e4lt, der f\u00fchlt sich nat\u00fcrlich auch um seine Zukunft betrogen. Herr, lass Hirn vom Himmel fallen.<\/p>\n<p>Mit einem allerdings hat Blumencron recht: Wir brauchen eine Rebellion, besser noch eine Revolution gegen demokratisch nicht legitimierte Institutionen, die sich anma\u00dfen, in nationale Belange eingreifen zu k\u00f6nnen. Hoffentlich, so meine Hoffnung, folgen viele andere L\u00e4nder der (Noch) EU dem britischen Beispiel. F\u00fcr uns Deutsche gibt es da leider wenig Hoffnung. Der Souver\u00e4n wird bei uns nicht um seine Meinung gebeten. Noch ein Grund mehr f\u00fcr eine Revolution.<\/p>\n","protected":false},"excerpt":{"rendered":"<p>Als die FAZ noch eine seri\u00f6se Zeitung und der Beruf des Journalisten noch mit rudiment\u00e4rer Bildung und Intelligenz zu tun hatte, w\u00e4re ein Typ wie Mathias M\u00fcller von Blumencron bestenfalls Zeitungsverk\u00e4ufer geworden. In einer Zeit, in der weniger das intellektuelle &hellip; <a href=\"https:\/\/www.inkultura-online.de\/politisch_unkorrekt\/eine-edelfeder-traeumt-von-rebellion\/\">Weiterlesen <span class=\"meta-nav\">&rarr;<\/span><\/a><\/p>\n","protected":false},"author":1,"featured_media":0,"comment_status":"open","ping_status":"open","sticky":false,"template":"","format":"standard","meta":{"footnotes":""},"categories":[444,9],"tags":[687,170,684,686,625,685],"class_list":["post-1163","post","type-post","status-publish","format-standard","hentry","category-gedanken-zum-tag","category-staaten-untereinander","tag-brexit","tag-bruesseler-ochlokraten","tag-edelfeder","tag-eu","tag-eudssr","tag-rebellion"],"yoast_head":"<!-- This site is optimized with the Yoast SEO plugin v27.5 - https:\/\/yoast.com\/product\/yoast-seo-wordpress\/ -->\n<title>Eine Edelfeder tr\u00e4umt von Rebellion - Zeitgeist? Frei!<\/title>\n<meta name=\"robots\" content=\"index, follow, max-snippet:-1, max-image-preview:large, max-video-preview:-1\" \/>\n<link rel=\"canonical\" href=\"https:\/\/www.inkultura-online.de\/politisch_unkorrekt\/eine-edelfeder-traeumt-von-rebellion\/\" \/>\n<meta property=\"og:locale\" content=\"de_DE\" \/>\n<meta property=\"og:type\" content=\"article\" \/>\n<meta property=\"og:title\" content=\"Eine Edelfeder tr\u00e4umt von Rebellion - Zeitgeist? Frei!\" \/>\n<meta property=\"og:description\" content=\"Als die FAZ noch eine seri\u00f6se Zeitung und der Beruf des Journalisten noch mit rudiment\u00e4rer Bildung und Intelligenz zu tun hatte, w\u00e4re ein Typ wie Mathias M\u00fcller von Blumencron bestenfalls Zeitungsverk\u00e4ufer geworden. In einer Zeit, in der weniger das intellektuelle &hellip; Weiterlesen &rarr;\" \/>\n<meta property=\"og:url\" content=\"https:\/\/www.inkultura-online.de\/politisch_unkorrekt\/eine-edelfeder-traeumt-von-rebellion\/\" \/>\n<meta property=\"og:site_name\" content=\"Zeitgeist? Frei!\" \/>\n<meta property=\"article:published_time\" content=\"2016-06-25T13:36:47+00:00\" \/>\n<meta name=\"author\" content=\"Orator\" \/>\n<meta name=\"twitter:label1\" content=\"Verfasst von\" \/>\n\t<meta name=\"twitter:data1\" content=\"Orator\" \/>\n\t<meta name=\"twitter:label2\" content=\"Gesch\u00e4tzte Lesezeit\" \/>\n\t<meta name=\"twitter:data2\" content=\"3\u00a0Minuten\" \/>\n<script type=\"application\/ld+json\" class=\"yoast-schema-graph\">{\"@context\":\"https:\\\/\\\/schema.org\",\"@graph\":[{\"@type\":\"Article\",\"@id\":\"https:\\\/\\\/www.inkultura-online.de\\\/politisch_unkorrekt\\\/eine-edelfeder-traeumt-von-rebellion\\\/#article\",\"isPartOf\":{\"@id\":\"https:\\\/\\\/www.inkultura-online.de\\\/politisch_unkorrekt\\\/eine-edelfeder-traeumt-von-rebellion\\\/\"},\"author\":{\"name\":\"Orator\",\"@id\":\"https:\\\/\\\/www.inkultura-online.de\\\/politisch_unkorrekt\\\/#\\\/schema\\\/person\\\/5b30b80e385478896a1de221e1994d86\"},\"headline\":\"Eine Edelfeder tr\u00e4umt von Rebellion\",\"datePublished\":\"2016-06-25T13:36:47+00:00\",\"mainEntityOfPage\":{\"@id\":\"https:\\\/\\\/www.inkultura-online.de\\\/politisch_unkorrekt\\\/eine-edelfeder-traeumt-von-rebellion\\\/\"},\"wordCount\":669,\"commentCount\":0,\"publisher\":{\"@id\":\"https:\\\/\\\/www.inkultura-online.de\\\/politisch_unkorrekt\\\/#\\\/schema\\\/person\\\/5b30b80e385478896a1de221e1994d86\"},\"keywords\":[\"Brexit\",\"Br\u00fcsseler Ochlokraten\",\"Edelfeder\",\"EU\",\"EUdSSR\",\"Rebellion\"],\"articleSection\":[\"Gedanken zum Tag\",\"Staaten untereinander\"],\"inLanguage\":\"de\",\"potentialAction\":[{\"@type\":\"CommentAction\",\"name\":\"Comment\",\"target\":[\"https:\\\/\\\/www.inkultura-online.de\\\/politisch_unkorrekt\\\/eine-edelfeder-traeumt-von-rebellion\\\/#respond\"]}]},{\"@type\":\"WebPage\",\"@id\":\"https:\\\/\\\/www.inkultura-online.de\\\/politisch_unkorrekt\\\/eine-edelfeder-traeumt-von-rebellion\\\/\",\"url\":\"https:\\\/\\\/www.inkultura-online.de\\\/politisch_unkorrekt\\\/eine-edelfeder-traeumt-von-rebellion\\\/\",\"name\":\"Eine Edelfeder tr\u00e4umt von Rebellion - Zeitgeist? Frei!\",\"isPartOf\":{\"@id\":\"https:\\\/\\\/www.inkultura-online.de\\\/politisch_unkorrekt\\\/#website\"},\"datePublished\":\"2016-06-25T13:36:47+00:00\",\"breadcrumb\":{\"@id\":\"https:\\\/\\\/www.inkultura-online.de\\\/politisch_unkorrekt\\\/eine-edelfeder-traeumt-von-rebellion\\\/#breadcrumb\"},\"inLanguage\":\"de\",\"potentialAction\":[{\"@type\":\"ReadAction\",\"target\":[\"https:\\\/\\\/www.inkultura-online.de\\\/politisch_unkorrekt\\\/eine-edelfeder-traeumt-von-rebellion\\\/\"]}]},{\"@type\":\"BreadcrumbList\",\"@id\":\"https:\\\/\\\/www.inkultura-online.de\\\/politisch_unkorrekt\\\/eine-edelfeder-traeumt-von-rebellion\\\/#breadcrumb\",\"itemListElement\":[{\"@type\":\"ListItem\",\"position\":1,\"name\":\"Home\",\"item\":\"https:\\\/\\\/www.inkultura-online.de\\\/politisch_unkorrekt\\\/\"},{\"@type\":\"ListItem\",\"position\":2,\"name\":\"Eine Edelfeder tr\u00e4umt von Rebellion\"}]},{\"@type\":\"WebSite\",\"@id\":\"https:\\\/\\\/www.inkultura-online.de\\\/politisch_unkorrekt\\\/#website\",\"url\":\"https:\\\/\\\/www.inkultura-online.de\\\/politisch_unkorrekt\\\/\",\"name\":\"Zeitgeist? Frei!\",\"description\":\"Was Ihr den Geist der Zeiten hei\u00dft...\",\"publisher\":{\"@id\":\"https:\\\/\\\/www.inkultura-online.de\\\/politisch_unkorrekt\\\/#\\\/schema\\\/person\\\/5b30b80e385478896a1de221e1994d86\"},\"potentialAction\":[{\"@type\":\"SearchAction\",\"target\":{\"@type\":\"EntryPoint\",\"urlTemplate\":\"https:\\\/\\\/www.inkultura-online.de\\\/politisch_unkorrekt\\\/?s={search_term_string}\"},\"query-input\":{\"@type\":\"PropertyValueSpecification\",\"valueRequired\":true,\"valueName\":\"search_term_string\"}}],\"inLanguage\":\"de\"},{\"@type\":[\"Person\",\"Organization\"],\"@id\":\"https:\\\/\\\/www.inkultura-online.de\\\/politisch_unkorrekt\\\/#\\\/schema\\\/person\\\/5b30b80e385478896a1de221e1994d86\",\"name\":\"Orator\",\"image\":{\"@type\":\"ImageObject\",\"inLanguage\":\"de\",\"@id\":\"https:\\\/\\\/secure.gravatar.com\\\/avatar\\\/96e03166d31716e9c437060430eb7605c45a8ce6fb6dab483637ca6915dd0844?s=96&d=mm&r=g\",\"url\":\"https:\\\/\\\/secure.gravatar.com\\\/avatar\\\/96e03166d31716e9c437060430eb7605c45a8ce6fb6dab483637ca6915dd0844?s=96&d=mm&r=g\",\"contentUrl\":\"https:\\\/\\\/secure.gravatar.com\\\/avatar\\\/96e03166d31716e9c437060430eb7605c45a8ce6fb6dab483637ca6915dd0844?s=96&d=mm&r=g\",\"caption\":\"Orator\"},\"logo\":{\"@id\":\"https:\\\/\\\/secure.gravatar.com\\\/avatar\\\/96e03166d31716e9c437060430eb7605c45a8ce6fb6dab483637ca6915dd0844?s=96&d=mm&r=g\"},\"url\":\"https:\\\/\\\/www.inkultura-online.de\\\/politisch_unkorrekt\\\/author\\\/1korrektor21-2\\\/\"}]}<\/script>\n<!-- \/ Yoast SEO plugin. -->","yoast_head_json":{"title":"Eine Edelfeder tr\u00e4umt von Rebellion - Zeitgeist? Frei!","robots":{"index":"index","follow":"follow","max-snippet":"max-snippet:-1","max-image-preview":"max-image-preview:large","max-video-preview":"max-video-preview:-1"},"canonical":"https:\/\/www.inkultura-online.de\/politisch_unkorrekt\/eine-edelfeder-traeumt-von-rebellion\/","og_locale":"de_DE","og_type":"article","og_title":"Eine Edelfeder tr\u00e4umt von Rebellion - Zeitgeist? Frei!","og_description":"Als die FAZ noch eine seri\u00f6se Zeitung und der Beruf des Journalisten noch mit rudiment\u00e4rer Bildung und Intelligenz zu tun hatte, w\u00e4re ein Typ wie Mathias M\u00fcller von Blumencron bestenfalls Zeitungsverk\u00e4ufer geworden. In einer Zeit, in der weniger das intellektuelle &hellip; Weiterlesen &rarr;","og_url":"https:\/\/www.inkultura-online.de\/politisch_unkorrekt\/eine-edelfeder-traeumt-von-rebellion\/","og_site_name":"Zeitgeist? Frei!","article_published_time":"2016-06-25T13:36:47+00:00","author":"Orator","twitter_misc":{"Verfasst von":"Orator","Gesch\u00e4tzte Lesezeit":"3\u00a0Minuten"},"schema":{"@context":"https:\/\/schema.org","@graph":[{"@type":"Article","@id":"https:\/\/www.inkultura-online.de\/politisch_unkorrekt\/eine-edelfeder-traeumt-von-rebellion\/#article","isPartOf":{"@id":"https:\/\/www.inkultura-online.de\/politisch_unkorrekt\/eine-edelfeder-traeumt-von-rebellion\/"},"author":{"name":"Orator","@id":"https:\/\/www.inkultura-online.de\/politisch_unkorrekt\/#\/schema\/person\/5b30b80e385478896a1de221e1994d86"},"headline":"Eine Edelfeder tr\u00e4umt von Rebellion","datePublished":"2016-06-25T13:36:47+00:00","mainEntityOfPage":{"@id":"https:\/\/www.inkultura-online.de\/politisch_unkorrekt\/eine-edelfeder-traeumt-von-rebellion\/"},"wordCount":669,"commentCount":0,"publisher":{"@id":"https:\/\/www.inkultura-online.de\/politisch_unkorrekt\/#\/schema\/person\/5b30b80e385478896a1de221e1994d86"},"keywords":["Brexit","Br\u00fcsseler Ochlokraten","Edelfeder","EU","EUdSSR","Rebellion"],"articleSection":["Gedanken zum Tag","Staaten untereinander"],"inLanguage":"de","potentialAction":[{"@type":"CommentAction","name":"Comment","target":["https:\/\/www.inkultura-online.de\/politisch_unkorrekt\/eine-edelfeder-traeumt-von-rebellion\/#respond"]}]},{"@type":"WebPage","@id":"https:\/\/www.inkultura-online.de\/politisch_unkorrekt\/eine-edelfeder-traeumt-von-rebellion\/","url":"https:\/\/www.inkultura-online.de\/politisch_unkorrekt\/eine-edelfeder-traeumt-von-rebellion\/","name":"Eine Edelfeder tr\u00e4umt von Rebellion - Zeitgeist? Frei!","isPartOf":{"@id":"https:\/\/www.inkultura-online.de\/politisch_unkorrekt\/#website"},"datePublished":"2016-06-25T13:36:47+00:00","breadcrumb":{"@id":"https:\/\/www.inkultura-online.de\/politisch_unkorrekt\/eine-edelfeder-traeumt-von-rebellion\/#breadcrumb"},"inLanguage":"de","potentialAction":[{"@type":"ReadAction","target":["https:\/\/www.inkultura-online.de\/politisch_unkorrekt\/eine-edelfeder-traeumt-von-rebellion\/"]}]},{"@type":"BreadcrumbList","@id":"https:\/\/www.inkultura-online.de\/politisch_unkorrekt\/eine-edelfeder-traeumt-von-rebellion\/#breadcrumb","itemListElement":[{"@type":"ListItem","position":1,"name":"Home","item":"https:\/\/www.inkultura-online.de\/politisch_unkorrekt\/"},{"@type":"ListItem","position":2,"name":"Eine Edelfeder tr\u00e4umt von Rebellion"}]},{"@type":"WebSite","@id":"https:\/\/www.inkultura-online.de\/politisch_unkorrekt\/#website","url":"https:\/\/www.inkultura-online.de\/politisch_unkorrekt\/","name":"Zeitgeist? Frei!","description":"Was Ihr den Geist der Zeiten hei\u00dft...","publisher":{"@id":"https:\/\/www.inkultura-online.de\/politisch_unkorrekt\/#\/schema\/person\/5b30b80e385478896a1de221e1994d86"},"potentialAction":[{"@type":"SearchAction","target":{"@type":"EntryPoint","urlTemplate":"https:\/\/www.inkultura-online.de\/politisch_unkorrekt\/?s={search_term_string}"},"query-input":{"@type":"PropertyValueSpecification","valueRequired":true,"valueName":"search_term_string"}}],"inLanguage":"de"},{"@type":["Person","Organization"],"@id":"https:\/\/www.inkultura-online.de\/politisch_unkorrekt\/#\/schema\/person\/5b30b80e385478896a1de221e1994d86","name":"Orator","image":{"@type":"ImageObject","inLanguage":"de","@id":"https:\/\/secure.gravatar.com\/avatar\/96e03166d31716e9c437060430eb7605c45a8ce6fb6dab483637ca6915dd0844?s=96&d=mm&r=g","url":"https:\/\/secure.gravatar.com\/avatar\/96e03166d31716e9c437060430eb7605c45a8ce6fb6dab483637ca6915dd0844?s=96&d=mm&r=g","contentUrl":"https:\/\/secure.gravatar.com\/avatar\/96e03166d31716e9c437060430eb7605c45a8ce6fb6dab483637ca6915dd0844?s=96&d=mm&r=g","caption":"Orator"},"logo":{"@id":"https:\/\/secure.gravatar.com\/avatar\/96e03166d31716e9c437060430eb7605c45a8ce6fb6dab483637ca6915dd0844?s=96&d=mm&r=g"},"url":"https:\/\/www.inkultura-online.de\/politisch_unkorrekt\/author\/1korrektor21-2\/"}]}},"_links":{"self":[{"href":"https:\/\/www.inkultura-online.de\/politisch_unkorrekt\/wp-json\/wp\/v2\/posts\/1163","targetHints":{"allow":["GET"]}}],"collection":[{"href":"https:\/\/www.inkultura-online.de\/politisch_unkorrekt\/wp-json\/wp\/v2\/posts"}],"about":[{"href":"https:\/\/www.inkultura-online.de\/politisch_unkorrekt\/wp-json\/wp\/v2\/types\/post"}],"author":[{"embeddable":true,"href":"https:\/\/www.inkultura-online.de\/politisch_unkorrekt\/wp-json\/wp\/v2\/users\/1"}],"replies":[{"embeddable":true,"href":"https:\/\/www.inkultura-online.de\/politisch_unkorrekt\/wp-json\/wp\/v2\/comments?post=1163"}],"version-history":[{"count":1,"href":"https:\/\/www.inkultura-online.de\/politisch_unkorrekt\/wp-json\/wp\/v2\/posts\/1163\/revisions"}],"predecessor-version":[{"id":1164,"href":"https:\/\/www.inkultura-online.de\/politisch_unkorrekt\/wp-json\/wp\/v2\/posts\/1163\/revisions\/1164"}],"wp:attachment":[{"href":"https:\/\/www.inkultura-online.de\/politisch_unkorrekt\/wp-json\/wp\/v2\/media?parent=1163"}],"wp:term":[{"taxonomy":"category","embeddable":true,"href":"https:\/\/www.inkultura-online.de\/politisch_unkorrekt\/wp-json\/wp\/v2\/categories?post=1163"},{"taxonomy":"post_tag","embeddable":true,"href":"https:\/\/www.inkultura-online.de\/politisch_unkorrekt\/wp-json\/wp\/v2\/tags?post=1163"}],"curies":[{"name":"wp","href":"https:\/\/api.w.org\/{rel}","templated":true}]}}