{"id":1170,"date":"2016-07-01T17:57:25","date_gmt":"2016-07-01T15:57:25","guid":{"rendered":"http:\/\/www.inkultura-online.de\/politisch_unkorrekt\/?p=1170"},"modified":"2016-07-01T17:58:59","modified_gmt":"2016-07-01T15:58:59","slug":"die-sache-mit-der-loyalitaet-2","status":"publish","type":"post","link":"https:\/\/www.inkultura-online.de\/politisch_unkorrekt\/die-sache-mit-der-loyalitaet-2\/","title":{"rendered":"Die Sache mit der Loyalit\u00e4t"},"content":{"rendered":"<p>Wenn, wie in Bayern geschehen, die deutsche Justiz sich wieder einmal von der Islamlobby vorf\u00fchren l\u00e4sst und aus Angst, als fremdenfeindlich, islamophob oder gar rassistisch \u2013 seit wann ist der Islam eine Rasse? &#8211; zu gelten, ein Urteil zugunsten islamischer religi\u00f6ser Befindlichkeiten f\u00e4llt, dann kann man getrost daran zweifeln, dass Justitia blind sein soll.<!--more--><\/p>\n<p>Das Augsburger Verwaltungsgericht hat das Kopftuchverbot f\u00fcr Rechtsreferendare in Bayern f\u00fcr ung\u00fcltig erkl\u00e4rt und damit der Kl\u00e4gerin, Aquila S., die \u2013 besonders pikant &#8211; sowohl die deutsche als auch die pakistanische Staatsb\u00fcrgerschaft besitzt, Recht gegeben, die die Auflage des Oberlandesgericht M\u00fcnchen, dass bei Auftritten mit Au\u00dfenwirkung \u201ekeine Kleidungsst\u00fccke, Symbole oder andere Merkmale getragen werden d\u00fcrfen, die objektiv geeignet sind, das Vertrauen in die religi\u00f6s-weltanschauliche Neutralit\u00e4t der Dienstaus\u00fcbung einzuschr\u00e4nken\u201c, als Eingriff in ihre religi\u00f6se Freiheit verstand.<\/p>\n<p>So weit, so schlecht. Wenn der Deutsch-Pakistanerin so viel an ihrer \u201ereligi\u00f6sen Freiheit\u201c liegt, dann w\u00e4re es doch angebracht, diese in einem Land auszuleben, das von Frauen das Tragen von Kopft\u00fcchern in der \u00d6ffentlichkeit verlangt.<\/p>\n<p>Wieder einmal fragt sich der aufmerksame Beobachter des politischen Zeitgeistes, wem im Ernstfall die Loyalit\u00e4t derjenigen gilt, die aus einem islamischen Land zu uns kommen und die Freiheiten eines sich unsicher gewordenen Systems dahingehend benutzen, sukzessive islamische Spielregeln einzufordern. Wenn, wie im Fall der Deutsch-Pakistanerin, das Beharren auf einem St\u00fcck Stoff, das voll von islamischen Konnotationen ist, eine so gro\u00dfe individuelle Bedeutung besitzt, dann ist das wohl eher die Scharia und weniger deutsches Recht, was die Kl\u00e4gerin, nat\u00fcrlich mit finanzieller Unterst\u00fctzung des Islamlobby, im Hinterkopf hat.<\/p>\n<p>Eigentlich ist der Fall klar, nur wissen das die richterlichen Hasenf\u00fc\u00dfe in Augsburg wohl nicht. Die Pakistanerin w\u00f6rtlich: <i>&#8222;<\/i><i>Ich<\/i><i> kann auch nicht kurzzeitig das Kopftuch ablegen, das verbiete<\/i><i>t<\/i><i> <\/i><i>mir<\/i><i> die Scharia.&#8220; <\/i>In diesem Fall, liebe Schleiereule, suchst du dir besser einen anderen Job. Richterin an einem deutschen Gericht kann, besser gesagt, darf nun einmal niemand werden, der die Scharia \u00fcber deutsches Recht stellt.<\/p>\n","protected":false},"excerpt":{"rendered":"<p>Wenn, wie in Bayern geschehen, die deutsche Justiz sich wieder einmal von der Islamlobby vorf\u00fchren l\u00e4sst und aus Angst, als fremdenfeindlich, islamophob oder gar rassistisch \u2013 seit wann ist der Islam eine Rasse? &#8211; zu gelten, ein Urteil zugunsten islamischer &hellip; <a href=\"https:\/\/www.inkultura-online.de\/politisch_unkorrekt\/die-sache-mit-der-loyalitaet-2\/\">Weiterlesen <span class=\"meta-nav\">&rarr;<\/span><\/a><\/p>\n","protected":false},"author":1,"featured_media":0,"comment_status":"open","ping_status":"open","sticky":false,"template":"","format":"standard","meta":{"footnotes":""},"categories":[444,146,30,10],"tags":[52,309,692,630,229],"class_list":["post-1170","post","type-post","status-publish","format-standard","hentry","category-gedanken-zum-tag","category-keine-islamisierung","category-so-siehts-aus","category-systemfehler","tag-islamisierung","tag-islamlobby","tag-koftuch","tag-loyalitaet","tag-scharia"],"yoast_head":"<!-- This site is optimized with the Yoast SEO plugin v27.5 - https:\/\/yoast.com\/product\/yoast-seo-wordpress\/ -->\n<title>Die Sache mit der Loyalit\u00e4t - Zeitgeist? Frei!<\/title>\n<meta name=\"robots\" content=\"index, follow, max-snippet:-1, max-image-preview:large, max-video-preview:-1\" \/>\n<link rel=\"canonical\" href=\"https:\/\/www.inkultura-online.de\/politisch_unkorrekt\/die-sache-mit-der-loyalitaet-2\/\" \/>\n<meta property=\"og:locale\" content=\"de_DE\" \/>\n<meta property=\"og:type\" content=\"article\" \/>\n<meta property=\"og:title\" content=\"Die Sache mit der Loyalit\u00e4t - Zeitgeist? Frei!\" \/>\n<meta property=\"og:description\" content=\"Wenn, wie in Bayern geschehen, die deutsche Justiz sich wieder einmal von der Islamlobby vorf\u00fchren l\u00e4sst und aus Angst, als fremdenfeindlich, islamophob oder gar rassistisch \u2013 seit wann ist der Islam eine Rasse? &#8211; zu gelten, ein Urteil zugunsten islamischer &hellip; Weiterlesen &rarr;\" \/>\n<meta property=\"og:url\" content=\"https:\/\/www.inkultura-online.de\/politisch_unkorrekt\/die-sache-mit-der-loyalitaet-2\/\" \/>\n<meta property=\"og:site_name\" content=\"Zeitgeist? Frei!\" \/>\n<meta property=\"article:published_time\" content=\"2016-07-01T15:57:25+00:00\" \/>\n<meta property=\"article:modified_time\" content=\"2016-07-01T15:58:59+00:00\" \/>\n<meta name=\"author\" content=\"Orator\" \/>\n<meta name=\"twitter:label1\" content=\"Verfasst von\" \/>\n\t<meta name=\"twitter:data1\" content=\"Orator\" \/>\n\t<meta name=\"twitter:label2\" content=\"Gesch\u00e4tzte Lesezeit\" \/>\n\t<meta name=\"twitter:data2\" content=\"2\u00a0Minuten\" \/>\n<script type=\"application\/ld+json\" class=\"yoast-schema-graph\">{\"@context\":\"https:\\\/\\\/schema.org\",\"@graph\":[{\"@type\":\"Article\",\"@id\":\"https:\\\/\\\/www.inkultura-online.de\\\/politisch_unkorrekt\\\/die-sache-mit-der-loyalitaet-2\\\/#article\",\"isPartOf\":{\"@id\":\"https:\\\/\\\/www.inkultura-online.de\\\/politisch_unkorrekt\\\/die-sache-mit-der-loyalitaet-2\\\/\"},\"author\":{\"name\":\"Orator\",\"@id\":\"https:\\\/\\\/www.inkultura-online.de\\\/politisch_unkorrekt\\\/#\\\/schema\\\/person\\\/5b30b80e385478896a1de221e1994d86\"},\"headline\":\"Die Sache mit der Loyalit\u00e4t\",\"datePublished\":\"2016-07-01T15:57:25+00:00\",\"dateModified\":\"2016-07-01T15:58:59+00:00\",\"mainEntityOfPage\":{\"@id\":\"https:\\\/\\\/www.inkultura-online.de\\\/politisch_unkorrekt\\\/die-sache-mit-der-loyalitaet-2\\\/\"},\"wordCount\":348,\"commentCount\":0,\"publisher\":{\"@id\":\"https:\\\/\\\/www.inkultura-online.de\\\/politisch_unkorrekt\\\/#\\\/schema\\\/person\\\/5b30b80e385478896a1de221e1994d86\"},\"keywords\":[\"Islamisierung\",\"Islamlobby\",\"Koftuch\",\"Loyalit\u00e4t\",\"Scharia\"],\"articleSection\":[\"Gedanken zum Tag\",\"Keine Islamisierung?\",\"So sieht\u00b4s aus\",\"Systemfehler\"],\"inLanguage\":\"de\",\"potentialAction\":[{\"@type\":\"CommentAction\",\"name\":\"Comment\",\"target\":[\"https:\\\/\\\/www.inkultura-online.de\\\/politisch_unkorrekt\\\/die-sache-mit-der-loyalitaet-2\\\/#respond\"]}]},{\"@type\":\"WebPage\",\"@id\":\"https:\\\/\\\/www.inkultura-online.de\\\/politisch_unkorrekt\\\/die-sache-mit-der-loyalitaet-2\\\/\",\"url\":\"https:\\\/\\\/www.inkultura-online.de\\\/politisch_unkorrekt\\\/die-sache-mit-der-loyalitaet-2\\\/\",\"name\":\"Die Sache mit der Loyalit\u00e4t - Zeitgeist? Frei!\",\"isPartOf\":{\"@id\":\"https:\\\/\\\/www.inkultura-online.de\\\/politisch_unkorrekt\\\/#website\"},\"datePublished\":\"2016-07-01T15:57:25+00:00\",\"dateModified\":\"2016-07-01T15:58:59+00:00\",\"breadcrumb\":{\"@id\":\"https:\\\/\\\/www.inkultura-online.de\\\/politisch_unkorrekt\\\/die-sache-mit-der-loyalitaet-2\\\/#breadcrumb\"},\"inLanguage\":\"de\",\"potentialAction\":[{\"@type\":\"ReadAction\",\"target\":[\"https:\\\/\\\/www.inkultura-online.de\\\/politisch_unkorrekt\\\/die-sache-mit-der-loyalitaet-2\\\/\"]}]},{\"@type\":\"BreadcrumbList\",\"@id\":\"https:\\\/\\\/www.inkultura-online.de\\\/politisch_unkorrekt\\\/die-sache-mit-der-loyalitaet-2\\\/#breadcrumb\",\"itemListElement\":[{\"@type\":\"ListItem\",\"position\":1,\"name\":\"Home\",\"item\":\"https:\\\/\\\/www.inkultura-online.de\\\/politisch_unkorrekt\\\/\"},{\"@type\":\"ListItem\",\"position\":2,\"name\":\"Die Sache mit der Loyalit\u00e4t\"}]},{\"@type\":\"WebSite\",\"@id\":\"https:\\\/\\\/www.inkultura-online.de\\\/politisch_unkorrekt\\\/#website\",\"url\":\"https:\\\/\\\/www.inkultura-online.de\\\/politisch_unkorrekt\\\/\",\"name\":\"Zeitgeist? Frei!\",\"description\":\"Was Ihr den Geist der Zeiten hei\u00dft...\",\"publisher\":{\"@id\":\"https:\\\/\\\/www.inkultura-online.de\\\/politisch_unkorrekt\\\/#\\\/schema\\\/person\\\/5b30b80e385478896a1de221e1994d86\"},\"potentialAction\":[{\"@type\":\"SearchAction\",\"target\":{\"@type\":\"EntryPoint\",\"urlTemplate\":\"https:\\\/\\\/www.inkultura-online.de\\\/politisch_unkorrekt\\\/?s={search_term_string}\"},\"query-input\":{\"@type\":\"PropertyValueSpecification\",\"valueRequired\":true,\"valueName\":\"search_term_string\"}}],\"inLanguage\":\"de\"},{\"@type\":[\"Person\",\"Organization\"],\"@id\":\"https:\\\/\\\/www.inkultura-online.de\\\/politisch_unkorrekt\\\/#\\\/schema\\\/person\\\/5b30b80e385478896a1de221e1994d86\",\"name\":\"Orator\",\"image\":{\"@type\":\"ImageObject\",\"inLanguage\":\"de\",\"@id\":\"https:\\\/\\\/secure.gravatar.com\\\/avatar\\\/96e03166d31716e9c437060430eb7605c45a8ce6fb6dab483637ca6915dd0844?s=96&d=mm&r=g\",\"url\":\"https:\\\/\\\/secure.gravatar.com\\\/avatar\\\/96e03166d31716e9c437060430eb7605c45a8ce6fb6dab483637ca6915dd0844?s=96&d=mm&r=g\",\"contentUrl\":\"https:\\\/\\\/secure.gravatar.com\\\/avatar\\\/96e03166d31716e9c437060430eb7605c45a8ce6fb6dab483637ca6915dd0844?s=96&d=mm&r=g\",\"caption\":\"Orator\"},\"logo\":{\"@id\":\"https:\\\/\\\/secure.gravatar.com\\\/avatar\\\/96e03166d31716e9c437060430eb7605c45a8ce6fb6dab483637ca6915dd0844?s=96&d=mm&r=g\"},\"url\":\"https:\\\/\\\/www.inkultura-online.de\\\/politisch_unkorrekt\\\/author\\\/1korrektor21-2\\\/\"}]}<\/script>\n<!-- \/ Yoast SEO plugin. -->","yoast_head_json":{"title":"Die Sache mit der Loyalit\u00e4t - Zeitgeist? Frei!","robots":{"index":"index","follow":"follow","max-snippet":"max-snippet:-1","max-image-preview":"max-image-preview:large","max-video-preview":"max-video-preview:-1"},"canonical":"https:\/\/www.inkultura-online.de\/politisch_unkorrekt\/die-sache-mit-der-loyalitaet-2\/","og_locale":"de_DE","og_type":"article","og_title":"Die Sache mit der Loyalit\u00e4t - Zeitgeist? Frei!","og_description":"Wenn, wie in Bayern geschehen, die deutsche Justiz sich wieder einmal von der Islamlobby vorf\u00fchren l\u00e4sst und aus Angst, als fremdenfeindlich, islamophob oder gar rassistisch \u2013 seit wann ist der Islam eine Rasse? &#8211; zu gelten, ein Urteil zugunsten islamischer &hellip; Weiterlesen &rarr;","og_url":"https:\/\/www.inkultura-online.de\/politisch_unkorrekt\/die-sache-mit-der-loyalitaet-2\/","og_site_name":"Zeitgeist? Frei!","article_published_time":"2016-07-01T15:57:25+00:00","article_modified_time":"2016-07-01T15:58:59+00:00","author":"Orator","twitter_misc":{"Verfasst von":"Orator","Gesch\u00e4tzte Lesezeit":"2\u00a0Minuten"},"schema":{"@context":"https:\/\/schema.org","@graph":[{"@type":"Article","@id":"https:\/\/www.inkultura-online.de\/politisch_unkorrekt\/die-sache-mit-der-loyalitaet-2\/#article","isPartOf":{"@id":"https:\/\/www.inkultura-online.de\/politisch_unkorrekt\/die-sache-mit-der-loyalitaet-2\/"},"author":{"name":"Orator","@id":"https:\/\/www.inkultura-online.de\/politisch_unkorrekt\/#\/schema\/person\/5b30b80e385478896a1de221e1994d86"},"headline":"Die Sache mit der Loyalit\u00e4t","datePublished":"2016-07-01T15:57:25+00:00","dateModified":"2016-07-01T15:58:59+00:00","mainEntityOfPage":{"@id":"https:\/\/www.inkultura-online.de\/politisch_unkorrekt\/die-sache-mit-der-loyalitaet-2\/"},"wordCount":348,"commentCount":0,"publisher":{"@id":"https:\/\/www.inkultura-online.de\/politisch_unkorrekt\/#\/schema\/person\/5b30b80e385478896a1de221e1994d86"},"keywords":["Islamisierung","Islamlobby","Koftuch","Loyalit\u00e4t","Scharia"],"articleSection":["Gedanken zum Tag","Keine Islamisierung?","So sieht\u00b4s aus","Systemfehler"],"inLanguage":"de","potentialAction":[{"@type":"CommentAction","name":"Comment","target":["https:\/\/www.inkultura-online.de\/politisch_unkorrekt\/die-sache-mit-der-loyalitaet-2\/#respond"]}]},{"@type":"WebPage","@id":"https:\/\/www.inkultura-online.de\/politisch_unkorrekt\/die-sache-mit-der-loyalitaet-2\/","url":"https:\/\/www.inkultura-online.de\/politisch_unkorrekt\/die-sache-mit-der-loyalitaet-2\/","name":"Die Sache mit der Loyalit\u00e4t - Zeitgeist? Frei!","isPartOf":{"@id":"https:\/\/www.inkultura-online.de\/politisch_unkorrekt\/#website"},"datePublished":"2016-07-01T15:57:25+00:00","dateModified":"2016-07-01T15:58:59+00:00","breadcrumb":{"@id":"https:\/\/www.inkultura-online.de\/politisch_unkorrekt\/die-sache-mit-der-loyalitaet-2\/#breadcrumb"},"inLanguage":"de","potentialAction":[{"@type":"ReadAction","target":["https:\/\/www.inkultura-online.de\/politisch_unkorrekt\/die-sache-mit-der-loyalitaet-2\/"]}]},{"@type":"BreadcrumbList","@id":"https:\/\/www.inkultura-online.de\/politisch_unkorrekt\/die-sache-mit-der-loyalitaet-2\/#breadcrumb","itemListElement":[{"@type":"ListItem","position":1,"name":"Home","item":"https:\/\/www.inkultura-online.de\/politisch_unkorrekt\/"},{"@type":"ListItem","position":2,"name":"Die Sache mit der Loyalit\u00e4t"}]},{"@type":"WebSite","@id":"https:\/\/www.inkultura-online.de\/politisch_unkorrekt\/#website","url":"https:\/\/www.inkultura-online.de\/politisch_unkorrekt\/","name":"Zeitgeist? Frei!","description":"Was Ihr den Geist der Zeiten hei\u00dft...","publisher":{"@id":"https:\/\/www.inkultura-online.de\/politisch_unkorrekt\/#\/schema\/person\/5b30b80e385478896a1de221e1994d86"},"potentialAction":[{"@type":"SearchAction","target":{"@type":"EntryPoint","urlTemplate":"https:\/\/www.inkultura-online.de\/politisch_unkorrekt\/?s={search_term_string}"},"query-input":{"@type":"PropertyValueSpecification","valueRequired":true,"valueName":"search_term_string"}}],"inLanguage":"de"},{"@type":["Person","Organization"],"@id":"https:\/\/www.inkultura-online.de\/politisch_unkorrekt\/#\/schema\/person\/5b30b80e385478896a1de221e1994d86","name":"Orator","image":{"@type":"ImageObject","inLanguage":"de","@id":"https:\/\/secure.gravatar.com\/avatar\/96e03166d31716e9c437060430eb7605c45a8ce6fb6dab483637ca6915dd0844?s=96&d=mm&r=g","url":"https:\/\/secure.gravatar.com\/avatar\/96e03166d31716e9c437060430eb7605c45a8ce6fb6dab483637ca6915dd0844?s=96&d=mm&r=g","contentUrl":"https:\/\/secure.gravatar.com\/avatar\/96e03166d31716e9c437060430eb7605c45a8ce6fb6dab483637ca6915dd0844?s=96&d=mm&r=g","caption":"Orator"},"logo":{"@id":"https:\/\/secure.gravatar.com\/avatar\/96e03166d31716e9c437060430eb7605c45a8ce6fb6dab483637ca6915dd0844?s=96&d=mm&r=g"},"url":"https:\/\/www.inkultura-online.de\/politisch_unkorrekt\/author\/1korrektor21-2\/"}]}},"_links":{"self":[{"href":"https:\/\/www.inkultura-online.de\/politisch_unkorrekt\/wp-json\/wp\/v2\/posts\/1170","targetHints":{"allow":["GET"]}}],"collection":[{"href":"https:\/\/www.inkultura-online.de\/politisch_unkorrekt\/wp-json\/wp\/v2\/posts"}],"about":[{"href":"https:\/\/www.inkultura-online.de\/politisch_unkorrekt\/wp-json\/wp\/v2\/types\/post"}],"author":[{"embeddable":true,"href":"https:\/\/www.inkultura-online.de\/politisch_unkorrekt\/wp-json\/wp\/v2\/users\/1"}],"replies":[{"embeddable":true,"href":"https:\/\/www.inkultura-online.de\/politisch_unkorrekt\/wp-json\/wp\/v2\/comments?post=1170"}],"version-history":[{"count":2,"href":"https:\/\/www.inkultura-online.de\/politisch_unkorrekt\/wp-json\/wp\/v2\/posts\/1170\/revisions"}],"predecessor-version":[{"id":1172,"href":"https:\/\/www.inkultura-online.de\/politisch_unkorrekt\/wp-json\/wp\/v2\/posts\/1170\/revisions\/1172"}],"wp:attachment":[{"href":"https:\/\/www.inkultura-online.de\/politisch_unkorrekt\/wp-json\/wp\/v2\/media?parent=1170"}],"wp:term":[{"taxonomy":"category","embeddable":true,"href":"https:\/\/www.inkultura-online.de\/politisch_unkorrekt\/wp-json\/wp\/v2\/categories?post=1170"},{"taxonomy":"post_tag","embeddable":true,"href":"https:\/\/www.inkultura-online.de\/politisch_unkorrekt\/wp-json\/wp\/v2\/tags?post=1170"}],"curies":[{"name":"wp","href":"https:\/\/api.w.org\/{rel}","templated":true}]}}