{"id":1174,"date":"2016-07-02T09:25:59","date_gmt":"2016-07-02T07:25:59","guid":{"rendered":"http:\/\/www.inkultura-online.de\/politisch_unkorrekt\/?p=1174"},"modified":"2016-07-02T09:25:59","modified_gmt":"2016-07-02T07:25:59","slug":"berlin-die-moechtegernmetropole","status":"publish","type":"post","link":"https:\/\/www.inkultura-online.de\/politisch_unkorrekt\/berlin-die-moechtegernmetropole\/","title":{"rendered":"Berlin, die M\u00f6chtegernmetropole"},"content":{"rendered":"<p>Arm, aber sexy. So bezeichnete der ehemalige Chefausverk\u00e4ufer Berlins, Klaus Wowereit, seinen politischen Verantwortungsbereich und setzte damit mehr oder weniger die Linie fort, die Berlins Filzokraten seit dem Wirken des Duos Diepgen\/Landowski vorgegeben haben.<!--more--><\/p>\n<p>Berlin, eine Ortschaft, die erst durch den Mauerfall zur Hauptstadt geworden ist, h\u00e4lt sich, in Ausblendung der Tatsachen, f\u00fcr eine junge, hippe und aufstrebende Metropole und deren politisch verantwortliche Clique betrachtet sie in einer Reihe stehend mit St\u00e4dten wie Paris, London, Madrid oder New York. Das mag zum einen daran liegen, dass Politiker gern abgehoben von der Realit\u00e4t ihr Tagewerk betreiben, zum anderen aber haupts\u00e4chlich daran, dass sie mangels eigener Ideen und Pl\u00e4nen den stattfindenden Ausverkauf der Hauptstadt als richtigen Weg in die Zukunft umdeuten.<\/p>\n<p>Zugegeben, Berlin ist ein Magnet f\u00fcr viele Menschen. Doch das war die Stadt bereits in Zeiten, als sie noch zur Frontstadt stilisiert und eingekesselt vom \u201eantifaschistischen Schutzwall\u201c der DDR gewesen ist. Schon seit den 60er Jahren zog Berlin, leider muss man sagen, zwielichtige Typen, Wehrdienstverweigerer und Problempersonen, die, entgegen der im \u00fcbrigen Bundesgebiet geltenden Sperrstunde, rund um die Uhr ihr Quantum Alkohol goutieren wollten. Es war, um es auf den Punkt zu bringen, nicht die in einem lokalen Gassenhauer gepriesene \u201eBerliner Luft\u201c, sondern der verlockende rechtsfreie Raum, der das Ausleben individuellen Chaos erm\u00f6glichte.<\/p>\n<p>Wenn aktuell die verantwortlichen Ausverk\u00e4ufer Berlins sich dar\u00fcber freuen, dass die Einwohnerzahl der Hauptstadt stetig w\u00e4chst, dann ist das ausschlie\u00dflich deren falscher Vorstellung von \u201eje mehr, desto besser\u201c geschuldet und auf keinen Fall einer wie auch immer gestalteten Zukunftsperspektive.<\/p>\n<p>Berlin, das bedeutet in Wirklichkeit marode Infrastruktur, rechtsfreie R\u00e4ume, Dreck und Unrat auf \u00f6ffentlichen Pl\u00e4tzen und die Tolerierung linksradikaler Gewalt. Die Stra\u00dfen der doch so sexy sich glaubenden Hauptstadt sind gr\u00f6\u00dftenteils in einem erb\u00e4rmlichen Zustand, der baulich jedoch nicht verbessert wird, sondern auf den mit dem Anbringen von temporeduzierenden Verkehrsschildern reagiert wird und die Berliner Verkehrsbetriebe wegen schlechter Stra\u00dfenverh\u00e4ltnisse Buslinien nicht mehr bedient, oder sie wegen Stra\u00dfensperrungen zugunsten dauerstattfindender \u201eEvents\u201c verk\u00fcrzen muss.<\/p>\n<p>Der G\u00f6rlitzer Park und das Kottbusser Tor sind nur zwei Beispiele f\u00fcr das Versagen der Politik, in Berlin keine rechtsfreien R\u00e4ume zu dulden. Drogenhandel, Diebst\u00e4hle und K\u00f6rperverletzungen sind an der Tagesordnung und auf Weisung der gr\u00fcnen Bezirksb\u00fcrgermeisterin darf die Polizei an diesen Orten weder Recht noch Gesetz wiederherstellen.<\/p>\n<p>Es spricht B\u00e4nde, dass ausgerechnet die Touristen diese Pl\u00e4tze f\u00fcr besonders attraktiv erachten und sich damit als das outen, was sie in Wirklichkeit sind: Personen aus der Provinz, denen es in ihren D\u00f6rfern zu sauber, zu ordentlich und zu zivilisiert zugeht. Aus diesem Grund ist Berlin die angesagte \u201eLocation\u201c f\u00fcr Suffk\u00f6ppe, verantwortungslose Partyg\u00e4nger und sich im Dreck wohlf\u00fchlende Kehrwochenwiderst\u00e4ndler. Metropole geht anders.<\/p>\n","protected":false},"excerpt":{"rendered":"<p>Arm, aber sexy. So bezeichnete der ehemalige Chefausverk\u00e4ufer Berlins, Klaus Wowereit, seinen politischen Verantwortungsbereich und setzte damit mehr oder weniger die Linie fort, die Berlins Filzokraten seit dem Wirken des Duos Diepgen\/Landowski vorgegeben haben.<\/p>\n","protected":false},"author":1,"featured_media":0,"comment_status":"open","ping_status":"open","sticky":false,"template":"","format":"standard","meta":{"footnotes":""},"categories":[444,4],"tags":[215,694,693],"class_list":["post-1174","post","type-post","status-publish","format-standard","hentry","category-gedanken-zum-tag","category-hauptstadtpossen","tag-berlin","tag-filzokratie","tag-metropole"],"yoast_head":"<!-- This site is optimized with the Yoast SEO plugin v27.5 - https:\/\/yoast.com\/product\/yoast-seo-wordpress\/ -->\n<title>Berlin, die M\u00f6chtegernmetropole - Zeitgeist? Frei!<\/title>\n<meta name=\"robots\" content=\"index, follow, max-snippet:-1, max-image-preview:large, max-video-preview:-1\" \/>\n<link rel=\"canonical\" href=\"https:\/\/www.inkultura-online.de\/politisch_unkorrekt\/berlin-die-moechtegernmetropole\/\" \/>\n<meta property=\"og:locale\" content=\"de_DE\" \/>\n<meta property=\"og:type\" content=\"article\" \/>\n<meta property=\"og:title\" content=\"Berlin, die M\u00f6chtegernmetropole - Zeitgeist? Frei!\" \/>\n<meta property=\"og:description\" content=\"Arm, aber sexy. So bezeichnete der ehemalige Chefausverk\u00e4ufer Berlins, Klaus Wowereit, seinen politischen Verantwortungsbereich und setzte damit mehr oder weniger die Linie fort, die Berlins Filzokraten seit dem Wirken des Duos Diepgen\/Landowski vorgegeben haben.\" \/>\n<meta property=\"og:url\" content=\"https:\/\/www.inkultura-online.de\/politisch_unkorrekt\/berlin-die-moechtegernmetropole\/\" \/>\n<meta property=\"og:site_name\" content=\"Zeitgeist? Frei!\" \/>\n<meta property=\"article:published_time\" content=\"2016-07-02T07:25:59+00:00\" \/>\n<meta name=\"author\" content=\"Orator\" \/>\n<meta name=\"twitter:label1\" content=\"Verfasst von\" \/>\n\t<meta name=\"twitter:data1\" content=\"Orator\" \/>\n\t<meta name=\"twitter:label2\" content=\"Gesch\u00e4tzte Lesezeit\" \/>\n\t<meta name=\"twitter:data2\" content=\"2\u00a0Minuten\" \/>\n<script type=\"application\/ld+json\" class=\"yoast-schema-graph\">{\"@context\":\"https:\\\/\\\/schema.org\",\"@graph\":[{\"@type\":\"Article\",\"@id\":\"https:\\\/\\\/www.inkultura-online.de\\\/politisch_unkorrekt\\\/berlin-die-moechtegernmetropole\\\/#article\",\"isPartOf\":{\"@id\":\"https:\\\/\\\/www.inkultura-online.de\\\/politisch_unkorrekt\\\/berlin-die-moechtegernmetropole\\\/\"},\"author\":{\"name\":\"Orator\",\"@id\":\"https:\\\/\\\/www.inkultura-online.de\\\/politisch_unkorrekt\\\/#\\\/schema\\\/person\\\/5b30b80e385478896a1de221e1994d86\"},\"headline\":\"Berlin, die M\u00f6chtegernmetropole\",\"datePublished\":\"2016-07-02T07:25:59+00:00\",\"mainEntityOfPage\":{\"@id\":\"https:\\\/\\\/www.inkultura-online.de\\\/politisch_unkorrekt\\\/berlin-die-moechtegernmetropole\\\/\"},\"wordCount\":476,\"commentCount\":0,\"publisher\":{\"@id\":\"https:\\\/\\\/www.inkultura-online.de\\\/politisch_unkorrekt\\\/#\\\/schema\\\/person\\\/5b30b80e385478896a1de221e1994d86\"},\"keywords\":[\"Berlin\",\"Filzokratie\",\"Metropole\"],\"articleSection\":[\"Gedanken zum Tag\",\"Hauptstadtpossen\"],\"inLanguage\":\"de\",\"potentialAction\":[{\"@type\":\"CommentAction\",\"name\":\"Comment\",\"target\":[\"https:\\\/\\\/www.inkultura-online.de\\\/politisch_unkorrekt\\\/berlin-die-moechtegernmetropole\\\/#respond\"]}]},{\"@type\":\"WebPage\",\"@id\":\"https:\\\/\\\/www.inkultura-online.de\\\/politisch_unkorrekt\\\/berlin-die-moechtegernmetropole\\\/\",\"url\":\"https:\\\/\\\/www.inkultura-online.de\\\/politisch_unkorrekt\\\/berlin-die-moechtegernmetropole\\\/\",\"name\":\"Berlin, die M\u00f6chtegernmetropole - Zeitgeist? Frei!\",\"isPartOf\":{\"@id\":\"https:\\\/\\\/www.inkultura-online.de\\\/politisch_unkorrekt\\\/#website\"},\"datePublished\":\"2016-07-02T07:25:59+00:00\",\"breadcrumb\":{\"@id\":\"https:\\\/\\\/www.inkultura-online.de\\\/politisch_unkorrekt\\\/berlin-die-moechtegernmetropole\\\/#breadcrumb\"},\"inLanguage\":\"de\",\"potentialAction\":[{\"@type\":\"ReadAction\",\"target\":[\"https:\\\/\\\/www.inkultura-online.de\\\/politisch_unkorrekt\\\/berlin-die-moechtegernmetropole\\\/\"]}]},{\"@type\":\"BreadcrumbList\",\"@id\":\"https:\\\/\\\/www.inkultura-online.de\\\/politisch_unkorrekt\\\/berlin-die-moechtegernmetropole\\\/#breadcrumb\",\"itemListElement\":[{\"@type\":\"ListItem\",\"position\":1,\"name\":\"Home\",\"item\":\"https:\\\/\\\/www.inkultura-online.de\\\/politisch_unkorrekt\\\/\"},{\"@type\":\"ListItem\",\"position\":2,\"name\":\"Berlin, die M\u00f6chtegernmetropole\"}]},{\"@type\":\"WebSite\",\"@id\":\"https:\\\/\\\/www.inkultura-online.de\\\/politisch_unkorrekt\\\/#website\",\"url\":\"https:\\\/\\\/www.inkultura-online.de\\\/politisch_unkorrekt\\\/\",\"name\":\"Zeitgeist? Frei!\",\"description\":\"Was Ihr den Geist der Zeiten hei\u00dft...\",\"publisher\":{\"@id\":\"https:\\\/\\\/www.inkultura-online.de\\\/politisch_unkorrekt\\\/#\\\/schema\\\/person\\\/5b30b80e385478896a1de221e1994d86\"},\"potentialAction\":[{\"@type\":\"SearchAction\",\"target\":{\"@type\":\"EntryPoint\",\"urlTemplate\":\"https:\\\/\\\/www.inkultura-online.de\\\/politisch_unkorrekt\\\/?s={search_term_string}\"},\"query-input\":{\"@type\":\"PropertyValueSpecification\",\"valueRequired\":true,\"valueName\":\"search_term_string\"}}],\"inLanguage\":\"de\"},{\"@type\":[\"Person\",\"Organization\"],\"@id\":\"https:\\\/\\\/www.inkultura-online.de\\\/politisch_unkorrekt\\\/#\\\/schema\\\/person\\\/5b30b80e385478896a1de221e1994d86\",\"name\":\"Orator\",\"image\":{\"@type\":\"ImageObject\",\"inLanguage\":\"de\",\"@id\":\"https:\\\/\\\/secure.gravatar.com\\\/avatar\\\/96e03166d31716e9c437060430eb7605c45a8ce6fb6dab483637ca6915dd0844?s=96&d=mm&r=g\",\"url\":\"https:\\\/\\\/secure.gravatar.com\\\/avatar\\\/96e03166d31716e9c437060430eb7605c45a8ce6fb6dab483637ca6915dd0844?s=96&d=mm&r=g\",\"contentUrl\":\"https:\\\/\\\/secure.gravatar.com\\\/avatar\\\/96e03166d31716e9c437060430eb7605c45a8ce6fb6dab483637ca6915dd0844?s=96&d=mm&r=g\",\"caption\":\"Orator\"},\"logo\":{\"@id\":\"https:\\\/\\\/secure.gravatar.com\\\/avatar\\\/96e03166d31716e9c437060430eb7605c45a8ce6fb6dab483637ca6915dd0844?s=96&d=mm&r=g\"},\"url\":\"https:\\\/\\\/www.inkultura-online.de\\\/politisch_unkorrekt\\\/author\\\/1korrektor21-2\\\/\"}]}<\/script>\n<!-- \/ Yoast SEO plugin. -->","yoast_head_json":{"title":"Berlin, die M\u00f6chtegernmetropole - Zeitgeist? Frei!","robots":{"index":"index","follow":"follow","max-snippet":"max-snippet:-1","max-image-preview":"max-image-preview:large","max-video-preview":"max-video-preview:-1"},"canonical":"https:\/\/www.inkultura-online.de\/politisch_unkorrekt\/berlin-die-moechtegernmetropole\/","og_locale":"de_DE","og_type":"article","og_title":"Berlin, die M\u00f6chtegernmetropole - Zeitgeist? Frei!","og_description":"Arm, aber sexy. So bezeichnete der ehemalige Chefausverk\u00e4ufer Berlins, Klaus Wowereit, seinen politischen Verantwortungsbereich und setzte damit mehr oder weniger die Linie fort, die Berlins Filzokraten seit dem Wirken des Duos Diepgen\/Landowski vorgegeben haben.","og_url":"https:\/\/www.inkultura-online.de\/politisch_unkorrekt\/berlin-die-moechtegernmetropole\/","og_site_name":"Zeitgeist? Frei!","article_published_time":"2016-07-02T07:25:59+00:00","author":"Orator","twitter_misc":{"Verfasst von":"Orator","Gesch\u00e4tzte Lesezeit":"2\u00a0Minuten"},"schema":{"@context":"https:\/\/schema.org","@graph":[{"@type":"Article","@id":"https:\/\/www.inkultura-online.de\/politisch_unkorrekt\/berlin-die-moechtegernmetropole\/#article","isPartOf":{"@id":"https:\/\/www.inkultura-online.de\/politisch_unkorrekt\/berlin-die-moechtegernmetropole\/"},"author":{"name":"Orator","@id":"https:\/\/www.inkultura-online.de\/politisch_unkorrekt\/#\/schema\/person\/5b30b80e385478896a1de221e1994d86"},"headline":"Berlin, die M\u00f6chtegernmetropole","datePublished":"2016-07-02T07:25:59+00:00","mainEntityOfPage":{"@id":"https:\/\/www.inkultura-online.de\/politisch_unkorrekt\/berlin-die-moechtegernmetropole\/"},"wordCount":476,"commentCount":0,"publisher":{"@id":"https:\/\/www.inkultura-online.de\/politisch_unkorrekt\/#\/schema\/person\/5b30b80e385478896a1de221e1994d86"},"keywords":["Berlin","Filzokratie","Metropole"],"articleSection":["Gedanken zum Tag","Hauptstadtpossen"],"inLanguage":"de","potentialAction":[{"@type":"CommentAction","name":"Comment","target":["https:\/\/www.inkultura-online.de\/politisch_unkorrekt\/berlin-die-moechtegernmetropole\/#respond"]}]},{"@type":"WebPage","@id":"https:\/\/www.inkultura-online.de\/politisch_unkorrekt\/berlin-die-moechtegernmetropole\/","url":"https:\/\/www.inkultura-online.de\/politisch_unkorrekt\/berlin-die-moechtegernmetropole\/","name":"Berlin, die M\u00f6chtegernmetropole - Zeitgeist? Frei!","isPartOf":{"@id":"https:\/\/www.inkultura-online.de\/politisch_unkorrekt\/#website"},"datePublished":"2016-07-02T07:25:59+00:00","breadcrumb":{"@id":"https:\/\/www.inkultura-online.de\/politisch_unkorrekt\/berlin-die-moechtegernmetropole\/#breadcrumb"},"inLanguage":"de","potentialAction":[{"@type":"ReadAction","target":["https:\/\/www.inkultura-online.de\/politisch_unkorrekt\/berlin-die-moechtegernmetropole\/"]}]},{"@type":"BreadcrumbList","@id":"https:\/\/www.inkultura-online.de\/politisch_unkorrekt\/berlin-die-moechtegernmetropole\/#breadcrumb","itemListElement":[{"@type":"ListItem","position":1,"name":"Home","item":"https:\/\/www.inkultura-online.de\/politisch_unkorrekt\/"},{"@type":"ListItem","position":2,"name":"Berlin, die M\u00f6chtegernmetropole"}]},{"@type":"WebSite","@id":"https:\/\/www.inkultura-online.de\/politisch_unkorrekt\/#website","url":"https:\/\/www.inkultura-online.de\/politisch_unkorrekt\/","name":"Zeitgeist? Frei!","description":"Was Ihr den Geist der Zeiten hei\u00dft...","publisher":{"@id":"https:\/\/www.inkultura-online.de\/politisch_unkorrekt\/#\/schema\/person\/5b30b80e385478896a1de221e1994d86"},"potentialAction":[{"@type":"SearchAction","target":{"@type":"EntryPoint","urlTemplate":"https:\/\/www.inkultura-online.de\/politisch_unkorrekt\/?s={search_term_string}"},"query-input":{"@type":"PropertyValueSpecification","valueRequired":true,"valueName":"search_term_string"}}],"inLanguage":"de"},{"@type":["Person","Organization"],"@id":"https:\/\/www.inkultura-online.de\/politisch_unkorrekt\/#\/schema\/person\/5b30b80e385478896a1de221e1994d86","name":"Orator","image":{"@type":"ImageObject","inLanguage":"de","@id":"https:\/\/secure.gravatar.com\/avatar\/96e03166d31716e9c437060430eb7605c45a8ce6fb6dab483637ca6915dd0844?s=96&d=mm&r=g","url":"https:\/\/secure.gravatar.com\/avatar\/96e03166d31716e9c437060430eb7605c45a8ce6fb6dab483637ca6915dd0844?s=96&d=mm&r=g","contentUrl":"https:\/\/secure.gravatar.com\/avatar\/96e03166d31716e9c437060430eb7605c45a8ce6fb6dab483637ca6915dd0844?s=96&d=mm&r=g","caption":"Orator"},"logo":{"@id":"https:\/\/secure.gravatar.com\/avatar\/96e03166d31716e9c437060430eb7605c45a8ce6fb6dab483637ca6915dd0844?s=96&d=mm&r=g"},"url":"https:\/\/www.inkultura-online.de\/politisch_unkorrekt\/author\/1korrektor21-2\/"}]}},"_links":{"self":[{"href":"https:\/\/www.inkultura-online.de\/politisch_unkorrekt\/wp-json\/wp\/v2\/posts\/1174","targetHints":{"allow":["GET"]}}],"collection":[{"href":"https:\/\/www.inkultura-online.de\/politisch_unkorrekt\/wp-json\/wp\/v2\/posts"}],"about":[{"href":"https:\/\/www.inkultura-online.de\/politisch_unkorrekt\/wp-json\/wp\/v2\/types\/post"}],"author":[{"embeddable":true,"href":"https:\/\/www.inkultura-online.de\/politisch_unkorrekt\/wp-json\/wp\/v2\/users\/1"}],"replies":[{"embeddable":true,"href":"https:\/\/www.inkultura-online.de\/politisch_unkorrekt\/wp-json\/wp\/v2\/comments?post=1174"}],"version-history":[{"count":1,"href":"https:\/\/www.inkultura-online.de\/politisch_unkorrekt\/wp-json\/wp\/v2\/posts\/1174\/revisions"}],"predecessor-version":[{"id":1175,"href":"https:\/\/www.inkultura-online.de\/politisch_unkorrekt\/wp-json\/wp\/v2\/posts\/1174\/revisions\/1175"}],"wp:attachment":[{"href":"https:\/\/www.inkultura-online.de\/politisch_unkorrekt\/wp-json\/wp\/v2\/media?parent=1174"}],"wp:term":[{"taxonomy":"category","embeddable":true,"href":"https:\/\/www.inkultura-online.de\/politisch_unkorrekt\/wp-json\/wp\/v2\/categories?post=1174"},{"taxonomy":"post_tag","embeddable":true,"href":"https:\/\/www.inkultura-online.de\/politisch_unkorrekt\/wp-json\/wp\/v2\/tags?post=1174"}],"curies":[{"name":"wp","href":"https:\/\/api.w.org\/{rel}","templated":true}]}}