{"id":1178,"date":"2016-07-06T20:27:03","date_gmt":"2016-07-06T18:27:03","guid":{"rendered":"http:\/\/www.inkultura-online.de\/politisch_unkorrekt\/?p=1178"},"modified":"2016-07-06T20:28:19","modified_gmt":"2016-07-06T18:28:19","slug":"reden-gegen-links","status":"publish","type":"post","link":"https:\/\/www.inkultura-online.de\/politisch_unkorrekt\/reden-gegen-links\/","title":{"rendered":"Schenken gegen Links"},"content":{"rendered":"<p>In Berlin, die deutsche Hauptstadt, die so gerne eine Metropole w\u00e4re, brennen mit unsch\u00f6ner Regelm\u00e4\u00dfigkeit Autos, werden S-Bahn Anlagen sabotiert, Schaufensterscheiben zerst\u00f6rt und nicht selten sind Polizisten das Ziel der T\u00e4ter. Nicht nur, von der linken Szene so genannt, Bonzenkarren fallen dem Wahnsinn selbstverliebter \u201epolitischer Aktivisten\u201c zum Opfer, sondern in der Mehrzahl Autos von Normalb\u00fcrgern, denen ein betr\u00e4chtlicher Schaden zugef\u00fcgt wird, denn in der Regel ersetzt keine Versicherung den Wert, den das Fahrzeug f\u00fcr seinen Besitzer besitzt.<!--more--><\/p>\n<p>Die T\u00e4ter sind linksextreme Fanatiker, die meinen dar\u00fcber entscheiden zu d\u00fcrfen, was politisch korrekt ist und was nicht. Deren Verbrechen werden, da sie ja irgendwie \u201elinks\u201c sind, von den Medien fast widerwillig zur Kenntnis genommen und \u00fcber die Lokalseiten des Berliner \u201eQualit\u00e4tsblattes\u201c <i>Der Tagesspiegel<\/i> ist noch keines der linksextremen Verbrechen hinaus gekommen.<\/p>\n<p>Die wohlstandsverwahrlosten H\u00e4tschelkinder der linken Szene k\u00f6nnen mit viel Stillschweigen der Gr\u00fcnen und auch der SPD rechnen, die allesamt der Meinung sind, dass die Kriminellen ja \u201eirgendwie recht haben\u201c mit ihrer robusten Argumentation und im Prinzip nur auf Probleme aufmerksam machen w\u00fcrden.<\/p>\n<p>Da bleibt auch dem &#8211; wegen der typischen Berliner Toleranz &#8211; hart gesottenen Beobachter des politischen Zeitgeistes die Sprache weg. W\u00e4hrend bei angetrunkenen Jugendlichen nach dem Genuss von drei oder vier Bieren das SEK ausr\u00fcckt, um einen halb erhobenen rechten Arm zu verhaften und anschlie\u00dfend der Staatsschutz die Ermittlungen aufnimmt, kommen die Linksterroristen ungeschoren davon. Wenn das nicht am mangelnden Willen der in Berlin minderleistenden Politiker liegt, woran dann bittesch\u00f6n sonst?<\/p>\n<p>Jetzt hat der innenpolitische Sprecher der Piratenfraktion im Abgeordnetenhaus, Christopher Lauer, anscheinend ebenfalls ein Wohlstandsverwahrloster, der keine Ahnung davon hat, was es f\u00fcr einen B\u00fcrger bedeutet, wenn sein Eigentum ungestraft abgefackelt wird, vielleicht die rettende Idee: \u00dcberlasst den Linksextremisten ihr besetztes Haus, dann h\u00f6ren die auch mit der Gewalt auf. H\u00f6rt sich komisch an, ist es in Wirklichkeit auch.<\/p>\n<p>So kann nur jemand argumentieren, der keinen blassen Schimmer von der gesellschaftlichen Realit\u00e4t besitzt &#8211; ein Politiker eben. Herr, lass wieder einmal Hirn vom Himmel fallen. Reden gegen Links. Da kann man ja auch im Wald furzen. Das Ergebnis ist \u00e4hnlich. Mit dem aktuellen politischen Personal d\u00fcrfte es Berlin nicht schaffen, in den Rang einer Metropole aufzusteigen.<\/p>\n","protected":false},"excerpt":{"rendered":"<p>In Berlin, die deutsche Hauptstadt, die so gerne eine Metropole w\u00e4re, brennen mit unsch\u00f6ner Regelm\u00e4\u00dfigkeit Autos, werden S-Bahn Anlagen sabotiert, Schaufensterscheiben zerst\u00f6rt und nicht selten sind Polizisten das Ziel der T\u00e4ter. Nicht nur, von der linken Szene so genannt, Bonzenkarren &hellip; <a href=\"https:\/\/www.inkultura-online.de\/politisch_unkorrekt\/reden-gegen-links\/\">Weiterlesen <span class=\"meta-nav\">&rarr;<\/span><\/a><\/p>\n","protected":false},"author":1,"featured_media":0,"comment_status":"open","ping_status":"open","sticky":false,"template":"","format":"standard","meta":{"footnotes":""},"categories":[3,4],"tags":[410,89,377,696,695],"class_list":["post-1178","post","type-post","status-publish","format-standard","hentry","category-die-duemmsten-sprueche-der-woche","category-hauptstadtpossen","tag-gruene","tag-linksextremisten","tag-spd","tag-staatsschutz","tag-wohlstandsverwahrlost"],"yoast_head":"<!-- This site is optimized with the Yoast SEO plugin v27.5 - https:\/\/yoast.com\/product\/yoast-seo-wordpress\/ -->\n<title>Schenken gegen Links - Zeitgeist? Frei!<\/title>\n<meta name=\"robots\" content=\"index, follow, max-snippet:-1, max-image-preview:large, max-video-preview:-1\" \/>\n<link rel=\"canonical\" href=\"https:\/\/www.inkultura-online.de\/politisch_unkorrekt\/reden-gegen-links\/\" \/>\n<meta property=\"og:locale\" content=\"de_DE\" \/>\n<meta property=\"og:type\" content=\"article\" \/>\n<meta property=\"og:title\" content=\"Schenken gegen Links - Zeitgeist? Frei!\" \/>\n<meta property=\"og:description\" content=\"In Berlin, die deutsche Hauptstadt, die so gerne eine Metropole w\u00e4re, brennen mit unsch\u00f6ner Regelm\u00e4\u00dfigkeit Autos, werden S-Bahn Anlagen sabotiert, Schaufensterscheiben zerst\u00f6rt und nicht selten sind Polizisten das Ziel der T\u00e4ter. Nicht nur, von der linken Szene so genannt, Bonzenkarren &hellip; Weiterlesen &rarr;\" \/>\n<meta property=\"og:url\" content=\"https:\/\/www.inkultura-online.de\/politisch_unkorrekt\/reden-gegen-links\/\" \/>\n<meta property=\"og:site_name\" content=\"Zeitgeist? Frei!\" \/>\n<meta property=\"article:published_time\" content=\"2016-07-06T18:27:03+00:00\" \/>\n<meta property=\"article:modified_time\" content=\"2016-07-06T18:28:19+00:00\" \/>\n<meta name=\"author\" content=\"Orator\" \/>\n<meta name=\"twitter:label1\" content=\"Verfasst von\" \/>\n\t<meta name=\"twitter:data1\" content=\"Orator\" \/>\n\t<meta name=\"twitter:label2\" content=\"Gesch\u00e4tzte Lesezeit\" \/>\n\t<meta name=\"twitter:data2\" content=\"2\u00a0Minuten\" \/>\n<script type=\"application\/ld+json\" class=\"yoast-schema-graph\">{\"@context\":\"https:\\\/\\\/schema.org\",\"@graph\":[{\"@type\":\"Article\",\"@id\":\"https:\\\/\\\/www.inkultura-online.de\\\/politisch_unkorrekt\\\/reden-gegen-links\\\/#article\",\"isPartOf\":{\"@id\":\"https:\\\/\\\/www.inkultura-online.de\\\/politisch_unkorrekt\\\/reden-gegen-links\\\/\"},\"author\":{\"name\":\"Orator\",\"@id\":\"https:\\\/\\\/www.inkultura-online.de\\\/politisch_unkorrekt\\\/#\\\/schema\\\/person\\\/5b30b80e385478896a1de221e1994d86\"},\"headline\":\"Schenken gegen Links\",\"datePublished\":\"2016-07-06T18:27:03+00:00\",\"dateModified\":\"2016-07-06T18:28:19+00:00\",\"mainEntityOfPage\":{\"@id\":\"https:\\\/\\\/www.inkultura-online.de\\\/politisch_unkorrekt\\\/reden-gegen-links\\\/\"},\"wordCount\":388,\"commentCount\":0,\"publisher\":{\"@id\":\"https:\\\/\\\/www.inkultura-online.de\\\/politisch_unkorrekt\\\/#\\\/schema\\\/person\\\/5b30b80e385478896a1de221e1994d86\"},\"keywords\":[\"Gr\u00fcne\",\"Linksextremisten\",\"SPD\",\"Staatsschutz\",\"Wohlstandsverwahrlost\"],\"articleSection\":[\"Die d\u00fcmmsten Spr\u00fcche der Woche\",\"Hauptstadtpossen\"],\"inLanguage\":\"de\",\"potentialAction\":[{\"@type\":\"CommentAction\",\"name\":\"Comment\",\"target\":[\"https:\\\/\\\/www.inkultura-online.de\\\/politisch_unkorrekt\\\/reden-gegen-links\\\/#respond\"]}]},{\"@type\":\"WebPage\",\"@id\":\"https:\\\/\\\/www.inkultura-online.de\\\/politisch_unkorrekt\\\/reden-gegen-links\\\/\",\"url\":\"https:\\\/\\\/www.inkultura-online.de\\\/politisch_unkorrekt\\\/reden-gegen-links\\\/\",\"name\":\"Schenken gegen Links - Zeitgeist? Frei!\",\"isPartOf\":{\"@id\":\"https:\\\/\\\/www.inkultura-online.de\\\/politisch_unkorrekt\\\/#website\"},\"datePublished\":\"2016-07-06T18:27:03+00:00\",\"dateModified\":\"2016-07-06T18:28:19+00:00\",\"breadcrumb\":{\"@id\":\"https:\\\/\\\/www.inkultura-online.de\\\/politisch_unkorrekt\\\/reden-gegen-links\\\/#breadcrumb\"},\"inLanguage\":\"de\",\"potentialAction\":[{\"@type\":\"ReadAction\",\"target\":[\"https:\\\/\\\/www.inkultura-online.de\\\/politisch_unkorrekt\\\/reden-gegen-links\\\/\"]}]},{\"@type\":\"BreadcrumbList\",\"@id\":\"https:\\\/\\\/www.inkultura-online.de\\\/politisch_unkorrekt\\\/reden-gegen-links\\\/#breadcrumb\",\"itemListElement\":[{\"@type\":\"ListItem\",\"position\":1,\"name\":\"Home\",\"item\":\"https:\\\/\\\/www.inkultura-online.de\\\/politisch_unkorrekt\\\/\"},{\"@type\":\"ListItem\",\"position\":2,\"name\":\"Schenken gegen Links\"}]},{\"@type\":\"WebSite\",\"@id\":\"https:\\\/\\\/www.inkultura-online.de\\\/politisch_unkorrekt\\\/#website\",\"url\":\"https:\\\/\\\/www.inkultura-online.de\\\/politisch_unkorrekt\\\/\",\"name\":\"Zeitgeist? Frei!\",\"description\":\"Was Ihr den Geist der Zeiten hei\u00dft...\",\"publisher\":{\"@id\":\"https:\\\/\\\/www.inkultura-online.de\\\/politisch_unkorrekt\\\/#\\\/schema\\\/person\\\/5b30b80e385478896a1de221e1994d86\"},\"potentialAction\":[{\"@type\":\"SearchAction\",\"target\":{\"@type\":\"EntryPoint\",\"urlTemplate\":\"https:\\\/\\\/www.inkultura-online.de\\\/politisch_unkorrekt\\\/?s={search_term_string}\"},\"query-input\":{\"@type\":\"PropertyValueSpecification\",\"valueRequired\":true,\"valueName\":\"search_term_string\"}}],\"inLanguage\":\"de\"},{\"@type\":[\"Person\",\"Organization\"],\"@id\":\"https:\\\/\\\/www.inkultura-online.de\\\/politisch_unkorrekt\\\/#\\\/schema\\\/person\\\/5b30b80e385478896a1de221e1994d86\",\"name\":\"Orator\",\"image\":{\"@type\":\"ImageObject\",\"inLanguage\":\"de\",\"@id\":\"https:\\\/\\\/secure.gravatar.com\\\/avatar\\\/96e03166d31716e9c437060430eb7605c45a8ce6fb6dab483637ca6915dd0844?s=96&d=mm&r=g\",\"url\":\"https:\\\/\\\/secure.gravatar.com\\\/avatar\\\/96e03166d31716e9c437060430eb7605c45a8ce6fb6dab483637ca6915dd0844?s=96&d=mm&r=g\",\"contentUrl\":\"https:\\\/\\\/secure.gravatar.com\\\/avatar\\\/96e03166d31716e9c437060430eb7605c45a8ce6fb6dab483637ca6915dd0844?s=96&d=mm&r=g\",\"caption\":\"Orator\"},\"logo\":{\"@id\":\"https:\\\/\\\/secure.gravatar.com\\\/avatar\\\/96e03166d31716e9c437060430eb7605c45a8ce6fb6dab483637ca6915dd0844?s=96&d=mm&r=g\"},\"url\":\"https:\\\/\\\/www.inkultura-online.de\\\/politisch_unkorrekt\\\/author\\\/1korrektor21-2\\\/\"}]}<\/script>\n<!-- \/ Yoast SEO plugin. -->","yoast_head_json":{"title":"Schenken gegen Links - Zeitgeist? Frei!","robots":{"index":"index","follow":"follow","max-snippet":"max-snippet:-1","max-image-preview":"max-image-preview:large","max-video-preview":"max-video-preview:-1"},"canonical":"https:\/\/www.inkultura-online.de\/politisch_unkorrekt\/reden-gegen-links\/","og_locale":"de_DE","og_type":"article","og_title":"Schenken gegen Links - Zeitgeist? Frei!","og_description":"In Berlin, die deutsche Hauptstadt, die so gerne eine Metropole w\u00e4re, brennen mit unsch\u00f6ner Regelm\u00e4\u00dfigkeit Autos, werden S-Bahn Anlagen sabotiert, Schaufensterscheiben zerst\u00f6rt und nicht selten sind Polizisten das Ziel der T\u00e4ter. Nicht nur, von der linken Szene so genannt, Bonzenkarren &hellip; Weiterlesen &rarr;","og_url":"https:\/\/www.inkultura-online.de\/politisch_unkorrekt\/reden-gegen-links\/","og_site_name":"Zeitgeist? Frei!","article_published_time":"2016-07-06T18:27:03+00:00","article_modified_time":"2016-07-06T18:28:19+00:00","author":"Orator","twitter_misc":{"Verfasst von":"Orator","Gesch\u00e4tzte Lesezeit":"2\u00a0Minuten"},"schema":{"@context":"https:\/\/schema.org","@graph":[{"@type":"Article","@id":"https:\/\/www.inkultura-online.de\/politisch_unkorrekt\/reden-gegen-links\/#article","isPartOf":{"@id":"https:\/\/www.inkultura-online.de\/politisch_unkorrekt\/reden-gegen-links\/"},"author":{"name":"Orator","@id":"https:\/\/www.inkultura-online.de\/politisch_unkorrekt\/#\/schema\/person\/5b30b80e385478896a1de221e1994d86"},"headline":"Schenken gegen Links","datePublished":"2016-07-06T18:27:03+00:00","dateModified":"2016-07-06T18:28:19+00:00","mainEntityOfPage":{"@id":"https:\/\/www.inkultura-online.de\/politisch_unkorrekt\/reden-gegen-links\/"},"wordCount":388,"commentCount":0,"publisher":{"@id":"https:\/\/www.inkultura-online.de\/politisch_unkorrekt\/#\/schema\/person\/5b30b80e385478896a1de221e1994d86"},"keywords":["Gr\u00fcne","Linksextremisten","SPD","Staatsschutz","Wohlstandsverwahrlost"],"articleSection":["Die d\u00fcmmsten Spr\u00fcche der Woche","Hauptstadtpossen"],"inLanguage":"de","potentialAction":[{"@type":"CommentAction","name":"Comment","target":["https:\/\/www.inkultura-online.de\/politisch_unkorrekt\/reden-gegen-links\/#respond"]}]},{"@type":"WebPage","@id":"https:\/\/www.inkultura-online.de\/politisch_unkorrekt\/reden-gegen-links\/","url":"https:\/\/www.inkultura-online.de\/politisch_unkorrekt\/reden-gegen-links\/","name":"Schenken gegen Links - Zeitgeist? Frei!","isPartOf":{"@id":"https:\/\/www.inkultura-online.de\/politisch_unkorrekt\/#website"},"datePublished":"2016-07-06T18:27:03+00:00","dateModified":"2016-07-06T18:28:19+00:00","breadcrumb":{"@id":"https:\/\/www.inkultura-online.de\/politisch_unkorrekt\/reden-gegen-links\/#breadcrumb"},"inLanguage":"de","potentialAction":[{"@type":"ReadAction","target":["https:\/\/www.inkultura-online.de\/politisch_unkorrekt\/reden-gegen-links\/"]}]},{"@type":"BreadcrumbList","@id":"https:\/\/www.inkultura-online.de\/politisch_unkorrekt\/reden-gegen-links\/#breadcrumb","itemListElement":[{"@type":"ListItem","position":1,"name":"Home","item":"https:\/\/www.inkultura-online.de\/politisch_unkorrekt\/"},{"@type":"ListItem","position":2,"name":"Schenken gegen Links"}]},{"@type":"WebSite","@id":"https:\/\/www.inkultura-online.de\/politisch_unkorrekt\/#website","url":"https:\/\/www.inkultura-online.de\/politisch_unkorrekt\/","name":"Zeitgeist? Frei!","description":"Was Ihr den Geist der Zeiten hei\u00dft...","publisher":{"@id":"https:\/\/www.inkultura-online.de\/politisch_unkorrekt\/#\/schema\/person\/5b30b80e385478896a1de221e1994d86"},"potentialAction":[{"@type":"SearchAction","target":{"@type":"EntryPoint","urlTemplate":"https:\/\/www.inkultura-online.de\/politisch_unkorrekt\/?s={search_term_string}"},"query-input":{"@type":"PropertyValueSpecification","valueRequired":true,"valueName":"search_term_string"}}],"inLanguage":"de"},{"@type":["Person","Organization"],"@id":"https:\/\/www.inkultura-online.de\/politisch_unkorrekt\/#\/schema\/person\/5b30b80e385478896a1de221e1994d86","name":"Orator","image":{"@type":"ImageObject","inLanguage":"de","@id":"https:\/\/secure.gravatar.com\/avatar\/96e03166d31716e9c437060430eb7605c45a8ce6fb6dab483637ca6915dd0844?s=96&d=mm&r=g","url":"https:\/\/secure.gravatar.com\/avatar\/96e03166d31716e9c437060430eb7605c45a8ce6fb6dab483637ca6915dd0844?s=96&d=mm&r=g","contentUrl":"https:\/\/secure.gravatar.com\/avatar\/96e03166d31716e9c437060430eb7605c45a8ce6fb6dab483637ca6915dd0844?s=96&d=mm&r=g","caption":"Orator"},"logo":{"@id":"https:\/\/secure.gravatar.com\/avatar\/96e03166d31716e9c437060430eb7605c45a8ce6fb6dab483637ca6915dd0844?s=96&d=mm&r=g"},"url":"https:\/\/www.inkultura-online.de\/politisch_unkorrekt\/author\/1korrektor21-2\/"}]}},"_links":{"self":[{"href":"https:\/\/www.inkultura-online.de\/politisch_unkorrekt\/wp-json\/wp\/v2\/posts\/1178","targetHints":{"allow":["GET"]}}],"collection":[{"href":"https:\/\/www.inkultura-online.de\/politisch_unkorrekt\/wp-json\/wp\/v2\/posts"}],"about":[{"href":"https:\/\/www.inkultura-online.de\/politisch_unkorrekt\/wp-json\/wp\/v2\/types\/post"}],"author":[{"embeddable":true,"href":"https:\/\/www.inkultura-online.de\/politisch_unkorrekt\/wp-json\/wp\/v2\/users\/1"}],"replies":[{"embeddable":true,"href":"https:\/\/www.inkultura-online.de\/politisch_unkorrekt\/wp-json\/wp\/v2\/comments?post=1178"}],"version-history":[{"count":2,"href":"https:\/\/www.inkultura-online.de\/politisch_unkorrekt\/wp-json\/wp\/v2\/posts\/1178\/revisions"}],"predecessor-version":[{"id":1180,"href":"https:\/\/www.inkultura-online.de\/politisch_unkorrekt\/wp-json\/wp\/v2\/posts\/1178\/revisions\/1180"}],"wp:attachment":[{"href":"https:\/\/www.inkultura-online.de\/politisch_unkorrekt\/wp-json\/wp\/v2\/media?parent=1178"}],"wp:term":[{"taxonomy":"category","embeddable":true,"href":"https:\/\/www.inkultura-online.de\/politisch_unkorrekt\/wp-json\/wp\/v2\/categories?post=1178"},{"taxonomy":"post_tag","embeddable":true,"href":"https:\/\/www.inkultura-online.de\/politisch_unkorrekt\/wp-json\/wp\/v2\/tags?post=1178"}],"curies":[{"name":"wp","href":"https:\/\/api.w.org\/{rel}","templated":true}]}}