{"id":1197,"date":"2016-07-17T11:04:45","date_gmt":"2016-07-17T09:04:45","guid":{"rendered":"http:\/\/www.inkultura-online.de\/politisch_unkorrekt\/?p=1197"},"modified":"2016-07-17T11:10:48","modified_gmt":"2016-07-17T09:10:48","slug":"sieben-tipps-dann-klappt-es-vielleicht-beim-naechsten-mal","status":"publish","type":"post","link":"https:\/\/www.inkultura-online.de\/politisch_unkorrekt\/sieben-tipps-dann-klappt-es-vielleicht-beim-naechsten-mal\/","title":{"rendered":"Sieben Tipps, dann klappt es vielleicht beim n\u00e4chsten Mal"},"content":{"rendered":"<p>So dilettantisch, so hilf- und ziellos wie in der T\u00fcrkei wurde selten ein Putschversuch gegen eine Regierung unternommen. Man kann gar nicht glauben, dass die Initiatoren in den USA eine milit\u00e4rische Ausbildung erhalten haben. Anscheinend sind die \u201ePutschisten\u201c keine gro\u00dfen Freunde einschl\u00e4giger Literatur, ansonsten h\u00e4tte die Lekt\u00fcre diverser Polit-Thriller ihnen gezeigt, wie man es richtig macht. Nachfolgend einige Hinweise, wie man es h\u00e4tte besser machen k\u00f6nnen:<!--more--><\/p>\n<ol>\n<li>Einschl\u00e4gige Literatur \u2013 in den B\u00fcchereien in der Regel unter den Stichw\u00f6rtern Belletristik, Politthriller, Spionageromane u. \u00e4. zu finden &#8211; konzentriert lesen und den Anleitungen der Autoren, die weltweit ihr Lesepublikum erfreuen, folgen.<\/li>\n<li>Erst einmal sicher stellen, wer auf der Seite der Putschisten steht und wer sich der Regierung gegen\u00fcber loyal verhalten wird.<\/li>\n<li>Die sofortige und zeitgleiche Festnahme der Regierungsmitglieder und deren Stellen unter Hausarrest. Unbedingten Vorrang hat dabei die Suche nach dem obersten Politiker des Landes.<\/li>\n<li>Parallel dazu erfolgt die Besetzung und Sicherung der Zeitungs- und Nachrichtenredaktionen, um Informationen entweder zu kanalisieren oder zu unterdr\u00fccken.<\/li>\n<li>Zeitgleich zu 3. m\u00fcssen strategisch wichtige Positionen eingenommen werden, als da w\u00e4ren Flugh\u00e4fen, Hauptstra\u00dfen und zentrale Versorgungsbetriebe.<\/li>\n<li>Unbedingt erforderlich ist die Kontrolle, bzw. das tempor\u00e4re Abschalten der notwendigen Internetknotenpunkte, um, wie geschehen, zu verhindern, dass sich noch fl\u00fcchtige Regierungsmitglieder an das Volk wenden k\u00f6nnen.<\/li>\n<li>Letzteres erh\u00e4lt eine Ausgangssperre, bis die Situation unter Kontrolle ist.<\/li>\n<\/ol>\n<p>Na dann, viel Erfolg beim n\u00e4chsten Mal.<\/p>\n<p>&nbsp;<\/p>\n","protected":false},"excerpt":{"rendered":"<p>So dilettantisch, so hilf- und ziellos wie in der T\u00fcrkei wurde selten ein Putschversuch gegen eine Regierung unternommen. Man kann gar nicht glauben, dass die Initiatoren in den USA eine milit\u00e4rische Ausbildung erhalten haben. Anscheinend sind die \u201ePutschisten\u201c keine gro\u00dfen &hellip; <a href=\"https:\/\/www.inkultura-online.de\/politisch_unkorrekt\/sieben-tipps-dann-klappt-es-vielleicht-beim-naechsten-mal\/\">Weiterlesen <span class=\"meta-nav\">&rarr;<\/span><\/a><\/p>\n","protected":false},"author":1,"featured_media":0,"comment_status":"open","ping_status":"open","sticky":false,"template":"","format":"standard","meta":{"footnotes":""},"categories":[444],"tags":[709,708,704],"class_list":["post-1197","post","type-post","status-publish","format-standard","hentry","category-gedanken-zum-tag","tag-politthriller","tag-putsch","tag-staatsstreich"],"yoast_head":"<!-- This site is optimized with the Yoast SEO plugin v27.5 - https:\/\/yoast.com\/product\/yoast-seo-wordpress\/ -->\n<title>Sieben Tipps, dann klappt es vielleicht beim n\u00e4chsten Mal - Zeitgeist? Frei!<\/title>\n<meta name=\"robots\" content=\"index, follow, max-snippet:-1, max-image-preview:large, max-video-preview:-1\" \/>\n<link rel=\"canonical\" href=\"https:\/\/www.inkultura-online.de\/politisch_unkorrekt\/sieben-tipps-dann-klappt-es-vielleicht-beim-naechsten-mal\/\" \/>\n<meta property=\"og:locale\" content=\"de_DE\" \/>\n<meta property=\"og:type\" content=\"article\" \/>\n<meta property=\"og:title\" content=\"Sieben Tipps, dann klappt es vielleicht beim n\u00e4chsten Mal - Zeitgeist? Frei!\" \/>\n<meta property=\"og:description\" content=\"So dilettantisch, so hilf- und ziellos wie in der T\u00fcrkei wurde selten ein Putschversuch gegen eine Regierung unternommen. Man kann gar nicht glauben, dass die Initiatoren in den USA eine milit\u00e4rische Ausbildung erhalten haben. Anscheinend sind die \u201ePutschisten\u201c keine gro\u00dfen &hellip; Weiterlesen &rarr;\" \/>\n<meta property=\"og:url\" content=\"https:\/\/www.inkultura-online.de\/politisch_unkorrekt\/sieben-tipps-dann-klappt-es-vielleicht-beim-naechsten-mal\/\" \/>\n<meta property=\"og:site_name\" content=\"Zeitgeist? Frei!\" \/>\n<meta property=\"article:published_time\" content=\"2016-07-17T09:04:45+00:00\" \/>\n<meta property=\"article:modified_time\" content=\"2016-07-17T09:10:48+00:00\" \/>\n<meta name=\"author\" content=\"Orator\" \/>\n<meta name=\"twitter:label1\" content=\"Verfasst von\" \/>\n\t<meta name=\"twitter:data1\" content=\"Orator\" \/>\n\t<meta name=\"twitter:label2\" content=\"Gesch\u00e4tzte Lesezeit\" \/>\n\t<meta name=\"twitter:data2\" content=\"1\u00a0Minute\" \/>\n<script type=\"application\/ld+json\" class=\"yoast-schema-graph\">{\"@context\":\"https:\\\/\\\/schema.org\",\"@graph\":[{\"@type\":\"Article\",\"@id\":\"https:\\\/\\\/www.inkultura-online.de\\\/politisch_unkorrekt\\\/sieben-tipps-dann-klappt-es-vielleicht-beim-naechsten-mal\\\/#article\",\"isPartOf\":{\"@id\":\"https:\\\/\\\/www.inkultura-online.de\\\/politisch_unkorrekt\\\/sieben-tipps-dann-klappt-es-vielleicht-beim-naechsten-mal\\\/\"},\"author\":{\"name\":\"Orator\",\"@id\":\"https:\\\/\\\/www.inkultura-online.de\\\/politisch_unkorrekt\\\/#\\\/schema\\\/person\\\/5b30b80e385478896a1de221e1994d86\"},\"headline\":\"Sieben Tipps, dann klappt es vielleicht beim n\u00e4chsten Mal\",\"datePublished\":\"2016-07-17T09:04:45+00:00\",\"dateModified\":\"2016-07-17T09:10:48+00:00\",\"mainEntityOfPage\":{\"@id\":\"https:\\\/\\\/www.inkultura-online.de\\\/politisch_unkorrekt\\\/sieben-tipps-dann-klappt-es-vielleicht-beim-naechsten-mal\\\/\"},\"wordCount\":253,\"commentCount\":0,\"publisher\":{\"@id\":\"https:\\\/\\\/www.inkultura-online.de\\\/politisch_unkorrekt\\\/#\\\/schema\\\/person\\\/5b30b80e385478896a1de221e1994d86\"},\"keywords\":[\"Politthriller\",\"Putsch\",\"Staatsstreich\"],\"articleSection\":[\"Gedanken zum Tag\"],\"inLanguage\":\"de\",\"potentialAction\":[{\"@type\":\"CommentAction\",\"name\":\"Comment\",\"target\":[\"https:\\\/\\\/www.inkultura-online.de\\\/politisch_unkorrekt\\\/sieben-tipps-dann-klappt-es-vielleicht-beim-naechsten-mal\\\/#respond\"]}]},{\"@type\":\"WebPage\",\"@id\":\"https:\\\/\\\/www.inkultura-online.de\\\/politisch_unkorrekt\\\/sieben-tipps-dann-klappt-es-vielleicht-beim-naechsten-mal\\\/\",\"url\":\"https:\\\/\\\/www.inkultura-online.de\\\/politisch_unkorrekt\\\/sieben-tipps-dann-klappt-es-vielleicht-beim-naechsten-mal\\\/\",\"name\":\"Sieben Tipps, dann klappt es vielleicht beim n\u00e4chsten Mal - Zeitgeist? Frei!\",\"isPartOf\":{\"@id\":\"https:\\\/\\\/www.inkultura-online.de\\\/politisch_unkorrekt\\\/#website\"},\"datePublished\":\"2016-07-17T09:04:45+00:00\",\"dateModified\":\"2016-07-17T09:10:48+00:00\",\"breadcrumb\":{\"@id\":\"https:\\\/\\\/www.inkultura-online.de\\\/politisch_unkorrekt\\\/sieben-tipps-dann-klappt-es-vielleicht-beim-naechsten-mal\\\/#breadcrumb\"},\"inLanguage\":\"de\",\"potentialAction\":[{\"@type\":\"ReadAction\",\"target\":[\"https:\\\/\\\/www.inkultura-online.de\\\/politisch_unkorrekt\\\/sieben-tipps-dann-klappt-es-vielleicht-beim-naechsten-mal\\\/\"]}]},{\"@type\":\"BreadcrumbList\",\"@id\":\"https:\\\/\\\/www.inkultura-online.de\\\/politisch_unkorrekt\\\/sieben-tipps-dann-klappt-es-vielleicht-beim-naechsten-mal\\\/#breadcrumb\",\"itemListElement\":[{\"@type\":\"ListItem\",\"position\":1,\"name\":\"Home\",\"item\":\"https:\\\/\\\/www.inkultura-online.de\\\/politisch_unkorrekt\\\/\"},{\"@type\":\"ListItem\",\"position\":2,\"name\":\"Sieben Tipps, dann klappt es vielleicht beim n\u00e4chsten Mal\"}]},{\"@type\":\"WebSite\",\"@id\":\"https:\\\/\\\/www.inkultura-online.de\\\/politisch_unkorrekt\\\/#website\",\"url\":\"https:\\\/\\\/www.inkultura-online.de\\\/politisch_unkorrekt\\\/\",\"name\":\"Zeitgeist? Frei!\",\"description\":\"Was Ihr den Geist der Zeiten hei\u00dft...\",\"publisher\":{\"@id\":\"https:\\\/\\\/www.inkultura-online.de\\\/politisch_unkorrekt\\\/#\\\/schema\\\/person\\\/5b30b80e385478896a1de221e1994d86\"},\"potentialAction\":[{\"@type\":\"SearchAction\",\"target\":{\"@type\":\"EntryPoint\",\"urlTemplate\":\"https:\\\/\\\/www.inkultura-online.de\\\/politisch_unkorrekt\\\/?s={search_term_string}\"},\"query-input\":{\"@type\":\"PropertyValueSpecification\",\"valueRequired\":true,\"valueName\":\"search_term_string\"}}],\"inLanguage\":\"de\"},{\"@type\":[\"Person\",\"Organization\"],\"@id\":\"https:\\\/\\\/www.inkultura-online.de\\\/politisch_unkorrekt\\\/#\\\/schema\\\/person\\\/5b30b80e385478896a1de221e1994d86\",\"name\":\"Orator\",\"image\":{\"@type\":\"ImageObject\",\"inLanguage\":\"de\",\"@id\":\"https:\\\/\\\/secure.gravatar.com\\\/avatar\\\/96e03166d31716e9c437060430eb7605c45a8ce6fb6dab483637ca6915dd0844?s=96&d=mm&r=g\",\"url\":\"https:\\\/\\\/secure.gravatar.com\\\/avatar\\\/96e03166d31716e9c437060430eb7605c45a8ce6fb6dab483637ca6915dd0844?s=96&d=mm&r=g\",\"contentUrl\":\"https:\\\/\\\/secure.gravatar.com\\\/avatar\\\/96e03166d31716e9c437060430eb7605c45a8ce6fb6dab483637ca6915dd0844?s=96&d=mm&r=g\",\"caption\":\"Orator\"},\"logo\":{\"@id\":\"https:\\\/\\\/secure.gravatar.com\\\/avatar\\\/96e03166d31716e9c437060430eb7605c45a8ce6fb6dab483637ca6915dd0844?s=96&d=mm&r=g\"},\"url\":\"https:\\\/\\\/www.inkultura-online.de\\\/politisch_unkorrekt\\\/author\\\/1korrektor21-2\\\/\"}]}<\/script>\n<!-- \/ Yoast SEO plugin. -->","yoast_head_json":{"title":"Sieben Tipps, dann klappt es vielleicht beim n\u00e4chsten Mal - Zeitgeist? Frei!","robots":{"index":"index","follow":"follow","max-snippet":"max-snippet:-1","max-image-preview":"max-image-preview:large","max-video-preview":"max-video-preview:-1"},"canonical":"https:\/\/www.inkultura-online.de\/politisch_unkorrekt\/sieben-tipps-dann-klappt-es-vielleicht-beim-naechsten-mal\/","og_locale":"de_DE","og_type":"article","og_title":"Sieben Tipps, dann klappt es vielleicht beim n\u00e4chsten Mal - Zeitgeist? Frei!","og_description":"So dilettantisch, so hilf- und ziellos wie in der T\u00fcrkei wurde selten ein Putschversuch gegen eine Regierung unternommen. Man kann gar nicht glauben, dass die Initiatoren in den USA eine milit\u00e4rische Ausbildung erhalten haben. Anscheinend sind die \u201ePutschisten\u201c keine gro\u00dfen &hellip; Weiterlesen &rarr;","og_url":"https:\/\/www.inkultura-online.de\/politisch_unkorrekt\/sieben-tipps-dann-klappt-es-vielleicht-beim-naechsten-mal\/","og_site_name":"Zeitgeist? Frei!","article_published_time":"2016-07-17T09:04:45+00:00","article_modified_time":"2016-07-17T09:10:48+00:00","author":"Orator","twitter_misc":{"Verfasst von":"Orator","Gesch\u00e4tzte Lesezeit":"1\u00a0Minute"},"schema":{"@context":"https:\/\/schema.org","@graph":[{"@type":"Article","@id":"https:\/\/www.inkultura-online.de\/politisch_unkorrekt\/sieben-tipps-dann-klappt-es-vielleicht-beim-naechsten-mal\/#article","isPartOf":{"@id":"https:\/\/www.inkultura-online.de\/politisch_unkorrekt\/sieben-tipps-dann-klappt-es-vielleicht-beim-naechsten-mal\/"},"author":{"name":"Orator","@id":"https:\/\/www.inkultura-online.de\/politisch_unkorrekt\/#\/schema\/person\/5b30b80e385478896a1de221e1994d86"},"headline":"Sieben Tipps, dann klappt es vielleicht beim n\u00e4chsten Mal","datePublished":"2016-07-17T09:04:45+00:00","dateModified":"2016-07-17T09:10:48+00:00","mainEntityOfPage":{"@id":"https:\/\/www.inkultura-online.de\/politisch_unkorrekt\/sieben-tipps-dann-klappt-es-vielleicht-beim-naechsten-mal\/"},"wordCount":253,"commentCount":0,"publisher":{"@id":"https:\/\/www.inkultura-online.de\/politisch_unkorrekt\/#\/schema\/person\/5b30b80e385478896a1de221e1994d86"},"keywords":["Politthriller","Putsch","Staatsstreich"],"articleSection":["Gedanken zum Tag"],"inLanguage":"de","potentialAction":[{"@type":"CommentAction","name":"Comment","target":["https:\/\/www.inkultura-online.de\/politisch_unkorrekt\/sieben-tipps-dann-klappt-es-vielleicht-beim-naechsten-mal\/#respond"]}]},{"@type":"WebPage","@id":"https:\/\/www.inkultura-online.de\/politisch_unkorrekt\/sieben-tipps-dann-klappt-es-vielleicht-beim-naechsten-mal\/","url":"https:\/\/www.inkultura-online.de\/politisch_unkorrekt\/sieben-tipps-dann-klappt-es-vielleicht-beim-naechsten-mal\/","name":"Sieben Tipps, dann klappt es vielleicht beim n\u00e4chsten Mal - Zeitgeist? Frei!","isPartOf":{"@id":"https:\/\/www.inkultura-online.de\/politisch_unkorrekt\/#website"},"datePublished":"2016-07-17T09:04:45+00:00","dateModified":"2016-07-17T09:10:48+00:00","breadcrumb":{"@id":"https:\/\/www.inkultura-online.de\/politisch_unkorrekt\/sieben-tipps-dann-klappt-es-vielleicht-beim-naechsten-mal\/#breadcrumb"},"inLanguage":"de","potentialAction":[{"@type":"ReadAction","target":["https:\/\/www.inkultura-online.de\/politisch_unkorrekt\/sieben-tipps-dann-klappt-es-vielleicht-beim-naechsten-mal\/"]}]},{"@type":"BreadcrumbList","@id":"https:\/\/www.inkultura-online.de\/politisch_unkorrekt\/sieben-tipps-dann-klappt-es-vielleicht-beim-naechsten-mal\/#breadcrumb","itemListElement":[{"@type":"ListItem","position":1,"name":"Home","item":"https:\/\/www.inkultura-online.de\/politisch_unkorrekt\/"},{"@type":"ListItem","position":2,"name":"Sieben Tipps, dann klappt es vielleicht beim n\u00e4chsten Mal"}]},{"@type":"WebSite","@id":"https:\/\/www.inkultura-online.de\/politisch_unkorrekt\/#website","url":"https:\/\/www.inkultura-online.de\/politisch_unkorrekt\/","name":"Zeitgeist? Frei!","description":"Was Ihr den Geist der Zeiten hei\u00dft...","publisher":{"@id":"https:\/\/www.inkultura-online.de\/politisch_unkorrekt\/#\/schema\/person\/5b30b80e385478896a1de221e1994d86"},"potentialAction":[{"@type":"SearchAction","target":{"@type":"EntryPoint","urlTemplate":"https:\/\/www.inkultura-online.de\/politisch_unkorrekt\/?s={search_term_string}"},"query-input":{"@type":"PropertyValueSpecification","valueRequired":true,"valueName":"search_term_string"}}],"inLanguage":"de"},{"@type":["Person","Organization"],"@id":"https:\/\/www.inkultura-online.de\/politisch_unkorrekt\/#\/schema\/person\/5b30b80e385478896a1de221e1994d86","name":"Orator","image":{"@type":"ImageObject","inLanguage":"de","@id":"https:\/\/secure.gravatar.com\/avatar\/96e03166d31716e9c437060430eb7605c45a8ce6fb6dab483637ca6915dd0844?s=96&d=mm&r=g","url":"https:\/\/secure.gravatar.com\/avatar\/96e03166d31716e9c437060430eb7605c45a8ce6fb6dab483637ca6915dd0844?s=96&d=mm&r=g","contentUrl":"https:\/\/secure.gravatar.com\/avatar\/96e03166d31716e9c437060430eb7605c45a8ce6fb6dab483637ca6915dd0844?s=96&d=mm&r=g","caption":"Orator"},"logo":{"@id":"https:\/\/secure.gravatar.com\/avatar\/96e03166d31716e9c437060430eb7605c45a8ce6fb6dab483637ca6915dd0844?s=96&d=mm&r=g"},"url":"https:\/\/www.inkultura-online.de\/politisch_unkorrekt\/author\/1korrektor21-2\/"}]}},"_links":{"self":[{"href":"https:\/\/www.inkultura-online.de\/politisch_unkorrekt\/wp-json\/wp\/v2\/posts\/1197","targetHints":{"allow":["GET"]}}],"collection":[{"href":"https:\/\/www.inkultura-online.de\/politisch_unkorrekt\/wp-json\/wp\/v2\/posts"}],"about":[{"href":"https:\/\/www.inkultura-online.de\/politisch_unkorrekt\/wp-json\/wp\/v2\/types\/post"}],"author":[{"embeddable":true,"href":"https:\/\/www.inkultura-online.de\/politisch_unkorrekt\/wp-json\/wp\/v2\/users\/1"}],"replies":[{"embeddable":true,"href":"https:\/\/www.inkultura-online.de\/politisch_unkorrekt\/wp-json\/wp\/v2\/comments?post=1197"}],"version-history":[{"count":5,"href":"https:\/\/www.inkultura-online.de\/politisch_unkorrekt\/wp-json\/wp\/v2\/posts\/1197\/revisions"}],"predecessor-version":[{"id":1202,"href":"https:\/\/www.inkultura-online.de\/politisch_unkorrekt\/wp-json\/wp\/v2\/posts\/1197\/revisions\/1202"}],"wp:attachment":[{"href":"https:\/\/www.inkultura-online.de\/politisch_unkorrekt\/wp-json\/wp\/v2\/media?parent=1197"}],"wp:term":[{"taxonomy":"category","embeddable":true,"href":"https:\/\/www.inkultura-online.de\/politisch_unkorrekt\/wp-json\/wp\/v2\/categories?post=1197"},{"taxonomy":"post_tag","embeddable":true,"href":"https:\/\/www.inkultura-online.de\/politisch_unkorrekt\/wp-json\/wp\/v2\/tags?post=1197"}],"curies":[{"name":"wp","href":"https:\/\/api.w.org\/{rel}","templated":true}]}}