{"id":1251,"date":"2016-08-21T11:13:19","date_gmt":"2016-08-21T09:13:19","guid":{"rendered":"http:\/\/www.inkultura-online.de\/politisch_unkorrekt\/?p=1251"},"modified":"2016-08-21T11:13:19","modified_gmt":"2016-08-21T09:13:19","slug":"kognitive-dissonanz-einer-lohnschreibenden-ekelfeder","status":"publish","type":"post","link":"https:\/\/www.inkultura-online.de\/politisch_unkorrekt\/kognitive-dissonanz-einer-lohnschreibenden-ekelfeder\/","title":{"rendered":"Kognitive Dissonanz einer lohnschreibenden Ekelfeder"},"content":{"rendered":"<p>Darf man eine Journalistin als Zeilenhure bezeichnen? Wenn ja, dann trifft diese zweifelhafte Ehre auf Mechthild K\u00fcpper zu, die bereits von solch illustren Bl\u00e4ttern wie der Berliner \u201etageszeitung\u201c, dem Berliner \u201eTagesspiegel\u201c, der \u201eWochenpost\u201c und der \u201eS\u00fcddeutschen Zeitung\u201c ihr Zeilenhonorar erhalten hat. Seit 1999 ist K\u00fcpper die Lageberichterstatterin der Frankfurter Allgemeinen Zeitung in Sachen Berlin &#8211; seit 2004 auch f\u00fcr das Land Brandenburg.<!--more--><\/p>\n<p>In der FAZ erweist sich K\u00fcpper als flei\u00dfige Apologetin moslemisch geforderten Dhimmitums und verfasste eine an Realit\u00e4tsverweigerung nicht zu \u00fcberbietende Lobhudelei auf den gesellschaftlichen und sozialen Verfall einer Berliner Stra\u00dfe. Die Sonnenallee, eine, als das Wort autochthon noch nicht von verbalradikalisierten Volksaustauschern pejorativ vergewaltigt wurde, einst bei eben diesen Autochthonen beliebte Flanier- und Einkaufsmeile, die aktuell eher dem chaotischen Gewimmel arabischer St\u00e4dte gleicht und von der seit Jahren eine Absetzbewegung dort wohnender Berliner, \u00fcbrigens auch derer mit ausl\u00e4ndischen Wurzeln stattfindet. Wer es sich leisten kann, zieht von dort weg.<\/p>\n<p>K\u00fcpper w\u00e4re kein Mitglied im Club deren, die sich nichts sehnlicher w\u00fcnschen, als wenn die Autochthonen sang- und klanglos von der historischen B\u00fchne verschwinden w\u00fcrden, wenn sie in ihrem uns\u00e4glich euphorischen <a href=\"http:\/\/www.faz.net\/aktuell\/politik\/inland\/sonnenallee-die-arabische-strasse-14382811.html\" target=\"_blank\">Artikel<\/a> bez\u00fcglich der fortschreitenden Landnahme moslemischer Invasoren nicht in jubelnde Begeisterung ausbrechen w\u00fcrde und die langsam aber sicher zu Tode islamisierte Sonnenallee als \u201eSehnsuchtsort\u201c f\u00fcr \u201eSyrer\u201c und anderen, mit unseren kulturellen und gesellschaftlichen Werten inkompatiblen \u201eMenschengeschenken\u201c stilisiert.<\/p>\n<p>Wem, wie K\u00fcpper, 90% Gesch\u00e4fte und Restaurants in arabischer Hand nicht als Alarmsignal und Beweis fortschreitender Islamisierung gelten, der hat auch kein Problem mit der Verf\u00e4lschung der Wahrheit, in Form von \u201eFl\u00fcchtlinge sorgen f\u00fcr Konjunktur\u201c. Ist klar, \u201etraumatisierte und psychisch Verletzte\u201c machen mal eben in Richtung Hauptstadt und pfeifen sich eine Falafel und ein Shishapfeifchen ein. Wie krank und zerfressen vom Hass auf Autochthone muss eine Journalistin sein, die die stattfindende islamische Landnahme als \u201eZeichen einer anderen Ver\u00e4nderung\u201c, die nat\u00fcrlich nur positiv ist, wertet. Da passt es wie die Faust aufs Auge, dass die \u201eQualit\u00e4tsjournalistin\u201c K\u00fcpper als Alteingesessene nicht etwa die noch dort sich unterordnenden Alt-Berliner meint, sondern Araber, Albaner, Roma und Mazedonier.<\/p>\n<p>Dabei, und das wird jedem klar, der die Situation in der Sonnenallee mit eigenen Augen gesehen hat, kann von der durch K\u00fcpper und deren Verwandten im Autochthonen hassenden Ungeist gebetsm\u00fchlenartig beschworenen bunten Vielfalt nicht die Rede sein, denn die Sonnenallee ist zwischen Hermannplatz und Saalestra\u00dfe in Wirklichkeit ein monokulturelles islamisches Ghetto, in dem es weder griechische, chinesische, indische oder andere Restaurants und Gesch\u00e4fte gibt.<\/p>\n<p>Wer sich mit den geplagten Busfahrern der Linie M41 oder 171 unterh\u00e4lt, die jeden Tag in direktem Kontakt mit der auf diesen Linien \u00fcblichen Klientel steht \u2013 manchmal robusterer Art, als es die ver\u00f6ffentlichte Meinung kund tut \u2013 der bekommt ein Bild, das der Realit\u00e4t weitaus n\u00e4her kommt, als der an Unterwerfungsbereitschaft nicht zu \u00fcberbietende Artikel von der FAZ-Schreiberin. \u201eAscheloch\u201c und \u201eIsch figge deine Mutta\u201c sind da noch die harmlosen Varianten der von den Volksaustauschern herbeigesehnten \u201ebunten Republik\u201c. In der Regel werden dort die Meinungsverschiedenheiten mit k\u00f6rperbetonten Argumenten ausgetragen. Wer die Verlierer dieser Art der Diskussionsf\u00fchrung sind, ist evident.<\/p>\n<p>Die Sonnenallee ist, und da liegt die Autorin v\u00f6llig richtig, inzwischen eine arabische Stra\u00dfe, wie es sie wohl in jeder gr\u00f6\u00dferen Stadt der Republik gibt. Und genau hier kann man allerorts bereits heute die Zukunft unseres Landes sehen. Dieser uns\u00e4glich kitschige und vor naiver Sozialromantik nur so triefende Beitrag spiegelt vor allem eines wieder, die Bereitschaft einer selbst ernannten Elite zur bedingungslosen Kapitulation vor einem immer aggressiver sich gebenden Islam.<\/p>\n","protected":false},"excerpt":{"rendered":"<p>Darf man eine Journalistin als Zeilenhure bezeichnen? Wenn ja, dann trifft diese zweifelhafte Ehre auf Mechthild K\u00fcpper zu, die bereits von solch illustren Bl\u00e4ttern wie der Berliner \u201etageszeitung\u201c, dem Berliner \u201eTagesspiegel\u201c, der \u201eWochenpost\u201c und der \u201eS\u00fcddeutschen Zeitung\u201c ihr Zeilenhonorar erhalten &hellip; <a href=\"https:\/\/www.inkultura-online.de\/politisch_unkorrekt\/kognitive-dissonanz-einer-lohnschreibenden-ekelfeder\/\">Weiterlesen <span class=\"meta-nav\">&rarr;<\/span><\/a><\/p>\n","protected":false},"author":1,"featured_media":0,"comment_status":"open","ping_status":"open","sticky":false,"template":"","format":"standard","meta":{"footnotes":""},"categories":[2,1,146],"tags":[743,742,52,317,153,387],"class_list":["post-1251","post","type-post","status-publish","format-standard","hentry","category-antipathie","category-fundstuecke","category-keine-islamisierung","tag-autochthonenhass","tag-islamische-monokultur","tag-islamisierung","tag-landnahme","tag-qualitaetsjournalismus","tag-volksaustauscher"],"yoast_head":"<!-- This site is optimized with the Yoast SEO plugin v27.5 - https:\/\/yoast.com\/product\/yoast-seo-wordpress\/ -->\n<title>Kognitive Dissonanz einer lohnschreibenden Ekelfeder - Zeitgeist? Frei!<\/title>\n<meta name=\"robots\" content=\"index, follow, max-snippet:-1, max-image-preview:large, max-video-preview:-1\" \/>\n<link rel=\"canonical\" href=\"https:\/\/www.inkultura-online.de\/politisch_unkorrekt\/kognitive-dissonanz-einer-lohnschreibenden-ekelfeder\/\" \/>\n<meta property=\"og:locale\" content=\"de_DE\" \/>\n<meta property=\"og:type\" content=\"article\" \/>\n<meta property=\"og:title\" content=\"Kognitive Dissonanz einer lohnschreibenden Ekelfeder - Zeitgeist? Frei!\" \/>\n<meta property=\"og:description\" content=\"Darf man eine Journalistin als Zeilenhure bezeichnen? Wenn ja, dann trifft diese zweifelhafte Ehre auf Mechthild K\u00fcpper zu, die bereits von solch illustren Bl\u00e4ttern wie der Berliner \u201etageszeitung\u201c, dem Berliner \u201eTagesspiegel\u201c, der \u201eWochenpost\u201c und der \u201eS\u00fcddeutschen Zeitung\u201c ihr Zeilenhonorar erhalten &hellip; Weiterlesen &rarr;\" \/>\n<meta property=\"og:url\" content=\"https:\/\/www.inkultura-online.de\/politisch_unkorrekt\/kognitive-dissonanz-einer-lohnschreibenden-ekelfeder\/\" \/>\n<meta property=\"og:site_name\" content=\"Zeitgeist? Frei!\" \/>\n<meta property=\"article:published_time\" content=\"2016-08-21T09:13:19+00:00\" \/>\n<meta name=\"author\" content=\"Orator\" \/>\n<meta name=\"twitter:label1\" content=\"Verfasst von\" \/>\n\t<meta name=\"twitter:data1\" content=\"Orator\" \/>\n\t<meta name=\"twitter:label2\" content=\"Gesch\u00e4tzte Lesezeit\" \/>\n\t<meta name=\"twitter:data2\" content=\"3\u00a0Minuten\" \/>\n<script type=\"application\/ld+json\" class=\"yoast-schema-graph\">{\"@context\":\"https:\\\/\\\/schema.org\",\"@graph\":[{\"@type\":\"Article\",\"@id\":\"https:\\\/\\\/www.inkultura-online.de\\\/politisch_unkorrekt\\\/kognitive-dissonanz-einer-lohnschreibenden-ekelfeder\\\/#article\",\"isPartOf\":{\"@id\":\"https:\\\/\\\/www.inkultura-online.de\\\/politisch_unkorrekt\\\/kognitive-dissonanz-einer-lohnschreibenden-ekelfeder\\\/\"},\"author\":{\"name\":\"Orator\",\"@id\":\"https:\\\/\\\/www.inkultura-online.de\\\/politisch_unkorrekt\\\/#\\\/schema\\\/person\\\/5b30b80e385478896a1de221e1994d86\"},\"headline\":\"Kognitive Dissonanz einer lohnschreibenden Ekelfeder\",\"datePublished\":\"2016-08-21T09:13:19+00:00\",\"mainEntityOfPage\":{\"@id\":\"https:\\\/\\\/www.inkultura-online.de\\\/politisch_unkorrekt\\\/kognitive-dissonanz-einer-lohnschreibenden-ekelfeder\\\/\"},\"wordCount\":607,\"commentCount\":0,\"publisher\":{\"@id\":\"https:\\\/\\\/www.inkultura-online.de\\\/politisch_unkorrekt\\\/#\\\/schema\\\/person\\\/5b30b80e385478896a1de221e1994d86\"},\"keywords\":[\"Autochthonenhass\",\"islamische Monokultur\",\"Islamisierung\",\"Landnahme\",\"Qualit\u00e4tsjournalismus\",\"Volksaustauscher\"],\"articleSection\":[\"Antipathie\",\"Fundst\u00fccke\",\"Keine Islamisierung?\"],\"inLanguage\":\"de\",\"potentialAction\":[{\"@type\":\"CommentAction\",\"name\":\"Comment\",\"target\":[\"https:\\\/\\\/www.inkultura-online.de\\\/politisch_unkorrekt\\\/kognitive-dissonanz-einer-lohnschreibenden-ekelfeder\\\/#respond\"]}]},{\"@type\":\"WebPage\",\"@id\":\"https:\\\/\\\/www.inkultura-online.de\\\/politisch_unkorrekt\\\/kognitive-dissonanz-einer-lohnschreibenden-ekelfeder\\\/\",\"url\":\"https:\\\/\\\/www.inkultura-online.de\\\/politisch_unkorrekt\\\/kognitive-dissonanz-einer-lohnschreibenden-ekelfeder\\\/\",\"name\":\"Kognitive Dissonanz einer lohnschreibenden Ekelfeder - Zeitgeist? Frei!\",\"isPartOf\":{\"@id\":\"https:\\\/\\\/www.inkultura-online.de\\\/politisch_unkorrekt\\\/#website\"},\"datePublished\":\"2016-08-21T09:13:19+00:00\",\"breadcrumb\":{\"@id\":\"https:\\\/\\\/www.inkultura-online.de\\\/politisch_unkorrekt\\\/kognitive-dissonanz-einer-lohnschreibenden-ekelfeder\\\/#breadcrumb\"},\"inLanguage\":\"de\",\"potentialAction\":[{\"@type\":\"ReadAction\",\"target\":[\"https:\\\/\\\/www.inkultura-online.de\\\/politisch_unkorrekt\\\/kognitive-dissonanz-einer-lohnschreibenden-ekelfeder\\\/\"]}]},{\"@type\":\"BreadcrumbList\",\"@id\":\"https:\\\/\\\/www.inkultura-online.de\\\/politisch_unkorrekt\\\/kognitive-dissonanz-einer-lohnschreibenden-ekelfeder\\\/#breadcrumb\",\"itemListElement\":[{\"@type\":\"ListItem\",\"position\":1,\"name\":\"Home\",\"item\":\"https:\\\/\\\/www.inkultura-online.de\\\/politisch_unkorrekt\\\/\"},{\"@type\":\"ListItem\",\"position\":2,\"name\":\"Kognitive Dissonanz einer lohnschreibenden Ekelfeder\"}]},{\"@type\":\"WebSite\",\"@id\":\"https:\\\/\\\/www.inkultura-online.de\\\/politisch_unkorrekt\\\/#website\",\"url\":\"https:\\\/\\\/www.inkultura-online.de\\\/politisch_unkorrekt\\\/\",\"name\":\"Zeitgeist? Frei!\",\"description\":\"Was Ihr den Geist der Zeiten hei\u00dft...\",\"publisher\":{\"@id\":\"https:\\\/\\\/www.inkultura-online.de\\\/politisch_unkorrekt\\\/#\\\/schema\\\/person\\\/5b30b80e385478896a1de221e1994d86\"},\"potentialAction\":[{\"@type\":\"SearchAction\",\"target\":{\"@type\":\"EntryPoint\",\"urlTemplate\":\"https:\\\/\\\/www.inkultura-online.de\\\/politisch_unkorrekt\\\/?s={search_term_string}\"},\"query-input\":{\"@type\":\"PropertyValueSpecification\",\"valueRequired\":true,\"valueName\":\"search_term_string\"}}],\"inLanguage\":\"de\"},{\"@type\":[\"Person\",\"Organization\"],\"@id\":\"https:\\\/\\\/www.inkultura-online.de\\\/politisch_unkorrekt\\\/#\\\/schema\\\/person\\\/5b30b80e385478896a1de221e1994d86\",\"name\":\"Orator\",\"image\":{\"@type\":\"ImageObject\",\"inLanguage\":\"de\",\"@id\":\"https:\\\/\\\/secure.gravatar.com\\\/avatar\\\/96e03166d31716e9c437060430eb7605c45a8ce6fb6dab483637ca6915dd0844?s=96&d=mm&r=g\",\"url\":\"https:\\\/\\\/secure.gravatar.com\\\/avatar\\\/96e03166d31716e9c437060430eb7605c45a8ce6fb6dab483637ca6915dd0844?s=96&d=mm&r=g\",\"contentUrl\":\"https:\\\/\\\/secure.gravatar.com\\\/avatar\\\/96e03166d31716e9c437060430eb7605c45a8ce6fb6dab483637ca6915dd0844?s=96&d=mm&r=g\",\"caption\":\"Orator\"},\"logo\":{\"@id\":\"https:\\\/\\\/secure.gravatar.com\\\/avatar\\\/96e03166d31716e9c437060430eb7605c45a8ce6fb6dab483637ca6915dd0844?s=96&d=mm&r=g\"},\"url\":\"https:\\\/\\\/www.inkultura-online.de\\\/politisch_unkorrekt\\\/author\\\/1korrektor21-2\\\/\"}]}<\/script>\n<!-- \/ Yoast SEO plugin. -->","yoast_head_json":{"title":"Kognitive Dissonanz einer lohnschreibenden Ekelfeder - Zeitgeist? Frei!","robots":{"index":"index","follow":"follow","max-snippet":"max-snippet:-1","max-image-preview":"max-image-preview:large","max-video-preview":"max-video-preview:-1"},"canonical":"https:\/\/www.inkultura-online.de\/politisch_unkorrekt\/kognitive-dissonanz-einer-lohnschreibenden-ekelfeder\/","og_locale":"de_DE","og_type":"article","og_title":"Kognitive Dissonanz einer lohnschreibenden Ekelfeder - Zeitgeist? Frei!","og_description":"Darf man eine Journalistin als Zeilenhure bezeichnen? Wenn ja, dann trifft diese zweifelhafte Ehre auf Mechthild K\u00fcpper zu, die bereits von solch illustren Bl\u00e4ttern wie der Berliner \u201etageszeitung\u201c, dem Berliner \u201eTagesspiegel\u201c, der \u201eWochenpost\u201c und der \u201eS\u00fcddeutschen Zeitung\u201c ihr Zeilenhonorar erhalten &hellip; Weiterlesen &rarr;","og_url":"https:\/\/www.inkultura-online.de\/politisch_unkorrekt\/kognitive-dissonanz-einer-lohnschreibenden-ekelfeder\/","og_site_name":"Zeitgeist? Frei!","article_published_time":"2016-08-21T09:13:19+00:00","author":"Orator","twitter_misc":{"Verfasst von":"Orator","Gesch\u00e4tzte Lesezeit":"3\u00a0Minuten"},"schema":{"@context":"https:\/\/schema.org","@graph":[{"@type":"Article","@id":"https:\/\/www.inkultura-online.de\/politisch_unkorrekt\/kognitive-dissonanz-einer-lohnschreibenden-ekelfeder\/#article","isPartOf":{"@id":"https:\/\/www.inkultura-online.de\/politisch_unkorrekt\/kognitive-dissonanz-einer-lohnschreibenden-ekelfeder\/"},"author":{"name":"Orator","@id":"https:\/\/www.inkultura-online.de\/politisch_unkorrekt\/#\/schema\/person\/5b30b80e385478896a1de221e1994d86"},"headline":"Kognitive Dissonanz einer lohnschreibenden Ekelfeder","datePublished":"2016-08-21T09:13:19+00:00","mainEntityOfPage":{"@id":"https:\/\/www.inkultura-online.de\/politisch_unkorrekt\/kognitive-dissonanz-einer-lohnschreibenden-ekelfeder\/"},"wordCount":607,"commentCount":0,"publisher":{"@id":"https:\/\/www.inkultura-online.de\/politisch_unkorrekt\/#\/schema\/person\/5b30b80e385478896a1de221e1994d86"},"keywords":["Autochthonenhass","islamische Monokultur","Islamisierung","Landnahme","Qualit\u00e4tsjournalismus","Volksaustauscher"],"articleSection":["Antipathie","Fundst\u00fccke","Keine Islamisierung?"],"inLanguage":"de","potentialAction":[{"@type":"CommentAction","name":"Comment","target":["https:\/\/www.inkultura-online.de\/politisch_unkorrekt\/kognitive-dissonanz-einer-lohnschreibenden-ekelfeder\/#respond"]}]},{"@type":"WebPage","@id":"https:\/\/www.inkultura-online.de\/politisch_unkorrekt\/kognitive-dissonanz-einer-lohnschreibenden-ekelfeder\/","url":"https:\/\/www.inkultura-online.de\/politisch_unkorrekt\/kognitive-dissonanz-einer-lohnschreibenden-ekelfeder\/","name":"Kognitive Dissonanz einer lohnschreibenden Ekelfeder - Zeitgeist? Frei!","isPartOf":{"@id":"https:\/\/www.inkultura-online.de\/politisch_unkorrekt\/#website"},"datePublished":"2016-08-21T09:13:19+00:00","breadcrumb":{"@id":"https:\/\/www.inkultura-online.de\/politisch_unkorrekt\/kognitive-dissonanz-einer-lohnschreibenden-ekelfeder\/#breadcrumb"},"inLanguage":"de","potentialAction":[{"@type":"ReadAction","target":["https:\/\/www.inkultura-online.de\/politisch_unkorrekt\/kognitive-dissonanz-einer-lohnschreibenden-ekelfeder\/"]}]},{"@type":"BreadcrumbList","@id":"https:\/\/www.inkultura-online.de\/politisch_unkorrekt\/kognitive-dissonanz-einer-lohnschreibenden-ekelfeder\/#breadcrumb","itemListElement":[{"@type":"ListItem","position":1,"name":"Home","item":"https:\/\/www.inkultura-online.de\/politisch_unkorrekt\/"},{"@type":"ListItem","position":2,"name":"Kognitive Dissonanz einer lohnschreibenden Ekelfeder"}]},{"@type":"WebSite","@id":"https:\/\/www.inkultura-online.de\/politisch_unkorrekt\/#website","url":"https:\/\/www.inkultura-online.de\/politisch_unkorrekt\/","name":"Zeitgeist? Frei!","description":"Was Ihr den Geist der Zeiten hei\u00dft...","publisher":{"@id":"https:\/\/www.inkultura-online.de\/politisch_unkorrekt\/#\/schema\/person\/5b30b80e385478896a1de221e1994d86"},"potentialAction":[{"@type":"SearchAction","target":{"@type":"EntryPoint","urlTemplate":"https:\/\/www.inkultura-online.de\/politisch_unkorrekt\/?s={search_term_string}"},"query-input":{"@type":"PropertyValueSpecification","valueRequired":true,"valueName":"search_term_string"}}],"inLanguage":"de"},{"@type":["Person","Organization"],"@id":"https:\/\/www.inkultura-online.de\/politisch_unkorrekt\/#\/schema\/person\/5b30b80e385478896a1de221e1994d86","name":"Orator","image":{"@type":"ImageObject","inLanguage":"de","@id":"https:\/\/secure.gravatar.com\/avatar\/96e03166d31716e9c437060430eb7605c45a8ce6fb6dab483637ca6915dd0844?s=96&d=mm&r=g","url":"https:\/\/secure.gravatar.com\/avatar\/96e03166d31716e9c437060430eb7605c45a8ce6fb6dab483637ca6915dd0844?s=96&d=mm&r=g","contentUrl":"https:\/\/secure.gravatar.com\/avatar\/96e03166d31716e9c437060430eb7605c45a8ce6fb6dab483637ca6915dd0844?s=96&d=mm&r=g","caption":"Orator"},"logo":{"@id":"https:\/\/secure.gravatar.com\/avatar\/96e03166d31716e9c437060430eb7605c45a8ce6fb6dab483637ca6915dd0844?s=96&d=mm&r=g"},"url":"https:\/\/www.inkultura-online.de\/politisch_unkorrekt\/author\/1korrektor21-2\/"}]}},"_links":{"self":[{"href":"https:\/\/www.inkultura-online.de\/politisch_unkorrekt\/wp-json\/wp\/v2\/posts\/1251","targetHints":{"allow":["GET"]}}],"collection":[{"href":"https:\/\/www.inkultura-online.de\/politisch_unkorrekt\/wp-json\/wp\/v2\/posts"}],"about":[{"href":"https:\/\/www.inkultura-online.de\/politisch_unkorrekt\/wp-json\/wp\/v2\/types\/post"}],"author":[{"embeddable":true,"href":"https:\/\/www.inkultura-online.de\/politisch_unkorrekt\/wp-json\/wp\/v2\/users\/1"}],"replies":[{"embeddable":true,"href":"https:\/\/www.inkultura-online.de\/politisch_unkorrekt\/wp-json\/wp\/v2\/comments?post=1251"}],"version-history":[{"count":1,"href":"https:\/\/www.inkultura-online.de\/politisch_unkorrekt\/wp-json\/wp\/v2\/posts\/1251\/revisions"}],"predecessor-version":[{"id":1252,"href":"https:\/\/www.inkultura-online.de\/politisch_unkorrekt\/wp-json\/wp\/v2\/posts\/1251\/revisions\/1252"}],"wp:attachment":[{"href":"https:\/\/www.inkultura-online.de\/politisch_unkorrekt\/wp-json\/wp\/v2\/media?parent=1251"}],"wp:term":[{"taxonomy":"category","embeddable":true,"href":"https:\/\/www.inkultura-online.de\/politisch_unkorrekt\/wp-json\/wp\/v2\/categories?post=1251"},{"taxonomy":"post_tag","embeddable":true,"href":"https:\/\/www.inkultura-online.de\/politisch_unkorrekt\/wp-json\/wp\/v2\/tags?post=1251"}],"curies":[{"name":"wp","href":"https:\/\/api.w.org\/{rel}","templated":true}]}}