{"id":1267,"date":"2016-09-01T17:38:05","date_gmt":"2016-09-01T15:38:05","guid":{"rendered":"http:\/\/www.inkultura-online.de\/politisch_unkorrekt\/?p=1267"},"modified":"2016-09-01T17:39:33","modified_gmt":"2016-09-01T15:39:33","slug":"ja-wie-denn-nun-bitteschoen","status":"publish","type":"post","link":"https:\/\/www.inkultura-online.de\/politisch_unkorrekt\/ja-wie-denn-nun-bitteschoen\/","title":{"rendered":"Ja wie denn nun bittesch\u00f6n?"},"content":{"rendered":"<p>Irgendwie verstehe ich weder Gr\u00fcne noch Linke \u2013 von dem restlichen Politvolk ganz zu schweigen. Da wollen erstere noch mehr Ausl\u00e4nder aus islamischen L\u00e4ndern mit ihren jeweils eigenen kulturellen Spielregeln nach Deutschland einschleusen. Kopftuch und Vollverschleierung? Alles kein Problem f\u00fcr linke und gr\u00fcne Volksaustauscher.<!--more--><\/p>\n<p>Religionsfreiheit nennen die Dumpfbacken das dann und bemerken im n\u00e4chsten Atemzug, dass das Tragen von islamischer Frauenmode eben kein religi\u00f6ses Symbol darstellt. Wie denn nun bittesch\u00f6n?<\/p>\n<p>Jetzt hat eine <a href=\"http:\/\/www.faz.net\/aktuell\/politik\/inland\/afd-abgeordnete-wiebke-muhsal-mit-niqab-vollschleier-im-landtag-14415912.html\" target=\"_blank\">Aktion<\/a> der Th\u00fcringer AfD-Abgeordneten Wiebke Muhsal beim volksaustauschenden Politestablishment f\u00fcr Wirbel, beim aufmerksamen Beobachter des politischen Zeitgeistes jedoch f\u00fcr Heiterkeit gesorgt. Muhsal erschien am Donnerstag w\u00e4hrend der Sitzung vollverschleiert im Th\u00fcringer Parlament.<\/p>\n<p>Die Reaktion der gr\u00fcnen Islamversteher: \u201eunterirdisch\u201c, so der Fraktionschef der Gr\u00fcnen, Dirk Adams. Der Linken-Abgeordnete Steffen Dittes bezeichnete die Aktion als \u201eAusdruck von Dummheit\u201c.<\/p>\n<p>\u00dcbrigens: Die AfD-Abgeordnete erhielt von Landtagspr\u00e4sident Cristian Carius einen Ordnungsruf und legte die islamische Frauenfessel ab. Steht etwa in der Gesch\u00e4ftsordnung des Th\u00fcringer Landesparlaments etwas von Kleiderordnung, speziell \u00fcber orientalische Frauenkleidung?<\/p>\n<p>Eine bestens gelungene Aktion. Die Aufregung der Heuchler ist jedenfalls gro\u00df.<\/p>\n","protected":false},"excerpt":{"rendered":"<p>Irgendwie verstehe ich weder Gr\u00fcne noch Linke \u2013 von dem restlichen Politvolk ganz zu schweigen. Da wollen erstere noch mehr Ausl\u00e4nder aus islamischen L\u00e4ndern mit ihren jeweils eigenen kulturellen Spielregeln nach Deutschland einschleusen. Kopftuch und Vollverschleierung? Alles kein Problem f\u00fcr &hellip; <a href=\"https:\/\/www.inkultura-online.de\/politisch_unkorrekt\/ja-wie-denn-nun-bitteschoen\/\">Weiterlesen <span class=\"meta-nav\">&rarr;<\/span><\/a><\/p>\n","protected":false},"author":1,"featured_media":0,"comment_status":"open","ping_status":"open","sticky":false,"template":"","format":"standard","meta":{"footnotes":""},"categories":[378,1,146],"tags":[52,748,387,747],"class_list":["post-1267","post","type-post","status-publish","format-standard","hentry","category-denunzianten","category-fundstuecke","category-keine-islamisierung","tag-islamisierung","tag-kopftuchstreit","tag-volksaustauscher","tag-vollverschleierung"],"yoast_head":"<!-- This site is optimized with the Yoast SEO plugin v27.5 - https:\/\/yoast.com\/product\/yoast-seo-wordpress\/ -->\n<title>Ja wie denn nun bittesch\u00f6n? - Zeitgeist? Frei!<\/title>\n<meta name=\"robots\" content=\"index, follow, max-snippet:-1, max-image-preview:large, max-video-preview:-1\" \/>\n<link rel=\"canonical\" href=\"https:\/\/www.inkultura-online.de\/politisch_unkorrekt\/ja-wie-denn-nun-bitteschoen\/\" \/>\n<meta property=\"og:locale\" content=\"de_DE\" \/>\n<meta property=\"og:type\" content=\"article\" \/>\n<meta property=\"og:title\" content=\"Ja wie denn nun bittesch\u00f6n? - Zeitgeist? Frei!\" \/>\n<meta property=\"og:description\" content=\"Irgendwie verstehe ich weder Gr\u00fcne noch Linke \u2013 von dem restlichen Politvolk ganz zu schweigen. Da wollen erstere noch mehr Ausl\u00e4nder aus islamischen L\u00e4ndern mit ihren jeweils eigenen kulturellen Spielregeln nach Deutschland einschleusen. Kopftuch und Vollverschleierung? Alles kein Problem f\u00fcr &hellip; Weiterlesen &rarr;\" \/>\n<meta property=\"og:url\" content=\"https:\/\/www.inkultura-online.de\/politisch_unkorrekt\/ja-wie-denn-nun-bitteschoen\/\" \/>\n<meta property=\"og:site_name\" content=\"Zeitgeist? Frei!\" \/>\n<meta property=\"article:published_time\" content=\"2016-09-01T15:38:05+00:00\" \/>\n<meta property=\"article:modified_time\" content=\"2016-09-01T15:39:33+00:00\" \/>\n<meta name=\"author\" content=\"Orator\" \/>\n<meta name=\"twitter:label1\" content=\"Verfasst von\" \/>\n\t<meta name=\"twitter:data1\" content=\"Orator\" \/>\n\t<meta name=\"twitter:label2\" content=\"Gesch\u00e4tzte Lesezeit\" \/>\n\t<meta name=\"twitter:data2\" content=\"1\u00a0Minute\" \/>\n<script type=\"application\/ld+json\" class=\"yoast-schema-graph\">{\"@context\":\"https:\\\/\\\/schema.org\",\"@graph\":[{\"@type\":\"Article\",\"@id\":\"https:\\\/\\\/www.inkultura-online.de\\\/politisch_unkorrekt\\\/ja-wie-denn-nun-bitteschoen\\\/#article\",\"isPartOf\":{\"@id\":\"https:\\\/\\\/www.inkultura-online.de\\\/politisch_unkorrekt\\\/ja-wie-denn-nun-bitteschoen\\\/\"},\"author\":{\"name\":\"Orator\",\"@id\":\"https:\\\/\\\/www.inkultura-online.de\\\/politisch_unkorrekt\\\/#\\\/schema\\\/person\\\/5b30b80e385478896a1de221e1994d86\"},\"headline\":\"Ja wie denn nun bittesch\u00f6n?\",\"datePublished\":\"2016-09-01T15:38:05+00:00\",\"dateModified\":\"2016-09-01T15:39:33+00:00\",\"mainEntityOfPage\":{\"@id\":\"https:\\\/\\\/www.inkultura-online.de\\\/politisch_unkorrekt\\\/ja-wie-denn-nun-bitteschoen\\\/\"},\"wordCount\":194,\"commentCount\":0,\"publisher\":{\"@id\":\"https:\\\/\\\/www.inkultura-online.de\\\/politisch_unkorrekt\\\/#\\\/schema\\\/person\\\/5b30b80e385478896a1de221e1994d86\"},\"keywords\":[\"Islamisierung\",\"Kopftuchstreit\",\"Volksaustauscher\",\"Vollverschleierung\"],\"articleSection\":[\"Denunzianten und Volksverr\u00e4ter\",\"Fundst\u00fccke\",\"Keine Islamisierung?\"],\"inLanguage\":\"de\",\"potentialAction\":[{\"@type\":\"CommentAction\",\"name\":\"Comment\",\"target\":[\"https:\\\/\\\/www.inkultura-online.de\\\/politisch_unkorrekt\\\/ja-wie-denn-nun-bitteschoen\\\/#respond\"]}]},{\"@type\":\"WebPage\",\"@id\":\"https:\\\/\\\/www.inkultura-online.de\\\/politisch_unkorrekt\\\/ja-wie-denn-nun-bitteschoen\\\/\",\"url\":\"https:\\\/\\\/www.inkultura-online.de\\\/politisch_unkorrekt\\\/ja-wie-denn-nun-bitteschoen\\\/\",\"name\":\"Ja wie denn nun bittesch\u00f6n? - Zeitgeist? Frei!\",\"isPartOf\":{\"@id\":\"https:\\\/\\\/www.inkultura-online.de\\\/politisch_unkorrekt\\\/#website\"},\"datePublished\":\"2016-09-01T15:38:05+00:00\",\"dateModified\":\"2016-09-01T15:39:33+00:00\",\"breadcrumb\":{\"@id\":\"https:\\\/\\\/www.inkultura-online.de\\\/politisch_unkorrekt\\\/ja-wie-denn-nun-bitteschoen\\\/#breadcrumb\"},\"inLanguage\":\"de\",\"potentialAction\":[{\"@type\":\"ReadAction\",\"target\":[\"https:\\\/\\\/www.inkultura-online.de\\\/politisch_unkorrekt\\\/ja-wie-denn-nun-bitteschoen\\\/\"]}]},{\"@type\":\"BreadcrumbList\",\"@id\":\"https:\\\/\\\/www.inkultura-online.de\\\/politisch_unkorrekt\\\/ja-wie-denn-nun-bitteschoen\\\/#breadcrumb\",\"itemListElement\":[{\"@type\":\"ListItem\",\"position\":1,\"name\":\"Home\",\"item\":\"https:\\\/\\\/www.inkultura-online.de\\\/politisch_unkorrekt\\\/\"},{\"@type\":\"ListItem\",\"position\":2,\"name\":\"Ja wie denn nun bittesch\u00f6n?\"}]},{\"@type\":\"WebSite\",\"@id\":\"https:\\\/\\\/www.inkultura-online.de\\\/politisch_unkorrekt\\\/#website\",\"url\":\"https:\\\/\\\/www.inkultura-online.de\\\/politisch_unkorrekt\\\/\",\"name\":\"Zeitgeist? Frei!\",\"description\":\"Was Ihr den Geist der Zeiten hei\u00dft...\",\"publisher\":{\"@id\":\"https:\\\/\\\/www.inkultura-online.de\\\/politisch_unkorrekt\\\/#\\\/schema\\\/person\\\/5b30b80e385478896a1de221e1994d86\"},\"potentialAction\":[{\"@type\":\"SearchAction\",\"target\":{\"@type\":\"EntryPoint\",\"urlTemplate\":\"https:\\\/\\\/www.inkultura-online.de\\\/politisch_unkorrekt\\\/?s={search_term_string}\"},\"query-input\":{\"@type\":\"PropertyValueSpecification\",\"valueRequired\":true,\"valueName\":\"search_term_string\"}}],\"inLanguage\":\"de\"},{\"@type\":[\"Person\",\"Organization\"],\"@id\":\"https:\\\/\\\/www.inkultura-online.de\\\/politisch_unkorrekt\\\/#\\\/schema\\\/person\\\/5b30b80e385478896a1de221e1994d86\",\"name\":\"Orator\",\"image\":{\"@type\":\"ImageObject\",\"inLanguage\":\"de\",\"@id\":\"https:\\\/\\\/secure.gravatar.com\\\/avatar\\\/96e03166d31716e9c437060430eb7605c45a8ce6fb6dab483637ca6915dd0844?s=96&d=mm&r=g\",\"url\":\"https:\\\/\\\/secure.gravatar.com\\\/avatar\\\/96e03166d31716e9c437060430eb7605c45a8ce6fb6dab483637ca6915dd0844?s=96&d=mm&r=g\",\"contentUrl\":\"https:\\\/\\\/secure.gravatar.com\\\/avatar\\\/96e03166d31716e9c437060430eb7605c45a8ce6fb6dab483637ca6915dd0844?s=96&d=mm&r=g\",\"caption\":\"Orator\"},\"logo\":{\"@id\":\"https:\\\/\\\/secure.gravatar.com\\\/avatar\\\/96e03166d31716e9c437060430eb7605c45a8ce6fb6dab483637ca6915dd0844?s=96&d=mm&r=g\"},\"url\":\"https:\\\/\\\/www.inkultura-online.de\\\/politisch_unkorrekt\\\/author\\\/1korrektor21-2\\\/\"}]}<\/script>\n<!-- \/ Yoast SEO plugin. -->","yoast_head_json":{"title":"Ja wie denn nun bittesch\u00f6n? - Zeitgeist? Frei!","robots":{"index":"index","follow":"follow","max-snippet":"max-snippet:-1","max-image-preview":"max-image-preview:large","max-video-preview":"max-video-preview:-1"},"canonical":"https:\/\/www.inkultura-online.de\/politisch_unkorrekt\/ja-wie-denn-nun-bitteschoen\/","og_locale":"de_DE","og_type":"article","og_title":"Ja wie denn nun bittesch\u00f6n? - Zeitgeist? Frei!","og_description":"Irgendwie verstehe ich weder Gr\u00fcne noch Linke \u2013 von dem restlichen Politvolk ganz zu schweigen. Da wollen erstere noch mehr Ausl\u00e4nder aus islamischen L\u00e4ndern mit ihren jeweils eigenen kulturellen Spielregeln nach Deutschland einschleusen. Kopftuch und Vollverschleierung? Alles kein Problem f\u00fcr &hellip; Weiterlesen &rarr;","og_url":"https:\/\/www.inkultura-online.de\/politisch_unkorrekt\/ja-wie-denn-nun-bitteschoen\/","og_site_name":"Zeitgeist? Frei!","article_published_time":"2016-09-01T15:38:05+00:00","article_modified_time":"2016-09-01T15:39:33+00:00","author":"Orator","twitter_misc":{"Verfasst von":"Orator","Gesch\u00e4tzte Lesezeit":"1\u00a0Minute"},"schema":{"@context":"https:\/\/schema.org","@graph":[{"@type":"Article","@id":"https:\/\/www.inkultura-online.de\/politisch_unkorrekt\/ja-wie-denn-nun-bitteschoen\/#article","isPartOf":{"@id":"https:\/\/www.inkultura-online.de\/politisch_unkorrekt\/ja-wie-denn-nun-bitteschoen\/"},"author":{"name":"Orator","@id":"https:\/\/www.inkultura-online.de\/politisch_unkorrekt\/#\/schema\/person\/5b30b80e385478896a1de221e1994d86"},"headline":"Ja wie denn nun bittesch\u00f6n?","datePublished":"2016-09-01T15:38:05+00:00","dateModified":"2016-09-01T15:39:33+00:00","mainEntityOfPage":{"@id":"https:\/\/www.inkultura-online.de\/politisch_unkorrekt\/ja-wie-denn-nun-bitteschoen\/"},"wordCount":194,"commentCount":0,"publisher":{"@id":"https:\/\/www.inkultura-online.de\/politisch_unkorrekt\/#\/schema\/person\/5b30b80e385478896a1de221e1994d86"},"keywords":["Islamisierung","Kopftuchstreit","Volksaustauscher","Vollverschleierung"],"articleSection":["Denunzianten und Volksverr\u00e4ter","Fundst\u00fccke","Keine Islamisierung?"],"inLanguage":"de","potentialAction":[{"@type":"CommentAction","name":"Comment","target":["https:\/\/www.inkultura-online.de\/politisch_unkorrekt\/ja-wie-denn-nun-bitteschoen\/#respond"]}]},{"@type":"WebPage","@id":"https:\/\/www.inkultura-online.de\/politisch_unkorrekt\/ja-wie-denn-nun-bitteschoen\/","url":"https:\/\/www.inkultura-online.de\/politisch_unkorrekt\/ja-wie-denn-nun-bitteschoen\/","name":"Ja wie denn nun bittesch\u00f6n? - Zeitgeist? Frei!","isPartOf":{"@id":"https:\/\/www.inkultura-online.de\/politisch_unkorrekt\/#website"},"datePublished":"2016-09-01T15:38:05+00:00","dateModified":"2016-09-01T15:39:33+00:00","breadcrumb":{"@id":"https:\/\/www.inkultura-online.de\/politisch_unkorrekt\/ja-wie-denn-nun-bitteschoen\/#breadcrumb"},"inLanguage":"de","potentialAction":[{"@type":"ReadAction","target":["https:\/\/www.inkultura-online.de\/politisch_unkorrekt\/ja-wie-denn-nun-bitteschoen\/"]}]},{"@type":"BreadcrumbList","@id":"https:\/\/www.inkultura-online.de\/politisch_unkorrekt\/ja-wie-denn-nun-bitteschoen\/#breadcrumb","itemListElement":[{"@type":"ListItem","position":1,"name":"Home","item":"https:\/\/www.inkultura-online.de\/politisch_unkorrekt\/"},{"@type":"ListItem","position":2,"name":"Ja wie denn nun bittesch\u00f6n?"}]},{"@type":"WebSite","@id":"https:\/\/www.inkultura-online.de\/politisch_unkorrekt\/#website","url":"https:\/\/www.inkultura-online.de\/politisch_unkorrekt\/","name":"Zeitgeist? Frei!","description":"Was Ihr den Geist der Zeiten hei\u00dft...","publisher":{"@id":"https:\/\/www.inkultura-online.de\/politisch_unkorrekt\/#\/schema\/person\/5b30b80e385478896a1de221e1994d86"},"potentialAction":[{"@type":"SearchAction","target":{"@type":"EntryPoint","urlTemplate":"https:\/\/www.inkultura-online.de\/politisch_unkorrekt\/?s={search_term_string}"},"query-input":{"@type":"PropertyValueSpecification","valueRequired":true,"valueName":"search_term_string"}}],"inLanguage":"de"},{"@type":["Person","Organization"],"@id":"https:\/\/www.inkultura-online.de\/politisch_unkorrekt\/#\/schema\/person\/5b30b80e385478896a1de221e1994d86","name":"Orator","image":{"@type":"ImageObject","inLanguage":"de","@id":"https:\/\/secure.gravatar.com\/avatar\/96e03166d31716e9c437060430eb7605c45a8ce6fb6dab483637ca6915dd0844?s=96&d=mm&r=g","url":"https:\/\/secure.gravatar.com\/avatar\/96e03166d31716e9c437060430eb7605c45a8ce6fb6dab483637ca6915dd0844?s=96&d=mm&r=g","contentUrl":"https:\/\/secure.gravatar.com\/avatar\/96e03166d31716e9c437060430eb7605c45a8ce6fb6dab483637ca6915dd0844?s=96&d=mm&r=g","caption":"Orator"},"logo":{"@id":"https:\/\/secure.gravatar.com\/avatar\/96e03166d31716e9c437060430eb7605c45a8ce6fb6dab483637ca6915dd0844?s=96&d=mm&r=g"},"url":"https:\/\/www.inkultura-online.de\/politisch_unkorrekt\/author\/1korrektor21-2\/"}]}},"_links":{"self":[{"href":"https:\/\/www.inkultura-online.de\/politisch_unkorrekt\/wp-json\/wp\/v2\/posts\/1267","targetHints":{"allow":["GET"]}}],"collection":[{"href":"https:\/\/www.inkultura-online.de\/politisch_unkorrekt\/wp-json\/wp\/v2\/posts"}],"about":[{"href":"https:\/\/www.inkultura-online.de\/politisch_unkorrekt\/wp-json\/wp\/v2\/types\/post"}],"author":[{"embeddable":true,"href":"https:\/\/www.inkultura-online.de\/politisch_unkorrekt\/wp-json\/wp\/v2\/users\/1"}],"replies":[{"embeddable":true,"href":"https:\/\/www.inkultura-online.de\/politisch_unkorrekt\/wp-json\/wp\/v2\/comments?post=1267"}],"version-history":[{"count":2,"href":"https:\/\/www.inkultura-online.de\/politisch_unkorrekt\/wp-json\/wp\/v2\/posts\/1267\/revisions"}],"predecessor-version":[{"id":1269,"href":"https:\/\/www.inkultura-online.de\/politisch_unkorrekt\/wp-json\/wp\/v2\/posts\/1267\/revisions\/1269"}],"wp:attachment":[{"href":"https:\/\/www.inkultura-online.de\/politisch_unkorrekt\/wp-json\/wp\/v2\/media?parent=1267"}],"wp:term":[{"taxonomy":"category","embeddable":true,"href":"https:\/\/www.inkultura-online.de\/politisch_unkorrekt\/wp-json\/wp\/v2\/categories?post=1267"},{"taxonomy":"post_tag","embeddable":true,"href":"https:\/\/www.inkultura-online.de\/politisch_unkorrekt\/wp-json\/wp\/v2\/tags?post=1267"}],"curies":[{"name":"wp","href":"https:\/\/api.w.org\/{rel}","templated":true}]}}