{"id":1284,"date":"2016-09-17T11:11:25","date_gmt":"2016-09-17T09:11:25","guid":{"rendered":"http:\/\/www.inkultura-online.de\/politisch_unkorrekt\/?p=1284"},"modified":"2016-09-17T11:11:25","modified_gmt":"2016-09-17T09:11:25","slug":"wenn-zwei-das-gleiche-tun","status":"publish","type":"post","link":"https:\/\/www.inkultura-online.de\/politisch_unkorrekt\/wenn-zwei-das-gleiche-tun\/","title":{"rendered":"Wenn zwei das Gleiche tun"},"content":{"rendered":"<p>Vor dem Gesetz sind alle B\u00fcrger gleich. Eine wohlklingende Phrase, mehr auch nicht. Jeder Politiker und die mit ihnen im Ungeist vereinten Medien hat diesen Satz im Repertoire der Volksberuhigung parat. Justitia, die gern mit Augenbinde, Waage und Richtschwert dargestellt wird und dadurch die Unbestechlichkeit des Rechts durch Geld, gesellschaftliche Position oder politische Einstellung verk\u00f6rpern soll, ist mitnichten so vorurteilslos, wie sie gern erscheint.<!--more--><\/p>\n<p>Der B\u00fcrger wird hinsichtlich der Unparteilichkeit der deutschen Justiz, die aktuell oft als verl\u00e4ngerter Arm der Politik in Erscheinung tritt, schnell eines Besseren belehrt, geht es um die Verfolgung von linksextremen Straftaten. Da kann schon einmal eine Horde Vermummter durch die Innenst\u00e4dte ziehen und eine Spur der Verw\u00fcstung hinterlassen, doch kurioserweise gelingt es den Ordnungskr\u00e4ften nur in wenigen F\u00e4llen, der Kriminellen habhaft zu werden. Geschieht dies wider Erwarten doch einmal, dann tritt eine \u00e4u\u00dferst verst\u00e4ndnisvolle Justiz auf den Plan und zeigt, menschlich, allzu menschlich, viel Verst\u00e4ndnis f\u00fcr die T\u00e4ter, die nicht selten mit einem Freispruch mangels eindeutiger Beweise rechnen k\u00f6nnen.<\/p>\n<p>Auch in Bezug auf Menschenschmuggel ist, zumindest in Deutschland, Justitia nicht ganz so blind. W\u00e4hrend hierzulande niemand im politisch-medialen Komplex daran Ansto\u00df nimmt, dass ein Bundestagsabgeordneter der Linken, Diether Dehm, sich als <a href=\"http:\/\/www.t-online.de\/nachrichten\/deutschland\/gesellschaft\/id_78957494\/linken-politiker-diether-dehm-schleust-fluechtlinge-nach-deutschland.html\" target=\"_blank\">Schleuser<\/a> eines minderj\u00e4hrigen \u201eHalbwaisen aus Afrika\u201c, so der kriminelle Gesellschaftsingenieur, bet\u00e4tigt, diesem erst einige Tage in seinem Ferienhaus am Lago Maggiore ein paar Tage \u201eSchutz geboten\u201c hat &#8211; Oops, man kennt das Knistern der Neuronen von linksrotgr\u00fcnen Politikern (Cohn-Bendit, Beck, Edathy) in Bezug auf knackige J\u00fcnglinge zur Gen\u00fcge \u2013 und ihn dann, nach vollzogenem Akt (der Menschenliebe) in Deutschland einer \u201eFl\u00fcchtlingshelferin\u201c \u00fcbergab, zeigt sich die griechische Version der G\u00f6ttin der Gerechtigkeit etwas spr\u00f6der.<\/p>\n<p>Dort wurde ein deutscher Pension\u00e4r und seine von den Philippinen stammende Frau wegen Menschenschmuggel zu 16 Jahren und sechs Monaten Haft und einer Geldstrafe von 46.000 Euro <a href=\"http:\/\/www.taz.de\/16-Jahre-Haft-wegen-Schlepperei\/!5336068\/\" target=\"_blank\">verurteilt<\/a>. Die Ehefrau wurde zur Zahlung derselben Summe verurteilt, durfte Griechenland jedoch verlassen. W\u00e4hrend der Linke Dehm, wie er es ausdr\u00fcckt, \u201emit sich im reinen ist\u201c und seine Tage munter im sonnigen S\u00fcden in der vom deutschen Steuerzahler bezahlten Villa verbringt, sitzt der kriminelle Rentner im griechischen Knast. Dahin, hinter Gitter, geh\u00f6rt eigentlich auch der linke Latschen Dehm.<\/p>\n<p>Wie bereits gesagt, wenn zwei das Gleiche tun, ist das noch lange nicht dasselbe.<\/p>\n","protected":false},"excerpt":{"rendered":"<p>Vor dem Gesetz sind alle B\u00fcrger gleich. Eine wohlklingende Phrase, mehr auch nicht. Jeder Politiker und die mit ihnen im Ungeist vereinten Medien hat diesen Satz im Repertoire der Volksberuhigung parat. Justitia, die gern mit Augenbinde, Waage und Richtschwert dargestellt &hellip; <a href=\"https:\/\/www.inkultura-online.de\/politisch_unkorrekt\/wenn-zwei-das-gleiche-tun\/\">Weiterlesen <span class=\"meta-nav\">&rarr;<\/span><\/a><\/p>\n","protected":false},"author":1,"featured_media":0,"comment_status":"open","ping_status":"open","sticky":false,"template":"","format":"standard","meta":{"footnotes":""},"categories":[2,378,1,444,11],"tags":[758,433,77,277,327],"class_list":["post-1284","post","type-post","status-publish","format-standard","hentry","category-antipathie","category-denunzianten","category-fundstuecke","category-gedanken-zum-tag","category-was-die-qualitaetspresse-gern-verschweigt","tag-diether-dehm","tag-kriminelle-politiker","tag-menschenschmuggel","tag-paedophilie","tag-schleuser"],"yoast_head":"<!-- This site is optimized with the Yoast SEO plugin v27.5 - https:\/\/yoast.com\/product\/yoast-seo-wordpress\/ -->\n<title>Wenn zwei das Gleiche tun - Zeitgeist? Frei!<\/title>\n<meta name=\"robots\" content=\"index, follow, max-snippet:-1, max-image-preview:large, max-video-preview:-1\" \/>\n<link rel=\"canonical\" href=\"https:\/\/www.inkultura-online.de\/politisch_unkorrekt\/wenn-zwei-das-gleiche-tun\/\" \/>\n<meta property=\"og:locale\" content=\"de_DE\" \/>\n<meta property=\"og:type\" content=\"article\" \/>\n<meta property=\"og:title\" content=\"Wenn zwei das Gleiche tun - Zeitgeist? Frei!\" \/>\n<meta property=\"og:description\" content=\"Vor dem Gesetz sind alle B\u00fcrger gleich. Eine wohlklingende Phrase, mehr auch nicht. Jeder Politiker und die mit ihnen im Ungeist vereinten Medien hat diesen Satz im Repertoire der Volksberuhigung parat. Justitia, die gern mit Augenbinde, Waage und Richtschwert dargestellt &hellip; Weiterlesen &rarr;\" \/>\n<meta property=\"og:url\" content=\"https:\/\/www.inkultura-online.de\/politisch_unkorrekt\/wenn-zwei-das-gleiche-tun\/\" \/>\n<meta property=\"og:site_name\" content=\"Zeitgeist? Frei!\" \/>\n<meta property=\"article:published_time\" content=\"2016-09-17T09:11:25+00:00\" \/>\n<meta name=\"author\" content=\"Orator\" \/>\n<meta name=\"twitter:label1\" content=\"Verfasst von\" \/>\n\t<meta name=\"twitter:data1\" content=\"Orator\" \/>\n\t<meta name=\"twitter:label2\" content=\"Gesch\u00e4tzte Lesezeit\" \/>\n\t<meta name=\"twitter:data2\" content=\"2\u00a0Minuten\" \/>\n<script type=\"application\/ld+json\" class=\"yoast-schema-graph\">{\"@context\":\"https:\\\/\\\/schema.org\",\"@graph\":[{\"@type\":\"Article\",\"@id\":\"https:\\\/\\\/www.inkultura-online.de\\\/politisch_unkorrekt\\\/wenn-zwei-das-gleiche-tun\\\/#article\",\"isPartOf\":{\"@id\":\"https:\\\/\\\/www.inkultura-online.de\\\/politisch_unkorrekt\\\/wenn-zwei-das-gleiche-tun\\\/\"},\"author\":{\"name\":\"Orator\",\"@id\":\"https:\\\/\\\/www.inkultura-online.de\\\/politisch_unkorrekt\\\/#\\\/schema\\\/person\\\/5b30b80e385478896a1de221e1994d86\"},\"headline\":\"Wenn zwei das Gleiche tun\",\"datePublished\":\"2016-09-17T09:11:25+00:00\",\"mainEntityOfPage\":{\"@id\":\"https:\\\/\\\/www.inkultura-online.de\\\/politisch_unkorrekt\\\/wenn-zwei-das-gleiche-tun\\\/\"},\"wordCount\":398,\"commentCount\":0,\"publisher\":{\"@id\":\"https:\\\/\\\/www.inkultura-online.de\\\/politisch_unkorrekt\\\/#\\\/schema\\\/person\\\/5b30b80e385478896a1de221e1994d86\"},\"keywords\":[\"Diether Dehm\",\"kriminelle Politiker\",\"Menschenschmuggel\",\"P\u00e4dophilie\",\"Schleuser\"],\"articleSection\":[\"Antipathie\",\"Denunzianten und Volksverr\u00e4ter\",\"Fundst\u00fccke\",\"Gedanken zum Tag\",\"Was die \\\"Qualit\u00e4tspresse\\\" gern verschweigt\"],\"inLanguage\":\"de\",\"potentialAction\":[{\"@type\":\"CommentAction\",\"name\":\"Comment\",\"target\":[\"https:\\\/\\\/www.inkultura-online.de\\\/politisch_unkorrekt\\\/wenn-zwei-das-gleiche-tun\\\/#respond\"]}]},{\"@type\":\"WebPage\",\"@id\":\"https:\\\/\\\/www.inkultura-online.de\\\/politisch_unkorrekt\\\/wenn-zwei-das-gleiche-tun\\\/\",\"url\":\"https:\\\/\\\/www.inkultura-online.de\\\/politisch_unkorrekt\\\/wenn-zwei-das-gleiche-tun\\\/\",\"name\":\"Wenn zwei das Gleiche tun - Zeitgeist? Frei!\",\"isPartOf\":{\"@id\":\"https:\\\/\\\/www.inkultura-online.de\\\/politisch_unkorrekt\\\/#website\"},\"datePublished\":\"2016-09-17T09:11:25+00:00\",\"breadcrumb\":{\"@id\":\"https:\\\/\\\/www.inkultura-online.de\\\/politisch_unkorrekt\\\/wenn-zwei-das-gleiche-tun\\\/#breadcrumb\"},\"inLanguage\":\"de\",\"potentialAction\":[{\"@type\":\"ReadAction\",\"target\":[\"https:\\\/\\\/www.inkultura-online.de\\\/politisch_unkorrekt\\\/wenn-zwei-das-gleiche-tun\\\/\"]}]},{\"@type\":\"BreadcrumbList\",\"@id\":\"https:\\\/\\\/www.inkultura-online.de\\\/politisch_unkorrekt\\\/wenn-zwei-das-gleiche-tun\\\/#breadcrumb\",\"itemListElement\":[{\"@type\":\"ListItem\",\"position\":1,\"name\":\"Home\",\"item\":\"https:\\\/\\\/www.inkultura-online.de\\\/politisch_unkorrekt\\\/\"},{\"@type\":\"ListItem\",\"position\":2,\"name\":\"Wenn zwei das Gleiche tun\"}]},{\"@type\":\"WebSite\",\"@id\":\"https:\\\/\\\/www.inkultura-online.de\\\/politisch_unkorrekt\\\/#website\",\"url\":\"https:\\\/\\\/www.inkultura-online.de\\\/politisch_unkorrekt\\\/\",\"name\":\"Zeitgeist? Frei!\",\"description\":\"Was Ihr den Geist der Zeiten hei\u00dft...\",\"publisher\":{\"@id\":\"https:\\\/\\\/www.inkultura-online.de\\\/politisch_unkorrekt\\\/#\\\/schema\\\/person\\\/5b30b80e385478896a1de221e1994d86\"},\"potentialAction\":[{\"@type\":\"SearchAction\",\"target\":{\"@type\":\"EntryPoint\",\"urlTemplate\":\"https:\\\/\\\/www.inkultura-online.de\\\/politisch_unkorrekt\\\/?s={search_term_string}\"},\"query-input\":{\"@type\":\"PropertyValueSpecification\",\"valueRequired\":true,\"valueName\":\"search_term_string\"}}],\"inLanguage\":\"de\"},{\"@type\":[\"Person\",\"Organization\"],\"@id\":\"https:\\\/\\\/www.inkultura-online.de\\\/politisch_unkorrekt\\\/#\\\/schema\\\/person\\\/5b30b80e385478896a1de221e1994d86\",\"name\":\"Orator\",\"image\":{\"@type\":\"ImageObject\",\"inLanguage\":\"de\",\"@id\":\"https:\\\/\\\/secure.gravatar.com\\\/avatar\\\/96e03166d31716e9c437060430eb7605c45a8ce6fb6dab483637ca6915dd0844?s=96&d=mm&r=g\",\"url\":\"https:\\\/\\\/secure.gravatar.com\\\/avatar\\\/96e03166d31716e9c437060430eb7605c45a8ce6fb6dab483637ca6915dd0844?s=96&d=mm&r=g\",\"contentUrl\":\"https:\\\/\\\/secure.gravatar.com\\\/avatar\\\/96e03166d31716e9c437060430eb7605c45a8ce6fb6dab483637ca6915dd0844?s=96&d=mm&r=g\",\"caption\":\"Orator\"},\"logo\":{\"@id\":\"https:\\\/\\\/secure.gravatar.com\\\/avatar\\\/96e03166d31716e9c437060430eb7605c45a8ce6fb6dab483637ca6915dd0844?s=96&d=mm&r=g\"},\"url\":\"https:\\\/\\\/www.inkultura-online.de\\\/politisch_unkorrekt\\\/author\\\/1korrektor21-2\\\/\"}]}<\/script>\n<!-- \/ Yoast SEO plugin. -->","yoast_head_json":{"title":"Wenn zwei das Gleiche tun - Zeitgeist? Frei!","robots":{"index":"index","follow":"follow","max-snippet":"max-snippet:-1","max-image-preview":"max-image-preview:large","max-video-preview":"max-video-preview:-1"},"canonical":"https:\/\/www.inkultura-online.de\/politisch_unkorrekt\/wenn-zwei-das-gleiche-tun\/","og_locale":"de_DE","og_type":"article","og_title":"Wenn zwei das Gleiche tun - Zeitgeist? Frei!","og_description":"Vor dem Gesetz sind alle B\u00fcrger gleich. Eine wohlklingende Phrase, mehr auch nicht. Jeder Politiker und die mit ihnen im Ungeist vereinten Medien hat diesen Satz im Repertoire der Volksberuhigung parat. Justitia, die gern mit Augenbinde, Waage und Richtschwert dargestellt &hellip; Weiterlesen &rarr;","og_url":"https:\/\/www.inkultura-online.de\/politisch_unkorrekt\/wenn-zwei-das-gleiche-tun\/","og_site_name":"Zeitgeist? Frei!","article_published_time":"2016-09-17T09:11:25+00:00","author":"Orator","twitter_misc":{"Verfasst von":"Orator","Gesch\u00e4tzte Lesezeit":"2\u00a0Minuten"},"schema":{"@context":"https:\/\/schema.org","@graph":[{"@type":"Article","@id":"https:\/\/www.inkultura-online.de\/politisch_unkorrekt\/wenn-zwei-das-gleiche-tun\/#article","isPartOf":{"@id":"https:\/\/www.inkultura-online.de\/politisch_unkorrekt\/wenn-zwei-das-gleiche-tun\/"},"author":{"name":"Orator","@id":"https:\/\/www.inkultura-online.de\/politisch_unkorrekt\/#\/schema\/person\/5b30b80e385478896a1de221e1994d86"},"headline":"Wenn zwei das Gleiche tun","datePublished":"2016-09-17T09:11:25+00:00","mainEntityOfPage":{"@id":"https:\/\/www.inkultura-online.de\/politisch_unkorrekt\/wenn-zwei-das-gleiche-tun\/"},"wordCount":398,"commentCount":0,"publisher":{"@id":"https:\/\/www.inkultura-online.de\/politisch_unkorrekt\/#\/schema\/person\/5b30b80e385478896a1de221e1994d86"},"keywords":["Diether Dehm","kriminelle Politiker","Menschenschmuggel","P\u00e4dophilie","Schleuser"],"articleSection":["Antipathie","Denunzianten und Volksverr\u00e4ter","Fundst\u00fccke","Gedanken zum Tag","Was die \"Qualit\u00e4tspresse\" gern verschweigt"],"inLanguage":"de","potentialAction":[{"@type":"CommentAction","name":"Comment","target":["https:\/\/www.inkultura-online.de\/politisch_unkorrekt\/wenn-zwei-das-gleiche-tun\/#respond"]}]},{"@type":"WebPage","@id":"https:\/\/www.inkultura-online.de\/politisch_unkorrekt\/wenn-zwei-das-gleiche-tun\/","url":"https:\/\/www.inkultura-online.de\/politisch_unkorrekt\/wenn-zwei-das-gleiche-tun\/","name":"Wenn zwei das Gleiche tun - Zeitgeist? Frei!","isPartOf":{"@id":"https:\/\/www.inkultura-online.de\/politisch_unkorrekt\/#website"},"datePublished":"2016-09-17T09:11:25+00:00","breadcrumb":{"@id":"https:\/\/www.inkultura-online.de\/politisch_unkorrekt\/wenn-zwei-das-gleiche-tun\/#breadcrumb"},"inLanguage":"de","potentialAction":[{"@type":"ReadAction","target":["https:\/\/www.inkultura-online.de\/politisch_unkorrekt\/wenn-zwei-das-gleiche-tun\/"]}]},{"@type":"BreadcrumbList","@id":"https:\/\/www.inkultura-online.de\/politisch_unkorrekt\/wenn-zwei-das-gleiche-tun\/#breadcrumb","itemListElement":[{"@type":"ListItem","position":1,"name":"Home","item":"https:\/\/www.inkultura-online.de\/politisch_unkorrekt\/"},{"@type":"ListItem","position":2,"name":"Wenn zwei das Gleiche tun"}]},{"@type":"WebSite","@id":"https:\/\/www.inkultura-online.de\/politisch_unkorrekt\/#website","url":"https:\/\/www.inkultura-online.de\/politisch_unkorrekt\/","name":"Zeitgeist? Frei!","description":"Was Ihr den Geist der Zeiten hei\u00dft...","publisher":{"@id":"https:\/\/www.inkultura-online.de\/politisch_unkorrekt\/#\/schema\/person\/5b30b80e385478896a1de221e1994d86"},"potentialAction":[{"@type":"SearchAction","target":{"@type":"EntryPoint","urlTemplate":"https:\/\/www.inkultura-online.de\/politisch_unkorrekt\/?s={search_term_string}"},"query-input":{"@type":"PropertyValueSpecification","valueRequired":true,"valueName":"search_term_string"}}],"inLanguage":"de"},{"@type":["Person","Organization"],"@id":"https:\/\/www.inkultura-online.de\/politisch_unkorrekt\/#\/schema\/person\/5b30b80e385478896a1de221e1994d86","name":"Orator","image":{"@type":"ImageObject","inLanguage":"de","@id":"https:\/\/secure.gravatar.com\/avatar\/96e03166d31716e9c437060430eb7605c45a8ce6fb6dab483637ca6915dd0844?s=96&d=mm&r=g","url":"https:\/\/secure.gravatar.com\/avatar\/96e03166d31716e9c437060430eb7605c45a8ce6fb6dab483637ca6915dd0844?s=96&d=mm&r=g","contentUrl":"https:\/\/secure.gravatar.com\/avatar\/96e03166d31716e9c437060430eb7605c45a8ce6fb6dab483637ca6915dd0844?s=96&d=mm&r=g","caption":"Orator"},"logo":{"@id":"https:\/\/secure.gravatar.com\/avatar\/96e03166d31716e9c437060430eb7605c45a8ce6fb6dab483637ca6915dd0844?s=96&d=mm&r=g"},"url":"https:\/\/www.inkultura-online.de\/politisch_unkorrekt\/author\/1korrektor21-2\/"}]}},"_links":{"self":[{"href":"https:\/\/www.inkultura-online.de\/politisch_unkorrekt\/wp-json\/wp\/v2\/posts\/1284","targetHints":{"allow":["GET"]}}],"collection":[{"href":"https:\/\/www.inkultura-online.de\/politisch_unkorrekt\/wp-json\/wp\/v2\/posts"}],"about":[{"href":"https:\/\/www.inkultura-online.de\/politisch_unkorrekt\/wp-json\/wp\/v2\/types\/post"}],"author":[{"embeddable":true,"href":"https:\/\/www.inkultura-online.de\/politisch_unkorrekt\/wp-json\/wp\/v2\/users\/1"}],"replies":[{"embeddable":true,"href":"https:\/\/www.inkultura-online.de\/politisch_unkorrekt\/wp-json\/wp\/v2\/comments?post=1284"}],"version-history":[{"count":1,"href":"https:\/\/www.inkultura-online.de\/politisch_unkorrekt\/wp-json\/wp\/v2\/posts\/1284\/revisions"}],"predecessor-version":[{"id":1285,"href":"https:\/\/www.inkultura-online.de\/politisch_unkorrekt\/wp-json\/wp\/v2\/posts\/1284\/revisions\/1285"}],"wp:attachment":[{"href":"https:\/\/www.inkultura-online.de\/politisch_unkorrekt\/wp-json\/wp\/v2\/media?parent=1284"}],"wp:term":[{"taxonomy":"category","embeddable":true,"href":"https:\/\/www.inkultura-online.de\/politisch_unkorrekt\/wp-json\/wp\/v2\/categories?post=1284"},{"taxonomy":"post_tag","embeddable":true,"href":"https:\/\/www.inkultura-online.de\/politisch_unkorrekt\/wp-json\/wp\/v2\/tags?post=1284"}],"curies":[{"name":"wp","href":"https:\/\/api.w.org\/{rel}","templated":true}]}}