{"id":1286,"date":"2016-09-18T10:17:03","date_gmt":"2016-09-18T08:17:03","guid":{"rendered":"http:\/\/www.inkultura-online.de\/politisch_unkorrekt\/?p=1286"},"modified":"2016-09-18T10:17:03","modified_gmt":"2016-09-18T08:17:03","slug":"deutsche-diaspora","status":"publish","type":"post","link":"https:\/\/www.inkultura-online.de\/politisch_unkorrekt\/deutsche-diaspora\/","title":{"rendered":"Deutsche Diaspora?"},"content":{"rendered":"<p>Lamya Kaddor? Ach ja, die Frau \u201eLehrerin\u201c aus deren Schulklasse einige Sch\u00fcler nach Syrien gereist sind, um Christen zu k\u00f6pfen, glaubt in ihrem anscheinend verzerrten Weltbild, die Deutschen befinden sich weltweit in der Diaspora. Wie sonst sollte man ihren Satz \u201eDie neuen Deutschen, die derzeit kommen, werden uns tats\u00e4chlich einiges kosten.\u201c verstehen? Wer die nach Germoney flutenden islamischen Invasionstruppen als \u201eneue Deutsche\u201c bezeichnet \u2013 die str\u00f6men wohl alle heim ins Reich &#8211; und im selben Beitrag in der <a href=\"https:\/\/www.welt.de\/debatte\/kommentare\/article158190097\/Wir-muessen-endlich-ueber-unsere-Bringschuld-sprechen.html\" target=\"_blank\">WELT<\/a> die Deutschen pauschal als Rassisten beleidigt, die trotzdem gegen\u00fcber den Sturmtruppen des Islams eine Bringschuld h\u00e4tten, der sollte sich besser in \u00e4rztliche Behandlung begeben. Unser Land hat offensichtlich viele Feinde, von denen die meisten, wie Frau Kaddor, schon lange in der Mitte der Gesellschaft leben. Dieser \u201eP\u00e4dagogin\u201c geh\u00f6rt schlicht und ergreifend die Lehrerlaubnis entzogen.<\/p>\n","protected":false},"excerpt":{"rendered":"<p>Lamya Kaddor? Ach ja, die Frau \u201eLehrerin\u201c aus deren Schulklasse einige Sch\u00fcler nach Syrien gereist sind, um Christen zu k\u00f6pfen, glaubt in ihrem anscheinend verzerrten Weltbild, die Deutschen befinden sich weltweit in der Diaspora. Wie sonst sollte man ihren Satz &hellip; <a href=\"https:\/\/www.inkultura-online.de\/politisch_unkorrekt\/deutsche-diaspora\/\">Weiterlesen <span class=\"meta-nav\">&rarr;<\/span><\/a><\/p>\n","protected":false},"author":1,"featured_media":0,"comment_status":"open","ping_status":"open","sticky":false,"template":"","format":"standard","meta":{"footnotes":""},"categories":[3,1,146],"tags":[760,52,759,572,225],"class_list":["post-1286","post","type-post","status-publish","format-standard","hentry","category-die-duemmsten-sprueche-der-woche","category-fundstuecke","category-keine-islamisierung","tag-deutsche-diaspora","tag-islamisierung","tag-lamya-kaddor","tag-muslimische-invasion","tag-volksverraeter"],"yoast_head":"<!-- This site is optimized with the Yoast SEO plugin v27.5 - https:\/\/yoast.com\/product\/yoast-seo-wordpress\/ -->\n<title>Deutsche Diaspora? - Zeitgeist? Frei!<\/title>\n<meta name=\"robots\" content=\"index, follow, max-snippet:-1, max-image-preview:large, max-video-preview:-1\" \/>\n<link rel=\"canonical\" href=\"https:\/\/www.inkultura-online.de\/politisch_unkorrekt\/deutsche-diaspora\/\" \/>\n<meta property=\"og:locale\" content=\"de_DE\" \/>\n<meta property=\"og:type\" content=\"article\" \/>\n<meta property=\"og:title\" content=\"Deutsche Diaspora? - Zeitgeist? Frei!\" \/>\n<meta property=\"og:description\" content=\"Lamya Kaddor? Ach ja, die Frau \u201eLehrerin\u201c aus deren Schulklasse einige Sch\u00fcler nach Syrien gereist sind, um Christen zu k\u00f6pfen, glaubt in ihrem anscheinend verzerrten Weltbild, die Deutschen befinden sich weltweit in der Diaspora. Wie sonst sollte man ihren Satz &hellip; Weiterlesen &rarr;\" \/>\n<meta property=\"og:url\" content=\"https:\/\/www.inkultura-online.de\/politisch_unkorrekt\/deutsche-diaspora\/\" \/>\n<meta property=\"og:site_name\" content=\"Zeitgeist? Frei!\" \/>\n<meta property=\"article:published_time\" content=\"2016-09-18T08:17:03+00:00\" \/>\n<meta name=\"author\" content=\"Orator\" \/>\n<meta name=\"twitter:label1\" content=\"Verfasst von\" \/>\n\t<meta name=\"twitter:data1\" content=\"Orator\" \/>\n\t<meta name=\"twitter:label2\" content=\"Gesch\u00e4tzte Lesezeit\" \/>\n\t<meta name=\"twitter:data2\" content=\"1\u00a0Minute\" \/>\n<script type=\"application\/ld+json\" class=\"yoast-schema-graph\">{\"@context\":\"https:\\\/\\\/schema.org\",\"@graph\":[{\"@type\":\"Article\",\"@id\":\"https:\\\/\\\/www.inkultura-online.de\\\/politisch_unkorrekt\\\/deutsche-diaspora\\\/#article\",\"isPartOf\":{\"@id\":\"https:\\\/\\\/www.inkultura-online.de\\\/politisch_unkorrekt\\\/deutsche-diaspora\\\/\"},\"author\":{\"name\":\"Orator\",\"@id\":\"https:\\\/\\\/www.inkultura-online.de\\\/politisch_unkorrekt\\\/#\\\/schema\\\/person\\\/5b30b80e385478896a1de221e1994d86\"},\"headline\":\"Deutsche Diaspora?\",\"datePublished\":\"2016-09-18T08:17:03+00:00\",\"mainEntityOfPage\":{\"@id\":\"https:\\\/\\\/www.inkultura-online.de\\\/politisch_unkorrekt\\\/deutsche-diaspora\\\/\"},\"wordCount\":142,\"commentCount\":0,\"publisher\":{\"@id\":\"https:\\\/\\\/www.inkultura-online.de\\\/politisch_unkorrekt\\\/#\\\/schema\\\/person\\\/5b30b80e385478896a1de221e1994d86\"},\"keywords\":[\"Deutsche Diaspora\",\"Islamisierung\",\"Lamya Kaddor\",\"muslimische Invasion\",\"Volksverr\u00e4ter\"],\"articleSection\":[\"Die d\u00fcmmsten Spr\u00fcche der Woche\",\"Fundst\u00fccke\",\"Keine Islamisierung?\"],\"inLanguage\":\"de\",\"potentialAction\":[{\"@type\":\"CommentAction\",\"name\":\"Comment\",\"target\":[\"https:\\\/\\\/www.inkultura-online.de\\\/politisch_unkorrekt\\\/deutsche-diaspora\\\/#respond\"]}]},{\"@type\":\"WebPage\",\"@id\":\"https:\\\/\\\/www.inkultura-online.de\\\/politisch_unkorrekt\\\/deutsche-diaspora\\\/\",\"url\":\"https:\\\/\\\/www.inkultura-online.de\\\/politisch_unkorrekt\\\/deutsche-diaspora\\\/\",\"name\":\"Deutsche Diaspora? - Zeitgeist? Frei!\",\"isPartOf\":{\"@id\":\"https:\\\/\\\/www.inkultura-online.de\\\/politisch_unkorrekt\\\/#website\"},\"datePublished\":\"2016-09-18T08:17:03+00:00\",\"breadcrumb\":{\"@id\":\"https:\\\/\\\/www.inkultura-online.de\\\/politisch_unkorrekt\\\/deutsche-diaspora\\\/#breadcrumb\"},\"inLanguage\":\"de\",\"potentialAction\":[{\"@type\":\"ReadAction\",\"target\":[\"https:\\\/\\\/www.inkultura-online.de\\\/politisch_unkorrekt\\\/deutsche-diaspora\\\/\"]}]},{\"@type\":\"BreadcrumbList\",\"@id\":\"https:\\\/\\\/www.inkultura-online.de\\\/politisch_unkorrekt\\\/deutsche-diaspora\\\/#breadcrumb\",\"itemListElement\":[{\"@type\":\"ListItem\",\"position\":1,\"name\":\"Home\",\"item\":\"https:\\\/\\\/www.inkultura-online.de\\\/politisch_unkorrekt\\\/\"},{\"@type\":\"ListItem\",\"position\":2,\"name\":\"Deutsche Diaspora?\"}]},{\"@type\":\"WebSite\",\"@id\":\"https:\\\/\\\/www.inkultura-online.de\\\/politisch_unkorrekt\\\/#website\",\"url\":\"https:\\\/\\\/www.inkultura-online.de\\\/politisch_unkorrekt\\\/\",\"name\":\"Zeitgeist? Frei!\",\"description\":\"Was Ihr den Geist der Zeiten hei\u00dft...\",\"publisher\":{\"@id\":\"https:\\\/\\\/www.inkultura-online.de\\\/politisch_unkorrekt\\\/#\\\/schema\\\/person\\\/5b30b80e385478896a1de221e1994d86\"},\"potentialAction\":[{\"@type\":\"SearchAction\",\"target\":{\"@type\":\"EntryPoint\",\"urlTemplate\":\"https:\\\/\\\/www.inkultura-online.de\\\/politisch_unkorrekt\\\/?s={search_term_string}\"},\"query-input\":{\"@type\":\"PropertyValueSpecification\",\"valueRequired\":true,\"valueName\":\"search_term_string\"}}],\"inLanguage\":\"de\"},{\"@type\":[\"Person\",\"Organization\"],\"@id\":\"https:\\\/\\\/www.inkultura-online.de\\\/politisch_unkorrekt\\\/#\\\/schema\\\/person\\\/5b30b80e385478896a1de221e1994d86\",\"name\":\"Orator\",\"image\":{\"@type\":\"ImageObject\",\"inLanguage\":\"de\",\"@id\":\"https:\\\/\\\/secure.gravatar.com\\\/avatar\\\/96e03166d31716e9c437060430eb7605c45a8ce6fb6dab483637ca6915dd0844?s=96&d=mm&r=g\",\"url\":\"https:\\\/\\\/secure.gravatar.com\\\/avatar\\\/96e03166d31716e9c437060430eb7605c45a8ce6fb6dab483637ca6915dd0844?s=96&d=mm&r=g\",\"contentUrl\":\"https:\\\/\\\/secure.gravatar.com\\\/avatar\\\/96e03166d31716e9c437060430eb7605c45a8ce6fb6dab483637ca6915dd0844?s=96&d=mm&r=g\",\"caption\":\"Orator\"},\"logo\":{\"@id\":\"https:\\\/\\\/secure.gravatar.com\\\/avatar\\\/96e03166d31716e9c437060430eb7605c45a8ce6fb6dab483637ca6915dd0844?s=96&d=mm&r=g\"},\"url\":\"https:\\\/\\\/www.inkultura-online.de\\\/politisch_unkorrekt\\\/author\\\/1korrektor21-2\\\/\"}]}<\/script>\n<!-- \/ Yoast SEO plugin. -->","yoast_head_json":{"title":"Deutsche Diaspora? - Zeitgeist? Frei!","robots":{"index":"index","follow":"follow","max-snippet":"max-snippet:-1","max-image-preview":"max-image-preview:large","max-video-preview":"max-video-preview:-1"},"canonical":"https:\/\/www.inkultura-online.de\/politisch_unkorrekt\/deutsche-diaspora\/","og_locale":"de_DE","og_type":"article","og_title":"Deutsche Diaspora? - Zeitgeist? Frei!","og_description":"Lamya Kaddor? Ach ja, die Frau \u201eLehrerin\u201c aus deren Schulklasse einige Sch\u00fcler nach Syrien gereist sind, um Christen zu k\u00f6pfen, glaubt in ihrem anscheinend verzerrten Weltbild, die Deutschen befinden sich weltweit in der Diaspora. Wie sonst sollte man ihren Satz &hellip; Weiterlesen &rarr;","og_url":"https:\/\/www.inkultura-online.de\/politisch_unkorrekt\/deutsche-diaspora\/","og_site_name":"Zeitgeist? Frei!","article_published_time":"2016-09-18T08:17:03+00:00","author":"Orator","twitter_misc":{"Verfasst von":"Orator","Gesch\u00e4tzte Lesezeit":"1\u00a0Minute"},"schema":{"@context":"https:\/\/schema.org","@graph":[{"@type":"Article","@id":"https:\/\/www.inkultura-online.de\/politisch_unkorrekt\/deutsche-diaspora\/#article","isPartOf":{"@id":"https:\/\/www.inkultura-online.de\/politisch_unkorrekt\/deutsche-diaspora\/"},"author":{"name":"Orator","@id":"https:\/\/www.inkultura-online.de\/politisch_unkorrekt\/#\/schema\/person\/5b30b80e385478896a1de221e1994d86"},"headline":"Deutsche Diaspora?","datePublished":"2016-09-18T08:17:03+00:00","mainEntityOfPage":{"@id":"https:\/\/www.inkultura-online.de\/politisch_unkorrekt\/deutsche-diaspora\/"},"wordCount":142,"commentCount":0,"publisher":{"@id":"https:\/\/www.inkultura-online.de\/politisch_unkorrekt\/#\/schema\/person\/5b30b80e385478896a1de221e1994d86"},"keywords":["Deutsche Diaspora","Islamisierung","Lamya Kaddor","muslimische Invasion","Volksverr\u00e4ter"],"articleSection":["Die d\u00fcmmsten Spr\u00fcche der Woche","Fundst\u00fccke","Keine Islamisierung?"],"inLanguage":"de","potentialAction":[{"@type":"CommentAction","name":"Comment","target":["https:\/\/www.inkultura-online.de\/politisch_unkorrekt\/deutsche-diaspora\/#respond"]}]},{"@type":"WebPage","@id":"https:\/\/www.inkultura-online.de\/politisch_unkorrekt\/deutsche-diaspora\/","url":"https:\/\/www.inkultura-online.de\/politisch_unkorrekt\/deutsche-diaspora\/","name":"Deutsche Diaspora? - Zeitgeist? Frei!","isPartOf":{"@id":"https:\/\/www.inkultura-online.de\/politisch_unkorrekt\/#website"},"datePublished":"2016-09-18T08:17:03+00:00","breadcrumb":{"@id":"https:\/\/www.inkultura-online.de\/politisch_unkorrekt\/deutsche-diaspora\/#breadcrumb"},"inLanguage":"de","potentialAction":[{"@type":"ReadAction","target":["https:\/\/www.inkultura-online.de\/politisch_unkorrekt\/deutsche-diaspora\/"]}]},{"@type":"BreadcrumbList","@id":"https:\/\/www.inkultura-online.de\/politisch_unkorrekt\/deutsche-diaspora\/#breadcrumb","itemListElement":[{"@type":"ListItem","position":1,"name":"Home","item":"https:\/\/www.inkultura-online.de\/politisch_unkorrekt\/"},{"@type":"ListItem","position":2,"name":"Deutsche Diaspora?"}]},{"@type":"WebSite","@id":"https:\/\/www.inkultura-online.de\/politisch_unkorrekt\/#website","url":"https:\/\/www.inkultura-online.de\/politisch_unkorrekt\/","name":"Zeitgeist? Frei!","description":"Was Ihr den Geist der Zeiten hei\u00dft...","publisher":{"@id":"https:\/\/www.inkultura-online.de\/politisch_unkorrekt\/#\/schema\/person\/5b30b80e385478896a1de221e1994d86"},"potentialAction":[{"@type":"SearchAction","target":{"@type":"EntryPoint","urlTemplate":"https:\/\/www.inkultura-online.de\/politisch_unkorrekt\/?s={search_term_string}"},"query-input":{"@type":"PropertyValueSpecification","valueRequired":true,"valueName":"search_term_string"}}],"inLanguage":"de"},{"@type":["Person","Organization"],"@id":"https:\/\/www.inkultura-online.de\/politisch_unkorrekt\/#\/schema\/person\/5b30b80e385478896a1de221e1994d86","name":"Orator","image":{"@type":"ImageObject","inLanguage":"de","@id":"https:\/\/secure.gravatar.com\/avatar\/96e03166d31716e9c437060430eb7605c45a8ce6fb6dab483637ca6915dd0844?s=96&d=mm&r=g","url":"https:\/\/secure.gravatar.com\/avatar\/96e03166d31716e9c437060430eb7605c45a8ce6fb6dab483637ca6915dd0844?s=96&d=mm&r=g","contentUrl":"https:\/\/secure.gravatar.com\/avatar\/96e03166d31716e9c437060430eb7605c45a8ce6fb6dab483637ca6915dd0844?s=96&d=mm&r=g","caption":"Orator"},"logo":{"@id":"https:\/\/secure.gravatar.com\/avatar\/96e03166d31716e9c437060430eb7605c45a8ce6fb6dab483637ca6915dd0844?s=96&d=mm&r=g"},"url":"https:\/\/www.inkultura-online.de\/politisch_unkorrekt\/author\/1korrektor21-2\/"}]}},"_links":{"self":[{"href":"https:\/\/www.inkultura-online.de\/politisch_unkorrekt\/wp-json\/wp\/v2\/posts\/1286","targetHints":{"allow":["GET"]}}],"collection":[{"href":"https:\/\/www.inkultura-online.de\/politisch_unkorrekt\/wp-json\/wp\/v2\/posts"}],"about":[{"href":"https:\/\/www.inkultura-online.de\/politisch_unkorrekt\/wp-json\/wp\/v2\/types\/post"}],"author":[{"embeddable":true,"href":"https:\/\/www.inkultura-online.de\/politisch_unkorrekt\/wp-json\/wp\/v2\/users\/1"}],"replies":[{"embeddable":true,"href":"https:\/\/www.inkultura-online.de\/politisch_unkorrekt\/wp-json\/wp\/v2\/comments?post=1286"}],"version-history":[{"count":1,"href":"https:\/\/www.inkultura-online.de\/politisch_unkorrekt\/wp-json\/wp\/v2\/posts\/1286\/revisions"}],"predecessor-version":[{"id":1287,"href":"https:\/\/www.inkultura-online.de\/politisch_unkorrekt\/wp-json\/wp\/v2\/posts\/1286\/revisions\/1287"}],"wp:attachment":[{"href":"https:\/\/www.inkultura-online.de\/politisch_unkorrekt\/wp-json\/wp\/v2\/media?parent=1286"}],"wp:term":[{"taxonomy":"category","embeddable":true,"href":"https:\/\/www.inkultura-online.de\/politisch_unkorrekt\/wp-json\/wp\/v2\/categories?post=1286"},{"taxonomy":"post_tag","embeddable":true,"href":"https:\/\/www.inkultura-online.de\/politisch_unkorrekt\/wp-json\/wp\/v2\/tags?post=1286"}],"curies":[{"name":"wp","href":"https:\/\/api.w.org\/{rel}","templated":true}]}}