{"id":1307,"date":"2016-10-05T18:22:26","date_gmt":"2016-10-05T16:22:26","guid":{"rendered":"http:\/\/www.inkultura-online.de\/politisch_unkorrekt\/?p=1307"},"modified":"2016-10-05T18:22:26","modified_gmt":"2016-10-05T16:22:26","slug":"und-morgen-die-ganze-welt","status":"publish","type":"post","link":"https:\/\/www.inkultura-online.de\/politisch_unkorrekt\/und-morgen-die-ganze-welt\/","title":{"rendered":"\u2026 und morgen die ganze Welt"},"content":{"rendered":"<p>Langsam aber sicher, da ist sich der aufmerksame Beobachter des politischen Zeitgeistes gewiss, driftet Deutschlands K\u00f6nigin mental ins unbekannte Land ab. Deren Realit\u00e4tsverlust wird mit jedem Tag ihrer Herrschaft und ihres bislang unbestraften Handelns bez\u00fcglich der schlichtweg illegalen Grenz\u00f6ffnung im Herbst 2015 und dem damit einhergehenden Kontrollverlust immer offensichtlicher.<!--more--><\/p>\n<p>In einem Interview mit der Wochenzeitung \u201eDie Zeit\u201c sagte die Gr\u00f6KaZ: <i>\u201e<\/i><i>Wenn Sie mich also fragen, ob die Schlie\u00dfung der Balkanroute das Problem gel\u00f6st hat, sage ich klar Nein. Sie hat in den Wochen, bevor das EU-T\u00fcrkei-Abkommen in Kraft trat, zwar dazu gef\u00fchrt, dass weniger Fl\u00fcchtlinge in Deutschland ankamen \u2013 aber daf\u00fcr 45.000 in Griechenland.\u201c<\/i> Im Klartext \u2013 und damit stellt diese inzwischen total \u00fcberforderte Frau ihre kognitive Dissonanz einmal mehr unter Beweis &#8211; hei\u00dft das f\u00fcr die Kanzlerin, dass nicht das national-patriotische Handeln osteurop\u00e4ischer L\u00e4nder die weitere islamische Landnahme verhindert hat, sondern einzig und allein der heldenhafte Einsatz der K\u00f6nigin, der, betrachtet man es korrekt, eher eine t\u00fcrkische Erpressung gewesen ist, denn eine von Merkel initiierte politische Gro\u00dftat zum Wohl Deutschlands.<\/p>\n<p>Apropos Deutschlands Wohl. Dass ihr das, entgegen ihres geleisteten Amtseid, am Arsch vorbei geht, ist ebenfalls offensichtlich. Denn, auch das betont sie in dem Interview, <i>\u201eKonkret hei\u00dft das in unserer Zeit, dass wir uns in neuer Weise mit Afrika befassen m\u00fcssen.\u201c<\/i> Bez\u00fcglich ihres Amtseid hat die Gr\u00f6KaZ ebenfalls ganz eigene, abgehobene und wahnhafte Vorstellungen. <i>\u201eMein Amtseid bezieht sich auf das Wohl Deutschlands, dieses ist aber heute allein mit der Konzentration auf Deutschland selbst dauerhaft nicht zu erreichen.\u201c<\/i> Der aufmerksame Beobachter des angewandten politischen Wahnsinns definiert das folgenderma\u00dfen <i>\u201eHeute geh\u00f6rt uns Deutschland, morgen schon die ganze Welt, oder vielleicht doch erst Afrika.\u201c<\/i><\/p>\n<p>Nachdem sie Europa in die Krise gest\u00fcrzt hat, will sie sich nun um Afrika \u201ek\u00fcmmern\u201c. Offenbar glaubt sie allen Ernstes, sie sei dazu auserw\u00e4hlt die Welt zu retten. Braucht man noch eine weiteren Beweis hinsichtlich des geistigen Zustand dieser Frau, deren Handeln dringend Einhalt geboten werden muss?<\/p>\n<p>Die Gr\u00f6KaZ steht mit ihrem universalistischen Herangehen nicht nur in der Tradition des Gr\u00f6FaZ, der &#8211; bis zum Zusammenbruch &#8211; ebenfalls \u201eglobal\u201c dachte, sondern auch der mittelalterlichen Kaiser des Heiligen R\u00f6mischen Reichs deutscher Nation. Denen waren die deutschen L\u00e4nder ebenfalls nur als Machtbasis wichtig. Deren eigentlicher Ehrgeiz ging in Richtung S\u00fcden bis Rom und dar\u00fcber hinaus bis ins Heilige Land. Wollte man vor 850 Jahren die Heiligen St\u00e4tten von den Ungl\u00e4ubigen befreien, so will man heute \u00fcberall im Nahen Osten und in Afrika Demokratie und Wohlstand nach westlichem Muster etablieren.<\/p>\n<p>Geschichte wiederholt sich, weil Merkel \u2013 wie der \u201eF\u00fchrer\u201c &#8211; der Meinung ist, wir k\u00f6nnen in fremde Kulturen hineinfummeln wie das Schwein ins Uhrwerk. Diese Frau, die sich inzwischen wohl f\u00fcr gott\u00e4hnlich und damit sakrosankt h\u00e4lt, muss gestoppt werden. Der von ihr angerichtete Schaden zeigt bereits unabsehbare Folgen und jeden Tag, den diese irre Person weiter dazu nutzen kann, Deutschland und Europa zu zerst\u00f6ren, ist einer zu viel.<\/p>\n<p>Bevor die Gr\u00e4KaZ sich um Afrika \u201ek\u00fcmmert\u201c, t\u00e4te sie gut daran, den Rat des Wirtschaftsnobelpreistr\u00e4ger <a href=\"http:\/\/www.nzz.ch\/wirtschaft\/wirtschaftspolitik\/angus-deaton-im-interview-das-ist-nichts-anderes-als-kolonialismus-ld.89298\" target=\"_blank\">Angus Deaton<\/a> zu beherzigen: Entwicklungshilfe ist nichts anderes als Kolonialismus.<\/p>\n","protected":false},"excerpt":{"rendered":"<p>Langsam aber sicher, da ist sich der aufmerksame Beobachter des politischen Zeitgeistes gewiss, driftet Deutschlands K\u00f6nigin mental ins unbekannte Land ab. Deren Realit\u00e4tsverlust wird mit jedem Tag ihrer Herrschaft und ihres bislang unbestraften Handelns bez\u00fcglich der schlichtweg illegalen Grenz\u00f6ffnung im &hellip; <a href=\"https:\/\/www.inkultura-online.de\/politisch_unkorrekt\/und-morgen-die-ganze-welt\/\">Weiterlesen <span class=\"meta-nav\">&rarr;<\/span><\/a><\/p>\n","protected":false},"author":1,"featured_media":0,"comment_status":"open","ping_status":"open","sticky":false,"template":"","format":"standard","meta":{"footnotes":""},"categories":[3,444,10],"tags":[768,451,64,767,81,572,431],"class_list":["post-1307","post","type-post","status-publish","format-standard","hentry","category-die-duemmsten-sprueche-der-woche","category-gedanken-zum-tag","category-systemfehler","tag-afrika","tag-groefaz","tag-groekaz","tag-kognitive-dissonanz","tag-merkel","tag-muslimische-invasion","tag-volksverraeterin"],"yoast_head":"<!-- This site is optimized with the Yoast SEO plugin v27.5 - https:\/\/yoast.com\/product\/yoast-seo-wordpress\/ -->\n<title>\u2026 und morgen die ganze Welt - Zeitgeist? Frei!<\/title>\n<meta name=\"robots\" content=\"index, follow, max-snippet:-1, max-image-preview:large, max-video-preview:-1\" \/>\n<link rel=\"canonical\" href=\"https:\/\/www.inkultura-online.de\/politisch_unkorrekt\/und-morgen-die-ganze-welt\/\" \/>\n<meta property=\"og:locale\" content=\"de_DE\" \/>\n<meta property=\"og:type\" content=\"article\" \/>\n<meta property=\"og:title\" content=\"\u2026 und morgen die ganze Welt - Zeitgeist? Frei!\" \/>\n<meta property=\"og:description\" content=\"Langsam aber sicher, da ist sich der aufmerksame Beobachter des politischen Zeitgeistes gewiss, driftet Deutschlands K\u00f6nigin mental ins unbekannte Land ab. Deren Realit\u00e4tsverlust wird mit jedem Tag ihrer Herrschaft und ihres bislang unbestraften Handelns bez\u00fcglich der schlichtweg illegalen Grenz\u00f6ffnung im &hellip; Weiterlesen &rarr;\" \/>\n<meta property=\"og:url\" content=\"https:\/\/www.inkultura-online.de\/politisch_unkorrekt\/und-morgen-die-ganze-welt\/\" \/>\n<meta property=\"og:site_name\" content=\"Zeitgeist? Frei!\" \/>\n<meta property=\"article:published_time\" content=\"2016-10-05T16:22:26+00:00\" \/>\n<meta name=\"author\" content=\"Orator\" \/>\n<meta name=\"twitter:label1\" content=\"Verfasst von\" \/>\n\t<meta name=\"twitter:data1\" content=\"Orator\" \/>\n\t<meta name=\"twitter:label2\" content=\"Gesch\u00e4tzte Lesezeit\" \/>\n\t<meta name=\"twitter:data2\" content=\"3\u00a0Minuten\" \/>\n<script type=\"application\/ld+json\" class=\"yoast-schema-graph\">{\"@context\":\"https:\\\/\\\/schema.org\",\"@graph\":[{\"@type\":\"Article\",\"@id\":\"https:\\\/\\\/www.inkultura-online.de\\\/politisch_unkorrekt\\\/und-morgen-die-ganze-welt\\\/#article\",\"isPartOf\":{\"@id\":\"https:\\\/\\\/www.inkultura-online.de\\\/politisch_unkorrekt\\\/und-morgen-die-ganze-welt\\\/\"},\"author\":{\"name\":\"Orator\",\"@id\":\"https:\\\/\\\/www.inkultura-online.de\\\/politisch_unkorrekt\\\/#\\\/schema\\\/person\\\/5b30b80e385478896a1de221e1994d86\"},\"headline\":\"\u2026 und morgen die ganze Welt\",\"datePublished\":\"2016-10-05T16:22:26+00:00\",\"mainEntityOfPage\":{\"@id\":\"https:\\\/\\\/www.inkultura-online.de\\\/politisch_unkorrekt\\\/und-morgen-die-ganze-welt\\\/\"},\"wordCount\":546,\"commentCount\":0,\"publisher\":{\"@id\":\"https:\\\/\\\/www.inkultura-online.de\\\/politisch_unkorrekt\\\/#\\\/schema\\\/person\\\/5b30b80e385478896a1de221e1994d86\"},\"keywords\":[\"Afrika\",\"Gr\u00f6FaZ\",\"Gr\u00f6KaZ\",\"kognitive Dissonanz\",\"Merkel\",\"muslimische Invasion\",\"Volksverr\u00e4terin\"],\"articleSection\":[\"Die d\u00fcmmsten Spr\u00fcche der Woche\",\"Gedanken zum Tag\",\"Systemfehler\"],\"inLanguage\":\"de\",\"potentialAction\":[{\"@type\":\"CommentAction\",\"name\":\"Comment\",\"target\":[\"https:\\\/\\\/www.inkultura-online.de\\\/politisch_unkorrekt\\\/und-morgen-die-ganze-welt\\\/#respond\"]}]},{\"@type\":\"WebPage\",\"@id\":\"https:\\\/\\\/www.inkultura-online.de\\\/politisch_unkorrekt\\\/und-morgen-die-ganze-welt\\\/\",\"url\":\"https:\\\/\\\/www.inkultura-online.de\\\/politisch_unkorrekt\\\/und-morgen-die-ganze-welt\\\/\",\"name\":\"\u2026 und morgen die ganze Welt - Zeitgeist? Frei!\",\"isPartOf\":{\"@id\":\"https:\\\/\\\/www.inkultura-online.de\\\/politisch_unkorrekt\\\/#website\"},\"datePublished\":\"2016-10-05T16:22:26+00:00\",\"breadcrumb\":{\"@id\":\"https:\\\/\\\/www.inkultura-online.de\\\/politisch_unkorrekt\\\/und-morgen-die-ganze-welt\\\/#breadcrumb\"},\"inLanguage\":\"de\",\"potentialAction\":[{\"@type\":\"ReadAction\",\"target\":[\"https:\\\/\\\/www.inkultura-online.de\\\/politisch_unkorrekt\\\/und-morgen-die-ganze-welt\\\/\"]}]},{\"@type\":\"BreadcrumbList\",\"@id\":\"https:\\\/\\\/www.inkultura-online.de\\\/politisch_unkorrekt\\\/und-morgen-die-ganze-welt\\\/#breadcrumb\",\"itemListElement\":[{\"@type\":\"ListItem\",\"position\":1,\"name\":\"Home\",\"item\":\"https:\\\/\\\/www.inkultura-online.de\\\/politisch_unkorrekt\\\/\"},{\"@type\":\"ListItem\",\"position\":2,\"name\":\"\u2026 und morgen die ganze Welt\"}]},{\"@type\":\"WebSite\",\"@id\":\"https:\\\/\\\/www.inkultura-online.de\\\/politisch_unkorrekt\\\/#website\",\"url\":\"https:\\\/\\\/www.inkultura-online.de\\\/politisch_unkorrekt\\\/\",\"name\":\"Zeitgeist? Frei!\",\"description\":\"Was Ihr den Geist der Zeiten hei\u00dft...\",\"publisher\":{\"@id\":\"https:\\\/\\\/www.inkultura-online.de\\\/politisch_unkorrekt\\\/#\\\/schema\\\/person\\\/5b30b80e385478896a1de221e1994d86\"},\"potentialAction\":[{\"@type\":\"SearchAction\",\"target\":{\"@type\":\"EntryPoint\",\"urlTemplate\":\"https:\\\/\\\/www.inkultura-online.de\\\/politisch_unkorrekt\\\/?s={search_term_string}\"},\"query-input\":{\"@type\":\"PropertyValueSpecification\",\"valueRequired\":true,\"valueName\":\"search_term_string\"}}],\"inLanguage\":\"de\"},{\"@type\":[\"Person\",\"Organization\"],\"@id\":\"https:\\\/\\\/www.inkultura-online.de\\\/politisch_unkorrekt\\\/#\\\/schema\\\/person\\\/5b30b80e385478896a1de221e1994d86\",\"name\":\"Orator\",\"image\":{\"@type\":\"ImageObject\",\"inLanguage\":\"de\",\"@id\":\"https:\\\/\\\/secure.gravatar.com\\\/avatar\\\/96e03166d31716e9c437060430eb7605c45a8ce6fb6dab483637ca6915dd0844?s=96&d=mm&r=g\",\"url\":\"https:\\\/\\\/secure.gravatar.com\\\/avatar\\\/96e03166d31716e9c437060430eb7605c45a8ce6fb6dab483637ca6915dd0844?s=96&d=mm&r=g\",\"contentUrl\":\"https:\\\/\\\/secure.gravatar.com\\\/avatar\\\/96e03166d31716e9c437060430eb7605c45a8ce6fb6dab483637ca6915dd0844?s=96&d=mm&r=g\",\"caption\":\"Orator\"},\"logo\":{\"@id\":\"https:\\\/\\\/secure.gravatar.com\\\/avatar\\\/96e03166d31716e9c437060430eb7605c45a8ce6fb6dab483637ca6915dd0844?s=96&d=mm&r=g\"},\"url\":\"https:\\\/\\\/www.inkultura-online.de\\\/politisch_unkorrekt\\\/author\\\/1korrektor21-2\\\/\"}]}<\/script>\n<!-- \/ Yoast SEO plugin. -->","yoast_head_json":{"title":"\u2026 und morgen die ganze Welt - Zeitgeist? Frei!","robots":{"index":"index","follow":"follow","max-snippet":"max-snippet:-1","max-image-preview":"max-image-preview:large","max-video-preview":"max-video-preview:-1"},"canonical":"https:\/\/www.inkultura-online.de\/politisch_unkorrekt\/und-morgen-die-ganze-welt\/","og_locale":"de_DE","og_type":"article","og_title":"\u2026 und morgen die ganze Welt - Zeitgeist? Frei!","og_description":"Langsam aber sicher, da ist sich der aufmerksame Beobachter des politischen Zeitgeistes gewiss, driftet Deutschlands K\u00f6nigin mental ins unbekannte Land ab. Deren Realit\u00e4tsverlust wird mit jedem Tag ihrer Herrschaft und ihres bislang unbestraften Handelns bez\u00fcglich der schlichtweg illegalen Grenz\u00f6ffnung im &hellip; Weiterlesen &rarr;","og_url":"https:\/\/www.inkultura-online.de\/politisch_unkorrekt\/und-morgen-die-ganze-welt\/","og_site_name":"Zeitgeist? Frei!","article_published_time":"2016-10-05T16:22:26+00:00","author":"Orator","twitter_misc":{"Verfasst von":"Orator","Gesch\u00e4tzte Lesezeit":"3\u00a0Minuten"},"schema":{"@context":"https:\/\/schema.org","@graph":[{"@type":"Article","@id":"https:\/\/www.inkultura-online.de\/politisch_unkorrekt\/und-morgen-die-ganze-welt\/#article","isPartOf":{"@id":"https:\/\/www.inkultura-online.de\/politisch_unkorrekt\/und-morgen-die-ganze-welt\/"},"author":{"name":"Orator","@id":"https:\/\/www.inkultura-online.de\/politisch_unkorrekt\/#\/schema\/person\/5b30b80e385478896a1de221e1994d86"},"headline":"\u2026 und morgen die ganze Welt","datePublished":"2016-10-05T16:22:26+00:00","mainEntityOfPage":{"@id":"https:\/\/www.inkultura-online.de\/politisch_unkorrekt\/und-morgen-die-ganze-welt\/"},"wordCount":546,"commentCount":0,"publisher":{"@id":"https:\/\/www.inkultura-online.de\/politisch_unkorrekt\/#\/schema\/person\/5b30b80e385478896a1de221e1994d86"},"keywords":["Afrika","Gr\u00f6FaZ","Gr\u00f6KaZ","kognitive Dissonanz","Merkel","muslimische Invasion","Volksverr\u00e4terin"],"articleSection":["Die d\u00fcmmsten Spr\u00fcche der Woche","Gedanken zum Tag","Systemfehler"],"inLanguage":"de","potentialAction":[{"@type":"CommentAction","name":"Comment","target":["https:\/\/www.inkultura-online.de\/politisch_unkorrekt\/und-morgen-die-ganze-welt\/#respond"]}]},{"@type":"WebPage","@id":"https:\/\/www.inkultura-online.de\/politisch_unkorrekt\/und-morgen-die-ganze-welt\/","url":"https:\/\/www.inkultura-online.de\/politisch_unkorrekt\/und-morgen-die-ganze-welt\/","name":"\u2026 und morgen die ganze Welt - Zeitgeist? Frei!","isPartOf":{"@id":"https:\/\/www.inkultura-online.de\/politisch_unkorrekt\/#website"},"datePublished":"2016-10-05T16:22:26+00:00","breadcrumb":{"@id":"https:\/\/www.inkultura-online.de\/politisch_unkorrekt\/und-morgen-die-ganze-welt\/#breadcrumb"},"inLanguage":"de","potentialAction":[{"@type":"ReadAction","target":["https:\/\/www.inkultura-online.de\/politisch_unkorrekt\/und-morgen-die-ganze-welt\/"]}]},{"@type":"BreadcrumbList","@id":"https:\/\/www.inkultura-online.de\/politisch_unkorrekt\/und-morgen-die-ganze-welt\/#breadcrumb","itemListElement":[{"@type":"ListItem","position":1,"name":"Home","item":"https:\/\/www.inkultura-online.de\/politisch_unkorrekt\/"},{"@type":"ListItem","position":2,"name":"\u2026 und morgen die ganze Welt"}]},{"@type":"WebSite","@id":"https:\/\/www.inkultura-online.de\/politisch_unkorrekt\/#website","url":"https:\/\/www.inkultura-online.de\/politisch_unkorrekt\/","name":"Zeitgeist? Frei!","description":"Was Ihr den Geist der Zeiten hei\u00dft...","publisher":{"@id":"https:\/\/www.inkultura-online.de\/politisch_unkorrekt\/#\/schema\/person\/5b30b80e385478896a1de221e1994d86"},"potentialAction":[{"@type":"SearchAction","target":{"@type":"EntryPoint","urlTemplate":"https:\/\/www.inkultura-online.de\/politisch_unkorrekt\/?s={search_term_string}"},"query-input":{"@type":"PropertyValueSpecification","valueRequired":true,"valueName":"search_term_string"}}],"inLanguage":"de"},{"@type":["Person","Organization"],"@id":"https:\/\/www.inkultura-online.de\/politisch_unkorrekt\/#\/schema\/person\/5b30b80e385478896a1de221e1994d86","name":"Orator","image":{"@type":"ImageObject","inLanguage":"de","@id":"https:\/\/secure.gravatar.com\/avatar\/96e03166d31716e9c437060430eb7605c45a8ce6fb6dab483637ca6915dd0844?s=96&d=mm&r=g","url":"https:\/\/secure.gravatar.com\/avatar\/96e03166d31716e9c437060430eb7605c45a8ce6fb6dab483637ca6915dd0844?s=96&d=mm&r=g","contentUrl":"https:\/\/secure.gravatar.com\/avatar\/96e03166d31716e9c437060430eb7605c45a8ce6fb6dab483637ca6915dd0844?s=96&d=mm&r=g","caption":"Orator"},"logo":{"@id":"https:\/\/secure.gravatar.com\/avatar\/96e03166d31716e9c437060430eb7605c45a8ce6fb6dab483637ca6915dd0844?s=96&d=mm&r=g"},"url":"https:\/\/www.inkultura-online.de\/politisch_unkorrekt\/author\/1korrektor21-2\/"}]}},"_links":{"self":[{"href":"https:\/\/www.inkultura-online.de\/politisch_unkorrekt\/wp-json\/wp\/v2\/posts\/1307","targetHints":{"allow":["GET"]}}],"collection":[{"href":"https:\/\/www.inkultura-online.de\/politisch_unkorrekt\/wp-json\/wp\/v2\/posts"}],"about":[{"href":"https:\/\/www.inkultura-online.de\/politisch_unkorrekt\/wp-json\/wp\/v2\/types\/post"}],"author":[{"embeddable":true,"href":"https:\/\/www.inkultura-online.de\/politisch_unkorrekt\/wp-json\/wp\/v2\/users\/1"}],"replies":[{"embeddable":true,"href":"https:\/\/www.inkultura-online.de\/politisch_unkorrekt\/wp-json\/wp\/v2\/comments?post=1307"}],"version-history":[{"count":1,"href":"https:\/\/www.inkultura-online.de\/politisch_unkorrekt\/wp-json\/wp\/v2\/posts\/1307\/revisions"}],"predecessor-version":[{"id":1308,"href":"https:\/\/www.inkultura-online.de\/politisch_unkorrekt\/wp-json\/wp\/v2\/posts\/1307\/revisions\/1308"}],"wp:attachment":[{"href":"https:\/\/www.inkultura-online.de\/politisch_unkorrekt\/wp-json\/wp\/v2\/media?parent=1307"}],"wp:term":[{"taxonomy":"category","embeddable":true,"href":"https:\/\/www.inkultura-online.de\/politisch_unkorrekt\/wp-json\/wp\/v2\/categories?post=1307"},{"taxonomy":"post_tag","embeddable":true,"href":"https:\/\/www.inkultura-online.de\/politisch_unkorrekt\/wp-json\/wp\/v2\/tags?post=1307"}],"curies":[{"name":"wp","href":"https:\/\/api.w.org\/{rel}","templated":true}]}}