{"id":1322,"date":"2016-10-13T19:31:32","date_gmt":"2016-10-13T17:31:32","guid":{"rendered":"http:\/\/www.inkultura-online.de\/politisch_unkorrekt\/?p=1322"},"modified":"2016-10-13T19:31:32","modified_gmt":"2016-10-13T17:31:32","slug":"keine-traene-nachweinen","status":"publish","type":"post","link":"https:\/\/www.inkultura-online.de\/politisch_unkorrekt\/keine-traene-nachweinen\/","title":{"rendered":"Keine Tr\u00e4ne nachweinen"},"content":{"rendered":"<p>Man k\u00f6nnte glauben, in Schilda zu sein und nicht in der Bundesrepublik. Obwohl, betrachtet man das Handeln der politischen Klasse, dann fragt sich der aufmerksame Beobachter des politischen Zeitgeistes allerdings oftmals, ob anstelle von sich ihrer Verantwortung Deutschland gegen\u00fcber bewussten Menschen nicht doch die Schildb\u00fcrger in verantwortlichen Positionen sitzen.<!--more--><\/p>\n<p>Da plant ein \u201eMenschengeschenk\u201c den Massenmord, wird zum Gl\u00fcck vorher &#8211; zwar unter dubiosem, noch der Aufkl\u00e4rung bed\u00fcrfendem Einsatz von drei Landsleuten des verhinderten Verbrechers &#8211; von der Polizei aus dem Verkehr gezogen, verhaftet und eingebuchtet. Flugs stellen sich die \u00fcblichen Verd\u00e4chtigen ein, die stante pede die Diagnose Suizidgefahr stellen und den lieben kleinen \u201eSyrer\u201c mit IS Kontakten eine Sonderbehandlung zugute kommen lassen.<\/p>\n<p>Allein der Islamist, eine Spezies, die so gern das Wort \u201eEhre\u201c in den Mund nimmt und dieses f\u00fcr die eigene Person und deren Glaubensgenossen in Anspruch nimmt, in Wahrheit jedoch nichts anderes darstellt, als eine feige, ehrlose und hinterh\u00e4ltige Kreatur, die f\u00fcr mich noch unterhalb von Am\u00f6ben angesiedelt ist, wobei letzere ein Lebensrecht besitzen, dass ich der Spezies Islamist abspreche.<\/p>\n<p>Das oder \u00e4hnliches muss wohl auch dem \u201eMenschengeschenk\u201c im D\u00e4mmerlicht seiner Zelle bewusst geworden sein. Mit einem Mal wird er sich seiner J\u00e4mmerlichkeit und seiner kl\u00e4glichen Existenz bewusst, die an Armseligkeit nicht zu \u00fcberbieten war \u2013 und macht dem ein Ende.<\/p>\n<p>Wunderbar, da hat er mit seiner letzten Tat den Steuern zahlenden B\u00fcrgern wenigstens noch die Genugtuung hinterlassen, dass dieser Kretin den ehrlichen \u2013 und damit meine ich auf keinen Fall das Politpack \u2013 Menschen hierzulande nicht die Zeche in Form von Gerichts- und Anwaltskosten, Gef\u00e4ngnisaufenthalt, psychologische Betreuung und, da wir fast schon in Schilda leben, die Kosten f\u00fcr eine \u201eWiedereingliederung\u201c in die Gesellschaft \u00fcberlassen hat.<\/p>\n<p>Det hast`e jut jemacht, du Islamistensch\u2026<\/p>\n<p>Wir weinen Dir jedenfalls keine Tr\u00e4ne nach. Im Gegensatz zu LinksRotGr\u00fcnen Politknallchargen, die sich jetzt unisono ereifern, warum das <span style=\"font-family: Liberation Serif,serif;\">\u201eMenschengeschenk\u201c, <\/span><span style=\"font-family: Liberation Serif,serif;\">das immerhin stark selbstmordgef\u00e4hrdet gewesen sein soll, nicht rund um die Uhr bewacht wurde. Jede Wette, w\u00e4re das geschehen, h\u00e4tten dieselben Knallk\u00f6ppe diese, die permanente \u00dcberwachung, als Versto\u00df gegen die Privatsph\u00e4re des lieben Islamisten kritisiert. <\/span><\/p>\n<p><span style=\"font-family: Liberation Serif,serif;\">Willkommen in Schilda!<\/span><\/p>\n","protected":false},"excerpt":{"rendered":"<p>Man k\u00f6nnte glauben, in Schilda zu sein und nicht in der Bundesrepublik. Obwohl, betrachtet man das Handeln der politischen Klasse, dann fragt sich der aufmerksame Beobachter des politischen Zeitgeistes allerdings oftmals, ob anstelle von sich ihrer Verantwortung Deutschland gegen\u00fcber bewussten &hellip; <a href=\"https:\/\/www.inkultura-online.de\/politisch_unkorrekt\/keine-traene-nachweinen\/\">Weiterlesen <span class=\"meta-nav\">&rarr;<\/span><\/a><\/p>\n","protected":false},"author":1,"featured_media":0,"comment_status":"open","ping_status":"open","sticky":false,"template":"","format":"standard","meta":{"footnotes":""},"categories":[444],"tags":[779,706,778,777],"class_list":["post-1322","post","type-post","status-publish","format-standard","hentry","category-gedanken-zum-tag","tag-islamist","tag-kalifat","tag-massenmord","tag-menschengeschenk"],"yoast_head":"<!-- This site is optimized with the Yoast SEO plugin v27.5 - https:\/\/yoast.com\/product\/yoast-seo-wordpress\/ -->\n<title>Keine Tr\u00e4ne nachweinen - Zeitgeist? Frei!<\/title>\n<meta name=\"robots\" content=\"index, follow, max-snippet:-1, max-image-preview:large, max-video-preview:-1\" \/>\n<link rel=\"canonical\" href=\"https:\/\/www.inkultura-online.de\/politisch_unkorrekt\/keine-traene-nachweinen\/\" \/>\n<meta property=\"og:locale\" content=\"de_DE\" \/>\n<meta property=\"og:type\" content=\"article\" \/>\n<meta property=\"og:title\" content=\"Keine Tr\u00e4ne nachweinen - Zeitgeist? Frei!\" \/>\n<meta property=\"og:description\" content=\"Man k\u00f6nnte glauben, in Schilda zu sein und nicht in der Bundesrepublik. Obwohl, betrachtet man das Handeln der politischen Klasse, dann fragt sich der aufmerksame Beobachter des politischen Zeitgeistes allerdings oftmals, ob anstelle von sich ihrer Verantwortung Deutschland gegen\u00fcber bewussten &hellip; Weiterlesen &rarr;\" \/>\n<meta property=\"og:url\" content=\"https:\/\/www.inkultura-online.de\/politisch_unkorrekt\/keine-traene-nachweinen\/\" \/>\n<meta property=\"og:site_name\" content=\"Zeitgeist? Frei!\" \/>\n<meta property=\"article:published_time\" content=\"2016-10-13T17:31:32+00:00\" \/>\n<meta name=\"author\" content=\"Orator\" \/>\n<meta name=\"twitter:label1\" content=\"Verfasst von\" \/>\n\t<meta name=\"twitter:data1\" content=\"Orator\" \/>\n\t<meta name=\"twitter:label2\" content=\"Gesch\u00e4tzte Lesezeit\" \/>\n\t<meta name=\"twitter:data2\" content=\"2\u00a0Minuten\" \/>\n<script type=\"application\/ld+json\" class=\"yoast-schema-graph\">{\"@context\":\"https:\\\/\\\/schema.org\",\"@graph\":[{\"@type\":\"Article\",\"@id\":\"https:\\\/\\\/www.inkultura-online.de\\\/politisch_unkorrekt\\\/keine-traene-nachweinen\\\/#article\",\"isPartOf\":{\"@id\":\"https:\\\/\\\/www.inkultura-online.de\\\/politisch_unkorrekt\\\/keine-traene-nachweinen\\\/\"},\"author\":{\"name\":\"Orator\",\"@id\":\"https:\\\/\\\/www.inkultura-online.de\\\/politisch_unkorrekt\\\/#\\\/schema\\\/person\\\/5b30b80e385478896a1de221e1994d86\"},\"headline\":\"Keine Tr\u00e4ne nachweinen\",\"datePublished\":\"2016-10-13T17:31:32+00:00\",\"mainEntityOfPage\":{\"@id\":\"https:\\\/\\\/www.inkultura-online.de\\\/politisch_unkorrekt\\\/keine-traene-nachweinen\\\/\"},\"wordCount\":368,\"commentCount\":0,\"publisher\":{\"@id\":\"https:\\\/\\\/www.inkultura-online.de\\\/politisch_unkorrekt\\\/#\\\/schema\\\/person\\\/5b30b80e385478896a1de221e1994d86\"},\"keywords\":[\"Islamist\",\"Kalifat\",\"Massenmord\",\"Menschengeschenk\"],\"articleSection\":[\"Gedanken zum Tag\"],\"inLanguage\":\"de\",\"potentialAction\":[{\"@type\":\"CommentAction\",\"name\":\"Comment\",\"target\":[\"https:\\\/\\\/www.inkultura-online.de\\\/politisch_unkorrekt\\\/keine-traene-nachweinen\\\/#respond\"]}]},{\"@type\":\"WebPage\",\"@id\":\"https:\\\/\\\/www.inkultura-online.de\\\/politisch_unkorrekt\\\/keine-traene-nachweinen\\\/\",\"url\":\"https:\\\/\\\/www.inkultura-online.de\\\/politisch_unkorrekt\\\/keine-traene-nachweinen\\\/\",\"name\":\"Keine Tr\u00e4ne nachweinen - Zeitgeist? Frei!\",\"isPartOf\":{\"@id\":\"https:\\\/\\\/www.inkultura-online.de\\\/politisch_unkorrekt\\\/#website\"},\"datePublished\":\"2016-10-13T17:31:32+00:00\",\"breadcrumb\":{\"@id\":\"https:\\\/\\\/www.inkultura-online.de\\\/politisch_unkorrekt\\\/keine-traene-nachweinen\\\/#breadcrumb\"},\"inLanguage\":\"de\",\"potentialAction\":[{\"@type\":\"ReadAction\",\"target\":[\"https:\\\/\\\/www.inkultura-online.de\\\/politisch_unkorrekt\\\/keine-traene-nachweinen\\\/\"]}]},{\"@type\":\"BreadcrumbList\",\"@id\":\"https:\\\/\\\/www.inkultura-online.de\\\/politisch_unkorrekt\\\/keine-traene-nachweinen\\\/#breadcrumb\",\"itemListElement\":[{\"@type\":\"ListItem\",\"position\":1,\"name\":\"Home\",\"item\":\"https:\\\/\\\/www.inkultura-online.de\\\/politisch_unkorrekt\\\/\"},{\"@type\":\"ListItem\",\"position\":2,\"name\":\"Keine Tr\u00e4ne nachweinen\"}]},{\"@type\":\"WebSite\",\"@id\":\"https:\\\/\\\/www.inkultura-online.de\\\/politisch_unkorrekt\\\/#website\",\"url\":\"https:\\\/\\\/www.inkultura-online.de\\\/politisch_unkorrekt\\\/\",\"name\":\"Zeitgeist? Frei!\",\"description\":\"Was Ihr den Geist der Zeiten hei\u00dft...\",\"publisher\":{\"@id\":\"https:\\\/\\\/www.inkultura-online.de\\\/politisch_unkorrekt\\\/#\\\/schema\\\/person\\\/5b30b80e385478896a1de221e1994d86\"},\"potentialAction\":[{\"@type\":\"SearchAction\",\"target\":{\"@type\":\"EntryPoint\",\"urlTemplate\":\"https:\\\/\\\/www.inkultura-online.de\\\/politisch_unkorrekt\\\/?s={search_term_string}\"},\"query-input\":{\"@type\":\"PropertyValueSpecification\",\"valueRequired\":true,\"valueName\":\"search_term_string\"}}],\"inLanguage\":\"de\"},{\"@type\":[\"Person\",\"Organization\"],\"@id\":\"https:\\\/\\\/www.inkultura-online.de\\\/politisch_unkorrekt\\\/#\\\/schema\\\/person\\\/5b30b80e385478896a1de221e1994d86\",\"name\":\"Orator\",\"image\":{\"@type\":\"ImageObject\",\"inLanguage\":\"de\",\"@id\":\"https:\\\/\\\/secure.gravatar.com\\\/avatar\\\/96e03166d31716e9c437060430eb7605c45a8ce6fb6dab483637ca6915dd0844?s=96&d=mm&r=g\",\"url\":\"https:\\\/\\\/secure.gravatar.com\\\/avatar\\\/96e03166d31716e9c437060430eb7605c45a8ce6fb6dab483637ca6915dd0844?s=96&d=mm&r=g\",\"contentUrl\":\"https:\\\/\\\/secure.gravatar.com\\\/avatar\\\/96e03166d31716e9c437060430eb7605c45a8ce6fb6dab483637ca6915dd0844?s=96&d=mm&r=g\",\"caption\":\"Orator\"},\"logo\":{\"@id\":\"https:\\\/\\\/secure.gravatar.com\\\/avatar\\\/96e03166d31716e9c437060430eb7605c45a8ce6fb6dab483637ca6915dd0844?s=96&d=mm&r=g\"},\"url\":\"https:\\\/\\\/www.inkultura-online.de\\\/politisch_unkorrekt\\\/author\\\/1korrektor21-2\\\/\"}]}<\/script>\n<!-- \/ Yoast SEO plugin. -->","yoast_head_json":{"title":"Keine Tr\u00e4ne nachweinen - Zeitgeist? Frei!","robots":{"index":"index","follow":"follow","max-snippet":"max-snippet:-1","max-image-preview":"max-image-preview:large","max-video-preview":"max-video-preview:-1"},"canonical":"https:\/\/www.inkultura-online.de\/politisch_unkorrekt\/keine-traene-nachweinen\/","og_locale":"de_DE","og_type":"article","og_title":"Keine Tr\u00e4ne nachweinen - Zeitgeist? Frei!","og_description":"Man k\u00f6nnte glauben, in Schilda zu sein und nicht in der Bundesrepublik. Obwohl, betrachtet man das Handeln der politischen Klasse, dann fragt sich der aufmerksame Beobachter des politischen Zeitgeistes allerdings oftmals, ob anstelle von sich ihrer Verantwortung Deutschland gegen\u00fcber bewussten &hellip; Weiterlesen &rarr;","og_url":"https:\/\/www.inkultura-online.de\/politisch_unkorrekt\/keine-traene-nachweinen\/","og_site_name":"Zeitgeist? Frei!","article_published_time":"2016-10-13T17:31:32+00:00","author":"Orator","twitter_misc":{"Verfasst von":"Orator","Gesch\u00e4tzte Lesezeit":"2\u00a0Minuten"},"schema":{"@context":"https:\/\/schema.org","@graph":[{"@type":"Article","@id":"https:\/\/www.inkultura-online.de\/politisch_unkorrekt\/keine-traene-nachweinen\/#article","isPartOf":{"@id":"https:\/\/www.inkultura-online.de\/politisch_unkorrekt\/keine-traene-nachweinen\/"},"author":{"name":"Orator","@id":"https:\/\/www.inkultura-online.de\/politisch_unkorrekt\/#\/schema\/person\/5b30b80e385478896a1de221e1994d86"},"headline":"Keine Tr\u00e4ne nachweinen","datePublished":"2016-10-13T17:31:32+00:00","mainEntityOfPage":{"@id":"https:\/\/www.inkultura-online.de\/politisch_unkorrekt\/keine-traene-nachweinen\/"},"wordCount":368,"commentCount":0,"publisher":{"@id":"https:\/\/www.inkultura-online.de\/politisch_unkorrekt\/#\/schema\/person\/5b30b80e385478896a1de221e1994d86"},"keywords":["Islamist","Kalifat","Massenmord","Menschengeschenk"],"articleSection":["Gedanken zum Tag"],"inLanguage":"de","potentialAction":[{"@type":"CommentAction","name":"Comment","target":["https:\/\/www.inkultura-online.de\/politisch_unkorrekt\/keine-traene-nachweinen\/#respond"]}]},{"@type":"WebPage","@id":"https:\/\/www.inkultura-online.de\/politisch_unkorrekt\/keine-traene-nachweinen\/","url":"https:\/\/www.inkultura-online.de\/politisch_unkorrekt\/keine-traene-nachweinen\/","name":"Keine Tr\u00e4ne nachweinen - Zeitgeist? Frei!","isPartOf":{"@id":"https:\/\/www.inkultura-online.de\/politisch_unkorrekt\/#website"},"datePublished":"2016-10-13T17:31:32+00:00","breadcrumb":{"@id":"https:\/\/www.inkultura-online.de\/politisch_unkorrekt\/keine-traene-nachweinen\/#breadcrumb"},"inLanguage":"de","potentialAction":[{"@type":"ReadAction","target":["https:\/\/www.inkultura-online.de\/politisch_unkorrekt\/keine-traene-nachweinen\/"]}]},{"@type":"BreadcrumbList","@id":"https:\/\/www.inkultura-online.de\/politisch_unkorrekt\/keine-traene-nachweinen\/#breadcrumb","itemListElement":[{"@type":"ListItem","position":1,"name":"Home","item":"https:\/\/www.inkultura-online.de\/politisch_unkorrekt\/"},{"@type":"ListItem","position":2,"name":"Keine Tr\u00e4ne nachweinen"}]},{"@type":"WebSite","@id":"https:\/\/www.inkultura-online.de\/politisch_unkorrekt\/#website","url":"https:\/\/www.inkultura-online.de\/politisch_unkorrekt\/","name":"Zeitgeist? Frei!","description":"Was Ihr den Geist der Zeiten hei\u00dft...","publisher":{"@id":"https:\/\/www.inkultura-online.de\/politisch_unkorrekt\/#\/schema\/person\/5b30b80e385478896a1de221e1994d86"},"potentialAction":[{"@type":"SearchAction","target":{"@type":"EntryPoint","urlTemplate":"https:\/\/www.inkultura-online.de\/politisch_unkorrekt\/?s={search_term_string}"},"query-input":{"@type":"PropertyValueSpecification","valueRequired":true,"valueName":"search_term_string"}}],"inLanguage":"de"},{"@type":["Person","Organization"],"@id":"https:\/\/www.inkultura-online.de\/politisch_unkorrekt\/#\/schema\/person\/5b30b80e385478896a1de221e1994d86","name":"Orator","image":{"@type":"ImageObject","inLanguage":"de","@id":"https:\/\/secure.gravatar.com\/avatar\/96e03166d31716e9c437060430eb7605c45a8ce6fb6dab483637ca6915dd0844?s=96&d=mm&r=g","url":"https:\/\/secure.gravatar.com\/avatar\/96e03166d31716e9c437060430eb7605c45a8ce6fb6dab483637ca6915dd0844?s=96&d=mm&r=g","contentUrl":"https:\/\/secure.gravatar.com\/avatar\/96e03166d31716e9c437060430eb7605c45a8ce6fb6dab483637ca6915dd0844?s=96&d=mm&r=g","caption":"Orator"},"logo":{"@id":"https:\/\/secure.gravatar.com\/avatar\/96e03166d31716e9c437060430eb7605c45a8ce6fb6dab483637ca6915dd0844?s=96&d=mm&r=g"},"url":"https:\/\/www.inkultura-online.de\/politisch_unkorrekt\/author\/1korrektor21-2\/"}]}},"_links":{"self":[{"href":"https:\/\/www.inkultura-online.de\/politisch_unkorrekt\/wp-json\/wp\/v2\/posts\/1322","targetHints":{"allow":["GET"]}}],"collection":[{"href":"https:\/\/www.inkultura-online.de\/politisch_unkorrekt\/wp-json\/wp\/v2\/posts"}],"about":[{"href":"https:\/\/www.inkultura-online.de\/politisch_unkorrekt\/wp-json\/wp\/v2\/types\/post"}],"author":[{"embeddable":true,"href":"https:\/\/www.inkultura-online.de\/politisch_unkorrekt\/wp-json\/wp\/v2\/users\/1"}],"replies":[{"embeddable":true,"href":"https:\/\/www.inkultura-online.de\/politisch_unkorrekt\/wp-json\/wp\/v2\/comments?post=1322"}],"version-history":[{"count":1,"href":"https:\/\/www.inkultura-online.de\/politisch_unkorrekt\/wp-json\/wp\/v2\/posts\/1322\/revisions"}],"predecessor-version":[{"id":1323,"href":"https:\/\/www.inkultura-online.de\/politisch_unkorrekt\/wp-json\/wp\/v2\/posts\/1322\/revisions\/1323"}],"wp:attachment":[{"href":"https:\/\/www.inkultura-online.de\/politisch_unkorrekt\/wp-json\/wp\/v2\/media?parent=1322"}],"wp:term":[{"taxonomy":"category","embeddable":true,"href":"https:\/\/www.inkultura-online.de\/politisch_unkorrekt\/wp-json\/wp\/v2\/categories?post=1322"},{"taxonomy":"post_tag","embeddable":true,"href":"https:\/\/www.inkultura-online.de\/politisch_unkorrekt\/wp-json\/wp\/v2\/tags?post=1322"}],"curies":[{"name":"wp","href":"https:\/\/api.w.org\/{rel}","templated":true}]}}