{"id":1327,"date":"2016-11-05T18:08:41","date_gmt":"2016-11-05T16:08:41","guid":{"rendered":"http:\/\/www.inkultura-online.de\/politisch_unkorrekt\/?p=1327"},"modified":"2016-11-05T18:08:41","modified_gmt":"2016-11-05T16:08:41","slug":"bei-regen-wird-nicht-abgeschoben","status":"publish","type":"post","link":"https:\/\/www.inkultura-online.de\/politisch_unkorrekt\/bei-regen-wird-nicht-abgeschoben\/","title":{"rendered":"Bei Regen wird nicht abgeschoben"},"content":{"rendered":"<p>Berlin, beim angewandten politischen Wahnsinn seit Jahren die Avantgarde der mentalen Verzerrung, plant den offenen Rechtsbruch. Sollte, was sehr wahrscheinlich ist, eine rotrotgr\u00fcne Koalition ihre Arbeit aufnehmen, dann wird diese, soviel lie\u00dfen die Sprecher der Parteien bereits mitteilen, die Abschiebung sich illegal in der Hauptstadt aufhaltender Personen, im Klartext abgelehnte Asylbewerber, so weit wie m\u00f6glich aussetzen.<!--more--><\/p>\n<p>Zur Erinnerung, in Berlin leben derzeit ca. 10.000 \u201eFl\u00fcchtlinge\u201c deren Asylantr\u00e4ge abgelehnt wurden. Bis 28. Oktober wurden jedoch nur 1748 Personen in ihre Heimat zur\u00fcck verfrachtet. Doch auch diese Zahl ist den Verbrechern mit Ansage noch zu hoch und so bem\u00fchen sich haupts\u00e4chlich Gr\u00fcne und Linke, brav gefolgt von den arschkriechenden Sozen, darum, Gr\u00fcnde zu (er)finden, um noch weniger Illegale abschieben zu m\u00fcssen.<\/p>\n<p>So wird extra eine Expertenkommission ins Leben gerufen, die sozusagen von Staats wegen alle juristischen M\u00f6glichkeiten ausloten soll, damit illegal sich in Berlin aufhaltende Personen bleiben k\u00f6nnen. Weiter, so der Plan der Volksverr\u00e4ter, Verzeihung, Volksvertreter, darf eine keine Abschiebungen mehr aus Krankenh\u00e4usern und Schulen geben. Familien d\u00fcrfen nicht getrennt werden und schlechte klimatische Verh\u00e4ltnisse in den entsprechenden Heimatl\u00e4ndern sorgen ebenfalls f\u00fcr ein Bleiberecht in der Hauptstadt.<\/p>\n<p>Dem aufmerksamen Beobachter des politischen Zeitgeistes, der in Bezug auf den Irrsinn Berliner Politik doch so einiges gewohnt war und ist, bleibt angesichts des kriminellen Verhaltens mit Ansage schier die Spucke weg. Zumal, und damit geht der gr\u00fcne Traum von der Durchmischung, genauer gesagt, des gro\u00df angelegten Menschenversuchs namens Volkstod endlich in Erf\u00fcllung, die dann auf Dauer hier lebenden, de jure immer noch Illegalen sollen demn\u00e4chst in leer stehenden Wohnungen untergebracht werden.<\/p>\n<p>Dabei hat Berlin, wie jeder Wohnungssuchende am eigene Leib feststellen kann, das Problem, \u00fcber nicht gen\u00fcgend freie Wohnungen zu verf\u00fcgen. Jede Wette, irgendwann im lauf des rotrotgr\u00fcnen Projekts Volksaustausch kommt der Augenblick, das die dann in Scharen nach Berlin ziehenden Illegalen in bewohnte Wohnungen zwangseingewiesen werden. Man verstehe mich richtig, unter Zwang gegen\u00fcber den in der Wohnung lebenden Deutschen. Bereits in der letzten regierenden Koalition wurde hinter vorgehaltener Hand dar\u00fcber nachgedacht, \u201eFl\u00fcchtlinge\u201c per Gesetz in Privatwohnungen unterzubringen.<\/p>\n<p>Eines ist jedenfalls sicher, es kommen unsch\u00f6ne Dinge auf die Berliner zu.<\/p>\n","protected":false},"excerpt":{"rendered":"<p>Berlin, beim angewandten politischen Wahnsinn seit Jahren die Avantgarde der mentalen Verzerrung, plant den offenen Rechtsbruch. Sollte, was sehr wahrscheinlich ist, eine rotrotgr\u00fcne Koalition ihre Arbeit aufnehmen, dann wird diese, soviel lie\u00dfen die Sprecher der Parteien bereits mitteilen, die Abschiebung &hellip; <a href=\"https:\/\/www.inkultura-online.de\/politisch_unkorrekt\/bei-regen-wird-nicht-abgeschoben\/\">Weiterlesen <span class=\"meta-nav\">&rarr;<\/span><\/a><\/p>\n","protected":false},"author":1,"featured_media":0,"comment_status":"open","ping_status":"open","sticky":false,"template":"","format":"standard","meta":{"footnotes":""},"categories":[2,378,4,10],"tags":[781,79,230,782,225],"class_list":["post-1327","post","type-post","status-publish","format-standard","hentry","category-antipathie","category-denunzianten","category-hauptstadtpossen","category-systemfehler","tag-berliner-koalition","tag-fluechtlinge","tag-illegale","tag-projekt-volksaustausch","tag-volksverraeter"],"yoast_head":"<!-- This site is optimized with the Yoast SEO plugin v27.5 - https:\/\/yoast.com\/product\/yoast-seo-wordpress\/ -->\n<title>Bei Regen wird nicht abgeschoben - Zeitgeist? Frei!<\/title>\n<meta name=\"robots\" content=\"index, follow, max-snippet:-1, max-image-preview:large, max-video-preview:-1\" \/>\n<link rel=\"canonical\" href=\"https:\/\/www.inkultura-online.de\/politisch_unkorrekt\/bei-regen-wird-nicht-abgeschoben\/\" \/>\n<meta property=\"og:locale\" content=\"de_DE\" \/>\n<meta property=\"og:type\" content=\"article\" \/>\n<meta property=\"og:title\" content=\"Bei Regen wird nicht abgeschoben - Zeitgeist? Frei!\" \/>\n<meta property=\"og:description\" content=\"Berlin, beim angewandten politischen Wahnsinn seit Jahren die Avantgarde der mentalen Verzerrung, plant den offenen Rechtsbruch. Sollte, was sehr wahrscheinlich ist, eine rotrotgr\u00fcne Koalition ihre Arbeit aufnehmen, dann wird diese, soviel lie\u00dfen die Sprecher der Parteien bereits mitteilen, die Abschiebung &hellip; Weiterlesen &rarr;\" \/>\n<meta property=\"og:url\" content=\"https:\/\/www.inkultura-online.de\/politisch_unkorrekt\/bei-regen-wird-nicht-abgeschoben\/\" \/>\n<meta property=\"og:site_name\" content=\"Zeitgeist? Frei!\" \/>\n<meta property=\"article:published_time\" content=\"2016-11-05T16:08:41+00:00\" \/>\n<meta name=\"author\" content=\"Orator\" \/>\n<meta name=\"twitter:label1\" content=\"Verfasst von\" \/>\n\t<meta name=\"twitter:data1\" content=\"Orator\" \/>\n\t<meta name=\"twitter:label2\" content=\"Gesch\u00e4tzte Lesezeit\" \/>\n\t<meta name=\"twitter:data2\" content=\"2\u00a0Minuten\" \/>\n<script type=\"application\/ld+json\" class=\"yoast-schema-graph\">{\"@context\":\"https:\\\/\\\/schema.org\",\"@graph\":[{\"@type\":\"Article\",\"@id\":\"https:\\\/\\\/www.inkultura-online.de\\\/politisch_unkorrekt\\\/bei-regen-wird-nicht-abgeschoben\\\/#article\",\"isPartOf\":{\"@id\":\"https:\\\/\\\/www.inkultura-online.de\\\/politisch_unkorrekt\\\/bei-regen-wird-nicht-abgeschoben\\\/\"},\"author\":{\"name\":\"Orator\",\"@id\":\"https:\\\/\\\/www.inkultura-online.de\\\/politisch_unkorrekt\\\/#\\\/schema\\\/person\\\/5b30b80e385478896a1de221e1994d86\"},\"headline\":\"Bei Regen wird nicht abgeschoben\",\"datePublished\":\"2016-11-05T16:08:41+00:00\",\"mainEntityOfPage\":{\"@id\":\"https:\\\/\\\/www.inkultura-online.de\\\/politisch_unkorrekt\\\/bei-regen-wird-nicht-abgeschoben\\\/\"},\"wordCount\":378,\"commentCount\":0,\"publisher\":{\"@id\":\"https:\\\/\\\/www.inkultura-online.de\\\/politisch_unkorrekt\\\/#\\\/schema\\\/person\\\/5b30b80e385478896a1de221e1994d86\"},\"keywords\":[\"Berliner Koalition\",\"Fl\u00fcchtlinge\",\"Illegale\",\"Projekt Volksaustausch\",\"Volksverr\u00e4ter\"],\"articleSection\":[\"Antipathie\",\"Denunzianten und Volksverr\u00e4ter\",\"Hauptstadtpossen\",\"Systemfehler\"],\"inLanguage\":\"de\",\"potentialAction\":[{\"@type\":\"CommentAction\",\"name\":\"Comment\",\"target\":[\"https:\\\/\\\/www.inkultura-online.de\\\/politisch_unkorrekt\\\/bei-regen-wird-nicht-abgeschoben\\\/#respond\"]}]},{\"@type\":\"WebPage\",\"@id\":\"https:\\\/\\\/www.inkultura-online.de\\\/politisch_unkorrekt\\\/bei-regen-wird-nicht-abgeschoben\\\/\",\"url\":\"https:\\\/\\\/www.inkultura-online.de\\\/politisch_unkorrekt\\\/bei-regen-wird-nicht-abgeschoben\\\/\",\"name\":\"Bei Regen wird nicht abgeschoben - Zeitgeist? Frei!\",\"isPartOf\":{\"@id\":\"https:\\\/\\\/www.inkultura-online.de\\\/politisch_unkorrekt\\\/#website\"},\"datePublished\":\"2016-11-05T16:08:41+00:00\",\"breadcrumb\":{\"@id\":\"https:\\\/\\\/www.inkultura-online.de\\\/politisch_unkorrekt\\\/bei-regen-wird-nicht-abgeschoben\\\/#breadcrumb\"},\"inLanguage\":\"de\",\"potentialAction\":[{\"@type\":\"ReadAction\",\"target\":[\"https:\\\/\\\/www.inkultura-online.de\\\/politisch_unkorrekt\\\/bei-regen-wird-nicht-abgeschoben\\\/\"]}]},{\"@type\":\"BreadcrumbList\",\"@id\":\"https:\\\/\\\/www.inkultura-online.de\\\/politisch_unkorrekt\\\/bei-regen-wird-nicht-abgeschoben\\\/#breadcrumb\",\"itemListElement\":[{\"@type\":\"ListItem\",\"position\":1,\"name\":\"Home\",\"item\":\"https:\\\/\\\/www.inkultura-online.de\\\/politisch_unkorrekt\\\/\"},{\"@type\":\"ListItem\",\"position\":2,\"name\":\"Bei Regen wird nicht abgeschoben\"}]},{\"@type\":\"WebSite\",\"@id\":\"https:\\\/\\\/www.inkultura-online.de\\\/politisch_unkorrekt\\\/#website\",\"url\":\"https:\\\/\\\/www.inkultura-online.de\\\/politisch_unkorrekt\\\/\",\"name\":\"Zeitgeist? Frei!\",\"description\":\"Was Ihr den Geist der Zeiten hei\u00dft...\",\"publisher\":{\"@id\":\"https:\\\/\\\/www.inkultura-online.de\\\/politisch_unkorrekt\\\/#\\\/schema\\\/person\\\/5b30b80e385478896a1de221e1994d86\"},\"potentialAction\":[{\"@type\":\"SearchAction\",\"target\":{\"@type\":\"EntryPoint\",\"urlTemplate\":\"https:\\\/\\\/www.inkultura-online.de\\\/politisch_unkorrekt\\\/?s={search_term_string}\"},\"query-input\":{\"@type\":\"PropertyValueSpecification\",\"valueRequired\":true,\"valueName\":\"search_term_string\"}}],\"inLanguage\":\"de\"},{\"@type\":[\"Person\",\"Organization\"],\"@id\":\"https:\\\/\\\/www.inkultura-online.de\\\/politisch_unkorrekt\\\/#\\\/schema\\\/person\\\/5b30b80e385478896a1de221e1994d86\",\"name\":\"Orator\",\"image\":{\"@type\":\"ImageObject\",\"inLanguage\":\"de\",\"@id\":\"https:\\\/\\\/secure.gravatar.com\\\/avatar\\\/96e03166d31716e9c437060430eb7605c45a8ce6fb6dab483637ca6915dd0844?s=96&d=mm&r=g\",\"url\":\"https:\\\/\\\/secure.gravatar.com\\\/avatar\\\/96e03166d31716e9c437060430eb7605c45a8ce6fb6dab483637ca6915dd0844?s=96&d=mm&r=g\",\"contentUrl\":\"https:\\\/\\\/secure.gravatar.com\\\/avatar\\\/96e03166d31716e9c437060430eb7605c45a8ce6fb6dab483637ca6915dd0844?s=96&d=mm&r=g\",\"caption\":\"Orator\"},\"logo\":{\"@id\":\"https:\\\/\\\/secure.gravatar.com\\\/avatar\\\/96e03166d31716e9c437060430eb7605c45a8ce6fb6dab483637ca6915dd0844?s=96&d=mm&r=g\"},\"url\":\"https:\\\/\\\/www.inkultura-online.de\\\/politisch_unkorrekt\\\/author\\\/1korrektor21-2\\\/\"}]}<\/script>\n<!-- \/ Yoast SEO plugin. -->","yoast_head_json":{"title":"Bei Regen wird nicht abgeschoben - Zeitgeist? Frei!","robots":{"index":"index","follow":"follow","max-snippet":"max-snippet:-1","max-image-preview":"max-image-preview:large","max-video-preview":"max-video-preview:-1"},"canonical":"https:\/\/www.inkultura-online.de\/politisch_unkorrekt\/bei-regen-wird-nicht-abgeschoben\/","og_locale":"de_DE","og_type":"article","og_title":"Bei Regen wird nicht abgeschoben - Zeitgeist? Frei!","og_description":"Berlin, beim angewandten politischen Wahnsinn seit Jahren die Avantgarde der mentalen Verzerrung, plant den offenen Rechtsbruch. Sollte, was sehr wahrscheinlich ist, eine rotrotgr\u00fcne Koalition ihre Arbeit aufnehmen, dann wird diese, soviel lie\u00dfen die Sprecher der Parteien bereits mitteilen, die Abschiebung &hellip; Weiterlesen &rarr;","og_url":"https:\/\/www.inkultura-online.de\/politisch_unkorrekt\/bei-regen-wird-nicht-abgeschoben\/","og_site_name":"Zeitgeist? Frei!","article_published_time":"2016-11-05T16:08:41+00:00","author":"Orator","twitter_misc":{"Verfasst von":"Orator","Gesch\u00e4tzte Lesezeit":"2\u00a0Minuten"},"schema":{"@context":"https:\/\/schema.org","@graph":[{"@type":"Article","@id":"https:\/\/www.inkultura-online.de\/politisch_unkorrekt\/bei-regen-wird-nicht-abgeschoben\/#article","isPartOf":{"@id":"https:\/\/www.inkultura-online.de\/politisch_unkorrekt\/bei-regen-wird-nicht-abgeschoben\/"},"author":{"name":"Orator","@id":"https:\/\/www.inkultura-online.de\/politisch_unkorrekt\/#\/schema\/person\/5b30b80e385478896a1de221e1994d86"},"headline":"Bei Regen wird nicht abgeschoben","datePublished":"2016-11-05T16:08:41+00:00","mainEntityOfPage":{"@id":"https:\/\/www.inkultura-online.de\/politisch_unkorrekt\/bei-regen-wird-nicht-abgeschoben\/"},"wordCount":378,"commentCount":0,"publisher":{"@id":"https:\/\/www.inkultura-online.de\/politisch_unkorrekt\/#\/schema\/person\/5b30b80e385478896a1de221e1994d86"},"keywords":["Berliner Koalition","Fl\u00fcchtlinge","Illegale","Projekt Volksaustausch","Volksverr\u00e4ter"],"articleSection":["Antipathie","Denunzianten und Volksverr\u00e4ter","Hauptstadtpossen","Systemfehler"],"inLanguage":"de","potentialAction":[{"@type":"CommentAction","name":"Comment","target":["https:\/\/www.inkultura-online.de\/politisch_unkorrekt\/bei-regen-wird-nicht-abgeschoben\/#respond"]}]},{"@type":"WebPage","@id":"https:\/\/www.inkultura-online.de\/politisch_unkorrekt\/bei-regen-wird-nicht-abgeschoben\/","url":"https:\/\/www.inkultura-online.de\/politisch_unkorrekt\/bei-regen-wird-nicht-abgeschoben\/","name":"Bei Regen wird nicht abgeschoben - Zeitgeist? Frei!","isPartOf":{"@id":"https:\/\/www.inkultura-online.de\/politisch_unkorrekt\/#website"},"datePublished":"2016-11-05T16:08:41+00:00","breadcrumb":{"@id":"https:\/\/www.inkultura-online.de\/politisch_unkorrekt\/bei-regen-wird-nicht-abgeschoben\/#breadcrumb"},"inLanguage":"de","potentialAction":[{"@type":"ReadAction","target":["https:\/\/www.inkultura-online.de\/politisch_unkorrekt\/bei-regen-wird-nicht-abgeschoben\/"]}]},{"@type":"BreadcrumbList","@id":"https:\/\/www.inkultura-online.de\/politisch_unkorrekt\/bei-regen-wird-nicht-abgeschoben\/#breadcrumb","itemListElement":[{"@type":"ListItem","position":1,"name":"Home","item":"https:\/\/www.inkultura-online.de\/politisch_unkorrekt\/"},{"@type":"ListItem","position":2,"name":"Bei Regen wird nicht abgeschoben"}]},{"@type":"WebSite","@id":"https:\/\/www.inkultura-online.de\/politisch_unkorrekt\/#website","url":"https:\/\/www.inkultura-online.de\/politisch_unkorrekt\/","name":"Zeitgeist? Frei!","description":"Was Ihr den Geist der Zeiten hei\u00dft...","publisher":{"@id":"https:\/\/www.inkultura-online.de\/politisch_unkorrekt\/#\/schema\/person\/5b30b80e385478896a1de221e1994d86"},"potentialAction":[{"@type":"SearchAction","target":{"@type":"EntryPoint","urlTemplate":"https:\/\/www.inkultura-online.de\/politisch_unkorrekt\/?s={search_term_string}"},"query-input":{"@type":"PropertyValueSpecification","valueRequired":true,"valueName":"search_term_string"}}],"inLanguage":"de"},{"@type":["Person","Organization"],"@id":"https:\/\/www.inkultura-online.de\/politisch_unkorrekt\/#\/schema\/person\/5b30b80e385478896a1de221e1994d86","name":"Orator","image":{"@type":"ImageObject","inLanguage":"de","@id":"https:\/\/secure.gravatar.com\/avatar\/96e03166d31716e9c437060430eb7605c45a8ce6fb6dab483637ca6915dd0844?s=96&d=mm&r=g","url":"https:\/\/secure.gravatar.com\/avatar\/96e03166d31716e9c437060430eb7605c45a8ce6fb6dab483637ca6915dd0844?s=96&d=mm&r=g","contentUrl":"https:\/\/secure.gravatar.com\/avatar\/96e03166d31716e9c437060430eb7605c45a8ce6fb6dab483637ca6915dd0844?s=96&d=mm&r=g","caption":"Orator"},"logo":{"@id":"https:\/\/secure.gravatar.com\/avatar\/96e03166d31716e9c437060430eb7605c45a8ce6fb6dab483637ca6915dd0844?s=96&d=mm&r=g"},"url":"https:\/\/www.inkultura-online.de\/politisch_unkorrekt\/author\/1korrektor21-2\/"}]}},"_links":{"self":[{"href":"https:\/\/www.inkultura-online.de\/politisch_unkorrekt\/wp-json\/wp\/v2\/posts\/1327","targetHints":{"allow":["GET"]}}],"collection":[{"href":"https:\/\/www.inkultura-online.de\/politisch_unkorrekt\/wp-json\/wp\/v2\/posts"}],"about":[{"href":"https:\/\/www.inkultura-online.de\/politisch_unkorrekt\/wp-json\/wp\/v2\/types\/post"}],"author":[{"embeddable":true,"href":"https:\/\/www.inkultura-online.de\/politisch_unkorrekt\/wp-json\/wp\/v2\/users\/1"}],"replies":[{"embeddable":true,"href":"https:\/\/www.inkultura-online.de\/politisch_unkorrekt\/wp-json\/wp\/v2\/comments?post=1327"}],"version-history":[{"count":1,"href":"https:\/\/www.inkultura-online.de\/politisch_unkorrekt\/wp-json\/wp\/v2\/posts\/1327\/revisions"}],"predecessor-version":[{"id":1328,"href":"https:\/\/www.inkultura-online.de\/politisch_unkorrekt\/wp-json\/wp\/v2\/posts\/1327\/revisions\/1328"}],"wp:attachment":[{"href":"https:\/\/www.inkultura-online.de\/politisch_unkorrekt\/wp-json\/wp\/v2\/media?parent=1327"}],"wp:term":[{"taxonomy":"category","embeddable":true,"href":"https:\/\/www.inkultura-online.de\/politisch_unkorrekt\/wp-json\/wp\/v2\/categories?post=1327"},{"taxonomy":"post_tag","embeddable":true,"href":"https:\/\/www.inkultura-online.de\/politisch_unkorrekt\/wp-json\/wp\/v2\/tags?post=1327"}],"curies":[{"name":"wp","href":"https:\/\/api.w.org\/{rel}","templated":true}]}}