{"id":1383,"date":"2017-01-05T22:35:28","date_gmt":"2017-01-05T20:35:28","guid":{"rendered":"http:\/\/www.inkultura-online.de\/politisch_unkorrekt\/?p=1383"},"modified":"2017-01-05T22:35:28","modified_gmt":"2017-01-05T20:35:28","slug":"nafris-mit-perspektive","status":"publish","type":"post","link":"https:\/\/www.inkultura-online.de\/politisch_unkorrekt\/nafris-mit-perspektive\/","title":{"rendered":"Nafris mit Perspektive"},"content":{"rendered":"<p>Es gibt Meldungen, da verliert auch der mit allen Wassern politischer Unf\u00e4higkeit vertraute Beobachter des politischen Zeitgeistes die Contenance und sein Blut ger\u00e4t in Wallung. Der Bund Deutscher Kriminalbeamter (BDK) in Nordrhein-Westfalen will auf die zunehmende Kriminalit\u00e4t der Migranten aus Afrika auf ganz spezielle Weise \u2013 nat\u00fcrlich mit R\u00fcckendeckung der regierenden Volksverr\u00e4ter, Verzeihung, Volksvertreter &#8211; reagieren.<!--more--><\/p>\n<p>Nicht etwa mit mit mehr Kontrollen, konsequenter Anwendung von Recht und Gesetz oder gar Abschiebung bereits bei geringf\u00fcgigen Delikten, nein, der stellvertretende Landesvorsitzende des BDK in NRW, Oliver Huth, sagte gegen\u00fcber der <em>Frankfurter Rundschau, &#8222;<\/em><em>man w\u00fcnsche sich mehr nordafrikanische Bewerber <\/em><em>f\u00fcr den Polizeidienst<\/em><em>.&#8220; <\/em>Die Aussage macht erst einmal sprachlos.<\/p>\n<p>Doch Huth kann noch einen draufsetzen &#8211; immerhin muss er diesen perversen Wunsch rechtfertigen &#8211;<em> \u201eman wisse zu wenig <\/em><em>\u00fcber das Wertesystem und die Regeln, nach denen die jungen M\u00e4nner aus Nordafrika handeln\u201c. <\/em>Da ist der Autochthone etwas erstaunt, angesichts der von diesem Beamten demonstrierten Unkenntnis des deutschen Rechtssystems. Nach diesem gibt es keine ethnischen, religi\u00f6sen oder gar sexuellen Ausnahmen bei der Anwendung infrage kommender Paragraphen bei der Strafverfolgung.<\/p>\n<p>Was, bittesch\u00f6n, soll dieses \u201eVerst\u00e4ndnis\u201c f\u00fcr das Wertesystem nordafrikanischer Straft\u00e4ter bedeuten? Toleranz hinsichtlich Gruppenvergewaltigungen besagter Klientel an deutschen Frauen, M\u00e4dchen und sogar Kindern? Toleranz f\u00fcr das bei diesem Personenkreis so beliebte Einkaufen ohne g\u00fcltige W\u00e4hrung?<\/p>\n<p>Warum macht Huth sich keine Gedanken dar\u00fcber, wie man diese Verbrecher &#8211; oder sollte man treffender sagen, dieses islamistische Pack? &#8211; so schnell wie m\u00f6glich aus Deutschland entfernt, meinetwegen in libysche Zentrallager ohne R\u00fcckfahrschein. Eines jedenfalls machen Bemerkungen wie die des Polizisten mit dem merkw\u00fcrdigen Verst\u00e4ndnis des Rechtsstaates deutlich: die seit Jahren praktizierte linksrotgr\u00fcne Gehirnw\u00e4sche bez\u00fcglich des anstehenden Volksaustausches war erfolgreich.<\/p>\n","protected":false},"excerpt":{"rendered":"<p>Es gibt Meldungen, da verliert auch der mit allen Wassern politischer Unf\u00e4higkeit vertraute Beobachter des politischen Zeitgeistes die Contenance und sein Blut ger\u00e4t in Wallung. Der Bund Deutscher Kriminalbeamter (BDK) in Nordrhein-Westfalen will auf die zunehmende Kriminalit\u00e4t der Migranten aus &hellip; <a href=\"https:\/\/www.inkultura-online.de\/politisch_unkorrekt\/nafris-mit-perspektive\/\">Weiterlesen <span class=\"meta-nav\">&rarr;<\/span><\/a><\/p>\n","protected":false},"author":1,"featured_media":0,"comment_status":"open","ping_status":"open","sticky":false,"template":"","format":"standard","meta":{"footnotes":""},"categories":[378,3,1,146,10],"tags":[648,559,822,156,225],"class_list":["post-1383","post","type-post","status-publish","format-standard","hentry","category-denunzianten","category-die-duemmsten-sprueche-der-woche","category-fundstuecke","category-keine-islamisierung","category-systemfehler","tag-gehirnwaesche","tag-intensivtaeter","tag-nafris","tag-volksaustausch","tag-volksverraeter"],"yoast_head":"<!-- This site is optimized with the Yoast SEO plugin v27.5 - https:\/\/yoast.com\/product\/yoast-seo-wordpress\/ -->\n<title>Nafris mit Perspektive - Zeitgeist? Frei!<\/title>\n<meta name=\"robots\" content=\"index, follow, max-snippet:-1, max-image-preview:large, max-video-preview:-1\" \/>\n<link rel=\"canonical\" href=\"https:\/\/www.inkultura-online.de\/politisch_unkorrekt\/nafris-mit-perspektive\/\" \/>\n<meta property=\"og:locale\" content=\"de_DE\" \/>\n<meta property=\"og:type\" content=\"article\" \/>\n<meta property=\"og:title\" content=\"Nafris mit Perspektive - Zeitgeist? Frei!\" \/>\n<meta property=\"og:description\" content=\"Es gibt Meldungen, da verliert auch der mit allen Wassern politischer Unf\u00e4higkeit vertraute Beobachter des politischen Zeitgeistes die Contenance und sein Blut ger\u00e4t in Wallung. Der Bund Deutscher Kriminalbeamter (BDK) in Nordrhein-Westfalen will auf die zunehmende Kriminalit\u00e4t der Migranten aus &hellip; Weiterlesen &rarr;\" \/>\n<meta property=\"og:url\" content=\"https:\/\/www.inkultura-online.de\/politisch_unkorrekt\/nafris-mit-perspektive\/\" \/>\n<meta property=\"og:site_name\" content=\"Zeitgeist? Frei!\" \/>\n<meta property=\"article:published_time\" content=\"2017-01-05T20:35:28+00:00\" \/>\n<meta name=\"author\" content=\"Orator\" \/>\n<meta name=\"twitter:label1\" content=\"Verfasst von\" \/>\n\t<meta name=\"twitter:data1\" content=\"Orator\" \/>\n\t<meta name=\"twitter:label2\" content=\"Gesch\u00e4tzte Lesezeit\" \/>\n\t<meta name=\"twitter:data2\" content=\"1\u00a0Minute\" \/>\n<script type=\"application\/ld+json\" class=\"yoast-schema-graph\">{\"@context\":\"https:\\\/\\\/schema.org\",\"@graph\":[{\"@type\":\"Article\",\"@id\":\"https:\\\/\\\/www.inkultura-online.de\\\/politisch_unkorrekt\\\/nafris-mit-perspektive\\\/#article\",\"isPartOf\":{\"@id\":\"https:\\\/\\\/www.inkultura-online.de\\\/politisch_unkorrekt\\\/nafris-mit-perspektive\\\/\"},\"author\":{\"name\":\"Orator\",\"@id\":\"https:\\\/\\\/www.inkultura-online.de\\\/politisch_unkorrekt\\\/#\\\/schema\\\/person\\\/5b30b80e385478896a1de221e1994d86\"},\"headline\":\"Nafris mit Perspektive\",\"datePublished\":\"2017-01-05T20:35:28+00:00\",\"mainEntityOfPage\":{\"@id\":\"https:\\\/\\\/www.inkultura-online.de\\\/politisch_unkorrekt\\\/nafris-mit-perspektive\\\/\"},\"wordCount\":300,\"commentCount\":0,\"publisher\":{\"@id\":\"https:\\\/\\\/www.inkultura-online.de\\\/politisch_unkorrekt\\\/#\\\/schema\\\/person\\\/5b30b80e385478896a1de221e1994d86\"},\"keywords\":[\"Gehirnw\u00e4sche\",\"Intensivt\u00e4ter\",\"Nafris\",\"Volksaustausch\",\"Volksverr\u00e4ter\"],\"articleSection\":[\"Denunzianten und Volksverr\u00e4ter\",\"Die d\u00fcmmsten Spr\u00fcche der Woche\",\"Fundst\u00fccke\",\"Keine Islamisierung?\",\"Systemfehler\"],\"inLanguage\":\"de\",\"potentialAction\":[{\"@type\":\"CommentAction\",\"name\":\"Comment\",\"target\":[\"https:\\\/\\\/www.inkultura-online.de\\\/politisch_unkorrekt\\\/nafris-mit-perspektive\\\/#respond\"]}]},{\"@type\":\"WebPage\",\"@id\":\"https:\\\/\\\/www.inkultura-online.de\\\/politisch_unkorrekt\\\/nafris-mit-perspektive\\\/\",\"url\":\"https:\\\/\\\/www.inkultura-online.de\\\/politisch_unkorrekt\\\/nafris-mit-perspektive\\\/\",\"name\":\"Nafris mit Perspektive - Zeitgeist? Frei!\",\"isPartOf\":{\"@id\":\"https:\\\/\\\/www.inkultura-online.de\\\/politisch_unkorrekt\\\/#website\"},\"datePublished\":\"2017-01-05T20:35:28+00:00\",\"breadcrumb\":{\"@id\":\"https:\\\/\\\/www.inkultura-online.de\\\/politisch_unkorrekt\\\/nafris-mit-perspektive\\\/#breadcrumb\"},\"inLanguage\":\"de\",\"potentialAction\":[{\"@type\":\"ReadAction\",\"target\":[\"https:\\\/\\\/www.inkultura-online.de\\\/politisch_unkorrekt\\\/nafris-mit-perspektive\\\/\"]}]},{\"@type\":\"BreadcrumbList\",\"@id\":\"https:\\\/\\\/www.inkultura-online.de\\\/politisch_unkorrekt\\\/nafris-mit-perspektive\\\/#breadcrumb\",\"itemListElement\":[{\"@type\":\"ListItem\",\"position\":1,\"name\":\"Home\",\"item\":\"https:\\\/\\\/www.inkultura-online.de\\\/politisch_unkorrekt\\\/\"},{\"@type\":\"ListItem\",\"position\":2,\"name\":\"Nafris mit Perspektive\"}]},{\"@type\":\"WebSite\",\"@id\":\"https:\\\/\\\/www.inkultura-online.de\\\/politisch_unkorrekt\\\/#website\",\"url\":\"https:\\\/\\\/www.inkultura-online.de\\\/politisch_unkorrekt\\\/\",\"name\":\"Zeitgeist? Frei!\",\"description\":\"Was Ihr den Geist der Zeiten hei\u00dft...\",\"publisher\":{\"@id\":\"https:\\\/\\\/www.inkultura-online.de\\\/politisch_unkorrekt\\\/#\\\/schema\\\/person\\\/5b30b80e385478896a1de221e1994d86\"},\"potentialAction\":[{\"@type\":\"SearchAction\",\"target\":{\"@type\":\"EntryPoint\",\"urlTemplate\":\"https:\\\/\\\/www.inkultura-online.de\\\/politisch_unkorrekt\\\/?s={search_term_string}\"},\"query-input\":{\"@type\":\"PropertyValueSpecification\",\"valueRequired\":true,\"valueName\":\"search_term_string\"}}],\"inLanguage\":\"de\"},{\"@type\":[\"Person\",\"Organization\"],\"@id\":\"https:\\\/\\\/www.inkultura-online.de\\\/politisch_unkorrekt\\\/#\\\/schema\\\/person\\\/5b30b80e385478896a1de221e1994d86\",\"name\":\"Orator\",\"image\":{\"@type\":\"ImageObject\",\"inLanguage\":\"de\",\"@id\":\"https:\\\/\\\/secure.gravatar.com\\\/avatar\\\/96e03166d31716e9c437060430eb7605c45a8ce6fb6dab483637ca6915dd0844?s=96&d=mm&r=g\",\"url\":\"https:\\\/\\\/secure.gravatar.com\\\/avatar\\\/96e03166d31716e9c437060430eb7605c45a8ce6fb6dab483637ca6915dd0844?s=96&d=mm&r=g\",\"contentUrl\":\"https:\\\/\\\/secure.gravatar.com\\\/avatar\\\/96e03166d31716e9c437060430eb7605c45a8ce6fb6dab483637ca6915dd0844?s=96&d=mm&r=g\",\"caption\":\"Orator\"},\"logo\":{\"@id\":\"https:\\\/\\\/secure.gravatar.com\\\/avatar\\\/96e03166d31716e9c437060430eb7605c45a8ce6fb6dab483637ca6915dd0844?s=96&d=mm&r=g\"},\"url\":\"https:\\\/\\\/www.inkultura-online.de\\\/politisch_unkorrekt\\\/author\\\/1korrektor21-2\\\/\"}]}<\/script>\n<!-- \/ Yoast SEO plugin. -->","yoast_head_json":{"title":"Nafris mit Perspektive - Zeitgeist? Frei!","robots":{"index":"index","follow":"follow","max-snippet":"max-snippet:-1","max-image-preview":"max-image-preview:large","max-video-preview":"max-video-preview:-1"},"canonical":"https:\/\/www.inkultura-online.de\/politisch_unkorrekt\/nafris-mit-perspektive\/","og_locale":"de_DE","og_type":"article","og_title":"Nafris mit Perspektive - Zeitgeist? Frei!","og_description":"Es gibt Meldungen, da verliert auch der mit allen Wassern politischer Unf\u00e4higkeit vertraute Beobachter des politischen Zeitgeistes die Contenance und sein Blut ger\u00e4t in Wallung. Der Bund Deutscher Kriminalbeamter (BDK) in Nordrhein-Westfalen will auf die zunehmende Kriminalit\u00e4t der Migranten aus &hellip; Weiterlesen &rarr;","og_url":"https:\/\/www.inkultura-online.de\/politisch_unkorrekt\/nafris-mit-perspektive\/","og_site_name":"Zeitgeist? Frei!","article_published_time":"2017-01-05T20:35:28+00:00","author":"Orator","twitter_misc":{"Verfasst von":"Orator","Gesch\u00e4tzte Lesezeit":"1\u00a0Minute"},"schema":{"@context":"https:\/\/schema.org","@graph":[{"@type":"Article","@id":"https:\/\/www.inkultura-online.de\/politisch_unkorrekt\/nafris-mit-perspektive\/#article","isPartOf":{"@id":"https:\/\/www.inkultura-online.de\/politisch_unkorrekt\/nafris-mit-perspektive\/"},"author":{"name":"Orator","@id":"https:\/\/www.inkultura-online.de\/politisch_unkorrekt\/#\/schema\/person\/5b30b80e385478896a1de221e1994d86"},"headline":"Nafris mit Perspektive","datePublished":"2017-01-05T20:35:28+00:00","mainEntityOfPage":{"@id":"https:\/\/www.inkultura-online.de\/politisch_unkorrekt\/nafris-mit-perspektive\/"},"wordCount":300,"commentCount":0,"publisher":{"@id":"https:\/\/www.inkultura-online.de\/politisch_unkorrekt\/#\/schema\/person\/5b30b80e385478896a1de221e1994d86"},"keywords":["Gehirnw\u00e4sche","Intensivt\u00e4ter","Nafris","Volksaustausch","Volksverr\u00e4ter"],"articleSection":["Denunzianten und Volksverr\u00e4ter","Die d\u00fcmmsten Spr\u00fcche der Woche","Fundst\u00fccke","Keine Islamisierung?","Systemfehler"],"inLanguage":"de","potentialAction":[{"@type":"CommentAction","name":"Comment","target":["https:\/\/www.inkultura-online.de\/politisch_unkorrekt\/nafris-mit-perspektive\/#respond"]}]},{"@type":"WebPage","@id":"https:\/\/www.inkultura-online.de\/politisch_unkorrekt\/nafris-mit-perspektive\/","url":"https:\/\/www.inkultura-online.de\/politisch_unkorrekt\/nafris-mit-perspektive\/","name":"Nafris mit Perspektive - Zeitgeist? Frei!","isPartOf":{"@id":"https:\/\/www.inkultura-online.de\/politisch_unkorrekt\/#website"},"datePublished":"2017-01-05T20:35:28+00:00","breadcrumb":{"@id":"https:\/\/www.inkultura-online.de\/politisch_unkorrekt\/nafris-mit-perspektive\/#breadcrumb"},"inLanguage":"de","potentialAction":[{"@type":"ReadAction","target":["https:\/\/www.inkultura-online.de\/politisch_unkorrekt\/nafris-mit-perspektive\/"]}]},{"@type":"BreadcrumbList","@id":"https:\/\/www.inkultura-online.de\/politisch_unkorrekt\/nafris-mit-perspektive\/#breadcrumb","itemListElement":[{"@type":"ListItem","position":1,"name":"Home","item":"https:\/\/www.inkultura-online.de\/politisch_unkorrekt\/"},{"@type":"ListItem","position":2,"name":"Nafris mit Perspektive"}]},{"@type":"WebSite","@id":"https:\/\/www.inkultura-online.de\/politisch_unkorrekt\/#website","url":"https:\/\/www.inkultura-online.de\/politisch_unkorrekt\/","name":"Zeitgeist? Frei!","description":"Was Ihr den Geist der Zeiten hei\u00dft...","publisher":{"@id":"https:\/\/www.inkultura-online.de\/politisch_unkorrekt\/#\/schema\/person\/5b30b80e385478896a1de221e1994d86"},"potentialAction":[{"@type":"SearchAction","target":{"@type":"EntryPoint","urlTemplate":"https:\/\/www.inkultura-online.de\/politisch_unkorrekt\/?s={search_term_string}"},"query-input":{"@type":"PropertyValueSpecification","valueRequired":true,"valueName":"search_term_string"}}],"inLanguage":"de"},{"@type":["Person","Organization"],"@id":"https:\/\/www.inkultura-online.de\/politisch_unkorrekt\/#\/schema\/person\/5b30b80e385478896a1de221e1994d86","name":"Orator","image":{"@type":"ImageObject","inLanguage":"de","@id":"https:\/\/secure.gravatar.com\/avatar\/96e03166d31716e9c437060430eb7605c45a8ce6fb6dab483637ca6915dd0844?s=96&d=mm&r=g","url":"https:\/\/secure.gravatar.com\/avatar\/96e03166d31716e9c437060430eb7605c45a8ce6fb6dab483637ca6915dd0844?s=96&d=mm&r=g","contentUrl":"https:\/\/secure.gravatar.com\/avatar\/96e03166d31716e9c437060430eb7605c45a8ce6fb6dab483637ca6915dd0844?s=96&d=mm&r=g","caption":"Orator"},"logo":{"@id":"https:\/\/secure.gravatar.com\/avatar\/96e03166d31716e9c437060430eb7605c45a8ce6fb6dab483637ca6915dd0844?s=96&d=mm&r=g"},"url":"https:\/\/www.inkultura-online.de\/politisch_unkorrekt\/author\/1korrektor21-2\/"}]}},"_links":{"self":[{"href":"https:\/\/www.inkultura-online.de\/politisch_unkorrekt\/wp-json\/wp\/v2\/posts\/1383","targetHints":{"allow":["GET"]}}],"collection":[{"href":"https:\/\/www.inkultura-online.de\/politisch_unkorrekt\/wp-json\/wp\/v2\/posts"}],"about":[{"href":"https:\/\/www.inkultura-online.de\/politisch_unkorrekt\/wp-json\/wp\/v2\/types\/post"}],"author":[{"embeddable":true,"href":"https:\/\/www.inkultura-online.de\/politisch_unkorrekt\/wp-json\/wp\/v2\/users\/1"}],"replies":[{"embeddable":true,"href":"https:\/\/www.inkultura-online.de\/politisch_unkorrekt\/wp-json\/wp\/v2\/comments?post=1383"}],"version-history":[{"count":1,"href":"https:\/\/www.inkultura-online.de\/politisch_unkorrekt\/wp-json\/wp\/v2\/posts\/1383\/revisions"}],"predecessor-version":[{"id":1384,"href":"https:\/\/www.inkultura-online.de\/politisch_unkorrekt\/wp-json\/wp\/v2\/posts\/1383\/revisions\/1384"}],"wp:attachment":[{"href":"https:\/\/www.inkultura-online.de\/politisch_unkorrekt\/wp-json\/wp\/v2\/media?parent=1383"}],"wp:term":[{"taxonomy":"category","embeddable":true,"href":"https:\/\/www.inkultura-online.de\/politisch_unkorrekt\/wp-json\/wp\/v2\/categories?post=1383"},{"taxonomy":"post_tag","embeddable":true,"href":"https:\/\/www.inkultura-online.de\/politisch_unkorrekt\/wp-json\/wp\/v2\/tags?post=1383"}],"curies":[{"name":"wp","href":"https:\/\/api.w.org\/{rel}","templated":true}]}}