{"id":1386,"date":"2017-01-07T18:36:44","date_gmt":"2017-01-07T16:36:44","guid":{"rendered":"http:\/\/www.inkultura-online.de\/politisch_unkorrekt\/?p=1386"},"modified":"2017-01-07T18:36:44","modified_gmt":"2017-01-07T16:36:44","slug":"putin-der-neue-fantomas","status":"publish","type":"post","link":"https:\/\/www.inkultura-online.de\/politisch_unkorrekt\/putin-der-neue-fantomas\/","title":{"rendered":"Putin, der neue Fantomas"},"content":{"rendered":"<p>Klimawandel? Wenn dahinter mal nicht die Russen stecken. Eurokrise? Bestimmt durch Manipulationen auf Putins Befehl. Sturmflut an der Nordsee? Die Schuldigen sitzen bestimmt in Moskau. Liest man derzeit die Bl\u00e4tter der Qualit\u00e4tspresse und sieht und h\u00f6rt Nachrichten der \u00d6ffentlich-Rechtlichen-Verdummung, dann muss der kritische B\u00fcrger eines konstatieren: der russische Pr\u00e4sident Putin ist Fantomas, der B\u00f6sewicht des 21. Jahrhunderts.<!--more--><\/p>\n<p>Schenkt man den US-amerikanischen Geheimdiensten \u2013 ja genau denen, die \u201ebewiesen\u201c haben, das der Irak im Besitz von Massenvernichtungsmitteln ist \u2013 Glauben, dann hat Fantomas h\u00f6chstpers\u00f6nlich in den Wahlkampf des Gro\u00dfen Bruders in \u00dcbersee eingegriffen und somit erst den Sieg von Donald Trump erm\u00f6glicht. Beweise? Bislang eher von seltener Gestalt, doch die deutschen Medien schenken wohl das erste mal in ihrer nicht immer ruhmreichen Geschichte auf einmal einschl\u00e4gigen Horch- und Guckfirmen Glauben und erkl\u00e4ren unisono, Putin sei ein ganz b\u00f6ser Politiker, dessen Bestreben die globale Hegemonie ist.<\/p>\n<p>Geht es nicht ein bisschen kleiner und vor allen Dingen mit harten Fakten belegt? Was f\u00fcr ein Gl\u00fcck, ist der kritische, den \u00f6ffentlichen Medien gegen\u00fcber in Skepsis ge\u00fcbte B\u00fcrger etwas vorsichtiger in seiner Bewertung hinsichtlich der Manipulationsvorw\u00fcrfe in Richtung Moskau. Zu frisch ist noch die Erinnerung daran, dass der gro\u00dfe Bruder ungeniert die Mobiltelefone deutscher Politiker abgeh\u00f6rt hat und dies wohl auch immer noch macht.<\/p>\n<p>Hand aufs Herz, wenn es, wer immer sie \u00fcberhaupt unternommen hat, diese omin\u00f6sen Hackerangriffe, derma\u00dfen einfach gewesen ist, den Server der Demokraten zu hacken &#8211; laut Julian Assange h\u00e4tte das jeder halbwegs IT-affine Jugendliche tun k\u00f6nnen \u2013 dann haben die Betreiber ein geh\u00f6riges Ma\u00df an Mitschuld, \u00e4hnlich demjenigen, der seine PIN auf der Kreditkarte notiert hat.<\/p>\n<p>Jeder spielt in diesem Spiel mit. Russland, die USA, Frankreich, etc. Alle h\u00f6ren alle ab und alle versuchen die Politik der Mitspieler zu beeinflussen. Hat nicht der Westen vor einiger Zeit massiv in die innenpolitischen Verh\u00e4ltnisse der Ukraine eingegriffen und mithilfe von sog. NGO\u00b4s aus den USA, hinter denen in der Regel einflussreiche politische Thinktanks stecken, den Versuch unternommen, eine putinkritische \u2013 um es vorsichtig auszudr\u00fccken \u2013 Marionettenregierung zu installieren?<\/p>\n<p>Ein Gl\u00fcck, so k\u00f6nnte man es wieder vorsichtig ausdr\u00fccken, ist nicht die Hardlinerin Clinton die neue Pr\u00e4sidentin der USA geworden, denn dann h\u00e4tte sich die Welt auf einen neuen Kalten Krieg einstellen m\u00fcssen. Der scheidende Pr\u00e4sident Obama hat den aggressiven Kurs mit Truppenverlegungen \u2013 aktuell rollen 87 moderne Kampfpanzer der US-R\u00fcstungsindustrie und fast 4000 Soldaten vis Bremerhaven Richtung Osten \u2013 l\u00e4ngst eingeschlagen.<\/p>\n<p>Mit der Bemerkung des Oberbefehlshabers der US Landstreitkr\u00e4fte in Europa, General Frederick Hodges, Russland verhalte sich nicht wie ein Land, das Frieden m\u00f6chte und dem Verweis auf die Annexion der Halbinsel Krim erweist sich der General zwar nicht als ausgewiesener Fachmann f\u00fcr neuere Geschichte, denn am 8. April 1783 hat Katharina II. die Krim formell \u201evon nun an und f\u00fcr alle Zeiten\u201c als russisch deklariert. Vom Osmanischen Reich wurde dies im Vertrag von Jassy am 6. Januar 1792 anerkannt, spielt jedoch ungeniert mit dem Feuer, denn am Horizont nimmt der von den USA seit l\u00e4ngerem vorbereitete Krieg gegen Russland Konturen an.<\/p>\n<p>Das eigentlich Pikante daran ist die Tatsache, dass die vor kurzem sich noch stramm auf antiamerikanischem Kurs befindenden deutschen Medien inzwischen auf die bellizistische Diktion der US-amerikanischen F\u00fchrung eingeschwenkt sind und den russischen Pr\u00e4sidenten als globalen B\u00f6sewicht bezeichnen.<\/p>\n<p>Russland als gro\u00dfer Manipulator anderer Nationen. Was f\u00fcr ein Br\u00fcller! In dem Metier gibt es einen ganz anderen Schurkenstaat: Die USA beeinflussten wiederholt massiv Wahlen und politische Prozesse in zahlreichen L\u00e4ndern der Welt. Die Ukraine, Russland, Honduras, Georgien und Cuba sind nur einige der Staaten, die mit dem System \u201eUS-amerikanische Hegemonie\u201c Bekanntschaft gemacht haben. Nicht zu vergessen, dass die USA sogar terroristische Gruppen zur Durchsetzung ihrer politischen Agenden bewaffnen. Stichwort Afghanistan, dort unterst\u00fctze die CIA massiv die Mudschahedin-Gruppen mit dem Ziel der Destabilisierung Russlands. Wer also sind die B\u00f6sen? Die, die jetzt aufgeregt \u201eHaltet den Dieb\u201c rufen.<\/p>\n","protected":false},"excerpt":{"rendered":"<p>Klimawandel? Wenn dahinter mal nicht die Russen stecken. Eurokrise? Bestimmt durch Manipulationen auf Putins Befehl. Sturmflut an der Nordsee? Die Schuldigen sitzen bestimmt in Moskau. Liest man derzeit die Bl\u00e4tter der Qualit\u00e4tspresse und sieht und h\u00f6rt Nachrichten der \u00d6ffentlich-Rechtlichen-Verdummung, dann &hellip; <a href=\"https:\/\/www.inkultura-online.de\/politisch_unkorrekt\/putin-der-neue-fantomas\/\">Weiterlesen <span class=\"meta-nav\">&rarr;<\/span><\/a><\/p>\n","protected":false},"author":1,"featured_media":0,"comment_status":"open","ping_status":"open","sticky":false,"template":"","format":"standard","meta":{"footnotes":""},"categories":[444,9,11],"tags":[826,824,823,825],"class_list":["post-1386","post","type-post","status-publish","format-standard","hentry","category-gedanken-zum-tag","category-staaten-untereinander","category-was-die-qualitaetspresse-gern-verschweigt","tag-dritter-weltkrieg","tag-fantomas","tag-putin","tag-schurkenstaat"],"yoast_head":"<!-- This site is optimized with the Yoast SEO plugin v27.5 - https:\/\/yoast.com\/product\/yoast-seo-wordpress\/ -->\n<title>Putin, der neue Fantomas - Zeitgeist? Frei!<\/title>\n<meta name=\"robots\" content=\"index, follow, max-snippet:-1, max-image-preview:large, max-video-preview:-1\" \/>\n<link rel=\"canonical\" href=\"https:\/\/www.inkultura-online.de\/politisch_unkorrekt\/putin-der-neue-fantomas\/\" \/>\n<meta property=\"og:locale\" content=\"de_DE\" \/>\n<meta property=\"og:type\" content=\"article\" \/>\n<meta property=\"og:title\" content=\"Putin, der neue Fantomas - Zeitgeist? Frei!\" \/>\n<meta property=\"og:description\" content=\"Klimawandel? Wenn dahinter mal nicht die Russen stecken. Eurokrise? Bestimmt durch Manipulationen auf Putins Befehl. Sturmflut an der Nordsee? Die Schuldigen sitzen bestimmt in Moskau. Liest man derzeit die Bl\u00e4tter der Qualit\u00e4tspresse und sieht und h\u00f6rt Nachrichten der \u00d6ffentlich-Rechtlichen-Verdummung, dann &hellip; Weiterlesen &rarr;\" \/>\n<meta property=\"og:url\" content=\"https:\/\/www.inkultura-online.de\/politisch_unkorrekt\/putin-der-neue-fantomas\/\" \/>\n<meta property=\"og:site_name\" content=\"Zeitgeist? Frei!\" \/>\n<meta property=\"article:published_time\" content=\"2017-01-07T16:36:44+00:00\" \/>\n<meta name=\"author\" content=\"Orator\" \/>\n<meta name=\"twitter:label1\" content=\"Verfasst von\" \/>\n\t<meta name=\"twitter:data1\" content=\"Orator\" \/>\n\t<meta name=\"twitter:label2\" content=\"Gesch\u00e4tzte Lesezeit\" \/>\n\t<meta name=\"twitter:data2\" content=\"3\u00a0Minuten\" \/>\n<script type=\"application\/ld+json\" class=\"yoast-schema-graph\">{\"@context\":\"https:\\\/\\\/schema.org\",\"@graph\":[{\"@type\":\"Article\",\"@id\":\"https:\\\/\\\/www.inkultura-online.de\\\/politisch_unkorrekt\\\/putin-der-neue-fantomas\\\/#article\",\"isPartOf\":{\"@id\":\"https:\\\/\\\/www.inkultura-online.de\\\/politisch_unkorrekt\\\/putin-der-neue-fantomas\\\/\"},\"author\":{\"name\":\"Orator\",\"@id\":\"https:\\\/\\\/www.inkultura-online.de\\\/politisch_unkorrekt\\\/#\\\/schema\\\/person\\\/5b30b80e385478896a1de221e1994d86\"},\"headline\":\"Putin, der neue Fantomas\",\"datePublished\":\"2017-01-07T16:36:44+00:00\",\"mainEntityOfPage\":{\"@id\":\"https:\\\/\\\/www.inkultura-online.de\\\/politisch_unkorrekt\\\/putin-der-neue-fantomas\\\/\"},\"wordCount\":676,\"commentCount\":0,\"publisher\":{\"@id\":\"https:\\\/\\\/www.inkultura-online.de\\\/politisch_unkorrekt\\\/#\\\/schema\\\/person\\\/5b30b80e385478896a1de221e1994d86\"},\"keywords\":[\"Dritter Weltkrieg\",\"Fantomas\",\"Putin\",\"Schurkenstaat\"],\"articleSection\":[\"Gedanken zum Tag\",\"Staaten untereinander\",\"Was die \\\"Qualit\u00e4tspresse\\\" gern verschweigt\"],\"inLanguage\":\"de\",\"potentialAction\":[{\"@type\":\"CommentAction\",\"name\":\"Comment\",\"target\":[\"https:\\\/\\\/www.inkultura-online.de\\\/politisch_unkorrekt\\\/putin-der-neue-fantomas\\\/#respond\"]}]},{\"@type\":\"WebPage\",\"@id\":\"https:\\\/\\\/www.inkultura-online.de\\\/politisch_unkorrekt\\\/putin-der-neue-fantomas\\\/\",\"url\":\"https:\\\/\\\/www.inkultura-online.de\\\/politisch_unkorrekt\\\/putin-der-neue-fantomas\\\/\",\"name\":\"Putin, der neue Fantomas - Zeitgeist? Frei!\",\"isPartOf\":{\"@id\":\"https:\\\/\\\/www.inkultura-online.de\\\/politisch_unkorrekt\\\/#website\"},\"datePublished\":\"2017-01-07T16:36:44+00:00\",\"breadcrumb\":{\"@id\":\"https:\\\/\\\/www.inkultura-online.de\\\/politisch_unkorrekt\\\/putin-der-neue-fantomas\\\/#breadcrumb\"},\"inLanguage\":\"de\",\"potentialAction\":[{\"@type\":\"ReadAction\",\"target\":[\"https:\\\/\\\/www.inkultura-online.de\\\/politisch_unkorrekt\\\/putin-der-neue-fantomas\\\/\"]}]},{\"@type\":\"BreadcrumbList\",\"@id\":\"https:\\\/\\\/www.inkultura-online.de\\\/politisch_unkorrekt\\\/putin-der-neue-fantomas\\\/#breadcrumb\",\"itemListElement\":[{\"@type\":\"ListItem\",\"position\":1,\"name\":\"Home\",\"item\":\"https:\\\/\\\/www.inkultura-online.de\\\/politisch_unkorrekt\\\/\"},{\"@type\":\"ListItem\",\"position\":2,\"name\":\"Putin, der neue Fantomas\"}]},{\"@type\":\"WebSite\",\"@id\":\"https:\\\/\\\/www.inkultura-online.de\\\/politisch_unkorrekt\\\/#website\",\"url\":\"https:\\\/\\\/www.inkultura-online.de\\\/politisch_unkorrekt\\\/\",\"name\":\"Zeitgeist? Frei!\",\"description\":\"Was Ihr den Geist der Zeiten hei\u00dft...\",\"publisher\":{\"@id\":\"https:\\\/\\\/www.inkultura-online.de\\\/politisch_unkorrekt\\\/#\\\/schema\\\/person\\\/5b30b80e385478896a1de221e1994d86\"},\"potentialAction\":[{\"@type\":\"SearchAction\",\"target\":{\"@type\":\"EntryPoint\",\"urlTemplate\":\"https:\\\/\\\/www.inkultura-online.de\\\/politisch_unkorrekt\\\/?s={search_term_string}\"},\"query-input\":{\"@type\":\"PropertyValueSpecification\",\"valueRequired\":true,\"valueName\":\"search_term_string\"}}],\"inLanguage\":\"de\"},{\"@type\":[\"Person\",\"Organization\"],\"@id\":\"https:\\\/\\\/www.inkultura-online.de\\\/politisch_unkorrekt\\\/#\\\/schema\\\/person\\\/5b30b80e385478896a1de221e1994d86\",\"name\":\"Orator\",\"image\":{\"@type\":\"ImageObject\",\"inLanguage\":\"de\",\"@id\":\"https:\\\/\\\/secure.gravatar.com\\\/avatar\\\/96e03166d31716e9c437060430eb7605c45a8ce6fb6dab483637ca6915dd0844?s=96&d=mm&r=g\",\"url\":\"https:\\\/\\\/secure.gravatar.com\\\/avatar\\\/96e03166d31716e9c437060430eb7605c45a8ce6fb6dab483637ca6915dd0844?s=96&d=mm&r=g\",\"contentUrl\":\"https:\\\/\\\/secure.gravatar.com\\\/avatar\\\/96e03166d31716e9c437060430eb7605c45a8ce6fb6dab483637ca6915dd0844?s=96&d=mm&r=g\",\"caption\":\"Orator\"},\"logo\":{\"@id\":\"https:\\\/\\\/secure.gravatar.com\\\/avatar\\\/96e03166d31716e9c437060430eb7605c45a8ce6fb6dab483637ca6915dd0844?s=96&d=mm&r=g\"},\"url\":\"https:\\\/\\\/www.inkultura-online.de\\\/politisch_unkorrekt\\\/author\\\/1korrektor21-2\\\/\"}]}<\/script>\n<!-- \/ Yoast SEO plugin. -->","yoast_head_json":{"title":"Putin, der neue Fantomas - Zeitgeist? Frei!","robots":{"index":"index","follow":"follow","max-snippet":"max-snippet:-1","max-image-preview":"max-image-preview:large","max-video-preview":"max-video-preview:-1"},"canonical":"https:\/\/www.inkultura-online.de\/politisch_unkorrekt\/putin-der-neue-fantomas\/","og_locale":"de_DE","og_type":"article","og_title":"Putin, der neue Fantomas - Zeitgeist? Frei!","og_description":"Klimawandel? Wenn dahinter mal nicht die Russen stecken. Eurokrise? Bestimmt durch Manipulationen auf Putins Befehl. Sturmflut an der Nordsee? Die Schuldigen sitzen bestimmt in Moskau. Liest man derzeit die Bl\u00e4tter der Qualit\u00e4tspresse und sieht und h\u00f6rt Nachrichten der \u00d6ffentlich-Rechtlichen-Verdummung, dann &hellip; Weiterlesen &rarr;","og_url":"https:\/\/www.inkultura-online.de\/politisch_unkorrekt\/putin-der-neue-fantomas\/","og_site_name":"Zeitgeist? Frei!","article_published_time":"2017-01-07T16:36:44+00:00","author":"Orator","twitter_misc":{"Verfasst von":"Orator","Gesch\u00e4tzte Lesezeit":"3\u00a0Minuten"},"schema":{"@context":"https:\/\/schema.org","@graph":[{"@type":"Article","@id":"https:\/\/www.inkultura-online.de\/politisch_unkorrekt\/putin-der-neue-fantomas\/#article","isPartOf":{"@id":"https:\/\/www.inkultura-online.de\/politisch_unkorrekt\/putin-der-neue-fantomas\/"},"author":{"name":"Orator","@id":"https:\/\/www.inkultura-online.de\/politisch_unkorrekt\/#\/schema\/person\/5b30b80e385478896a1de221e1994d86"},"headline":"Putin, der neue Fantomas","datePublished":"2017-01-07T16:36:44+00:00","mainEntityOfPage":{"@id":"https:\/\/www.inkultura-online.de\/politisch_unkorrekt\/putin-der-neue-fantomas\/"},"wordCount":676,"commentCount":0,"publisher":{"@id":"https:\/\/www.inkultura-online.de\/politisch_unkorrekt\/#\/schema\/person\/5b30b80e385478896a1de221e1994d86"},"keywords":["Dritter Weltkrieg","Fantomas","Putin","Schurkenstaat"],"articleSection":["Gedanken zum Tag","Staaten untereinander","Was die \"Qualit\u00e4tspresse\" gern verschweigt"],"inLanguage":"de","potentialAction":[{"@type":"CommentAction","name":"Comment","target":["https:\/\/www.inkultura-online.de\/politisch_unkorrekt\/putin-der-neue-fantomas\/#respond"]}]},{"@type":"WebPage","@id":"https:\/\/www.inkultura-online.de\/politisch_unkorrekt\/putin-der-neue-fantomas\/","url":"https:\/\/www.inkultura-online.de\/politisch_unkorrekt\/putin-der-neue-fantomas\/","name":"Putin, der neue Fantomas - Zeitgeist? Frei!","isPartOf":{"@id":"https:\/\/www.inkultura-online.de\/politisch_unkorrekt\/#website"},"datePublished":"2017-01-07T16:36:44+00:00","breadcrumb":{"@id":"https:\/\/www.inkultura-online.de\/politisch_unkorrekt\/putin-der-neue-fantomas\/#breadcrumb"},"inLanguage":"de","potentialAction":[{"@type":"ReadAction","target":["https:\/\/www.inkultura-online.de\/politisch_unkorrekt\/putin-der-neue-fantomas\/"]}]},{"@type":"BreadcrumbList","@id":"https:\/\/www.inkultura-online.de\/politisch_unkorrekt\/putin-der-neue-fantomas\/#breadcrumb","itemListElement":[{"@type":"ListItem","position":1,"name":"Home","item":"https:\/\/www.inkultura-online.de\/politisch_unkorrekt\/"},{"@type":"ListItem","position":2,"name":"Putin, der neue Fantomas"}]},{"@type":"WebSite","@id":"https:\/\/www.inkultura-online.de\/politisch_unkorrekt\/#website","url":"https:\/\/www.inkultura-online.de\/politisch_unkorrekt\/","name":"Zeitgeist? Frei!","description":"Was Ihr den Geist der Zeiten hei\u00dft...","publisher":{"@id":"https:\/\/www.inkultura-online.de\/politisch_unkorrekt\/#\/schema\/person\/5b30b80e385478896a1de221e1994d86"},"potentialAction":[{"@type":"SearchAction","target":{"@type":"EntryPoint","urlTemplate":"https:\/\/www.inkultura-online.de\/politisch_unkorrekt\/?s={search_term_string}"},"query-input":{"@type":"PropertyValueSpecification","valueRequired":true,"valueName":"search_term_string"}}],"inLanguage":"de"},{"@type":["Person","Organization"],"@id":"https:\/\/www.inkultura-online.de\/politisch_unkorrekt\/#\/schema\/person\/5b30b80e385478896a1de221e1994d86","name":"Orator","image":{"@type":"ImageObject","inLanguage":"de","@id":"https:\/\/secure.gravatar.com\/avatar\/96e03166d31716e9c437060430eb7605c45a8ce6fb6dab483637ca6915dd0844?s=96&d=mm&r=g","url":"https:\/\/secure.gravatar.com\/avatar\/96e03166d31716e9c437060430eb7605c45a8ce6fb6dab483637ca6915dd0844?s=96&d=mm&r=g","contentUrl":"https:\/\/secure.gravatar.com\/avatar\/96e03166d31716e9c437060430eb7605c45a8ce6fb6dab483637ca6915dd0844?s=96&d=mm&r=g","caption":"Orator"},"logo":{"@id":"https:\/\/secure.gravatar.com\/avatar\/96e03166d31716e9c437060430eb7605c45a8ce6fb6dab483637ca6915dd0844?s=96&d=mm&r=g"},"url":"https:\/\/www.inkultura-online.de\/politisch_unkorrekt\/author\/1korrektor21-2\/"}]}},"_links":{"self":[{"href":"https:\/\/www.inkultura-online.de\/politisch_unkorrekt\/wp-json\/wp\/v2\/posts\/1386","targetHints":{"allow":["GET"]}}],"collection":[{"href":"https:\/\/www.inkultura-online.de\/politisch_unkorrekt\/wp-json\/wp\/v2\/posts"}],"about":[{"href":"https:\/\/www.inkultura-online.de\/politisch_unkorrekt\/wp-json\/wp\/v2\/types\/post"}],"author":[{"embeddable":true,"href":"https:\/\/www.inkultura-online.de\/politisch_unkorrekt\/wp-json\/wp\/v2\/users\/1"}],"replies":[{"embeddable":true,"href":"https:\/\/www.inkultura-online.de\/politisch_unkorrekt\/wp-json\/wp\/v2\/comments?post=1386"}],"version-history":[{"count":1,"href":"https:\/\/www.inkultura-online.de\/politisch_unkorrekt\/wp-json\/wp\/v2\/posts\/1386\/revisions"}],"predecessor-version":[{"id":1387,"href":"https:\/\/www.inkultura-online.de\/politisch_unkorrekt\/wp-json\/wp\/v2\/posts\/1386\/revisions\/1387"}],"wp:attachment":[{"href":"https:\/\/www.inkultura-online.de\/politisch_unkorrekt\/wp-json\/wp\/v2\/media?parent=1386"}],"wp:term":[{"taxonomy":"category","embeddable":true,"href":"https:\/\/www.inkultura-online.de\/politisch_unkorrekt\/wp-json\/wp\/v2\/categories?post=1386"},{"taxonomy":"post_tag","embeddable":true,"href":"https:\/\/www.inkultura-online.de\/politisch_unkorrekt\/wp-json\/wp\/v2\/tags?post=1386"}],"curies":[{"name":"wp","href":"https:\/\/api.w.org\/{rel}","templated":true}]}}