{"id":1389,"date":"2017-01-08T12:14:02","date_gmt":"2017-01-08T10:14:02","guid":{"rendered":"http:\/\/www.inkultura-online.de\/politisch_unkorrekt\/?p=1389"},"modified":"2017-01-08T12:14:02","modified_gmt":"2017-01-08T10:14:02","slug":"der-djihad-hat-viele-gesichter","status":"publish","type":"post","link":"https:\/\/www.inkultura-online.de\/politisch_unkorrekt\/der-djihad-hat-viele-gesichter\/","title":{"rendered":"Der Djihad hat viele Gesichter"},"content":{"rendered":"<p>Es besteht kein Zweifel mehr, Deutschland, Europa, die gesamte freie Welt befinden sich in einem Krieg, einem Krieg, der sich gegen den \u201eWesten\u201c, so die Diktion des Feindes, richtet. Der Feind ist dabei klar auszumachen: der Islam, eine r\u00fcckst\u00e4ndige W\u00fcstenreligion, der es in ihrem historischen Verlauf immer wieder gelungen ist, Reformer und Koranauslegungen abseits fundamentalistischer Interpretation zu unterdr\u00fccken.<!--more--><\/p>\n<p>Eine Religion, die von sich behauptet, die allein wahre und die allein g\u00fcltige zu sein, besitzt bereits im Kern Intoleranz und Gewaltbereitschaft. Auch die christliche Religion vertrat diese Position und unternahm in der Vergangenheit die Bekehrung mit dem Schwert. Dass der christlich gepr\u00e4gte Westen inzwischen eine klare Trennung zwischen Religion und Politik zieht, verdankt er nicht zuletzt blutigen Auseinandersetzungen und der Aufkl\u00e4rung.<\/p>\n<p>Eben diese hat der Islam nicht vollzogen und leitet daraus seinen Universalismus ab, der keine Trennung zwischen Glauben und Staat vorsieht. Der Islam ist zugleich Religion und politische Ideologie, was ihn, wir sehen es im Terror des IS nur allzu deutlich, so gef\u00e4hrlich macht. Solange der globale Machtanspruch des Islam noch nicht durchgesetzt wurde, solange befindet er sich im Kampf gegen die \u201eUngl\u00e4ubigen\u201c. Der Djihad, der Heilige Krieg, ist das Mittel, mit dem diese Religion ihre angeblichen Feinde bekehren will, oder sie, wenn diese sich nicht einer Religion unterwerfen wollen, an der Jahrhunderte wissenschaftlicher Erkenntnisse spurlos vorbei gezogen sind, zu vernichten.<\/p>\n<p>Inzwischen tobt der Djihad in den Stra\u00dfen und auf den Pl\u00e4tzen Europas. Nichts und niemand scheint mehr sicher zu sein, angesichts der sich zu hunderttausenden bereits mitten unter uns befindenden K\u00e4mpfer des Islam. Getarnt als \u201eFl\u00fcchtlinge\u201c und mit Unterst\u00fctzung der europ\u00e4ischen Eliten, haben junge und wie die letzten Terrorattacken es beweisen haben, zu allem bereite M\u00e4nner unserer Freiheit den Krieg erkl\u00e4rt.<\/p>\n<p>Dieser Krieg verl\u00e4uft an mehreren Fronten gleichzeitig und nicht immer sind Kombattanten, Kollaborateure und Nutznie\u00dfer deutlich voneinander zu unterscheiden. Wo z. B. soll man eine Bundeskanzlerin Merkel verorten, die durch ihre erratische Entscheidung, deutsche Grenzen als nicht existent zu erkl\u00e4ren, den Kampftruppen des Islam Tor und T\u00fcr in unserer Gesellschaft ge\u00f6ffnet hat. Ist sie dadurch zur Initiatorin, gar Mitt\u00e4terin der seitdem in unserer Heimat gestellten islamischen Machtanspr\u00fcchen geworden? Ist sie gar eine Kollaborateurin, die hinter den Kulissen bereits mit dem Feind zusammenarbeitet oder ist sie eine kleine, aber vor der europ\u00e4ischen Geschichte schuldig gewordene Nutznie\u00dferin, die mit ihrer kriminellen Handlung sich zu h\u00f6heren Weihen \u2013 UNO \u2013 berufen f\u00fchlte und dadurch in Kauf nahm, einen ganzen Kontinent zu destabilisieren?<\/p>\n<p>Wo ist der politisch-mediale Komplex mit seinen Hofberichterstattern und den Claqueuren aus den Reihen der Organisierten Sozial- und Migrationskriminalit\u00e4t zu verorten? W\u00e4hrend letztere durch die Milliarden Euro, die die sog. \u201eFl\u00fcchtlingskrise\u201c in deren Kassen sp\u00fclte und immer noch sp\u00fclt und die eindeutig zu den Nutznie\u00dfern des mit gro\u00dfer krimineller Energie initiierten Volksaustausches gez\u00e4hlt werden d\u00fcrfen, sieht es bei den \u201eMedienschaffenden\u201c, den Kl\u00e4ffern des Systems, nicht ganz so klar und deutlich aus.<\/p>\n<p>Kollaborateure sind die \u201eQualit\u00e4tsjournalisten\u201c auf alle F\u00e4lle, denn sie arbeiten dem Feind durch ihre r\u00fchrseligen Geschichten vom \u201earmen Fl\u00fcchtlingskind\u201c direkt in die H\u00e4nde, verschweigen jedoch, wie ihre Gesinnungsgenossen in der Politik, die zahlreichen Vergewaltigungen, K\u00f6rperverletzungen, Diebst\u00e4hle, Sozialbetr\u00fcgereien, Dokumentenf\u00e4lschungen, Passvernichtungen, \u00e4h, noch was vergessen?<\/p>\n<p>Was unsere gew\u00e4hlten Volksverr\u00e4ter, Verzeihung, Volksvertreter angeht, so kann man diese Clique getrost in die Riege der Kombattanten einordnen. Durch deren verantwortungslose, ja kriminelle Handlungen, die von uns Autochthonen alles, von Merkels G\u00e4sten nichts fordert, tragen diese Personen direkt zum Zusammenbruch der \u00f6ffentlichen Ordnung und damit auch des Staates bei.<\/p>\n<p>Der von den von der Gr\u00f6KaZ herbeigerufenen Fachkr\u00e4ften, Atomingenieuren, \u00c4rzten und IT-Spezialisten in unserem Land ausge\u00fcbte Djihad findet direkt unter den Augen von Politikern statt, die anstelle der Durchsetzung bestehender Gesetze, d. h. massenweise Abschiebungen, in Zukunft lieber das ganze (deutsche) Restvolk unter Verwendung fl\u00e4chendeckender Video\u00fcberwachung beobachten wollen.<\/p>\n<p>Der Djihad hat also viele Gesichter und beileibe nicht alle sind muslimischer Natur. Die Katrin G\u00f6ring-Eckardts und Simone Peters, nicht zu vergessen, die Angela Merkels dieser Republik beweisen das.<\/p>\n","protected":false},"excerpt":{"rendered":"<p>Es besteht kein Zweifel mehr, Deutschland, Europa, die gesamte freie Welt befinden sich in einem Krieg, einem Krieg, der sich gegen den \u201eWesten\u201c, so die Diktion des Feindes, richtet. Der Feind ist dabei klar auszumachen: der Islam, eine r\u00fcckst\u00e4ndige W\u00fcstenreligion, &hellip; <a href=\"https:\/\/www.inkultura-online.de\/politisch_unkorrekt\/der-djihad-hat-viele-gesichter\/\">Weiterlesen <span class=\"meta-nav\">&rarr;<\/span><\/a><\/p>\n","protected":false},"author":1,"featured_media":0,"comment_status":"open","ping_status":"open","sticky":false,"template":"","format":"standard","meta":{"footnotes":""},"categories":[378,444,10,11],"tags":[827,828,81,572,225],"class_list":["post-1389","post","type-post","status-publish","format-standard","hentry","category-denunzianten","category-gedanken-zum-tag","category-systemfehler","category-was-die-qualitaetspresse-gern-verschweigt","tag-djihad","tag-heiliger-krieg","tag-merkel","tag-muslimische-invasion","tag-volksverraeter"],"yoast_head":"<!-- This site is optimized with the Yoast SEO plugin v27.5 - https:\/\/yoast.com\/product\/yoast-seo-wordpress\/ -->\n<title>Der Djihad hat viele Gesichter - Zeitgeist? Frei!<\/title>\n<meta name=\"robots\" content=\"index, follow, max-snippet:-1, max-image-preview:large, max-video-preview:-1\" \/>\n<link rel=\"canonical\" href=\"https:\/\/www.inkultura-online.de\/politisch_unkorrekt\/der-djihad-hat-viele-gesichter\/\" \/>\n<meta property=\"og:locale\" content=\"de_DE\" \/>\n<meta property=\"og:type\" content=\"article\" \/>\n<meta property=\"og:title\" content=\"Der Djihad hat viele Gesichter - Zeitgeist? Frei!\" \/>\n<meta property=\"og:description\" content=\"Es besteht kein Zweifel mehr, Deutschland, Europa, die gesamte freie Welt befinden sich in einem Krieg, einem Krieg, der sich gegen den \u201eWesten\u201c, so die Diktion des Feindes, richtet. Der Feind ist dabei klar auszumachen: der Islam, eine r\u00fcckst\u00e4ndige W\u00fcstenreligion, &hellip; Weiterlesen &rarr;\" \/>\n<meta property=\"og:url\" content=\"https:\/\/www.inkultura-online.de\/politisch_unkorrekt\/der-djihad-hat-viele-gesichter\/\" \/>\n<meta property=\"og:site_name\" content=\"Zeitgeist? Frei!\" \/>\n<meta property=\"article:published_time\" content=\"2017-01-08T10:14:02+00:00\" \/>\n<meta name=\"author\" content=\"Orator\" \/>\n<meta name=\"twitter:label1\" content=\"Verfasst von\" \/>\n\t<meta name=\"twitter:data1\" content=\"Orator\" \/>\n\t<meta name=\"twitter:label2\" content=\"Gesch\u00e4tzte Lesezeit\" \/>\n\t<meta name=\"twitter:data2\" content=\"3\u00a0Minuten\" \/>\n<script type=\"application\/ld+json\" class=\"yoast-schema-graph\">{\"@context\":\"https:\\\/\\\/schema.org\",\"@graph\":[{\"@type\":\"Article\",\"@id\":\"https:\\\/\\\/www.inkultura-online.de\\\/politisch_unkorrekt\\\/der-djihad-hat-viele-gesichter\\\/#article\",\"isPartOf\":{\"@id\":\"https:\\\/\\\/www.inkultura-online.de\\\/politisch_unkorrekt\\\/der-djihad-hat-viele-gesichter\\\/\"},\"author\":{\"name\":\"Orator\",\"@id\":\"https:\\\/\\\/www.inkultura-online.de\\\/politisch_unkorrekt\\\/#\\\/schema\\\/person\\\/5b30b80e385478896a1de221e1994d86\"},\"headline\":\"Der Djihad hat viele Gesichter\",\"datePublished\":\"2017-01-08T10:14:02+00:00\",\"mainEntityOfPage\":{\"@id\":\"https:\\\/\\\/www.inkultura-online.de\\\/politisch_unkorrekt\\\/der-djihad-hat-viele-gesichter\\\/\"},\"wordCount\":701,\"commentCount\":0,\"publisher\":{\"@id\":\"https:\\\/\\\/www.inkultura-online.de\\\/politisch_unkorrekt\\\/#\\\/schema\\\/person\\\/5b30b80e385478896a1de221e1994d86\"},\"keywords\":[\"Djihad\",\"Heiliger Krieg\",\"Merkel\",\"muslimische Invasion\",\"Volksverr\u00e4ter\"],\"articleSection\":[\"Denunzianten und Volksverr\u00e4ter\",\"Gedanken zum Tag\",\"Systemfehler\",\"Was die \\\"Qualit\u00e4tspresse\\\" gern verschweigt\"],\"inLanguage\":\"de\",\"potentialAction\":[{\"@type\":\"CommentAction\",\"name\":\"Comment\",\"target\":[\"https:\\\/\\\/www.inkultura-online.de\\\/politisch_unkorrekt\\\/der-djihad-hat-viele-gesichter\\\/#respond\"]}]},{\"@type\":\"WebPage\",\"@id\":\"https:\\\/\\\/www.inkultura-online.de\\\/politisch_unkorrekt\\\/der-djihad-hat-viele-gesichter\\\/\",\"url\":\"https:\\\/\\\/www.inkultura-online.de\\\/politisch_unkorrekt\\\/der-djihad-hat-viele-gesichter\\\/\",\"name\":\"Der Djihad hat viele Gesichter - Zeitgeist? Frei!\",\"isPartOf\":{\"@id\":\"https:\\\/\\\/www.inkultura-online.de\\\/politisch_unkorrekt\\\/#website\"},\"datePublished\":\"2017-01-08T10:14:02+00:00\",\"breadcrumb\":{\"@id\":\"https:\\\/\\\/www.inkultura-online.de\\\/politisch_unkorrekt\\\/der-djihad-hat-viele-gesichter\\\/#breadcrumb\"},\"inLanguage\":\"de\",\"potentialAction\":[{\"@type\":\"ReadAction\",\"target\":[\"https:\\\/\\\/www.inkultura-online.de\\\/politisch_unkorrekt\\\/der-djihad-hat-viele-gesichter\\\/\"]}]},{\"@type\":\"BreadcrumbList\",\"@id\":\"https:\\\/\\\/www.inkultura-online.de\\\/politisch_unkorrekt\\\/der-djihad-hat-viele-gesichter\\\/#breadcrumb\",\"itemListElement\":[{\"@type\":\"ListItem\",\"position\":1,\"name\":\"Home\",\"item\":\"https:\\\/\\\/www.inkultura-online.de\\\/politisch_unkorrekt\\\/\"},{\"@type\":\"ListItem\",\"position\":2,\"name\":\"Der Djihad hat viele Gesichter\"}]},{\"@type\":\"WebSite\",\"@id\":\"https:\\\/\\\/www.inkultura-online.de\\\/politisch_unkorrekt\\\/#website\",\"url\":\"https:\\\/\\\/www.inkultura-online.de\\\/politisch_unkorrekt\\\/\",\"name\":\"Zeitgeist? Frei!\",\"description\":\"Was Ihr den Geist der Zeiten hei\u00dft...\",\"publisher\":{\"@id\":\"https:\\\/\\\/www.inkultura-online.de\\\/politisch_unkorrekt\\\/#\\\/schema\\\/person\\\/5b30b80e385478896a1de221e1994d86\"},\"potentialAction\":[{\"@type\":\"SearchAction\",\"target\":{\"@type\":\"EntryPoint\",\"urlTemplate\":\"https:\\\/\\\/www.inkultura-online.de\\\/politisch_unkorrekt\\\/?s={search_term_string}\"},\"query-input\":{\"@type\":\"PropertyValueSpecification\",\"valueRequired\":true,\"valueName\":\"search_term_string\"}}],\"inLanguage\":\"de\"},{\"@type\":[\"Person\",\"Organization\"],\"@id\":\"https:\\\/\\\/www.inkultura-online.de\\\/politisch_unkorrekt\\\/#\\\/schema\\\/person\\\/5b30b80e385478896a1de221e1994d86\",\"name\":\"Orator\",\"image\":{\"@type\":\"ImageObject\",\"inLanguage\":\"de\",\"@id\":\"https:\\\/\\\/secure.gravatar.com\\\/avatar\\\/96e03166d31716e9c437060430eb7605c45a8ce6fb6dab483637ca6915dd0844?s=96&d=mm&r=g\",\"url\":\"https:\\\/\\\/secure.gravatar.com\\\/avatar\\\/96e03166d31716e9c437060430eb7605c45a8ce6fb6dab483637ca6915dd0844?s=96&d=mm&r=g\",\"contentUrl\":\"https:\\\/\\\/secure.gravatar.com\\\/avatar\\\/96e03166d31716e9c437060430eb7605c45a8ce6fb6dab483637ca6915dd0844?s=96&d=mm&r=g\",\"caption\":\"Orator\"},\"logo\":{\"@id\":\"https:\\\/\\\/secure.gravatar.com\\\/avatar\\\/96e03166d31716e9c437060430eb7605c45a8ce6fb6dab483637ca6915dd0844?s=96&d=mm&r=g\"},\"url\":\"https:\\\/\\\/www.inkultura-online.de\\\/politisch_unkorrekt\\\/author\\\/1korrektor21-2\\\/\"}]}<\/script>\n<!-- \/ Yoast SEO plugin. -->","yoast_head_json":{"title":"Der Djihad hat viele Gesichter - Zeitgeist? Frei!","robots":{"index":"index","follow":"follow","max-snippet":"max-snippet:-1","max-image-preview":"max-image-preview:large","max-video-preview":"max-video-preview:-1"},"canonical":"https:\/\/www.inkultura-online.de\/politisch_unkorrekt\/der-djihad-hat-viele-gesichter\/","og_locale":"de_DE","og_type":"article","og_title":"Der Djihad hat viele Gesichter - Zeitgeist? Frei!","og_description":"Es besteht kein Zweifel mehr, Deutschland, Europa, die gesamte freie Welt befinden sich in einem Krieg, einem Krieg, der sich gegen den \u201eWesten\u201c, so die Diktion des Feindes, richtet. Der Feind ist dabei klar auszumachen: der Islam, eine r\u00fcckst\u00e4ndige W\u00fcstenreligion, &hellip; Weiterlesen &rarr;","og_url":"https:\/\/www.inkultura-online.de\/politisch_unkorrekt\/der-djihad-hat-viele-gesichter\/","og_site_name":"Zeitgeist? Frei!","article_published_time":"2017-01-08T10:14:02+00:00","author":"Orator","twitter_misc":{"Verfasst von":"Orator","Gesch\u00e4tzte Lesezeit":"3\u00a0Minuten"},"schema":{"@context":"https:\/\/schema.org","@graph":[{"@type":"Article","@id":"https:\/\/www.inkultura-online.de\/politisch_unkorrekt\/der-djihad-hat-viele-gesichter\/#article","isPartOf":{"@id":"https:\/\/www.inkultura-online.de\/politisch_unkorrekt\/der-djihad-hat-viele-gesichter\/"},"author":{"name":"Orator","@id":"https:\/\/www.inkultura-online.de\/politisch_unkorrekt\/#\/schema\/person\/5b30b80e385478896a1de221e1994d86"},"headline":"Der Djihad hat viele Gesichter","datePublished":"2017-01-08T10:14:02+00:00","mainEntityOfPage":{"@id":"https:\/\/www.inkultura-online.de\/politisch_unkorrekt\/der-djihad-hat-viele-gesichter\/"},"wordCount":701,"commentCount":0,"publisher":{"@id":"https:\/\/www.inkultura-online.de\/politisch_unkorrekt\/#\/schema\/person\/5b30b80e385478896a1de221e1994d86"},"keywords":["Djihad","Heiliger Krieg","Merkel","muslimische Invasion","Volksverr\u00e4ter"],"articleSection":["Denunzianten und Volksverr\u00e4ter","Gedanken zum Tag","Systemfehler","Was die \"Qualit\u00e4tspresse\" gern verschweigt"],"inLanguage":"de","potentialAction":[{"@type":"CommentAction","name":"Comment","target":["https:\/\/www.inkultura-online.de\/politisch_unkorrekt\/der-djihad-hat-viele-gesichter\/#respond"]}]},{"@type":"WebPage","@id":"https:\/\/www.inkultura-online.de\/politisch_unkorrekt\/der-djihad-hat-viele-gesichter\/","url":"https:\/\/www.inkultura-online.de\/politisch_unkorrekt\/der-djihad-hat-viele-gesichter\/","name":"Der Djihad hat viele Gesichter - Zeitgeist? Frei!","isPartOf":{"@id":"https:\/\/www.inkultura-online.de\/politisch_unkorrekt\/#website"},"datePublished":"2017-01-08T10:14:02+00:00","breadcrumb":{"@id":"https:\/\/www.inkultura-online.de\/politisch_unkorrekt\/der-djihad-hat-viele-gesichter\/#breadcrumb"},"inLanguage":"de","potentialAction":[{"@type":"ReadAction","target":["https:\/\/www.inkultura-online.de\/politisch_unkorrekt\/der-djihad-hat-viele-gesichter\/"]}]},{"@type":"BreadcrumbList","@id":"https:\/\/www.inkultura-online.de\/politisch_unkorrekt\/der-djihad-hat-viele-gesichter\/#breadcrumb","itemListElement":[{"@type":"ListItem","position":1,"name":"Home","item":"https:\/\/www.inkultura-online.de\/politisch_unkorrekt\/"},{"@type":"ListItem","position":2,"name":"Der Djihad hat viele Gesichter"}]},{"@type":"WebSite","@id":"https:\/\/www.inkultura-online.de\/politisch_unkorrekt\/#website","url":"https:\/\/www.inkultura-online.de\/politisch_unkorrekt\/","name":"Zeitgeist? Frei!","description":"Was Ihr den Geist der Zeiten hei\u00dft...","publisher":{"@id":"https:\/\/www.inkultura-online.de\/politisch_unkorrekt\/#\/schema\/person\/5b30b80e385478896a1de221e1994d86"},"potentialAction":[{"@type":"SearchAction","target":{"@type":"EntryPoint","urlTemplate":"https:\/\/www.inkultura-online.de\/politisch_unkorrekt\/?s={search_term_string}"},"query-input":{"@type":"PropertyValueSpecification","valueRequired":true,"valueName":"search_term_string"}}],"inLanguage":"de"},{"@type":["Person","Organization"],"@id":"https:\/\/www.inkultura-online.de\/politisch_unkorrekt\/#\/schema\/person\/5b30b80e385478896a1de221e1994d86","name":"Orator","image":{"@type":"ImageObject","inLanguage":"de","@id":"https:\/\/secure.gravatar.com\/avatar\/96e03166d31716e9c437060430eb7605c45a8ce6fb6dab483637ca6915dd0844?s=96&d=mm&r=g","url":"https:\/\/secure.gravatar.com\/avatar\/96e03166d31716e9c437060430eb7605c45a8ce6fb6dab483637ca6915dd0844?s=96&d=mm&r=g","contentUrl":"https:\/\/secure.gravatar.com\/avatar\/96e03166d31716e9c437060430eb7605c45a8ce6fb6dab483637ca6915dd0844?s=96&d=mm&r=g","caption":"Orator"},"logo":{"@id":"https:\/\/secure.gravatar.com\/avatar\/96e03166d31716e9c437060430eb7605c45a8ce6fb6dab483637ca6915dd0844?s=96&d=mm&r=g"},"url":"https:\/\/www.inkultura-online.de\/politisch_unkorrekt\/author\/1korrektor21-2\/"}]}},"_links":{"self":[{"href":"https:\/\/www.inkultura-online.de\/politisch_unkorrekt\/wp-json\/wp\/v2\/posts\/1389","targetHints":{"allow":["GET"]}}],"collection":[{"href":"https:\/\/www.inkultura-online.de\/politisch_unkorrekt\/wp-json\/wp\/v2\/posts"}],"about":[{"href":"https:\/\/www.inkultura-online.de\/politisch_unkorrekt\/wp-json\/wp\/v2\/types\/post"}],"author":[{"embeddable":true,"href":"https:\/\/www.inkultura-online.de\/politisch_unkorrekt\/wp-json\/wp\/v2\/users\/1"}],"replies":[{"embeddable":true,"href":"https:\/\/www.inkultura-online.de\/politisch_unkorrekt\/wp-json\/wp\/v2\/comments?post=1389"}],"version-history":[{"count":1,"href":"https:\/\/www.inkultura-online.de\/politisch_unkorrekt\/wp-json\/wp\/v2\/posts\/1389\/revisions"}],"predecessor-version":[{"id":1390,"href":"https:\/\/www.inkultura-online.de\/politisch_unkorrekt\/wp-json\/wp\/v2\/posts\/1389\/revisions\/1390"}],"wp:attachment":[{"href":"https:\/\/www.inkultura-online.de\/politisch_unkorrekt\/wp-json\/wp\/v2\/media?parent=1389"}],"wp:term":[{"taxonomy":"category","embeddable":true,"href":"https:\/\/www.inkultura-online.de\/politisch_unkorrekt\/wp-json\/wp\/v2\/categories?post=1389"},{"taxonomy":"post_tag","embeddable":true,"href":"https:\/\/www.inkultura-online.de\/politisch_unkorrekt\/wp-json\/wp\/v2\/tags?post=1389"}],"curies":[{"name":"wp","href":"https:\/\/api.w.org\/{rel}","templated":true}]}}