{"id":1397,"date":"2017-01-25T20:35:16","date_gmt":"2017-01-25T18:35:16","guid":{"rendered":"http:\/\/www.inkultura-online.de\/politisch_unkorrekt\/?p=1397"},"modified":"2017-01-25T20:35:16","modified_gmt":"2017-01-25T18:35:16","slug":"keine-gegenwehr-zu-erwarten","status":"publish","type":"post","link":"https:\/\/www.inkultura-online.de\/politisch_unkorrekt\/keine-gegenwehr-zu-erwarten\/","title":{"rendered":"Keine Gegenwehr zu erwarten"},"content":{"rendered":"<p>Viel mehr als Texte, Reportagen \u2013 in der \u00d6ffentlich-Rechtlichen-Verdummung sowieso nur Tendenzwerke \u2013 oder Anmerkungen kritischer B\u00fcrger ist die erlebte gesellschaftliche Realit\u00e4t, die jeden Tag sichtbare Zersetzung des Rechtsstaates durch seine Vertreter in Politik und exekutiven Organen und der immer deutlicher werdende Zusammenbruch der \u00f6ffentlichen Ordnung eine inzwischen nicht mehr zu leugnende Tatsache und der aufmerksame Beobachter des politischen Zeitgeistes wird beinahe an jeder Stra\u00dfenecke damit konfrontiert.<!--more--><\/p>\n<p>Unl\u00e4ngst wurde dieser Zeuge eines Vorfalls, der, wie viele andere, beweist, wie sehr das System bereits von innen ausgeh\u00f6hlt wurde und Recht und Gesetz oft nur noch eine Fassade b\u00fcrgerlichen Sicherheitsdenkens darstellen. Was war geschehen? An einer in jede Richtung dreispurig verlaufenden Stra\u00dfenkreuzung in einer gro\u00dfen deutschen Stadt traf es sich, dass die mittlere Spur von einem Polizeifahrzeug befahren wurde, das durch die rote Ampelstellung an besagter Kreuzung zum Halten gebracht wurde.<\/p>\n<p>Links neben dem Wagen der Ordnungsh\u00fcter kam ein PKW zum Stillstand, dessen Fahrer zweifellos autochthone Wurzeln besa\u00df. Sein Pech bestand darin, im Augenblick des Haltens ein Handy in der Hand bzw. am Ohr zu haben. Auf der rechten Spur neben dem Polizeifahrzeug kam eine gro\u00dfe Limousine der gehobenen Preisklasse zum Stehen, deren Insassen erkennbar ausl\u00e4ndische Wurzeln besa\u00dfen. Auf dem Beifahrersitz eine Frau, die zwar angeschnallt war, auf deren Scho\u00df sich jedoch zwei! kleine Kinder &#8211; nat\u00fcrlich ohne Sicherheitsgurt oder Kindersitz gesichert \u2013 befanden.<\/p>\n<p>Die beiden im Streifenwagen sitzenden Beamten blickten einmal nach rechts, dann wie auf Kommando nach links und waren sich anscheinend schnell dar\u00fcber einig, wem gegen\u00fcber sie die Staatsmacht hervorkehren sollten. W\u00e4hrend die Nobelkarosse bei Aufleuchten des gr\u00fcnen Ampellichtes davonfuhr, stoppten die Polizisten den autochthonen Ampeltelefonierer direkt vor Ort.<\/p>\n<p>Keine Frage, telefonieren oder der Griff zum Handy ist auch an einer roten Ampel verboten. Doch die interessante und eigentlich leicht zu beantwortende Frage lautet: \u201eWas ist potentiell gef\u00e4hrlicher, ein w\u00e4hrend der roten Ampelphase gef\u00fchrtes Telefongespr\u00e4ch oder zwei nicht angeschnallte oder sich nicht in f\u00fcr sie vorgesehenen Sitzgelegenheiten befindende kleine Kinder?\u201c<\/p>\n<p>Der aufmerksame Beobachter der bizarren Szene machte sich danach so seine eigenen Gedanken. Ob der Autochthone wohl von den beiden Polizisten angehalten wurde, weil von ihm keine Gegenwehr zu erwarten war?<\/p>\n","protected":false},"excerpt":{"rendered":"<p>Viel mehr als Texte, Reportagen \u2013 in der \u00d6ffentlich-Rechtlichen-Verdummung sowieso nur Tendenzwerke \u2013 oder Anmerkungen kritischer B\u00fcrger ist die erlebte gesellschaftliche Realit\u00e4t, die jeden Tag sichtbare Zersetzung des Rechtsstaates durch seine Vertreter in Politik und exekutiven Organen und der immer &hellip; <a href=\"https:\/\/www.inkultura-online.de\/politisch_unkorrekt\/keine-gegenwehr-zu-erwarten\/\">Weiterlesen <span class=\"meta-nav\">&rarr;<\/span><\/a><\/p>\n","protected":false},"author":1,"featured_media":0,"comment_status":"open","ping_status":"open","sticky":false,"template":"","format":"standard","meta":{"footnotes":""},"categories":[444,6],"tags":[833,512,832,653],"class_list":["post-1397","post","type-post","status-publish","format-standard","hentry","category-gedanken-zum-tag","category-menschen-untereinander","tag-auslaendische-wurzeln","tag-autochthone","tag-gegenwehr","tag-staatsmacht"],"yoast_head":"<!-- This site is optimized with the Yoast SEO plugin v27.5 - https:\/\/yoast.com\/product\/yoast-seo-wordpress\/ -->\n<title>Keine Gegenwehr zu erwarten - Zeitgeist? Frei!<\/title>\n<meta name=\"robots\" content=\"index, follow, max-snippet:-1, max-image-preview:large, max-video-preview:-1\" \/>\n<link rel=\"canonical\" href=\"https:\/\/www.inkultura-online.de\/politisch_unkorrekt\/keine-gegenwehr-zu-erwarten\/\" \/>\n<meta property=\"og:locale\" content=\"de_DE\" \/>\n<meta property=\"og:type\" content=\"article\" \/>\n<meta property=\"og:title\" content=\"Keine Gegenwehr zu erwarten - Zeitgeist? Frei!\" \/>\n<meta property=\"og:description\" content=\"Viel mehr als Texte, Reportagen \u2013 in der \u00d6ffentlich-Rechtlichen-Verdummung sowieso nur Tendenzwerke \u2013 oder Anmerkungen kritischer B\u00fcrger ist die erlebte gesellschaftliche Realit\u00e4t, die jeden Tag sichtbare Zersetzung des Rechtsstaates durch seine Vertreter in Politik und exekutiven Organen und der immer &hellip; Weiterlesen &rarr;\" \/>\n<meta property=\"og:url\" content=\"https:\/\/www.inkultura-online.de\/politisch_unkorrekt\/keine-gegenwehr-zu-erwarten\/\" \/>\n<meta property=\"og:site_name\" content=\"Zeitgeist? Frei!\" \/>\n<meta property=\"article:published_time\" content=\"2017-01-25T18:35:16+00:00\" \/>\n<meta name=\"author\" content=\"Orator\" \/>\n<meta name=\"twitter:label1\" content=\"Verfasst von\" \/>\n\t<meta name=\"twitter:data1\" content=\"Orator\" \/>\n\t<meta name=\"twitter:label2\" content=\"Gesch\u00e4tzte Lesezeit\" \/>\n\t<meta name=\"twitter:data2\" content=\"2\u00a0Minuten\" \/>\n<script type=\"application\/ld+json\" class=\"yoast-schema-graph\">{\"@context\":\"https:\\\/\\\/schema.org\",\"@graph\":[{\"@type\":\"Article\",\"@id\":\"https:\\\/\\\/www.inkultura-online.de\\\/politisch_unkorrekt\\\/keine-gegenwehr-zu-erwarten\\\/#article\",\"isPartOf\":{\"@id\":\"https:\\\/\\\/www.inkultura-online.de\\\/politisch_unkorrekt\\\/keine-gegenwehr-zu-erwarten\\\/\"},\"author\":{\"name\":\"Orator\",\"@id\":\"https:\\\/\\\/www.inkultura-online.de\\\/politisch_unkorrekt\\\/#\\\/schema\\\/person\\\/5b30b80e385478896a1de221e1994d86\"},\"headline\":\"Keine Gegenwehr zu erwarten\",\"datePublished\":\"2017-01-25T18:35:16+00:00\",\"mainEntityOfPage\":{\"@id\":\"https:\\\/\\\/www.inkultura-online.de\\\/politisch_unkorrekt\\\/keine-gegenwehr-zu-erwarten\\\/\"},\"wordCount\":375,\"commentCount\":0,\"publisher\":{\"@id\":\"https:\\\/\\\/www.inkultura-online.de\\\/politisch_unkorrekt\\\/#\\\/schema\\\/person\\\/5b30b80e385478896a1de221e1994d86\"},\"keywords\":[\"ausl\u00e4ndische Wurzeln\",\"Autochthone\",\"Gegenwehr\",\"Staatsmacht\"],\"articleSection\":[\"Gedanken zum Tag\",\"Menschen untereinander\"],\"inLanguage\":\"de\",\"potentialAction\":[{\"@type\":\"CommentAction\",\"name\":\"Comment\",\"target\":[\"https:\\\/\\\/www.inkultura-online.de\\\/politisch_unkorrekt\\\/keine-gegenwehr-zu-erwarten\\\/#respond\"]}]},{\"@type\":\"WebPage\",\"@id\":\"https:\\\/\\\/www.inkultura-online.de\\\/politisch_unkorrekt\\\/keine-gegenwehr-zu-erwarten\\\/\",\"url\":\"https:\\\/\\\/www.inkultura-online.de\\\/politisch_unkorrekt\\\/keine-gegenwehr-zu-erwarten\\\/\",\"name\":\"Keine Gegenwehr zu erwarten - Zeitgeist? Frei!\",\"isPartOf\":{\"@id\":\"https:\\\/\\\/www.inkultura-online.de\\\/politisch_unkorrekt\\\/#website\"},\"datePublished\":\"2017-01-25T18:35:16+00:00\",\"breadcrumb\":{\"@id\":\"https:\\\/\\\/www.inkultura-online.de\\\/politisch_unkorrekt\\\/keine-gegenwehr-zu-erwarten\\\/#breadcrumb\"},\"inLanguage\":\"de\",\"potentialAction\":[{\"@type\":\"ReadAction\",\"target\":[\"https:\\\/\\\/www.inkultura-online.de\\\/politisch_unkorrekt\\\/keine-gegenwehr-zu-erwarten\\\/\"]}]},{\"@type\":\"BreadcrumbList\",\"@id\":\"https:\\\/\\\/www.inkultura-online.de\\\/politisch_unkorrekt\\\/keine-gegenwehr-zu-erwarten\\\/#breadcrumb\",\"itemListElement\":[{\"@type\":\"ListItem\",\"position\":1,\"name\":\"Home\",\"item\":\"https:\\\/\\\/www.inkultura-online.de\\\/politisch_unkorrekt\\\/\"},{\"@type\":\"ListItem\",\"position\":2,\"name\":\"Keine Gegenwehr zu erwarten\"}]},{\"@type\":\"WebSite\",\"@id\":\"https:\\\/\\\/www.inkultura-online.de\\\/politisch_unkorrekt\\\/#website\",\"url\":\"https:\\\/\\\/www.inkultura-online.de\\\/politisch_unkorrekt\\\/\",\"name\":\"Zeitgeist? Frei!\",\"description\":\"Was Ihr den Geist der Zeiten hei\u00dft...\",\"publisher\":{\"@id\":\"https:\\\/\\\/www.inkultura-online.de\\\/politisch_unkorrekt\\\/#\\\/schema\\\/person\\\/5b30b80e385478896a1de221e1994d86\"},\"potentialAction\":[{\"@type\":\"SearchAction\",\"target\":{\"@type\":\"EntryPoint\",\"urlTemplate\":\"https:\\\/\\\/www.inkultura-online.de\\\/politisch_unkorrekt\\\/?s={search_term_string}\"},\"query-input\":{\"@type\":\"PropertyValueSpecification\",\"valueRequired\":true,\"valueName\":\"search_term_string\"}}],\"inLanguage\":\"de\"},{\"@type\":[\"Person\",\"Organization\"],\"@id\":\"https:\\\/\\\/www.inkultura-online.de\\\/politisch_unkorrekt\\\/#\\\/schema\\\/person\\\/5b30b80e385478896a1de221e1994d86\",\"name\":\"Orator\",\"image\":{\"@type\":\"ImageObject\",\"inLanguage\":\"de\",\"@id\":\"https:\\\/\\\/secure.gravatar.com\\\/avatar\\\/96e03166d31716e9c437060430eb7605c45a8ce6fb6dab483637ca6915dd0844?s=96&d=mm&r=g\",\"url\":\"https:\\\/\\\/secure.gravatar.com\\\/avatar\\\/96e03166d31716e9c437060430eb7605c45a8ce6fb6dab483637ca6915dd0844?s=96&d=mm&r=g\",\"contentUrl\":\"https:\\\/\\\/secure.gravatar.com\\\/avatar\\\/96e03166d31716e9c437060430eb7605c45a8ce6fb6dab483637ca6915dd0844?s=96&d=mm&r=g\",\"caption\":\"Orator\"},\"logo\":{\"@id\":\"https:\\\/\\\/secure.gravatar.com\\\/avatar\\\/96e03166d31716e9c437060430eb7605c45a8ce6fb6dab483637ca6915dd0844?s=96&d=mm&r=g\"},\"url\":\"https:\\\/\\\/www.inkultura-online.de\\\/politisch_unkorrekt\\\/author\\\/1korrektor21-2\\\/\"}]}<\/script>\n<!-- \/ Yoast SEO plugin. -->","yoast_head_json":{"title":"Keine Gegenwehr zu erwarten - Zeitgeist? Frei!","robots":{"index":"index","follow":"follow","max-snippet":"max-snippet:-1","max-image-preview":"max-image-preview:large","max-video-preview":"max-video-preview:-1"},"canonical":"https:\/\/www.inkultura-online.de\/politisch_unkorrekt\/keine-gegenwehr-zu-erwarten\/","og_locale":"de_DE","og_type":"article","og_title":"Keine Gegenwehr zu erwarten - Zeitgeist? Frei!","og_description":"Viel mehr als Texte, Reportagen \u2013 in der \u00d6ffentlich-Rechtlichen-Verdummung sowieso nur Tendenzwerke \u2013 oder Anmerkungen kritischer B\u00fcrger ist die erlebte gesellschaftliche Realit\u00e4t, die jeden Tag sichtbare Zersetzung des Rechtsstaates durch seine Vertreter in Politik und exekutiven Organen und der immer &hellip; Weiterlesen &rarr;","og_url":"https:\/\/www.inkultura-online.de\/politisch_unkorrekt\/keine-gegenwehr-zu-erwarten\/","og_site_name":"Zeitgeist? Frei!","article_published_time":"2017-01-25T18:35:16+00:00","author":"Orator","twitter_misc":{"Verfasst von":"Orator","Gesch\u00e4tzte Lesezeit":"2\u00a0Minuten"},"schema":{"@context":"https:\/\/schema.org","@graph":[{"@type":"Article","@id":"https:\/\/www.inkultura-online.de\/politisch_unkorrekt\/keine-gegenwehr-zu-erwarten\/#article","isPartOf":{"@id":"https:\/\/www.inkultura-online.de\/politisch_unkorrekt\/keine-gegenwehr-zu-erwarten\/"},"author":{"name":"Orator","@id":"https:\/\/www.inkultura-online.de\/politisch_unkorrekt\/#\/schema\/person\/5b30b80e385478896a1de221e1994d86"},"headline":"Keine Gegenwehr zu erwarten","datePublished":"2017-01-25T18:35:16+00:00","mainEntityOfPage":{"@id":"https:\/\/www.inkultura-online.de\/politisch_unkorrekt\/keine-gegenwehr-zu-erwarten\/"},"wordCount":375,"commentCount":0,"publisher":{"@id":"https:\/\/www.inkultura-online.de\/politisch_unkorrekt\/#\/schema\/person\/5b30b80e385478896a1de221e1994d86"},"keywords":["ausl\u00e4ndische Wurzeln","Autochthone","Gegenwehr","Staatsmacht"],"articleSection":["Gedanken zum Tag","Menschen untereinander"],"inLanguage":"de","potentialAction":[{"@type":"CommentAction","name":"Comment","target":["https:\/\/www.inkultura-online.de\/politisch_unkorrekt\/keine-gegenwehr-zu-erwarten\/#respond"]}]},{"@type":"WebPage","@id":"https:\/\/www.inkultura-online.de\/politisch_unkorrekt\/keine-gegenwehr-zu-erwarten\/","url":"https:\/\/www.inkultura-online.de\/politisch_unkorrekt\/keine-gegenwehr-zu-erwarten\/","name":"Keine Gegenwehr zu erwarten - Zeitgeist? Frei!","isPartOf":{"@id":"https:\/\/www.inkultura-online.de\/politisch_unkorrekt\/#website"},"datePublished":"2017-01-25T18:35:16+00:00","breadcrumb":{"@id":"https:\/\/www.inkultura-online.de\/politisch_unkorrekt\/keine-gegenwehr-zu-erwarten\/#breadcrumb"},"inLanguage":"de","potentialAction":[{"@type":"ReadAction","target":["https:\/\/www.inkultura-online.de\/politisch_unkorrekt\/keine-gegenwehr-zu-erwarten\/"]}]},{"@type":"BreadcrumbList","@id":"https:\/\/www.inkultura-online.de\/politisch_unkorrekt\/keine-gegenwehr-zu-erwarten\/#breadcrumb","itemListElement":[{"@type":"ListItem","position":1,"name":"Home","item":"https:\/\/www.inkultura-online.de\/politisch_unkorrekt\/"},{"@type":"ListItem","position":2,"name":"Keine Gegenwehr zu erwarten"}]},{"@type":"WebSite","@id":"https:\/\/www.inkultura-online.de\/politisch_unkorrekt\/#website","url":"https:\/\/www.inkultura-online.de\/politisch_unkorrekt\/","name":"Zeitgeist? Frei!","description":"Was Ihr den Geist der Zeiten hei\u00dft...","publisher":{"@id":"https:\/\/www.inkultura-online.de\/politisch_unkorrekt\/#\/schema\/person\/5b30b80e385478896a1de221e1994d86"},"potentialAction":[{"@type":"SearchAction","target":{"@type":"EntryPoint","urlTemplate":"https:\/\/www.inkultura-online.de\/politisch_unkorrekt\/?s={search_term_string}"},"query-input":{"@type":"PropertyValueSpecification","valueRequired":true,"valueName":"search_term_string"}}],"inLanguage":"de"},{"@type":["Person","Organization"],"@id":"https:\/\/www.inkultura-online.de\/politisch_unkorrekt\/#\/schema\/person\/5b30b80e385478896a1de221e1994d86","name":"Orator","image":{"@type":"ImageObject","inLanguage":"de","@id":"https:\/\/secure.gravatar.com\/avatar\/96e03166d31716e9c437060430eb7605c45a8ce6fb6dab483637ca6915dd0844?s=96&d=mm&r=g","url":"https:\/\/secure.gravatar.com\/avatar\/96e03166d31716e9c437060430eb7605c45a8ce6fb6dab483637ca6915dd0844?s=96&d=mm&r=g","contentUrl":"https:\/\/secure.gravatar.com\/avatar\/96e03166d31716e9c437060430eb7605c45a8ce6fb6dab483637ca6915dd0844?s=96&d=mm&r=g","caption":"Orator"},"logo":{"@id":"https:\/\/secure.gravatar.com\/avatar\/96e03166d31716e9c437060430eb7605c45a8ce6fb6dab483637ca6915dd0844?s=96&d=mm&r=g"},"url":"https:\/\/www.inkultura-online.de\/politisch_unkorrekt\/author\/1korrektor21-2\/"}]}},"_links":{"self":[{"href":"https:\/\/www.inkultura-online.de\/politisch_unkorrekt\/wp-json\/wp\/v2\/posts\/1397","targetHints":{"allow":["GET"]}}],"collection":[{"href":"https:\/\/www.inkultura-online.de\/politisch_unkorrekt\/wp-json\/wp\/v2\/posts"}],"about":[{"href":"https:\/\/www.inkultura-online.de\/politisch_unkorrekt\/wp-json\/wp\/v2\/types\/post"}],"author":[{"embeddable":true,"href":"https:\/\/www.inkultura-online.de\/politisch_unkorrekt\/wp-json\/wp\/v2\/users\/1"}],"replies":[{"embeddable":true,"href":"https:\/\/www.inkultura-online.de\/politisch_unkorrekt\/wp-json\/wp\/v2\/comments?post=1397"}],"version-history":[{"count":1,"href":"https:\/\/www.inkultura-online.de\/politisch_unkorrekt\/wp-json\/wp\/v2\/posts\/1397\/revisions"}],"predecessor-version":[{"id":1398,"href":"https:\/\/www.inkultura-online.de\/politisch_unkorrekt\/wp-json\/wp\/v2\/posts\/1397\/revisions\/1398"}],"wp:attachment":[{"href":"https:\/\/www.inkultura-online.de\/politisch_unkorrekt\/wp-json\/wp\/v2\/media?parent=1397"}],"wp:term":[{"taxonomy":"category","embeddable":true,"href":"https:\/\/www.inkultura-online.de\/politisch_unkorrekt\/wp-json\/wp\/v2\/categories?post=1397"},{"taxonomy":"post_tag","embeddable":true,"href":"https:\/\/www.inkultura-online.de\/politisch_unkorrekt\/wp-json\/wp\/v2\/tags?post=1397"}],"curies":[{"name":"wp","href":"https:\/\/api.w.org\/{rel}","templated":true}]}}