{"id":1440,"date":"2017-04-15T13:43:56","date_gmt":"2017-04-15T11:43:56","guid":{"rendered":"http:\/\/www.inkultura-online.de\/politisch_unkorrekt\/?p=1440"},"modified":"2017-04-15T13:43:56","modified_gmt":"2017-04-15T11:43:56","slug":"poller-im-kopf","status":"publish","type":"post","link":"https:\/\/www.inkultura-online.de\/politisch_unkorrekt\/poller-im-kopf\/","title":{"rendered":"Poller im Kopf"},"content":{"rendered":"<p>Deutschland wird immer mehr zum Ziel islamisch motivierter Attacken. (Noch) vereitelte Kofferbombenanschl\u00e4ge, Messerangriffe auf \u201eUngl\u00e4ubige\u201c und Wahnsinnsfahrten mit gestohlenen LKW geh\u00f6ren, glaubt man unseren Volksverr\u00e4tern, Verzeihung, Volksvertretern, inzwischen zum deutschen Alltag. \u201eWir m\u00fcssen uns an solche Bilder gew\u00f6hnen\u201c, so die an B\u00fcrgerverachtung nicht zu \u00fcbertreffende Aussage eines sog. \u201eTerrorexperten\u201c bez\u00fcglich des Terrorschlags im Sommer 2016 in Nizza. Dass diese Tat Schule gemacht hat, wurde sp\u00e4testens im Dezember gleichen Jahres deutlich, als ein, wie es so sch\u00f6n hei\u00dft, \u201epolizeibekannter\u201c Islamist ebenfalls mit einem gestohlenen LKW &#8211; zuvor wurde dessen polnischer Fahrer vom \u201eRechtgl\u00e4ubigen\u201c ermordet \u2013 durch den Weihnachtsmarkt an der Berliner Ged\u00e4chtniskirche pfl\u00fcgte und dabei zahlreiche Menschen t\u00f6tete und noch mehr schwer verletzte.<!--more--><\/p>\n<p>Die wie immer nach solchen Verbrechen, ver\u00fcbt von islamischen T\u00e4tern, vom polit-medialen Komplex einstimmig skandierte Parole \u201eDas hat nichts mit dem Islam zu tun\u201c trug und tr\u00e4gt zwar nichts zur Beruhigung der Bev\u00f6lkerung bei, wird jedoch stets gern benutzt, um etwaige Fremden- und Islamfeinde, so tituliert von den verantwortlichen Politiker und deren Hofberichterstattern, zum Schweigen zu bringen.<\/p>\n<p>Nun wissen nat\u00fcrlich auch die d\u00fcmmsten Bauern im Kartell der Verharmloser, dass auf Dauer die Losung \u201eIslam bedeutet Frieden\u201c nicht funktioniert und dass sich die B\u00fcrger, die haupts\u00e4chlich Betroffenen des religi\u00f6sen Irrsinns, so langsam die Frage stellen, was der Staat, was die Ordnungsmacht, was diejenigen, die \u00fcber das Gewaltmonopol \u2013 au\u00dfer den Islamisten \u2013 verf\u00fcgen, gedenken zu unternehmen, um Opfer in spe zu verhindern.<\/p>\n<p>Ein glorreicher Gedanke, der, zu Ende gedacht, das Stra\u00dfenbild unserer St\u00e4dte nicht unwesentlich ver\u00e4ndern d\u00fcrfte, besteht in dem Plan, Betonpoller zu installieren, um zu verhindern, dass LKW in Menschenmengen rasen k\u00f6nnen. Was f\u00fcr eine Idee, deren Brillanz nur noch vom Schwachsinn der Planer \u00fcbertroffen wird. Versuche haben gezeigt, dass auch der gr\u00f6\u00dfte und schwerste derzeit auf dem Markt erh\u00e4ltliche Betonblock noch nicht einmal 7,5 Tonner daran hindert, auf Gehwege oder in sensible Bereiche zu gelangen.<\/p>\n<p>Da ger\u00e4t der aufmerksame Beobachter des politischen Zeitgeistes einmal mehr ins Gr\u00fcbeln. In unserem Land tummelten sich im Jahr 2016 mehr als 500 \u201eGef\u00e4hrder\u201c, das sind laut Polizei Personen, die einen Terroranschlag begehen k\u00f6nnten. Weiter leben, so die Regierung, bei uns \u00fcber 1100 Menschen, die ein \u201eislamistisch-terroristisches\u201c Potenzial besitzen. Und dann sind da noch die 8650 Salafisten, deren Verh\u00e4ltnis zur angewandten Gewalt im Namen Allahs alles andere als ambivalent ist. <a href=\"http:\/\/www.mdr.de\/nachrichten\/politik\/umfrage-islamisten-deutschland-100.html\" target=\"_blank\">Quelle f\u00fcr die Zahlen<\/a>.<\/p>\n<p>\u00dcbrigens, auch der Terrorist des Berliner Anschlags war ein den Beh\u00f6rden bekannter \u201eGef\u00e4hrder\u201c, den die Polizei vor lauter Beobachtung aus den Augen verloren hat. Kann ja mal passieren &#8230;<\/p>\n<p>Anstelle des nutzlosen Vorschlags gro\u00dffl\u00e4chig Betonpoller aufzustellen, deren Nutzen bestenfalls kosmetischer Natur ist, w\u00e4re es doch besser, so denkt zumindest der aufmerksame Beobachter, mit irgendeinem zentralafrikanischen Staat gegen Bares aus Germoney Lager einzurichten und zumindest die bekannten \u201eGef\u00e4hrder\u201c dort im Sand verrotten zu lassen. \u00dcber den Nachschub br\u00e4uchte man sich jedenfalls keine Sorgen zu machen, der ist gew\u00e4hrleistet.<\/p>\n","protected":false},"excerpt":{"rendered":"<p>Deutschland wird immer mehr zum Ziel islamisch motivierter Attacken. (Noch) vereitelte Kofferbombenanschl\u00e4ge, Messerangriffe auf \u201eUngl\u00e4ubige\u201c und Wahnsinnsfahrten mit gestohlenen LKW geh\u00f6ren, glaubt man unseren Volksverr\u00e4tern, Verzeihung, Volksvertretern, inzwischen zum deutschen Alltag. \u201eWir m\u00fcssen uns an solche Bilder gew\u00f6hnen\u201c, so die &hellip; <a href=\"https:\/\/www.inkultura-online.de\/politisch_unkorrekt\/poller-im-kopf\/\">Weiterlesen <span class=\"meta-nav\">&rarr;<\/span><\/a><\/p>\n","protected":false},"author":1,"featured_media":0,"comment_status":"open","ping_status":"open","sticky":false,"template":"","format":"standard","meta":{"footnotes":""},"categories":[444,5,30,10],"tags":[861,862,80,860,863,217,225],"class_list":["post-1440","post","type-post","status-publish","format-standard","hentry","category-gedanken-zum-tag","category-meinungen-und-sprueche","category-so-siehts-aus","category-systemfehler","tag-betonpoller","tag-gefaehrder","tag-islamisten","tag-poller","tag-salafisten","tag-terroristen","tag-volksverraeter"],"yoast_head":"<!-- This site is optimized with the Yoast SEO plugin v27.4 - https:\/\/yoast.com\/product\/yoast-seo-wordpress\/ -->\n<title>Poller im Kopf - Zeitgeist? Frei!<\/title>\n<meta name=\"robots\" content=\"index, follow, max-snippet:-1, max-image-preview:large, max-video-preview:-1\" \/>\n<link rel=\"canonical\" href=\"https:\/\/www.inkultura-online.de\/politisch_unkorrekt\/poller-im-kopf\/\" \/>\n<meta property=\"og:locale\" content=\"de_DE\" \/>\n<meta property=\"og:type\" content=\"article\" \/>\n<meta property=\"og:title\" content=\"Poller im Kopf - Zeitgeist? Frei!\" \/>\n<meta property=\"og:description\" content=\"Deutschland wird immer mehr zum Ziel islamisch motivierter Attacken. (Noch) vereitelte Kofferbombenanschl\u00e4ge, Messerangriffe auf \u201eUngl\u00e4ubige\u201c und Wahnsinnsfahrten mit gestohlenen LKW geh\u00f6ren, glaubt man unseren Volksverr\u00e4tern, Verzeihung, Volksvertretern, inzwischen zum deutschen Alltag. \u201eWir m\u00fcssen uns an solche Bilder gew\u00f6hnen\u201c, so die &hellip; Weiterlesen &rarr;\" \/>\n<meta property=\"og:url\" content=\"https:\/\/www.inkultura-online.de\/politisch_unkorrekt\/poller-im-kopf\/\" \/>\n<meta property=\"og:site_name\" content=\"Zeitgeist? Frei!\" \/>\n<meta property=\"article:published_time\" content=\"2017-04-15T11:43:56+00:00\" \/>\n<meta name=\"author\" content=\"Orator\" \/>\n<meta name=\"twitter:label1\" content=\"Verfasst von\" \/>\n\t<meta name=\"twitter:data1\" content=\"Orator\" \/>\n\t<meta name=\"twitter:label2\" content=\"Gesch\u00e4tzte Lesezeit\" \/>\n\t<meta name=\"twitter:data2\" content=\"3\u00a0Minuten\" \/>\n<script type=\"application\/ld+json\" class=\"yoast-schema-graph\">{\"@context\":\"https:\\\/\\\/schema.org\",\"@graph\":[{\"@type\":\"Article\",\"@id\":\"https:\\\/\\\/www.inkultura-online.de\\\/politisch_unkorrekt\\\/poller-im-kopf\\\/#article\",\"isPartOf\":{\"@id\":\"https:\\\/\\\/www.inkultura-online.de\\\/politisch_unkorrekt\\\/poller-im-kopf\\\/\"},\"author\":{\"name\":\"Orator\",\"@id\":\"https:\\\/\\\/www.inkultura-online.de\\\/politisch_unkorrekt\\\/#\\\/schema\\\/person\\\/5b30b80e385478896a1de221e1994d86\"},\"headline\":\"Poller im Kopf\",\"datePublished\":\"2017-04-15T11:43:56+00:00\",\"mainEntityOfPage\":{\"@id\":\"https:\\\/\\\/www.inkultura-online.de\\\/politisch_unkorrekt\\\/poller-im-kopf\\\/\"},\"wordCount\":510,\"commentCount\":0,\"publisher\":{\"@id\":\"https:\\\/\\\/www.inkultura-online.de\\\/politisch_unkorrekt\\\/#\\\/schema\\\/person\\\/5b30b80e385478896a1de221e1994d86\"},\"keywords\":[\"Betonpoller\",\"Gef\u00e4hrder\",\"Islamisten\",\"Poller\",\"Salafisten\",\"Terroristen\",\"Volksverr\u00e4ter\"],\"articleSection\":[\"Gedanken zum Tag\",\"Meinungen und Spr\u00fcche\",\"So sieht\u00b4s aus\",\"Systemfehler\"],\"inLanguage\":\"de\",\"potentialAction\":[{\"@type\":\"CommentAction\",\"name\":\"Comment\",\"target\":[\"https:\\\/\\\/www.inkultura-online.de\\\/politisch_unkorrekt\\\/poller-im-kopf\\\/#respond\"]}]},{\"@type\":\"WebPage\",\"@id\":\"https:\\\/\\\/www.inkultura-online.de\\\/politisch_unkorrekt\\\/poller-im-kopf\\\/\",\"url\":\"https:\\\/\\\/www.inkultura-online.de\\\/politisch_unkorrekt\\\/poller-im-kopf\\\/\",\"name\":\"Poller im Kopf - Zeitgeist? Frei!\",\"isPartOf\":{\"@id\":\"https:\\\/\\\/www.inkultura-online.de\\\/politisch_unkorrekt\\\/#website\"},\"datePublished\":\"2017-04-15T11:43:56+00:00\",\"breadcrumb\":{\"@id\":\"https:\\\/\\\/www.inkultura-online.de\\\/politisch_unkorrekt\\\/poller-im-kopf\\\/#breadcrumb\"},\"inLanguage\":\"de\",\"potentialAction\":[{\"@type\":\"ReadAction\",\"target\":[\"https:\\\/\\\/www.inkultura-online.de\\\/politisch_unkorrekt\\\/poller-im-kopf\\\/\"]}]},{\"@type\":\"BreadcrumbList\",\"@id\":\"https:\\\/\\\/www.inkultura-online.de\\\/politisch_unkorrekt\\\/poller-im-kopf\\\/#breadcrumb\",\"itemListElement\":[{\"@type\":\"ListItem\",\"position\":1,\"name\":\"Home\",\"item\":\"https:\\\/\\\/www.inkultura-online.de\\\/politisch_unkorrekt\\\/\"},{\"@type\":\"ListItem\",\"position\":2,\"name\":\"Poller im Kopf\"}]},{\"@type\":\"WebSite\",\"@id\":\"https:\\\/\\\/www.inkultura-online.de\\\/politisch_unkorrekt\\\/#website\",\"url\":\"https:\\\/\\\/www.inkultura-online.de\\\/politisch_unkorrekt\\\/\",\"name\":\"Zeitgeist? Frei!\",\"description\":\"Was Ihr den Geist der Zeiten hei\u00dft...\",\"publisher\":{\"@id\":\"https:\\\/\\\/www.inkultura-online.de\\\/politisch_unkorrekt\\\/#\\\/schema\\\/person\\\/5b30b80e385478896a1de221e1994d86\"},\"potentialAction\":[{\"@type\":\"SearchAction\",\"target\":{\"@type\":\"EntryPoint\",\"urlTemplate\":\"https:\\\/\\\/www.inkultura-online.de\\\/politisch_unkorrekt\\\/?s={search_term_string}\"},\"query-input\":{\"@type\":\"PropertyValueSpecification\",\"valueRequired\":true,\"valueName\":\"search_term_string\"}}],\"inLanguage\":\"de\"},{\"@type\":[\"Person\",\"Organization\"],\"@id\":\"https:\\\/\\\/www.inkultura-online.de\\\/politisch_unkorrekt\\\/#\\\/schema\\\/person\\\/5b30b80e385478896a1de221e1994d86\",\"name\":\"Orator\",\"image\":{\"@type\":\"ImageObject\",\"inLanguage\":\"de\",\"@id\":\"https:\\\/\\\/secure.gravatar.com\\\/avatar\\\/96e03166d31716e9c437060430eb7605c45a8ce6fb6dab483637ca6915dd0844?s=96&d=mm&r=g\",\"url\":\"https:\\\/\\\/secure.gravatar.com\\\/avatar\\\/96e03166d31716e9c437060430eb7605c45a8ce6fb6dab483637ca6915dd0844?s=96&d=mm&r=g\",\"contentUrl\":\"https:\\\/\\\/secure.gravatar.com\\\/avatar\\\/96e03166d31716e9c437060430eb7605c45a8ce6fb6dab483637ca6915dd0844?s=96&d=mm&r=g\",\"caption\":\"Orator\"},\"logo\":{\"@id\":\"https:\\\/\\\/secure.gravatar.com\\\/avatar\\\/96e03166d31716e9c437060430eb7605c45a8ce6fb6dab483637ca6915dd0844?s=96&d=mm&r=g\"},\"url\":\"https:\\\/\\\/www.inkultura-online.de\\\/politisch_unkorrekt\\\/author\\\/1korrektor21-2\\\/\"}]}<\/script>\n<!-- \/ Yoast SEO plugin. -->","yoast_head_json":{"title":"Poller im Kopf - Zeitgeist? Frei!","robots":{"index":"index","follow":"follow","max-snippet":"max-snippet:-1","max-image-preview":"max-image-preview:large","max-video-preview":"max-video-preview:-1"},"canonical":"https:\/\/www.inkultura-online.de\/politisch_unkorrekt\/poller-im-kopf\/","og_locale":"de_DE","og_type":"article","og_title":"Poller im Kopf - Zeitgeist? Frei!","og_description":"Deutschland wird immer mehr zum Ziel islamisch motivierter Attacken. (Noch) vereitelte Kofferbombenanschl\u00e4ge, Messerangriffe auf \u201eUngl\u00e4ubige\u201c und Wahnsinnsfahrten mit gestohlenen LKW geh\u00f6ren, glaubt man unseren Volksverr\u00e4tern, Verzeihung, Volksvertretern, inzwischen zum deutschen Alltag. \u201eWir m\u00fcssen uns an solche Bilder gew\u00f6hnen\u201c, so die &hellip; Weiterlesen &rarr;","og_url":"https:\/\/www.inkultura-online.de\/politisch_unkorrekt\/poller-im-kopf\/","og_site_name":"Zeitgeist? Frei!","article_published_time":"2017-04-15T11:43:56+00:00","author":"Orator","twitter_misc":{"Verfasst von":"Orator","Gesch\u00e4tzte Lesezeit":"3\u00a0Minuten"},"schema":{"@context":"https:\/\/schema.org","@graph":[{"@type":"Article","@id":"https:\/\/www.inkultura-online.de\/politisch_unkorrekt\/poller-im-kopf\/#article","isPartOf":{"@id":"https:\/\/www.inkultura-online.de\/politisch_unkorrekt\/poller-im-kopf\/"},"author":{"name":"Orator","@id":"https:\/\/www.inkultura-online.de\/politisch_unkorrekt\/#\/schema\/person\/5b30b80e385478896a1de221e1994d86"},"headline":"Poller im Kopf","datePublished":"2017-04-15T11:43:56+00:00","mainEntityOfPage":{"@id":"https:\/\/www.inkultura-online.de\/politisch_unkorrekt\/poller-im-kopf\/"},"wordCount":510,"commentCount":0,"publisher":{"@id":"https:\/\/www.inkultura-online.de\/politisch_unkorrekt\/#\/schema\/person\/5b30b80e385478896a1de221e1994d86"},"keywords":["Betonpoller","Gef\u00e4hrder","Islamisten","Poller","Salafisten","Terroristen","Volksverr\u00e4ter"],"articleSection":["Gedanken zum Tag","Meinungen und Spr\u00fcche","So sieht\u00b4s aus","Systemfehler"],"inLanguage":"de","potentialAction":[{"@type":"CommentAction","name":"Comment","target":["https:\/\/www.inkultura-online.de\/politisch_unkorrekt\/poller-im-kopf\/#respond"]}]},{"@type":"WebPage","@id":"https:\/\/www.inkultura-online.de\/politisch_unkorrekt\/poller-im-kopf\/","url":"https:\/\/www.inkultura-online.de\/politisch_unkorrekt\/poller-im-kopf\/","name":"Poller im Kopf - Zeitgeist? Frei!","isPartOf":{"@id":"https:\/\/www.inkultura-online.de\/politisch_unkorrekt\/#website"},"datePublished":"2017-04-15T11:43:56+00:00","breadcrumb":{"@id":"https:\/\/www.inkultura-online.de\/politisch_unkorrekt\/poller-im-kopf\/#breadcrumb"},"inLanguage":"de","potentialAction":[{"@type":"ReadAction","target":["https:\/\/www.inkultura-online.de\/politisch_unkorrekt\/poller-im-kopf\/"]}]},{"@type":"BreadcrumbList","@id":"https:\/\/www.inkultura-online.de\/politisch_unkorrekt\/poller-im-kopf\/#breadcrumb","itemListElement":[{"@type":"ListItem","position":1,"name":"Home","item":"https:\/\/www.inkultura-online.de\/politisch_unkorrekt\/"},{"@type":"ListItem","position":2,"name":"Poller im Kopf"}]},{"@type":"WebSite","@id":"https:\/\/www.inkultura-online.de\/politisch_unkorrekt\/#website","url":"https:\/\/www.inkultura-online.de\/politisch_unkorrekt\/","name":"Zeitgeist? Frei!","description":"Was Ihr den Geist der Zeiten hei\u00dft...","publisher":{"@id":"https:\/\/www.inkultura-online.de\/politisch_unkorrekt\/#\/schema\/person\/5b30b80e385478896a1de221e1994d86"},"potentialAction":[{"@type":"SearchAction","target":{"@type":"EntryPoint","urlTemplate":"https:\/\/www.inkultura-online.de\/politisch_unkorrekt\/?s={search_term_string}"},"query-input":{"@type":"PropertyValueSpecification","valueRequired":true,"valueName":"search_term_string"}}],"inLanguage":"de"},{"@type":["Person","Organization"],"@id":"https:\/\/www.inkultura-online.de\/politisch_unkorrekt\/#\/schema\/person\/5b30b80e385478896a1de221e1994d86","name":"Orator","image":{"@type":"ImageObject","inLanguage":"de","@id":"https:\/\/secure.gravatar.com\/avatar\/96e03166d31716e9c437060430eb7605c45a8ce6fb6dab483637ca6915dd0844?s=96&d=mm&r=g","url":"https:\/\/secure.gravatar.com\/avatar\/96e03166d31716e9c437060430eb7605c45a8ce6fb6dab483637ca6915dd0844?s=96&d=mm&r=g","contentUrl":"https:\/\/secure.gravatar.com\/avatar\/96e03166d31716e9c437060430eb7605c45a8ce6fb6dab483637ca6915dd0844?s=96&d=mm&r=g","caption":"Orator"},"logo":{"@id":"https:\/\/secure.gravatar.com\/avatar\/96e03166d31716e9c437060430eb7605c45a8ce6fb6dab483637ca6915dd0844?s=96&d=mm&r=g"},"url":"https:\/\/www.inkultura-online.de\/politisch_unkorrekt\/author\/1korrektor21-2\/"}]}},"_links":{"self":[{"href":"https:\/\/www.inkultura-online.de\/politisch_unkorrekt\/wp-json\/wp\/v2\/posts\/1440","targetHints":{"allow":["GET"]}}],"collection":[{"href":"https:\/\/www.inkultura-online.de\/politisch_unkorrekt\/wp-json\/wp\/v2\/posts"}],"about":[{"href":"https:\/\/www.inkultura-online.de\/politisch_unkorrekt\/wp-json\/wp\/v2\/types\/post"}],"author":[{"embeddable":true,"href":"https:\/\/www.inkultura-online.de\/politisch_unkorrekt\/wp-json\/wp\/v2\/users\/1"}],"replies":[{"embeddable":true,"href":"https:\/\/www.inkultura-online.de\/politisch_unkorrekt\/wp-json\/wp\/v2\/comments?post=1440"}],"version-history":[{"count":1,"href":"https:\/\/www.inkultura-online.de\/politisch_unkorrekt\/wp-json\/wp\/v2\/posts\/1440\/revisions"}],"predecessor-version":[{"id":1441,"href":"https:\/\/www.inkultura-online.de\/politisch_unkorrekt\/wp-json\/wp\/v2\/posts\/1440\/revisions\/1441"}],"wp:attachment":[{"href":"https:\/\/www.inkultura-online.de\/politisch_unkorrekt\/wp-json\/wp\/v2\/media?parent=1440"}],"wp:term":[{"taxonomy":"category","embeddable":true,"href":"https:\/\/www.inkultura-online.de\/politisch_unkorrekt\/wp-json\/wp\/v2\/categories?post=1440"},{"taxonomy":"post_tag","embeddable":true,"href":"https:\/\/www.inkultura-online.de\/politisch_unkorrekt\/wp-json\/wp\/v2\/tags?post=1440"}],"curies":[{"name":"wp","href":"https:\/\/api.w.org\/{rel}","templated":true}]}}