{"id":1483,"date":"2017-06-10T12:56:47","date_gmt":"2017-06-10T10:56:47","guid":{"rendered":"http:\/\/www.inkultura-online.de\/politisch_unkorrekt\/?p=1483"},"modified":"2017-06-10T12:56:47","modified_gmt":"2017-06-10T10:56:47","slug":"wozu-noch-richter","status":"publish","type":"post","link":"https:\/\/www.inkultura-online.de\/politisch_unkorrekt\/wozu-noch-richter\/","title":{"rendered":"Wozu noch Richter?"},"content":{"rendered":"<p>Es gibt Momente, in denen der wahrlich hart gesottene Beobachter des politischen Zeitgeistes M\u00fche hat, seine Faust in der Tasche zu halten. Hart gesotten, weil er tatenlos mitansehen muss, wie tagt\u00e4glich der Rechtsstaat aus den Angeln gehoben wird. \u201eVor dem Gesetz sind alle gleich\u201c, diese Maxime trifft l\u00e4ngst nicht mehr zu. Inzwischen haben Deutschlands Richter eine Zwei-Klassen-Justiz etabliert, die denen, \u201edie noch nicht so lange hier leben\u201c einen kulturellen Bonus zuspricht und f\u00fcr, sagen wir es politisch korrekt, Menschen mit Migrationshintergrund eine Rechtsprechung der besonderen Art eingef\u00fchrt hat.<!--more--><\/p>\n<p>Dieser Migranten- und Fl\u00fcchtlingsbonus hat jetzt in Berlin dazu gef\u00fchrt, dass von einer Gruppe von sechs \u201eFl\u00fcchtlingen\u201c aus Syrien und Libyen nach deren Versuch einen Berliner Obdachlosen in einem U-Bahnhof anzuz\u00fcnden, <a href=\"http:\/\/www.tagesspiegel.de\/berlin\/nach-brandanschlag-auf-obdachlosen-in-berlin-haftbefehle-gegen-fuenf-jugendliche-aufgehoben\/19914754.html\" target=\"_blank\" rel=\"noopener\">f\u00fcnf wieder auf freien Fu\u00df gesetzt<\/a> wurden. Die Strategie der Verteidigung, dieses Verbrechen nicht als Mordversuch, sondern als versuchte gef\u00e4hrliche K\u00f6rperverletzung werten zu lassen, ist aufgegangen.<\/p>\n<p>Das Anz\u00fcnden eines Menschen ist also, zumindest wenn es durch ausl\u00e4ndische Straft\u00e4ter begangen wird, kein Versuch, diesen zu t\u00f6ten. Das muss der rechtschaffene, flei\u00dfige und ehrliche autochthone B\u00fcrger erst einmal verdauen. Sechs Halunken, die eigentlich nicht in unser Land geh\u00f6ren, setzen einen Menschen in Brand, der nur durch das couragierte Eingreifen von anderen Fahrg\u00e4sten und einem BVG-Angestellten gel\u00f6scht werden konnte, bevor der Angez\u00fcndete schweren k\u00f6rperlichen Schaden erlitt, und das Gericht l\u00e4sst f\u00fcnf dieser Verbrecher erst einmal wieder laufen. Frage: darf man in diesem Zusammenhang von einen (un)ehrenwerten Gericht sprechen?<\/p>\n<p>Da wird aus Vergewaltigung ein kulturbedingtes Missverst\u00e4ndnisse bez\u00fcglich robuster Ann\u00e4herungsversuche konstruiert, ein Diebstahl als kulturelle \u00dcberforderung der aus armen L\u00e4ndern stammenden \u201eFl\u00fcchtlinge\u201c interpretiert und &#8211; einmal mehr muss der aufmerksame Beobachter des politischen Zeitgeistes seine Faust z\u00fcgeln &#8211; K\u00f6rperverletzung oder Schlimmeres als \u201eGewalt ist immer auch ein Hilferuf\u201c (Claudia Roth, Maischberger, Talk-Show; ARD, 5. Oktober 2004) entschuldigt.<\/p>\n<p>Was f\u00fcr eine verkehrte Welt, dieses Tollhaus Deutschland. Da werden Kritiker dieser zum Himmel schreienden Zust\u00e4nde von Staats wegen und mit Hilfe privater Denunziationszentralen kriminalisiert und die Schurken, die Vergewaltiger, Diebe, M\u00f6rder, kurz, das ganze kriminelle Pack aus dem Pool derjenigen, \u201edie noch nicht so lange hier leben\u201c l\u00e4sst man laufen.<\/p>\n<p>Wann hat diese (Un)Rechtsprechung endlich ein Ende?<\/p>\n","protected":false},"excerpt":{"rendered":"<p>Es gibt Momente, in denen der wahrlich hart gesottene Beobachter des politischen Zeitgeistes M\u00fche hat, seine Faust in der Tasche zu halten. Hart gesotten, weil er tatenlos mitansehen muss, wie tagt\u00e4glich der Rechtsstaat aus den Angeln gehoben wird. \u201eVor dem &hellip; <a href=\"https:\/\/www.inkultura-online.de\/politisch_unkorrekt\/wozu-noch-richter\/\">Weiterlesen <span class=\"meta-nav\">&rarr;<\/span><\/a><\/p>\n","protected":false},"author":1,"featured_media":0,"comment_status":"open","ping_status":"open","sticky":false,"template":"","format":"standard","meta":{"footnotes":""},"categories":[444,4,10],"tags":[896,894,895],"class_list":["post-1483","post","type-post","status-publish","format-standard","hentry","category-gedanken-zum-tag","category-hauptstadtpossen","category-systemfehler","tag-auslaenderkriminalitaet","tag-richter","tag-zwei-klassen-justiz"],"yoast_head":"<!-- This site is optimized with the Yoast SEO plugin v27.5 - https:\/\/yoast.com\/product\/yoast-seo-wordpress\/ -->\n<title>Wozu noch Richter? - Zeitgeist? Frei!<\/title>\n<meta name=\"robots\" content=\"index, follow, max-snippet:-1, max-image-preview:large, max-video-preview:-1\" \/>\n<link rel=\"canonical\" href=\"https:\/\/www.inkultura-online.de\/politisch_unkorrekt\/wozu-noch-richter\/\" \/>\n<meta property=\"og:locale\" content=\"de_DE\" \/>\n<meta property=\"og:type\" content=\"article\" \/>\n<meta property=\"og:title\" content=\"Wozu noch Richter? - Zeitgeist? Frei!\" \/>\n<meta property=\"og:description\" content=\"Es gibt Momente, in denen der wahrlich hart gesottene Beobachter des politischen Zeitgeistes M\u00fche hat, seine Faust in der Tasche zu halten. Hart gesotten, weil er tatenlos mitansehen muss, wie tagt\u00e4glich der Rechtsstaat aus den Angeln gehoben wird. \u201eVor dem &hellip; Weiterlesen &rarr;\" \/>\n<meta property=\"og:url\" content=\"https:\/\/www.inkultura-online.de\/politisch_unkorrekt\/wozu-noch-richter\/\" \/>\n<meta property=\"og:site_name\" content=\"Zeitgeist? Frei!\" \/>\n<meta property=\"article:published_time\" content=\"2017-06-10T10:56:47+00:00\" \/>\n<meta name=\"author\" content=\"Orator\" \/>\n<meta name=\"twitter:label1\" content=\"Verfasst von\" \/>\n\t<meta name=\"twitter:data1\" content=\"Orator\" \/>\n\t<meta name=\"twitter:label2\" content=\"Gesch\u00e4tzte Lesezeit\" \/>\n\t<meta name=\"twitter:data2\" content=\"2\u00a0Minuten\" \/>\n<script type=\"application\/ld+json\" class=\"yoast-schema-graph\">{\"@context\":\"https:\\\/\\\/schema.org\",\"@graph\":[{\"@type\":\"Article\",\"@id\":\"https:\\\/\\\/www.inkultura-online.de\\\/politisch_unkorrekt\\\/wozu-noch-richter\\\/#article\",\"isPartOf\":{\"@id\":\"https:\\\/\\\/www.inkultura-online.de\\\/politisch_unkorrekt\\\/wozu-noch-richter\\\/\"},\"author\":{\"name\":\"Orator\",\"@id\":\"https:\\\/\\\/www.inkultura-online.de\\\/politisch_unkorrekt\\\/#\\\/schema\\\/person\\\/5b30b80e385478896a1de221e1994d86\"},\"headline\":\"Wozu noch Richter?\",\"datePublished\":\"2017-06-10T10:56:47+00:00\",\"mainEntityOfPage\":{\"@id\":\"https:\\\/\\\/www.inkultura-online.de\\\/politisch_unkorrekt\\\/wozu-noch-richter\\\/\"},\"wordCount\":388,\"commentCount\":0,\"publisher\":{\"@id\":\"https:\\\/\\\/www.inkultura-online.de\\\/politisch_unkorrekt\\\/#\\\/schema\\\/person\\\/5b30b80e385478896a1de221e1994d86\"},\"keywords\":[\"Ausl\u00e4nderkriminalit\u00e4t\",\"Richter\",\"Zwei-Klassen-Justiz\"],\"articleSection\":[\"Gedanken zum Tag\",\"Hauptstadtpossen\",\"Systemfehler\"],\"inLanguage\":\"de\",\"potentialAction\":[{\"@type\":\"CommentAction\",\"name\":\"Comment\",\"target\":[\"https:\\\/\\\/www.inkultura-online.de\\\/politisch_unkorrekt\\\/wozu-noch-richter\\\/#respond\"]}]},{\"@type\":\"WebPage\",\"@id\":\"https:\\\/\\\/www.inkultura-online.de\\\/politisch_unkorrekt\\\/wozu-noch-richter\\\/\",\"url\":\"https:\\\/\\\/www.inkultura-online.de\\\/politisch_unkorrekt\\\/wozu-noch-richter\\\/\",\"name\":\"Wozu noch Richter? - Zeitgeist? Frei!\",\"isPartOf\":{\"@id\":\"https:\\\/\\\/www.inkultura-online.de\\\/politisch_unkorrekt\\\/#website\"},\"datePublished\":\"2017-06-10T10:56:47+00:00\",\"breadcrumb\":{\"@id\":\"https:\\\/\\\/www.inkultura-online.de\\\/politisch_unkorrekt\\\/wozu-noch-richter\\\/#breadcrumb\"},\"inLanguage\":\"de\",\"potentialAction\":[{\"@type\":\"ReadAction\",\"target\":[\"https:\\\/\\\/www.inkultura-online.de\\\/politisch_unkorrekt\\\/wozu-noch-richter\\\/\"]}]},{\"@type\":\"BreadcrumbList\",\"@id\":\"https:\\\/\\\/www.inkultura-online.de\\\/politisch_unkorrekt\\\/wozu-noch-richter\\\/#breadcrumb\",\"itemListElement\":[{\"@type\":\"ListItem\",\"position\":1,\"name\":\"Home\",\"item\":\"https:\\\/\\\/www.inkultura-online.de\\\/politisch_unkorrekt\\\/\"},{\"@type\":\"ListItem\",\"position\":2,\"name\":\"Wozu noch Richter?\"}]},{\"@type\":\"WebSite\",\"@id\":\"https:\\\/\\\/www.inkultura-online.de\\\/politisch_unkorrekt\\\/#website\",\"url\":\"https:\\\/\\\/www.inkultura-online.de\\\/politisch_unkorrekt\\\/\",\"name\":\"Zeitgeist? Frei!\",\"description\":\"Was Ihr den Geist der Zeiten hei\u00dft...\",\"publisher\":{\"@id\":\"https:\\\/\\\/www.inkultura-online.de\\\/politisch_unkorrekt\\\/#\\\/schema\\\/person\\\/5b30b80e385478896a1de221e1994d86\"},\"potentialAction\":[{\"@type\":\"SearchAction\",\"target\":{\"@type\":\"EntryPoint\",\"urlTemplate\":\"https:\\\/\\\/www.inkultura-online.de\\\/politisch_unkorrekt\\\/?s={search_term_string}\"},\"query-input\":{\"@type\":\"PropertyValueSpecification\",\"valueRequired\":true,\"valueName\":\"search_term_string\"}}],\"inLanguage\":\"de\"},{\"@type\":[\"Person\",\"Organization\"],\"@id\":\"https:\\\/\\\/www.inkultura-online.de\\\/politisch_unkorrekt\\\/#\\\/schema\\\/person\\\/5b30b80e385478896a1de221e1994d86\",\"name\":\"Orator\",\"image\":{\"@type\":\"ImageObject\",\"inLanguage\":\"de\",\"@id\":\"https:\\\/\\\/secure.gravatar.com\\\/avatar\\\/96e03166d31716e9c437060430eb7605c45a8ce6fb6dab483637ca6915dd0844?s=96&d=mm&r=g\",\"url\":\"https:\\\/\\\/secure.gravatar.com\\\/avatar\\\/96e03166d31716e9c437060430eb7605c45a8ce6fb6dab483637ca6915dd0844?s=96&d=mm&r=g\",\"contentUrl\":\"https:\\\/\\\/secure.gravatar.com\\\/avatar\\\/96e03166d31716e9c437060430eb7605c45a8ce6fb6dab483637ca6915dd0844?s=96&d=mm&r=g\",\"caption\":\"Orator\"},\"logo\":{\"@id\":\"https:\\\/\\\/secure.gravatar.com\\\/avatar\\\/96e03166d31716e9c437060430eb7605c45a8ce6fb6dab483637ca6915dd0844?s=96&d=mm&r=g\"},\"url\":\"https:\\\/\\\/www.inkultura-online.de\\\/politisch_unkorrekt\\\/author\\\/1korrektor21-2\\\/\"}]}<\/script>\n<!-- \/ Yoast SEO plugin. -->","yoast_head_json":{"title":"Wozu noch Richter? - Zeitgeist? Frei!","robots":{"index":"index","follow":"follow","max-snippet":"max-snippet:-1","max-image-preview":"max-image-preview:large","max-video-preview":"max-video-preview:-1"},"canonical":"https:\/\/www.inkultura-online.de\/politisch_unkorrekt\/wozu-noch-richter\/","og_locale":"de_DE","og_type":"article","og_title":"Wozu noch Richter? - Zeitgeist? Frei!","og_description":"Es gibt Momente, in denen der wahrlich hart gesottene Beobachter des politischen Zeitgeistes M\u00fche hat, seine Faust in der Tasche zu halten. Hart gesotten, weil er tatenlos mitansehen muss, wie tagt\u00e4glich der Rechtsstaat aus den Angeln gehoben wird. \u201eVor dem &hellip; Weiterlesen &rarr;","og_url":"https:\/\/www.inkultura-online.de\/politisch_unkorrekt\/wozu-noch-richter\/","og_site_name":"Zeitgeist? Frei!","article_published_time":"2017-06-10T10:56:47+00:00","author":"Orator","twitter_misc":{"Verfasst von":"Orator","Gesch\u00e4tzte Lesezeit":"2\u00a0Minuten"},"schema":{"@context":"https:\/\/schema.org","@graph":[{"@type":"Article","@id":"https:\/\/www.inkultura-online.de\/politisch_unkorrekt\/wozu-noch-richter\/#article","isPartOf":{"@id":"https:\/\/www.inkultura-online.de\/politisch_unkorrekt\/wozu-noch-richter\/"},"author":{"name":"Orator","@id":"https:\/\/www.inkultura-online.de\/politisch_unkorrekt\/#\/schema\/person\/5b30b80e385478896a1de221e1994d86"},"headline":"Wozu noch Richter?","datePublished":"2017-06-10T10:56:47+00:00","mainEntityOfPage":{"@id":"https:\/\/www.inkultura-online.de\/politisch_unkorrekt\/wozu-noch-richter\/"},"wordCount":388,"commentCount":0,"publisher":{"@id":"https:\/\/www.inkultura-online.de\/politisch_unkorrekt\/#\/schema\/person\/5b30b80e385478896a1de221e1994d86"},"keywords":["Ausl\u00e4nderkriminalit\u00e4t","Richter","Zwei-Klassen-Justiz"],"articleSection":["Gedanken zum Tag","Hauptstadtpossen","Systemfehler"],"inLanguage":"de","potentialAction":[{"@type":"CommentAction","name":"Comment","target":["https:\/\/www.inkultura-online.de\/politisch_unkorrekt\/wozu-noch-richter\/#respond"]}]},{"@type":"WebPage","@id":"https:\/\/www.inkultura-online.de\/politisch_unkorrekt\/wozu-noch-richter\/","url":"https:\/\/www.inkultura-online.de\/politisch_unkorrekt\/wozu-noch-richter\/","name":"Wozu noch Richter? - Zeitgeist? Frei!","isPartOf":{"@id":"https:\/\/www.inkultura-online.de\/politisch_unkorrekt\/#website"},"datePublished":"2017-06-10T10:56:47+00:00","breadcrumb":{"@id":"https:\/\/www.inkultura-online.de\/politisch_unkorrekt\/wozu-noch-richter\/#breadcrumb"},"inLanguage":"de","potentialAction":[{"@type":"ReadAction","target":["https:\/\/www.inkultura-online.de\/politisch_unkorrekt\/wozu-noch-richter\/"]}]},{"@type":"BreadcrumbList","@id":"https:\/\/www.inkultura-online.de\/politisch_unkorrekt\/wozu-noch-richter\/#breadcrumb","itemListElement":[{"@type":"ListItem","position":1,"name":"Home","item":"https:\/\/www.inkultura-online.de\/politisch_unkorrekt\/"},{"@type":"ListItem","position":2,"name":"Wozu noch Richter?"}]},{"@type":"WebSite","@id":"https:\/\/www.inkultura-online.de\/politisch_unkorrekt\/#website","url":"https:\/\/www.inkultura-online.de\/politisch_unkorrekt\/","name":"Zeitgeist? Frei!","description":"Was Ihr den Geist der Zeiten hei\u00dft...","publisher":{"@id":"https:\/\/www.inkultura-online.de\/politisch_unkorrekt\/#\/schema\/person\/5b30b80e385478896a1de221e1994d86"},"potentialAction":[{"@type":"SearchAction","target":{"@type":"EntryPoint","urlTemplate":"https:\/\/www.inkultura-online.de\/politisch_unkorrekt\/?s={search_term_string}"},"query-input":{"@type":"PropertyValueSpecification","valueRequired":true,"valueName":"search_term_string"}}],"inLanguage":"de"},{"@type":["Person","Organization"],"@id":"https:\/\/www.inkultura-online.de\/politisch_unkorrekt\/#\/schema\/person\/5b30b80e385478896a1de221e1994d86","name":"Orator","image":{"@type":"ImageObject","inLanguage":"de","@id":"https:\/\/secure.gravatar.com\/avatar\/96e03166d31716e9c437060430eb7605c45a8ce6fb6dab483637ca6915dd0844?s=96&d=mm&r=g","url":"https:\/\/secure.gravatar.com\/avatar\/96e03166d31716e9c437060430eb7605c45a8ce6fb6dab483637ca6915dd0844?s=96&d=mm&r=g","contentUrl":"https:\/\/secure.gravatar.com\/avatar\/96e03166d31716e9c437060430eb7605c45a8ce6fb6dab483637ca6915dd0844?s=96&d=mm&r=g","caption":"Orator"},"logo":{"@id":"https:\/\/secure.gravatar.com\/avatar\/96e03166d31716e9c437060430eb7605c45a8ce6fb6dab483637ca6915dd0844?s=96&d=mm&r=g"},"url":"https:\/\/www.inkultura-online.de\/politisch_unkorrekt\/author\/1korrektor21-2\/"}]}},"_links":{"self":[{"href":"https:\/\/www.inkultura-online.de\/politisch_unkorrekt\/wp-json\/wp\/v2\/posts\/1483","targetHints":{"allow":["GET"]}}],"collection":[{"href":"https:\/\/www.inkultura-online.de\/politisch_unkorrekt\/wp-json\/wp\/v2\/posts"}],"about":[{"href":"https:\/\/www.inkultura-online.de\/politisch_unkorrekt\/wp-json\/wp\/v2\/types\/post"}],"author":[{"embeddable":true,"href":"https:\/\/www.inkultura-online.de\/politisch_unkorrekt\/wp-json\/wp\/v2\/users\/1"}],"replies":[{"embeddable":true,"href":"https:\/\/www.inkultura-online.de\/politisch_unkorrekt\/wp-json\/wp\/v2\/comments?post=1483"}],"version-history":[{"count":1,"href":"https:\/\/www.inkultura-online.de\/politisch_unkorrekt\/wp-json\/wp\/v2\/posts\/1483\/revisions"}],"predecessor-version":[{"id":1484,"href":"https:\/\/www.inkultura-online.de\/politisch_unkorrekt\/wp-json\/wp\/v2\/posts\/1483\/revisions\/1484"}],"wp:attachment":[{"href":"https:\/\/www.inkultura-online.de\/politisch_unkorrekt\/wp-json\/wp\/v2\/media?parent=1483"}],"wp:term":[{"taxonomy":"category","embeddable":true,"href":"https:\/\/www.inkultura-online.de\/politisch_unkorrekt\/wp-json\/wp\/v2\/categories?post=1483"},{"taxonomy":"post_tag","embeddable":true,"href":"https:\/\/www.inkultura-online.de\/politisch_unkorrekt\/wp-json\/wp\/v2\/tags?post=1483"}],"curies":[{"name":"wp","href":"https:\/\/api.w.org\/{rel}","templated":true}]}}