{"id":1493,"date":"2017-06-18T10:42:44","date_gmt":"2017-06-18T08:42:44","guid":{"rendered":"http:\/\/www.inkultura-online.de\/politisch_unkorrekt\/?p=1493"},"modified":"2017-06-18T10:42:44","modified_gmt":"2017-06-18T08:42:44","slug":"die-feinde-des-westens-haben-bereits-gewonnen","status":"publish","type":"post","link":"https:\/\/www.inkultura-online.de\/politisch_unkorrekt\/die-feinde-des-westens-haben-bereits-gewonnen\/","title":{"rendered":"Die Feinde des Westens haben bereits gewonnen"},"content":{"rendered":"<p>Der Terror im Namen Allahs hat sein Ziel erreicht. Der Westen, f\u00fcr Islamisten das Symbol f\u00fcr Dekadenz, Gottlosigkeit und Feigheit, wird, sollte sich dessen Verhalten und seine Reaktionen auf die immer schneller folgenden Anschl\u00e4ge nicht wesentlich \u00e4ndern, den Kampf gegen den militanten Islam verlieren.<!--more--><\/p>\n<p>Jedes Attentat, jeder Tote und die darauf folgende immer gleiche Reaktion des polit-medialen Establishments, das habe nichts mit dem Islam zu tun, zeigt, wie wehrlos die zivilisierte Welt inzwischen geworden ist. Ja es fehlt dem Westen sogar am Willen, seine Lebensart, so schrill und laut sie daherkommen mag, zu verteidigen.<\/p>\n<p>Die B\u00fcrger haben sich anscheinend damit abgefunden, im Namen der Freiheit und der Toleranz zu Schlachtopfern freigeben zu werden. Die islamischen Verbrecher wissen genau, dass, sollten sie Politiker oder andere Personen des \u00f6ffentlichen Lebens zur Zielscheibe machen, sie die geballte Staatsmacht mit all ihren zur Verf\u00fcgung stehenden Mitteln zu f\u00fcrchten h\u00e4tten. Weiche Ziele dagegen, wie Kinder und Jugendliche (Manchester), Weihnachtsmarktbesucher (Berlin) oder Konzertbesucher (Paris), sind in den Augen des polit-medialen Kartells offensichtlich als Kollateralsch\u00e4den hinsichtlich angewandter religi\u00f6ser Toleranz zu bewerten.<\/p>\n","protected":false},"excerpt":{"rendered":"<p>Der Terror im Namen Allahs hat sein Ziel erreicht. Der Westen, f\u00fcr Islamisten das Symbol f\u00fcr Dekadenz, Gottlosigkeit und Feigheit, wird, sollte sich dessen Verhalten und seine Reaktionen auf die immer schneller folgenden Anschl\u00e4ge nicht wesentlich \u00e4ndern, den Kampf gegen &hellip; <a href=\"https:\/\/www.inkultura-online.de\/politisch_unkorrekt\/die-feinde-des-westens-haben-bereits-gewonnen\/\">Weiterlesen <span class=\"meta-nav\">&rarr;<\/span><\/a><\/p>\n","protected":false},"author":1,"featured_media":0,"comment_status":"open","ping_status":"open","sticky":false,"template":"","format":"standard","meta":{"footnotes":""},"categories":[444,5,10],"tags":[902,21,903,192],"class_list":["post-1493","post","type-post","status-publish","format-standard","hentry","category-gedanken-zum-tag","category-meinungen-und-sprueche","category-systemfehler","tag-feinde-des-westens","tag-islam","tag-kollateralschaeden","tag-terror"],"yoast_head":"<!-- This site is optimized with the Yoast SEO plugin v27.5 - https:\/\/yoast.com\/product\/yoast-seo-wordpress\/ -->\n<title>Die Feinde des Westens haben bereits gewonnen - Zeitgeist? Frei!<\/title>\n<meta name=\"robots\" content=\"index, follow, max-snippet:-1, max-image-preview:large, max-video-preview:-1\" \/>\n<link rel=\"canonical\" href=\"https:\/\/www.inkultura-online.de\/politisch_unkorrekt\/die-feinde-des-westens-haben-bereits-gewonnen\/\" \/>\n<meta property=\"og:locale\" content=\"de_DE\" \/>\n<meta property=\"og:type\" content=\"article\" \/>\n<meta property=\"og:title\" content=\"Die Feinde des Westens haben bereits gewonnen - Zeitgeist? Frei!\" \/>\n<meta property=\"og:description\" content=\"Der Terror im Namen Allahs hat sein Ziel erreicht. Der Westen, f\u00fcr Islamisten das Symbol f\u00fcr Dekadenz, Gottlosigkeit und Feigheit, wird, sollte sich dessen Verhalten und seine Reaktionen auf die immer schneller folgenden Anschl\u00e4ge nicht wesentlich \u00e4ndern, den Kampf gegen &hellip; Weiterlesen &rarr;\" \/>\n<meta property=\"og:url\" content=\"https:\/\/www.inkultura-online.de\/politisch_unkorrekt\/die-feinde-des-westens-haben-bereits-gewonnen\/\" \/>\n<meta property=\"og:site_name\" content=\"Zeitgeist? Frei!\" \/>\n<meta property=\"article:published_time\" content=\"2017-06-18T08:42:44+00:00\" \/>\n<meta name=\"author\" content=\"Orator\" \/>\n<meta name=\"twitter:label1\" content=\"Verfasst von\" \/>\n\t<meta name=\"twitter:data1\" content=\"Orator\" \/>\n\t<meta name=\"twitter:label2\" content=\"Gesch\u00e4tzte Lesezeit\" \/>\n\t<meta name=\"twitter:data2\" content=\"1\u00a0Minute\" \/>\n<script type=\"application\/ld+json\" class=\"yoast-schema-graph\">{\"@context\":\"https:\\\/\\\/schema.org\",\"@graph\":[{\"@type\":\"Article\",\"@id\":\"https:\\\/\\\/www.inkultura-online.de\\\/politisch_unkorrekt\\\/die-feinde-des-westens-haben-bereits-gewonnen\\\/#article\",\"isPartOf\":{\"@id\":\"https:\\\/\\\/www.inkultura-online.de\\\/politisch_unkorrekt\\\/die-feinde-des-westens-haben-bereits-gewonnen\\\/\"},\"author\":{\"name\":\"Orator\",\"@id\":\"https:\\\/\\\/www.inkultura-online.de\\\/politisch_unkorrekt\\\/#\\\/schema\\\/person\\\/5b30b80e385478896a1de221e1994d86\"},\"headline\":\"Die Feinde des Westens haben bereits gewonnen\",\"datePublished\":\"2017-06-18T08:42:44+00:00\",\"mainEntityOfPage\":{\"@id\":\"https:\\\/\\\/www.inkultura-online.de\\\/politisch_unkorrekt\\\/die-feinde-des-westens-haben-bereits-gewonnen\\\/\"},\"wordCount\":190,\"commentCount\":0,\"publisher\":{\"@id\":\"https:\\\/\\\/www.inkultura-online.de\\\/politisch_unkorrekt\\\/#\\\/schema\\\/person\\\/5b30b80e385478896a1de221e1994d86\"},\"keywords\":[\"Feinde des Westens\",\"Islam\",\"Kollateralsch\u00e4den\",\"Terror\"],\"articleSection\":[\"Gedanken zum Tag\",\"Meinungen und Spr\u00fcche\",\"Systemfehler\"],\"inLanguage\":\"de\",\"potentialAction\":[{\"@type\":\"CommentAction\",\"name\":\"Comment\",\"target\":[\"https:\\\/\\\/www.inkultura-online.de\\\/politisch_unkorrekt\\\/die-feinde-des-westens-haben-bereits-gewonnen\\\/#respond\"]}]},{\"@type\":\"WebPage\",\"@id\":\"https:\\\/\\\/www.inkultura-online.de\\\/politisch_unkorrekt\\\/die-feinde-des-westens-haben-bereits-gewonnen\\\/\",\"url\":\"https:\\\/\\\/www.inkultura-online.de\\\/politisch_unkorrekt\\\/die-feinde-des-westens-haben-bereits-gewonnen\\\/\",\"name\":\"Die Feinde des Westens haben bereits gewonnen - Zeitgeist? Frei!\",\"isPartOf\":{\"@id\":\"https:\\\/\\\/www.inkultura-online.de\\\/politisch_unkorrekt\\\/#website\"},\"datePublished\":\"2017-06-18T08:42:44+00:00\",\"breadcrumb\":{\"@id\":\"https:\\\/\\\/www.inkultura-online.de\\\/politisch_unkorrekt\\\/die-feinde-des-westens-haben-bereits-gewonnen\\\/#breadcrumb\"},\"inLanguage\":\"de\",\"potentialAction\":[{\"@type\":\"ReadAction\",\"target\":[\"https:\\\/\\\/www.inkultura-online.de\\\/politisch_unkorrekt\\\/die-feinde-des-westens-haben-bereits-gewonnen\\\/\"]}]},{\"@type\":\"BreadcrumbList\",\"@id\":\"https:\\\/\\\/www.inkultura-online.de\\\/politisch_unkorrekt\\\/die-feinde-des-westens-haben-bereits-gewonnen\\\/#breadcrumb\",\"itemListElement\":[{\"@type\":\"ListItem\",\"position\":1,\"name\":\"Home\",\"item\":\"https:\\\/\\\/www.inkultura-online.de\\\/politisch_unkorrekt\\\/\"},{\"@type\":\"ListItem\",\"position\":2,\"name\":\"Die Feinde des Westens haben bereits gewonnen\"}]},{\"@type\":\"WebSite\",\"@id\":\"https:\\\/\\\/www.inkultura-online.de\\\/politisch_unkorrekt\\\/#website\",\"url\":\"https:\\\/\\\/www.inkultura-online.de\\\/politisch_unkorrekt\\\/\",\"name\":\"Zeitgeist? Frei!\",\"description\":\"Was Ihr den Geist der Zeiten hei\u00dft...\",\"publisher\":{\"@id\":\"https:\\\/\\\/www.inkultura-online.de\\\/politisch_unkorrekt\\\/#\\\/schema\\\/person\\\/5b30b80e385478896a1de221e1994d86\"},\"potentialAction\":[{\"@type\":\"SearchAction\",\"target\":{\"@type\":\"EntryPoint\",\"urlTemplate\":\"https:\\\/\\\/www.inkultura-online.de\\\/politisch_unkorrekt\\\/?s={search_term_string}\"},\"query-input\":{\"@type\":\"PropertyValueSpecification\",\"valueRequired\":true,\"valueName\":\"search_term_string\"}}],\"inLanguage\":\"de\"},{\"@type\":[\"Person\",\"Organization\"],\"@id\":\"https:\\\/\\\/www.inkultura-online.de\\\/politisch_unkorrekt\\\/#\\\/schema\\\/person\\\/5b30b80e385478896a1de221e1994d86\",\"name\":\"Orator\",\"image\":{\"@type\":\"ImageObject\",\"inLanguage\":\"de\",\"@id\":\"https:\\\/\\\/secure.gravatar.com\\\/avatar\\\/96e03166d31716e9c437060430eb7605c45a8ce6fb6dab483637ca6915dd0844?s=96&d=mm&r=g\",\"url\":\"https:\\\/\\\/secure.gravatar.com\\\/avatar\\\/96e03166d31716e9c437060430eb7605c45a8ce6fb6dab483637ca6915dd0844?s=96&d=mm&r=g\",\"contentUrl\":\"https:\\\/\\\/secure.gravatar.com\\\/avatar\\\/96e03166d31716e9c437060430eb7605c45a8ce6fb6dab483637ca6915dd0844?s=96&d=mm&r=g\",\"caption\":\"Orator\"},\"logo\":{\"@id\":\"https:\\\/\\\/secure.gravatar.com\\\/avatar\\\/96e03166d31716e9c437060430eb7605c45a8ce6fb6dab483637ca6915dd0844?s=96&d=mm&r=g\"},\"url\":\"https:\\\/\\\/www.inkultura-online.de\\\/politisch_unkorrekt\\\/author\\\/1korrektor21-2\\\/\"}]}<\/script>\n<!-- \/ Yoast SEO plugin. -->","yoast_head_json":{"title":"Die Feinde des Westens haben bereits gewonnen - Zeitgeist? Frei!","robots":{"index":"index","follow":"follow","max-snippet":"max-snippet:-1","max-image-preview":"max-image-preview:large","max-video-preview":"max-video-preview:-1"},"canonical":"https:\/\/www.inkultura-online.de\/politisch_unkorrekt\/die-feinde-des-westens-haben-bereits-gewonnen\/","og_locale":"de_DE","og_type":"article","og_title":"Die Feinde des Westens haben bereits gewonnen - Zeitgeist? Frei!","og_description":"Der Terror im Namen Allahs hat sein Ziel erreicht. Der Westen, f\u00fcr Islamisten das Symbol f\u00fcr Dekadenz, Gottlosigkeit und Feigheit, wird, sollte sich dessen Verhalten und seine Reaktionen auf die immer schneller folgenden Anschl\u00e4ge nicht wesentlich \u00e4ndern, den Kampf gegen &hellip; Weiterlesen &rarr;","og_url":"https:\/\/www.inkultura-online.de\/politisch_unkorrekt\/die-feinde-des-westens-haben-bereits-gewonnen\/","og_site_name":"Zeitgeist? Frei!","article_published_time":"2017-06-18T08:42:44+00:00","author":"Orator","twitter_misc":{"Verfasst von":"Orator","Gesch\u00e4tzte Lesezeit":"1\u00a0Minute"},"schema":{"@context":"https:\/\/schema.org","@graph":[{"@type":"Article","@id":"https:\/\/www.inkultura-online.de\/politisch_unkorrekt\/die-feinde-des-westens-haben-bereits-gewonnen\/#article","isPartOf":{"@id":"https:\/\/www.inkultura-online.de\/politisch_unkorrekt\/die-feinde-des-westens-haben-bereits-gewonnen\/"},"author":{"name":"Orator","@id":"https:\/\/www.inkultura-online.de\/politisch_unkorrekt\/#\/schema\/person\/5b30b80e385478896a1de221e1994d86"},"headline":"Die Feinde des Westens haben bereits gewonnen","datePublished":"2017-06-18T08:42:44+00:00","mainEntityOfPage":{"@id":"https:\/\/www.inkultura-online.de\/politisch_unkorrekt\/die-feinde-des-westens-haben-bereits-gewonnen\/"},"wordCount":190,"commentCount":0,"publisher":{"@id":"https:\/\/www.inkultura-online.de\/politisch_unkorrekt\/#\/schema\/person\/5b30b80e385478896a1de221e1994d86"},"keywords":["Feinde des Westens","Islam","Kollateralsch\u00e4den","Terror"],"articleSection":["Gedanken zum Tag","Meinungen und Spr\u00fcche","Systemfehler"],"inLanguage":"de","potentialAction":[{"@type":"CommentAction","name":"Comment","target":["https:\/\/www.inkultura-online.de\/politisch_unkorrekt\/die-feinde-des-westens-haben-bereits-gewonnen\/#respond"]}]},{"@type":"WebPage","@id":"https:\/\/www.inkultura-online.de\/politisch_unkorrekt\/die-feinde-des-westens-haben-bereits-gewonnen\/","url":"https:\/\/www.inkultura-online.de\/politisch_unkorrekt\/die-feinde-des-westens-haben-bereits-gewonnen\/","name":"Die Feinde des Westens haben bereits gewonnen - Zeitgeist? Frei!","isPartOf":{"@id":"https:\/\/www.inkultura-online.de\/politisch_unkorrekt\/#website"},"datePublished":"2017-06-18T08:42:44+00:00","breadcrumb":{"@id":"https:\/\/www.inkultura-online.de\/politisch_unkorrekt\/die-feinde-des-westens-haben-bereits-gewonnen\/#breadcrumb"},"inLanguage":"de","potentialAction":[{"@type":"ReadAction","target":["https:\/\/www.inkultura-online.de\/politisch_unkorrekt\/die-feinde-des-westens-haben-bereits-gewonnen\/"]}]},{"@type":"BreadcrumbList","@id":"https:\/\/www.inkultura-online.de\/politisch_unkorrekt\/die-feinde-des-westens-haben-bereits-gewonnen\/#breadcrumb","itemListElement":[{"@type":"ListItem","position":1,"name":"Home","item":"https:\/\/www.inkultura-online.de\/politisch_unkorrekt\/"},{"@type":"ListItem","position":2,"name":"Die Feinde des Westens haben bereits gewonnen"}]},{"@type":"WebSite","@id":"https:\/\/www.inkultura-online.de\/politisch_unkorrekt\/#website","url":"https:\/\/www.inkultura-online.de\/politisch_unkorrekt\/","name":"Zeitgeist? Frei!","description":"Was Ihr den Geist der Zeiten hei\u00dft...","publisher":{"@id":"https:\/\/www.inkultura-online.de\/politisch_unkorrekt\/#\/schema\/person\/5b30b80e385478896a1de221e1994d86"},"potentialAction":[{"@type":"SearchAction","target":{"@type":"EntryPoint","urlTemplate":"https:\/\/www.inkultura-online.de\/politisch_unkorrekt\/?s={search_term_string}"},"query-input":{"@type":"PropertyValueSpecification","valueRequired":true,"valueName":"search_term_string"}}],"inLanguage":"de"},{"@type":["Person","Organization"],"@id":"https:\/\/www.inkultura-online.de\/politisch_unkorrekt\/#\/schema\/person\/5b30b80e385478896a1de221e1994d86","name":"Orator","image":{"@type":"ImageObject","inLanguage":"de","@id":"https:\/\/secure.gravatar.com\/avatar\/96e03166d31716e9c437060430eb7605c45a8ce6fb6dab483637ca6915dd0844?s=96&d=mm&r=g","url":"https:\/\/secure.gravatar.com\/avatar\/96e03166d31716e9c437060430eb7605c45a8ce6fb6dab483637ca6915dd0844?s=96&d=mm&r=g","contentUrl":"https:\/\/secure.gravatar.com\/avatar\/96e03166d31716e9c437060430eb7605c45a8ce6fb6dab483637ca6915dd0844?s=96&d=mm&r=g","caption":"Orator"},"logo":{"@id":"https:\/\/secure.gravatar.com\/avatar\/96e03166d31716e9c437060430eb7605c45a8ce6fb6dab483637ca6915dd0844?s=96&d=mm&r=g"},"url":"https:\/\/www.inkultura-online.de\/politisch_unkorrekt\/author\/1korrektor21-2\/"}]}},"_links":{"self":[{"href":"https:\/\/www.inkultura-online.de\/politisch_unkorrekt\/wp-json\/wp\/v2\/posts\/1493","targetHints":{"allow":["GET"]}}],"collection":[{"href":"https:\/\/www.inkultura-online.de\/politisch_unkorrekt\/wp-json\/wp\/v2\/posts"}],"about":[{"href":"https:\/\/www.inkultura-online.de\/politisch_unkorrekt\/wp-json\/wp\/v2\/types\/post"}],"author":[{"embeddable":true,"href":"https:\/\/www.inkultura-online.de\/politisch_unkorrekt\/wp-json\/wp\/v2\/users\/1"}],"replies":[{"embeddable":true,"href":"https:\/\/www.inkultura-online.de\/politisch_unkorrekt\/wp-json\/wp\/v2\/comments?post=1493"}],"version-history":[{"count":1,"href":"https:\/\/www.inkultura-online.de\/politisch_unkorrekt\/wp-json\/wp\/v2\/posts\/1493\/revisions"}],"predecessor-version":[{"id":1494,"href":"https:\/\/www.inkultura-online.de\/politisch_unkorrekt\/wp-json\/wp\/v2\/posts\/1493\/revisions\/1494"}],"wp:attachment":[{"href":"https:\/\/www.inkultura-online.de\/politisch_unkorrekt\/wp-json\/wp\/v2\/media?parent=1493"}],"wp:term":[{"taxonomy":"category","embeddable":true,"href":"https:\/\/www.inkultura-online.de\/politisch_unkorrekt\/wp-json\/wp\/v2\/categories?post=1493"},{"taxonomy":"post_tag","embeddable":true,"href":"https:\/\/www.inkultura-online.de\/politisch_unkorrekt\/wp-json\/wp\/v2\/tags?post=1493"}],"curies":[{"name":"wp","href":"https:\/\/api.w.org\/{rel}","templated":true}]}}