{"id":1503,"date":"2017-06-25T08:58:42","date_gmt":"2017-06-25T06:58:42","guid":{"rendered":"http:\/\/www.inkultura-online.de\/politisch_unkorrekt\/?p=1503"},"modified":"2017-06-25T08:59:50","modified_gmt":"2017-06-25T06:59:50","slug":"und-heiko-maas-auf-rang-52-753","status":"publish","type":"post","link":"https:\/\/www.inkultura-online.de\/politisch_unkorrekt\/und-heiko-maas-auf-rang-52-753\/","title":{"rendered":"\u2026 und Heiko Maas auf Rang 52.753"},"content":{"rendered":"<p>Was machen Menschen, die beruflich nicht ausgelastet sind und deshalb anscheinend \u00fcber reichlich Tagesfreizeit verf\u00fcgen? Sie schreiben ein Buch. Jetzt hat auch Heiko Maas ein sog. \u201eBuch\u201c ver\u00f6ffentlicht, in dem der Mann mit den stets eine Nummer zu gro\u00df erscheinenden Anz\u00fcgen seine Sicht der Welt, und das ist eine permanent von dubiosen \u201eRechten\u201c gef\u00e4hrdete, darstellt.<!--more--><\/p>\n<p>Leider hat das (Mach)Werk einer wahrhaft aufrechten demokratischen Gesinnung bislang nur wenige Leser gefunden. Das am 23. Mai 2017 bei Piper erschienene Buch hat heute (25. Juni 2017) den \u00fcberaus d\u00fcrftigen Verkaufsrang 52.753 und ein zu allem bereites kleines und in gro\u00dfen Teilen \u00fcberaus sachkundiges Lesepublikum hat in Form von 160 Kundenrezensionen \u00fcber Autor und Buch ein vernichtendes Urteil gef\u00e4llt.<\/p>\n<p>Der Gro\u00dfinquisitor der Bundesrepublik, Verzeihung, Justizminister der Bundesrepublik ist, so ein Leserkommentar, <em>\u201eEin Politiker, der die Grundlagen der Demokratie nicht begriffen hat. Der nicht begriffen hat, dass Demokratie Auseinandersetzung bedeutet und nicht Ausgrenzung, Diffamierung und Verfolgung von Andersdenkenden.\u201c<\/em> Getroffen und versenkt!<\/p>\n<p>Vielleicht w\u00e4re hinsichtlich des Maas\u00b4schen Zensurgesetzes, dass von Fachleuten und Juristen als, sagen wir es gelinde, zweifelhaft bezeichnet wird, der Untertitel \u201eEine Strategie gegen das Recht\u201c ein der neuen Realit\u00e4t bez\u00fcglich der Meinungsfreiheit <em>\u00e0 la<\/em> Heiko Maas zutreffenderer gewesen.<\/p>\n","protected":false},"excerpt":{"rendered":"<p>Was machen Menschen, die beruflich nicht ausgelastet sind und deshalb anscheinend \u00fcber reichlich Tagesfreizeit verf\u00fcgen? Sie schreiben ein Buch. Jetzt hat auch Heiko Maas ein sog. \u201eBuch\u201c ver\u00f6ffentlicht, in dem der Mann mit den stets eine Nummer zu gro\u00df erscheinenden &hellip; <a href=\"https:\/\/www.inkultura-online.de\/politisch_unkorrekt\/und-heiko-maas-auf-rang-52-753\/\">Weiterlesen <span class=\"meta-nav\">&rarr;<\/span><\/a><\/p>\n","protected":false},"author":1,"featured_media":0,"comment_status":"open","ping_status":"open","sticky":false,"template":"","format":"standard","meta":{"footnotes":""},"categories":[1,444,8],"tags":[913,914,636,912,915],"class_list":["post-1503","post","type-post","status-publish","format-standard","hentry","category-fundstuecke","category-gedanken-zum-tag","category-schlimme-woerter","tag-buch","tag-grossinquisitor","tag-heiko-maas","tag-piper","tag-zensurgesetz"],"yoast_head":"<!-- This site is optimized with the Yoast SEO plugin v27.5 - https:\/\/yoast.com\/product\/yoast-seo-wordpress\/ -->\n<title>\u2026 und Heiko Maas auf Rang 52.753 - Zeitgeist? Frei!<\/title>\n<meta name=\"robots\" content=\"index, follow, max-snippet:-1, max-image-preview:large, max-video-preview:-1\" \/>\n<link rel=\"canonical\" href=\"https:\/\/www.inkultura-online.de\/politisch_unkorrekt\/und-heiko-maas-auf-rang-52-753\/\" \/>\n<meta property=\"og:locale\" content=\"de_DE\" \/>\n<meta property=\"og:type\" content=\"article\" \/>\n<meta property=\"og:title\" content=\"\u2026 und Heiko Maas auf Rang 52.753 - Zeitgeist? Frei!\" \/>\n<meta property=\"og:description\" content=\"Was machen Menschen, die beruflich nicht ausgelastet sind und deshalb anscheinend \u00fcber reichlich Tagesfreizeit verf\u00fcgen? Sie schreiben ein Buch. Jetzt hat auch Heiko Maas ein sog. \u201eBuch\u201c ver\u00f6ffentlicht, in dem der Mann mit den stets eine Nummer zu gro\u00df erscheinenden &hellip; Weiterlesen &rarr;\" \/>\n<meta property=\"og:url\" content=\"https:\/\/www.inkultura-online.de\/politisch_unkorrekt\/und-heiko-maas-auf-rang-52-753\/\" \/>\n<meta property=\"og:site_name\" content=\"Zeitgeist? Frei!\" \/>\n<meta property=\"article:published_time\" content=\"2017-06-25T06:58:42+00:00\" \/>\n<meta property=\"article:modified_time\" content=\"2017-06-25T06:59:50+00:00\" \/>\n<meta name=\"author\" content=\"Orator\" \/>\n<meta name=\"twitter:label1\" content=\"Verfasst von\" \/>\n\t<meta name=\"twitter:data1\" content=\"Orator\" \/>\n\t<meta name=\"twitter:label2\" content=\"Gesch\u00e4tzte Lesezeit\" \/>\n\t<meta name=\"twitter:data2\" content=\"1\u00a0Minute\" \/>\n<script type=\"application\/ld+json\" class=\"yoast-schema-graph\">{\"@context\":\"https:\\\/\\\/schema.org\",\"@graph\":[{\"@type\":\"Article\",\"@id\":\"https:\\\/\\\/www.inkultura-online.de\\\/politisch_unkorrekt\\\/und-heiko-maas-auf-rang-52-753\\\/#article\",\"isPartOf\":{\"@id\":\"https:\\\/\\\/www.inkultura-online.de\\\/politisch_unkorrekt\\\/und-heiko-maas-auf-rang-52-753\\\/\"},\"author\":{\"name\":\"Orator\",\"@id\":\"https:\\\/\\\/www.inkultura-online.de\\\/politisch_unkorrekt\\\/#\\\/schema\\\/person\\\/5b30b80e385478896a1de221e1994d86\"},\"headline\":\"\u2026 und Heiko Maas auf Rang 52.753\",\"datePublished\":\"2017-06-25T06:58:42+00:00\",\"dateModified\":\"2017-06-25T06:59:50+00:00\",\"mainEntityOfPage\":{\"@id\":\"https:\\\/\\\/www.inkultura-online.de\\\/politisch_unkorrekt\\\/und-heiko-maas-auf-rang-52-753\\\/\"},\"wordCount\":206,\"commentCount\":0,\"publisher\":{\"@id\":\"https:\\\/\\\/www.inkultura-online.de\\\/politisch_unkorrekt\\\/#\\\/schema\\\/person\\\/5b30b80e385478896a1de221e1994d86\"},\"keywords\":[\"Buch\",\"Gro\u00dfinquisitor\",\"Heiko Maas\",\"Piper\",\"Zensurgesetz\"],\"articleSection\":[\"Fundst\u00fccke\",\"Gedanken zum Tag\",\"Schlimme W\u00f6rter\"],\"inLanguage\":\"de\",\"potentialAction\":[{\"@type\":\"CommentAction\",\"name\":\"Comment\",\"target\":[\"https:\\\/\\\/www.inkultura-online.de\\\/politisch_unkorrekt\\\/und-heiko-maas-auf-rang-52-753\\\/#respond\"]}]},{\"@type\":\"WebPage\",\"@id\":\"https:\\\/\\\/www.inkultura-online.de\\\/politisch_unkorrekt\\\/und-heiko-maas-auf-rang-52-753\\\/\",\"url\":\"https:\\\/\\\/www.inkultura-online.de\\\/politisch_unkorrekt\\\/und-heiko-maas-auf-rang-52-753\\\/\",\"name\":\"\u2026 und Heiko Maas auf Rang 52.753 - Zeitgeist? Frei!\",\"isPartOf\":{\"@id\":\"https:\\\/\\\/www.inkultura-online.de\\\/politisch_unkorrekt\\\/#website\"},\"datePublished\":\"2017-06-25T06:58:42+00:00\",\"dateModified\":\"2017-06-25T06:59:50+00:00\",\"breadcrumb\":{\"@id\":\"https:\\\/\\\/www.inkultura-online.de\\\/politisch_unkorrekt\\\/und-heiko-maas-auf-rang-52-753\\\/#breadcrumb\"},\"inLanguage\":\"de\",\"potentialAction\":[{\"@type\":\"ReadAction\",\"target\":[\"https:\\\/\\\/www.inkultura-online.de\\\/politisch_unkorrekt\\\/und-heiko-maas-auf-rang-52-753\\\/\"]}]},{\"@type\":\"BreadcrumbList\",\"@id\":\"https:\\\/\\\/www.inkultura-online.de\\\/politisch_unkorrekt\\\/und-heiko-maas-auf-rang-52-753\\\/#breadcrumb\",\"itemListElement\":[{\"@type\":\"ListItem\",\"position\":1,\"name\":\"Home\",\"item\":\"https:\\\/\\\/www.inkultura-online.de\\\/politisch_unkorrekt\\\/\"},{\"@type\":\"ListItem\",\"position\":2,\"name\":\"\u2026 und Heiko Maas auf Rang 52.753\"}]},{\"@type\":\"WebSite\",\"@id\":\"https:\\\/\\\/www.inkultura-online.de\\\/politisch_unkorrekt\\\/#website\",\"url\":\"https:\\\/\\\/www.inkultura-online.de\\\/politisch_unkorrekt\\\/\",\"name\":\"Zeitgeist? Frei!\",\"description\":\"Was Ihr den Geist der Zeiten hei\u00dft...\",\"publisher\":{\"@id\":\"https:\\\/\\\/www.inkultura-online.de\\\/politisch_unkorrekt\\\/#\\\/schema\\\/person\\\/5b30b80e385478896a1de221e1994d86\"},\"potentialAction\":[{\"@type\":\"SearchAction\",\"target\":{\"@type\":\"EntryPoint\",\"urlTemplate\":\"https:\\\/\\\/www.inkultura-online.de\\\/politisch_unkorrekt\\\/?s={search_term_string}\"},\"query-input\":{\"@type\":\"PropertyValueSpecification\",\"valueRequired\":true,\"valueName\":\"search_term_string\"}}],\"inLanguage\":\"de\"},{\"@type\":[\"Person\",\"Organization\"],\"@id\":\"https:\\\/\\\/www.inkultura-online.de\\\/politisch_unkorrekt\\\/#\\\/schema\\\/person\\\/5b30b80e385478896a1de221e1994d86\",\"name\":\"Orator\",\"image\":{\"@type\":\"ImageObject\",\"inLanguage\":\"de\",\"@id\":\"https:\\\/\\\/secure.gravatar.com\\\/avatar\\\/96e03166d31716e9c437060430eb7605c45a8ce6fb6dab483637ca6915dd0844?s=96&d=mm&r=g\",\"url\":\"https:\\\/\\\/secure.gravatar.com\\\/avatar\\\/96e03166d31716e9c437060430eb7605c45a8ce6fb6dab483637ca6915dd0844?s=96&d=mm&r=g\",\"contentUrl\":\"https:\\\/\\\/secure.gravatar.com\\\/avatar\\\/96e03166d31716e9c437060430eb7605c45a8ce6fb6dab483637ca6915dd0844?s=96&d=mm&r=g\",\"caption\":\"Orator\"},\"logo\":{\"@id\":\"https:\\\/\\\/secure.gravatar.com\\\/avatar\\\/96e03166d31716e9c437060430eb7605c45a8ce6fb6dab483637ca6915dd0844?s=96&d=mm&r=g\"},\"url\":\"https:\\\/\\\/www.inkultura-online.de\\\/politisch_unkorrekt\\\/author\\\/1korrektor21-2\\\/\"}]}<\/script>\n<!-- \/ Yoast SEO plugin. -->","yoast_head_json":{"title":"\u2026 und Heiko Maas auf Rang 52.753 - Zeitgeist? Frei!","robots":{"index":"index","follow":"follow","max-snippet":"max-snippet:-1","max-image-preview":"max-image-preview:large","max-video-preview":"max-video-preview:-1"},"canonical":"https:\/\/www.inkultura-online.de\/politisch_unkorrekt\/und-heiko-maas-auf-rang-52-753\/","og_locale":"de_DE","og_type":"article","og_title":"\u2026 und Heiko Maas auf Rang 52.753 - Zeitgeist? Frei!","og_description":"Was machen Menschen, die beruflich nicht ausgelastet sind und deshalb anscheinend \u00fcber reichlich Tagesfreizeit verf\u00fcgen? Sie schreiben ein Buch. Jetzt hat auch Heiko Maas ein sog. \u201eBuch\u201c ver\u00f6ffentlicht, in dem der Mann mit den stets eine Nummer zu gro\u00df erscheinenden &hellip; Weiterlesen &rarr;","og_url":"https:\/\/www.inkultura-online.de\/politisch_unkorrekt\/und-heiko-maas-auf-rang-52-753\/","og_site_name":"Zeitgeist? Frei!","article_published_time":"2017-06-25T06:58:42+00:00","article_modified_time":"2017-06-25T06:59:50+00:00","author":"Orator","twitter_misc":{"Verfasst von":"Orator","Gesch\u00e4tzte Lesezeit":"1\u00a0Minute"},"schema":{"@context":"https:\/\/schema.org","@graph":[{"@type":"Article","@id":"https:\/\/www.inkultura-online.de\/politisch_unkorrekt\/und-heiko-maas-auf-rang-52-753\/#article","isPartOf":{"@id":"https:\/\/www.inkultura-online.de\/politisch_unkorrekt\/und-heiko-maas-auf-rang-52-753\/"},"author":{"name":"Orator","@id":"https:\/\/www.inkultura-online.de\/politisch_unkorrekt\/#\/schema\/person\/5b30b80e385478896a1de221e1994d86"},"headline":"\u2026 und Heiko Maas auf Rang 52.753","datePublished":"2017-06-25T06:58:42+00:00","dateModified":"2017-06-25T06:59:50+00:00","mainEntityOfPage":{"@id":"https:\/\/www.inkultura-online.de\/politisch_unkorrekt\/und-heiko-maas-auf-rang-52-753\/"},"wordCount":206,"commentCount":0,"publisher":{"@id":"https:\/\/www.inkultura-online.de\/politisch_unkorrekt\/#\/schema\/person\/5b30b80e385478896a1de221e1994d86"},"keywords":["Buch","Gro\u00dfinquisitor","Heiko Maas","Piper","Zensurgesetz"],"articleSection":["Fundst\u00fccke","Gedanken zum Tag","Schlimme W\u00f6rter"],"inLanguage":"de","potentialAction":[{"@type":"CommentAction","name":"Comment","target":["https:\/\/www.inkultura-online.de\/politisch_unkorrekt\/und-heiko-maas-auf-rang-52-753\/#respond"]}]},{"@type":"WebPage","@id":"https:\/\/www.inkultura-online.de\/politisch_unkorrekt\/und-heiko-maas-auf-rang-52-753\/","url":"https:\/\/www.inkultura-online.de\/politisch_unkorrekt\/und-heiko-maas-auf-rang-52-753\/","name":"\u2026 und Heiko Maas auf Rang 52.753 - Zeitgeist? Frei!","isPartOf":{"@id":"https:\/\/www.inkultura-online.de\/politisch_unkorrekt\/#website"},"datePublished":"2017-06-25T06:58:42+00:00","dateModified":"2017-06-25T06:59:50+00:00","breadcrumb":{"@id":"https:\/\/www.inkultura-online.de\/politisch_unkorrekt\/und-heiko-maas-auf-rang-52-753\/#breadcrumb"},"inLanguage":"de","potentialAction":[{"@type":"ReadAction","target":["https:\/\/www.inkultura-online.de\/politisch_unkorrekt\/und-heiko-maas-auf-rang-52-753\/"]}]},{"@type":"BreadcrumbList","@id":"https:\/\/www.inkultura-online.de\/politisch_unkorrekt\/und-heiko-maas-auf-rang-52-753\/#breadcrumb","itemListElement":[{"@type":"ListItem","position":1,"name":"Home","item":"https:\/\/www.inkultura-online.de\/politisch_unkorrekt\/"},{"@type":"ListItem","position":2,"name":"\u2026 und Heiko Maas auf Rang 52.753"}]},{"@type":"WebSite","@id":"https:\/\/www.inkultura-online.de\/politisch_unkorrekt\/#website","url":"https:\/\/www.inkultura-online.de\/politisch_unkorrekt\/","name":"Zeitgeist? Frei!","description":"Was Ihr den Geist der Zeiten hei\u00dft...","publisher":{"@id":"https:\/\/www.inkultura-online.de\/politisch_unkorrekt\/#\/schema\/person\/5b30b80e385478896a1de221e1994d86"},"potentialAction":[{"@type":"SearchAction","target":{"@type":"EntryPoint","urlTemplate":"https:\/\/www.inkultura-online.de\/politisch_unkorrekt\/?s={search_term_string}"},"query-input":{"@type":"PropertyValueSpecification","valueRequired":true,"valueName":"search_term_string"}}],"inLanguage":"de"},{"@type":["Person","Organization"],"@id":"https:\/\/www.inkultura-online.de\/politisch_unkorrekt\/#\/schema\/person\/5b30b80e385478896a1de221e1994d86","name":"Orator","image":{"@type":"ImageObject","inLanguage":"de","@id":"https:\/\/secure.gravatar.com\/avatar\/96e03166d31716e9c437060430eb7605c45a8ce6fb6dab483637ca6915dd0844?s=96&d=mm&r=g","url":"https:\/\/secure.gravatar.com\/avatar\/96e03166d31716e9c437060430eb7605c45a8ce6fb6dab483637ca6915dd0844?s=96&d=mm&r=g","contentUrl":"https:\/\/secure.gravatar.com\/avatar\/96e03166d31716e9c437060430eb7605c45a8ce6fb6dab483637ca6915dd0844?s=96&d=mm&r=g","caption":"Orator"},"logo":{"@id":"https:\/\/secure.gravatar.com\/avatar\/96e03166d31716e9c437060430eb7605c45a8ce6fb6dab483637ca6915dd0844?s=96&d=mm&r=g"},"url":"https:\/\/www.inkultura-online.de\/politisch_unkorrekt\/author\/1korrektor21-2\/"}]}},"_links":{"self":[{"href":"https:\/\/www.inkultura-online.de\/politisch_unkorrekt\/wp-json\/wp\/v2\/posts\/1503","targetHints":{"allow":["GET"]}}],"collection":[{"href":"https:\/\/www.inkultura-online.de\/politisch_unkorrekt\/wp-json\/wp\/v2\/posts"}],"about":[{"href":"https:\/\/www.inkultura-online.de\/politisch_unkorrekt\/wp-json\/wp\/v2\/types\/post"}],"author":[{"embeddable":true,"href":"https:\/\/www.inkultura-online.de\/politisch_unkorrekt\/wp-json\/wp\/v2\/users\/1"}],"replies":[{"embeddable":true,"href":"https:\/\/www.inkultura-online.de\/politisch_unkorrekt\/wp-json\/wp\/v2\/comments?post=1503"}],"version-history":[{"count":2,"href":"https:\/\/www.inkultura-online.de\/politisch_unkorrekt\/wp-json\/wp\/v2\/posts\/1503\/revisions"}],"predecessor-version":[{"id":1505,"href":"https:\/\/www.inkultura-online.de\/politisch_unkorrekt\/wp-json\/wp\/v2\/posts\/1503\/revisions\/1505"}],"wp:attachment":[{"href":"https:\/\/www.inkultura-online.de\/politisch_unkorrekt\/wp-json\/wp\/v2\/media?parent=1503"}],"wp:term":[{"taxonomy":"category","embeddable":true,"href":"https:\/\/www.inkultura-online.de\/politisch_unkorrekt\/wp-json\/wp\/v2\/categories?post=1503"},{"taxonomy":"post_tag","embeddable":true,"href":"https:\/\/www.inkultura-online.de\/politisch_unkorrekt\/wp-json\/wp\/v2\/tags?post=1503"}],"curies":[{"name":"wp","href":"https:\/\/api.w.org\/{rel}","templated":true}]}}