{"id":1517,"date":"2017-07-02T09:49:24","date_gmt":"2017-07-02T07:49:24","guid":{"rendered":"http:\/\/www.inkultura-online.de\/politisch_unkorrekt\/?p=1517"},"modified":"2017-07-02T09:49:24","modified_gmt":"2017-07-02T07:49:24","slug":"spiesser-ran-an-die-knete","status":"publish","type":"post","link":"https:\/\/www.inkultura-online.de\/politisch_unkorrekt\/spiesser-ran-an-die-knete\/","title":{"rendered":"Spie\u00dfer, ran an die Knete"},"content":{"rendered":"<p>Der aufmerksame Beobachter des politischen Zeitgeistes reibt sich einmal mehr verwundert die Augen, angesichts des rasanten Paradigmenwechsels einer sich stets als kulturelle und lebensgemeinschaftliche Avantgarde gerierenden gesellschaftlichen Minderheit. Diese Randgruppe, zahlenm\u00e4\u00dfig verschwindend gering, jedoch bestens in Politik und Medien vernetzt, bekennender Schwuler, Lesben, Transgender und \u201eich wei\u00df nicht, was ich bin\u201c Existenzen hatte f\u00fcr die Institution der Ehe bestenfalls ein Kopfsch\u00fctteln, meistens jedoch nur ein geringsch\u00e4tziges L\u00e4cheln \u00fcbrig, das deren Verachtung sog. b\u00fcrgerlicher Traditionen demonstrierte.<!--more--><\/p>\n<p>Man(n) und andere waren anders, waren nat\u00fcrlich fortschrittlicher als der sch\u00e4bige Rest der Gesellschaft, f\u00fcr den die Ehe eine Verbindung von Mann und Frau darstellte und eine Familie aus Vater, Mutter und Kind(ern) bestand. Die, nat\u00fcrlich kinderlosen, Avantgardisten lebten ungeniert auf Kosten derer, die das Wagnis und das Abenteuer Kinder in die Welt zu setzen eingingen, denn dieser Nachwuchs wurde und wird dringend gebraucht, um die Renten der bev\u00f6lkerungspolitischen Blindg\u00e4nger zu finanzieren.<\/p>\n<p>Jetzt auf einmal stellt sich heraus, dass die selbst ernannte Speerspitze gesellschaftlichen Fortschritts in Wirklichkeit genauso spie\u00dfig ist, wie der reaktion\u00e4rste B\u00fcrger dieser Republik. Das Tempo, mit dem die ehemaligen Bannertr\u00e4ger \u201ealternativer Lebensformen\u201c unter die Haube der jetzt gar nicht mehr so verp\u00f6nten Ehe schl\u00fcpfen, l\u00e4sst den Beobachter des Zeitgeistes sich vor Ekel und Abscheu angesichts der hinter dem Projekt \u201eEhe f\u00fcr alle\u201c stehenden Geldgier abwenden.<\/p>\n<p>Die neuen, alten Spie\u00dfer haben eine sprudelnde Geldquelle f\u00fcr sich erobert und die Dummen bleiben einmal mehr diejenigen, die f\u00fcr den dringend ben\u00f6tigten gesellschaftlichen Nachwuchs sorgen. \u201eEhe f\u00fcr alle\u201c, doch Kinder nur f\u00fcr die, die die \u201eEhe(n)\u201c der neuen Spie\u00dfer finanzieren m\u00fcssen. Einfach nur widerlich!<\/p>\n","protected":false},"excerpt":{"rendered":"<p>Der aufmerksame Beobachter des politischen Zeitgeistes reibt sich einmal mehr verwundert die Augen, angesichts des rasanten Paradigmenwechsels einer sich stets als kulturelle und lebensgemeinschaftliche Avantgarde gerierenden gesellschaftlichen Minderheit. Diese Randgruppe, zahlenm\u00e4\u00dfig verschwindend gering, jedoch bestens in Politik und Medien vernetzt, &hellip; <a href=\"https:\/\/www.inkultura-online.de\/politisch_unkorrekt\/spiesser-ran-an-die-knete\/\">Weiterlesen <span class=\"meta-nav\">&rarr;<\/span><\/a><\/p>\n","protected":false},"author":1,"featured_media":0,"comment_status":"open","ping_status":"open","sticky":false,"template":"","format":"standard","meta":{"footnotes":""},"categories":[444,7,10],"tags":[922,920,921,873],"class_list":["post-1517","post","type-post","status-publish","format-standard","hentry","category-gedanken-zum-tag","category-moderne-zeiten","category-systemfehler","tag-avantgarde","tag-ehe-fuer-alle","tag-geldgier","tag-spiesser"],"yoast_head":"<!-- This site is optimized with the Yoast SEO plugin v27.5 - https:\/\/yoast.com\/product\/yoast-seo-wordpress\/ -->\n<title>Spie\u00dfer, ran an die Knete - Zeitgeist? Frei!<\/title>\n<meta name=\"robots\" content=\"index, follow, max-snippet:-1, max-image-preview:large, max-video-preview:-1\" \/>\n<link rel=\"canonical\" href=\"https:\/\/www.inkultura-online.de\/politisch_unkorrekt\/spiesser-ran-an-die-knete\/\" \/>\n<meta property=\"og:locale\" content=\"de_DE\" \/>\n<meta property=\"og:type\" content=\"article\" \/>\n<meta property=\"og:title\" content=\"Spie\u00dfer, ran an die Knete - Zeitgeist? Frei!\" \/>\n<meta property=\"og:description\" content=\"Der aufmerksame Beobachter des politischen Zeitgeistes reibt sich einmal mehr verwundert die Augen, angesichts des rasanten Paradigmenwechsels einer sich stets als kulturelle und lebensgemeinschaftliche Avantgarde gerierenden gesellschaftlichen Minderheit. Diese Randgruppe, zahlenm\u00e4\u00dfig verschwindend gering, jedoch bestens in Politik und Medien vernetzt, &hellip; Weiterlesen &rarr;\" \/>\n<meta property=\"og:url\" content=\"https:\/\/www.inkultura-online.de\/politisch_unkorrekt\/spiesser-ran-an-die-knete\/\" \/>\n<meta property=\"og:site_name\" content=\"Zeitgeist? Frei!\" \/>\n<meta property=\"article:published_time\" content=\"2017-07-02T07:49:24+00:00\" \/>\n<meta name=\"author\" content=\"Orator\" \/>\n<meta name=\"twitter:label1\" content=\"Verfasst von\" \/>\n\t<meta name=\"twitter:data1\" content=\"Orator\" \/>\n\t<meta name=\"twitter:label2\" content=\"Gesch\u00e4tzte Lesezeit\" \/>\n\t<meta name=\"twitter:data2\" content=\"1\u00a0Minute\" \/>\n<script type=\"application\/ld+json\" class=\"yoast-schema-graph\">{\"@context\":\"https:\\\/\\\/schema.org\",\"@graph\":[{\"@type\":\"Article\",\"@id\":\"https:\\\/\\\/www.inkultura-online.de\\\/politisch_unkorrekt\\\/spiesser-ran-an-die-knete\\\/#article\",\"isPartOf\":{\"@id\":\"https:\\\/\\\/www.inkultura-online.de\\\/politisch_unkorrekt\\\/spiesser-ran-an-die-knete\\\/\"},\"author\":{\"name\":\"Orator\",\"@id\":\"https:\\\/\\\/www.inkultura-online.de\\\/politisch_unkorrekt\\\/#\\\/schema\\\/person\\\/5b30b80e385478896a1de221e1994d86\"},\"headline\":\"Spie\u00dfer, ran an die Knete\",\"datePublished\":\"2017-07-02T07:49:24+00:00\",\"mainEntityOfPage\":{\"@id\":\"https:\\\/\\\/www.inkultura-online.de\\\/politisch_unkorrekt\\\/spiesser-ran-an-die-knete\\\/\"},\"wordCount\":295,\"commentCount\":0,\"publisher\":{\"@id\":\"https:\\\/\\\/www.inkultura-online.de\\\/politisch_unkorrekt\\\/#\\\/schema\\\/person\\\/5b30b80e385478896a1de221e1994d86\"},\"keywords\":[\"Avantgarde\",\"Ehe f\u00fcr alle\",\"Geldgier\",\"Spie\u00dfer\"],\"articleSection\":[\"Gedanken zum Tag\",\"Moderne Zeiten\",\"Systemfehler\"],\"inLanguage\":\"de\",\"potentialAction\":[{\"@type\":\"CommentAction\",\"name\":\"Comment\",\"target\":[\"https:\\\/\\\/www.inkultura-online.de\\\/politisch_unkorrekt\\\/spiesser-ran-an-die-knete\\\/#respond\"]}]},{\"@type\":\"WebPage\",\"@id\":\"https:\\\/\\\/www.inkultura-online.de\\\/politisch_unkorrekt\\\/spiesser-ran-an-die-knete\\\/\",\"url\":\"https:\\\/\\\/www.inkultura-online.de\\\/politisch_unkorrekt\\\/spiesser-ran-an-die-knete\\\/\",\"name\":\"Spie\u00dfer, ran an die Knete - Zeitgeist? Frei!\",\"isPartOf\":{\"@id\":\"https:\\\/\\\/www.inkultura-online.de\\\/politisch_unkorrekt\\\/#website\"},\"datePublished\":\"2017-07-02T07:49:24+00:00\",\"breadcrumb\":{\"@id\":\"https:\\\/\\\/www.inkultura-online.de\\\/politisch_unkorrekt\\\/spiesser-ran-an-die-knete\\\/#breadcrumb\"},\"inLanguage\":\"de\",\"potentialAction\":[{\"@type\":\"ReadAction\",\"target\":[\"https:\\\/\\\/www.inkultura-online.de\\\/politisch_unkorrekt\\\/spiesser-ran-an-die-knete\\\/\"]}]},{\"@type\":\"BreadcrumbList\",\"@id\":\"https:\\\/\\\/www.inkultura-online.de\\\/politisch_unkorrekt\\\/spiesser-ran-an-die-knete\\\/#breadcrumb\",\"itemListElement\":[{\"@type\":\"ListItem\",\"position\":1,\"name\":\"Home\",\"item\":\"https:\\\/\\\/www.inkultura-online.de\\\/politisch_unkorrekt\\\/\"},{\"@type\":\"ListItem\",\"position\":2,\"name\":\"Spie\u00dfer, ran an die Knete\"}]},{\"@type\":\"WebSite\",\"@id\":\"https:\\\/\\\/www.inkultura-online.de\\\/politisch_unkorrekt\\\/#website\",\"url\":\"https:\\\/\\\/www.inkultura-online.de\\\/politisch_unkorrekt\\\/\",\"name\":\"Zeitgeist? Frei!\",\"description\":\"Was Ihr den Geist der Zeiten hei\u00dft...\",\"publisher\":{\"@id\":\"https:\\\/\\\/www.inkultura-online.de\\\/politisch_unkorrekt\\\/#\\\/schema\\\/person\\\/5b30b80e385478896a1de221e1994d86\"},\"potentialAction\":[{\"@type\":\"SearchAction\",\"target\":{\"@type\":\"EntryPoint\",\"urlTemplate\":\"https:\\\/\\\/www.inkultura-online.de\\\/politisch_unkorrekt\\\/?s={search_term_string}\"},\"query-input\":{\"@type\":\"PropertyValueSpecification\",\"valueRequired\":true,\"valueName\":\"search_term_string\"}}],\"inLanguage\":\"de\"},{\"@type\":[\"Person\",\"Organization\"],\"@id\":\"https:\\\/\\\/www.inkultura-online.de\\\/politisch_unkorrekt\\\/#\\\/schema\\\/person\\\/5b30b80e385478896a1de221e1994d86\",\"name\":\"Orator\",\"image\":{\"@type\":\"ImageObject\",\"inLanguage\":\"de\",\"@id\":\"https:\\\/\\\/secure.gravatar.com\\\/avatar\\\/96e03166d31716e9c437060430eb7605c45a8ce6fb6dab483637ca6915dd0844?s=96&d=mm&r=g\",\"url\":\"https:\\\/\\\/secure.gravatar.com\\\/avatar\\\/96e03166d31716e9c437060430eb7605c45a8ce6fb6dab483637ca6915dd0844?s=96&d=mm&r=g\",\"contentUrl\":\"https:\\\/\\\/secure.gravatar.com\\\/avatar\\\/96e03166d31716e9c437060430eb7605c45a8ce6fb6dab483637ca6915dd0844?s=96&d=mm&r=g\",\"caption\":\"Orator\"},\"logo\":{\"@id\":\"https:\\\/\\\/secure.gravatar.com\\\/avatar\\\/96e03166d31716e9c437060430eb7605c45a8ce6fb6dab483637ca6915dd0844?s=96&d=mm&r=g\"},\"url\":\"https:\\\/\\\/www.inkultura-online.de\\\/politisch_unkorrekt\\\/author\\\/1korrektor21-2\\\/\"}]}<\/script>\n<!-- \/ Yoast SEO plugin. -->","yoast_head_json":{"title":"Spie\u00dfer, ran an die Knete - Zeitgeist? Frei!","robots":{"index":"index","follow":"follow","max-snippet":"max-snippet:-1","max-image-preview":"max-image-preview:large","max-video-preview":"max-video-preview:-1"},"canonical":"https:\/\/www.inkultura-online.de\/politisch_unkorrekt\/spiesser-ran-an-die-knete\/","og_locale":"de_DE","og_type":"article","og_title":"Spie\u00dfer, ran an die Knete - Zeitgeist? Frei!","og_description":"Der aufmerksame Beobachter des politischen Zeitgeistes reibt sich einmal mehr verwundert die Augen, angesichts des rasanten Paradigmenwechsels einer sich stets als kulturelle und lebensgemeinschaftliche Avantgarde gerierenden gesellschaftlichen Minderheit. Diese Randgruppe, zahlenm\u00e4\u00dfig verschwindend gering, jedoch bestens in Politik und Medien vernetzt, &hellip; Weiterlesen &rarr;","og_url":"https:\/\/www.inkultura-online.de\/politisch_unkorrekt\/spiesser-ran-an-die-knete\/","og_site_name":"Zeitgeist? Frei!","article_published_time":"2017-07-02T07:49:24+00:00","author":"Orator","twitter_misc":{"Verfasst von":"Orator","Gesch\u00e4tzte Lesezeit":"1\u00a0Minute"},"schema":{"@context":"https:\/\/schema.org","@graph":[{"@type":"Article","@id":"https:\/\/www.inkultura-online.de\/politisch_unkorrekt\/spiesser-ran-an-die-knete\/#article","isPartOf":{"@id":"https:\/\/www.inkultura-online.de\/politisch_unkorrekt\/spiesser-ran-an-die-knete\/"},"author":{"name":"Orator","@id":"https:\/\/www.inkultura-online.de\/politisch_unkorrekt\/#\/schema\/person\/5b30b80e385478896a1de221e1994d86"},"headline":"Spie\u00dfer, ran an die Knete","datePublished":"2017-07-02T07:49:24+00:00","mainEntityOfPage":{"@id":"https:\/\/www.inkultura-online.de\/politisch_unkorrekt\/spiesser-ran-an-die-knete\/"},"wordCount":295,"commentCount":0,"publisher":{"@id":"https:\/\/www.inkultura-online.de\/politisch_unkorrekt\/#\/schema\/person\/5b30b80e385478896a1de221e1994d86"},"keywords":["Avantgarde","Ehe f\u00fcr alle","Geldgier","Spie\u00dfer"],"articleSection":["Gedanken zum Tag","Moderne Zeiten","Systemfehler"],"inLanguage":"de","potentialAction":[{"@type":"CommentAction","name":"Comment","target":["https:\/\/www.inkultura-online.de\/politisch_unkorrekt\/spiesser-ran-an-die-knete\/#respond"]}]},{"@type":"WebPage","@id":"https:\/\/www.inkultura-online.de\/politisch_unkorrekt\/spiesser-ran-an-die-knete\/","url":"https:\/\/www.inkultura-online.de\/politisch_unkorrekt\/spiesser-ran-an-die-knete\/","name":"Spie\u00dfer, ran an die Knete - Zeitgeist? Frei!","isPartOf":{"@id":"https:\/\/www.inkultura-online.de\/politisch_unkorrekt\/#website"},"datePublished":"2017-07-02T07:49:24+00:00","breadcrumb":{"@id":"https:\/\/www.inkultura-online.de\/politisch_unkorrekt\/spiesser-ran-an-die-knete\/#breadcrumb"},"inLanguage":"de","potentialAction":[{"@type":"ReadAction","target":["https:\/\/www.inkultura-online.de\/politisch_unkorrekt\/spiesser-ran-an-die-knete\/"]}]},{"@type":"BreadcrumbList","@id":"https:\/\/www.inkultura-online.de\/politisch_unkorrekt\/spiesser-ran-an-die-knete\/#breadcrumb","itemListElement":[{"@type":"ListItem","position":1,"name":"Home","item":"https:\/\/www.inkultura-online.de\/politisch_unkorrekt\/"},{"@type":"ListItem","position":2,"name":"Spie\u00dfer, ran an die Knete"}]},{"@type":"WebSite","@id":"https:\/\/www.inkultura-online.de\/politisch_unkorrekt\/#website","url":"https:\/\/www.inkultura-online.de\/politisch_unkorrekt\/","name":"Zeitgeist? Frei!","description":"Was Ihr den Geist der Zeiten hei\u00dft...","publisher":{"@id":"https:\/\/www.inkultura-online.de\/politisch_unkorrekt\/#\/schema\/person\/5b30b80e385478896a1de221e1994d86"},"potentialAction":[{"@type":"SearchAction","target":{"@type":"EntryPoint","urlTemplate":"https:\/\/www.inkultura-online.de\/politisch_unkorrekt\/?s={search_term_string}"},"query-input":{"@type":"PropertyValueSpecification","valueRequired":true,"valueName":"search_term_string"}}],"inLanguage":"de"},{"@type":["Person","Organization"],"@id":"https:\/\/www.inkultura-online.de\/politisch_unkorrekt\/#\/schema\/person\/5b30b80e385478896a1de221e1994d86","name":"Orator","image":{"@type":"ImageObject","inLanguage":"de","@id":"https:\/\/secure.gravatar.com\/avatar\/96e03166d31716e9c437060430eb7605c45a8ce6fb6dab483637ca6915dd0844?s=96&d=mm&r=g","url":"https:\/\/secure.gravatar.com\/avatar\/96e03166d31716e9c437060430eb7605c45a8ce6fb6dab483637ca6915dd0844?s=96&d=mm&r=g","contentUrl":"https:\/\/secure.gravatar.com\/avatar\/96e03166d31716e9c437060430eb7605c45a8ce6fb6dab483637ca6915dd0844?s=96&d=mm&r=g","caption":"Orator"},"logo":{"@id":"https:\/\/secure.gravatar.com\/avatar\/96e03166d31716e9c437060430eb7605c45a8ce6fb6dab483637ca6915dd0844?s=96&d=mm&r=g"},"url":"https:\/\/www.inkultura-online.de\/politisch_unkorrekt\/author\/1korrektor21-2\/"}]}},"_links":{"self":[{"href":"https:\/\/www.inkultura-online.de\/politisch_unkorrekt\/wp-json\/wp\/v2\/posts\/1517","targetHints":{"allow":["GET"]}}],"collection":[{"href":"https:\/\/www.inkultura-online.de\/politisch_unkorrekt\/wp-json\/wp\/v2\/posts"}],"about":[{"href":"https:\/\/www.inkultura-online.de\/politisch_unkorrekt\/wp-json\/wp\/v2\/types\/post"}],"author":[{"embeddable":true,"href":"https:\/\/www.inkultura-online.de\/politisch_unkorrekt\/wp-json\/wp\/v2\/users\/1"}],"replies":[{"embeddable":true,"href":"https:\/\/www.inkultura-online.de\/politisch_unkorrekt\/wp-json\/wp\/v2\/comments?post=1517"}],"version-history":[{"count":1,"href":"https:\/\/www.inkultura-online.de\/politisch_unkorrekt\/wp-json\/wp\/v2\/posts\/1517\/revisions"}],"predecessor-version":[{"id":1518,"href":"https:\/\/www.inkultura-online.de\/politisch_unkorrekt\/wp-json\/wp\/v2\/posts\/1517\/revisions\/1518"}],"wp:attachment":[{"href":"https:\/\/www.inkultura-online.de\/politisch_unkorrekt\/wp-json\/wp\/v2\/media?parent=1517"}],"wp:term":[{"taxonomy":"category","embeddable":true,"href":"https:\/\/www.inkultura-online.de\/politisch_unkorrekt\/wp-json\/wp\/v2\/categories?post=1517"},{"taxonomy":"post_tag","embeddable":true,"href":"https:\/\/www.inkultura-online.de\/politisch_unkorrekt\/wp-json\/wp\/v2\/tags?post=1517"}],"curies":[{"name":"wp","href":"https:\/\/api.w.org\/{rel}","templated":true}]}}