{"id":1533,"date":"2017-07-22T15:15:49","date_gmt":"2017-07-22T13:15:49","guid":{"rendered":"http:\/\/www.inkultura-online.de\/politisch_unkorrekt\/?p=1533"},"modified":"2017-07-22T15:15:49","modified_gmt":"2017-07-22T13:15:49","slug":"nicht-nur-ein-handschlag","status":"publish","type":"post","link":"https:\/\/www.inkultura-online.de\/politisch_unkorrekt\/nicht-nur-ein-handschlag\/","title":{"rendered":"Nicht nur ein Handschlag"},"content":{"rendered":"<p>Es gibt in einer Gesellschaft viele kleine und allt\u00e4glich praktizierte Gewohnheiten, die f\u00fcr gegenseitigen Respekt, Anerkennung und einen ungezwungenen und lockeren Umgang miteinander, unabh\u00e4ngig von Geschlecht oder Alter stehen. Diese gesellschaftlichen Rituale sind es, die unsere Art zu leben ausdr\u00fccken und die, sollten sie einmal zur Disposition stehen, f\u00fcr die Erosion dessen sorgen werden, was wir f\u00fcr selbstverst\u00e4ndlich halten.<!--more--><\/p>\n<p>Eine dieser Gesten ist der Handschlag, der in der s\u00e4kular sozialisierten westlichen Welt f\u00fcr die Gleichberechtigung von Mann und Frau steht und dessen Anwendung wohl niemand sich mehr Gedanken machen l\u00e4sst \u00fcber die hinter dieser Handlung stehenden historischen Auseinandersetzungen und K\u00e4mpfe.<\/p>\n<p>Wenn jetzt ausgerechnet ein muslimischer Polizist, also ein auf unser Rechtssystem vereidigter Beamter, einer Kollegin den <a href=\"https:\/\/www.welt.de\/politik\/deutschland\/article166893316\/Muslimischer-Polizist-verweigert-Kollegin-den-Handschlag.html\" target=\"_blank\" rel=\"noopener\">Handschlag verweigert<\/a> und dies mit seiner religi\u00f6sen \u00dcberzeugung begr\u00fcndet, dann ist das ein weiterer Beweis daf\u00fcr, wie integrationsunwillig viele der hier lebenden Moslems sind, f\u00fcr die der <a href=\"http:\/\/www.stuttgarter-zeitung.de\/inhalt.umfrage-viele-tuerken-finden-koran-wichtiger-als-grundgesetz.17acc9fa-45f3-4862-92c7-f58376bf9695.html\" target=\"_blank\" rel=\"noopener\">Koran und die Scharia \u00fcber dem Grundgesetz<\/a> stehen.<\/p>\n<p>Ein vordergr\u00fcndig bestens integrierter Zuwanderer, Polizist, Beamter und damit ein Repr\u00e4sentant des Staates, der vom polit-medialen Komplex garantiert das Zeugnis Vorzeigemigrant ausgesprochen bek\u00e4me, erweist sich auf einmal als muslimisches U-Boot, das hinter der Fassade scheinbar gelungener Integration die h\u00e4ssliche Fratze religi\u00f6ser Intoleranz und damit die Ablehnung unserer Werte, unserer Vorstellung von Freiheit und gesellschaftlichem Miteinander demonstriert.<\/p>\n<p>Wieder einmal behalten diejenigen Recht, die schon lange vor der offiziellen politischen Linie der verordneten Naivit\u00e4t gewarnt haben, dass, w\u00fcrde man nur immer mehr Quoten f\u00fcr Zuwanderer bei der Besetzung \u201e\u00f6ffentlicher\u201c Stellen schaffen, diese, quasi \u00fcber Nacht, ihre ethnischen und religi\u00f6sen Ressentiments gegen\u00fcber dem Westen gegen ein aufgekl\u00e4rtes Bewusstsein tauschen w\u00fcrden. Was f\u00fcr eine Lachnummer! Tr\u00e4umt weiter, ihr Vollpfosten.<\/p>\n","protected":false},"excerpt":{"rendered":"<p>Es gibt in einer Gesellschaft viele kleine und allt\u00e4glich praktizierte Gewohnheiten, die f\u00fcr gegenseitigen Respekt, Anerkennung und einen ungezwungenen und lockeren Umgang miteinander, unabh\u00e4ngig von Geschlecht oder Alter stehen. Diese gesellschaftlichen Rituale sind es, die unsere Art zu leben ausdr\u00fccken &hellip; <a href=\"https:\/\/www.inkultura-online.de\/politisch_unkorrekt\/nicht-nur-ein-handschlag\/\">Weiterlesen <span class=\"meta-nav\">&rarr;<\/span><\/a><\/p>\n","protected":false},"author":1,"featured_media":0,"comment_status":"open","ping_status":"open","sticky":false,"template":"","format":"standard","meta":{"footnotes":""},"categories":[1,146,10],"tags":[935,27,21,229,936],"class_list":["post-1533","post","type-post","status-publish","format-standard","hentry","category-fundstuecke","category-keine-islamisierung","category-systemfehler","tag-handschlag","tag-integration","tag-islam","tag-scharia","tag-verweigerte-integration"],"yoast_head":"<!-- This site is optimized with the Yoast SEO plugin v27.5 - https:\/\/yoast.com\/product\/yoast-seo-wordpress\/ -->\n<title>Nicht nur ein Handschlag - Zeitgeist? Frei!<\/title>\n<meta name=\"robots\" content=\"index, follow, max-snippet:-1, max-image-preview:large, max-video-preview:-1\" \/>\n<link rel=\"canonical\" href=\"https:\/\/www.inkultura-online.de\/politisch_unkorrekt\/nicht-nur-ein-handschlag\/\" \/>\n<meta property=\"og:locale\" content=\"de_DE\" \/>\n<meta property=\"og:type\" content=\"article\" \/>\n<meta property=\"og:title\" content=\"Nicht nur ein Handschlag - Zeitgeist? Frei!\" \/>\n<meta property=\"og:description\" content=\"Es gibt in einer Gesellschaft viele kleine und allt\u00e4glich praktizierte Gewohnheiten, die f\u00fcr gegenseitigen Respekt, Anerkennung und einen ungezwungenen und lockeren Umgang miteinander, unabh\u00e4ngig von Geschlecht oder Alter stehen. Diese gesellschaftlichen Rituale sind es, die unsere Art zu leben ausdr\u00fccken &hellip; Weiterlesen &rarr;\" \/>\n<meta property=\"og:url\" content=\"https:\/\/www.inkultura-online.de\/politisch_unkorrekt\/nicht-nur-ein-handschlag\/\" \/>\n<meta property=\"og:site_name\" content=\"Zeitgeist? Frei!\" \/>\n<meta property=\"article:published_time\" content=\"2017-07-22T13:15:49+00:00\" \/>\n<meta name=\"author\" content=\"Orator\" \/>\n<meta name=\"twitter:label1\" content=\"Verfasst von\" \/>\n\t<meta name=\"twitter:data1\" content=\"Orator\" \/>\n\t<meta name=\"twitter:label2\" content=\"Gesch\u00e4tzte Lesezeit\" \/>\n\t<meta name=\"twitter:data2\" content=\"1\u00a0Minute\" \/>\n<script type=\"application\/ld+json\" class=\"yoast-schema-graph\">{\"@context\":\"https:\\\/\\\/schema.org\",\"@graph\":[{\"@type\":\"Article\",\"@id\":\"https:\\\/\\\/www.inkultura-online.de\\\/politisch_unkorrekt\\\/nicht-nur-ein-handschlag\\\/#article\",\"isPartOf\":{\"@id\":\"https:\\\/\\\/www.inkultura-online.de\\\/politisch_unkorrekt\\\/nicht-nur-ein-handschlag\\\/\"},\"author\":{\"name\":\"Orator\",\"@id\":\"https:\\\/\\\/www.inkultura-online.de\\\/politisch_unkorrekt\\\/#\\\/schema\\\/person\\\/5b30b80e385478896a1de221e1994d86\"},\"headline\":\"Nicht nur ein Handschlag\",\"datePublished\":\"2017-07-22T13:15:49+00:00\",\"mainEntityOfPage\":{\"@id\":\"https:\\\/\\\/www.inkultura-online.de\\\/politisch_unkorrekt\\\/nicht-nur-ein-handschlag\\\/\"},\"wordCount\":299,\"commentCount\":0,\"publisher\":{\"@id\":\"https:\\\/\\\/www.inkultura-online.de\\\/politisch_unkorrekt\\\/#\\\/schema\\\/person\\\/5b30b80e385478896a1de221e1994d86\"},\"keywords\":[\"Handschlag\",\"Integration\",\"Islam\",\"Scharia\",\"verweigerte Integration\"],\"articleSection\":[\"Fundst\u00fccke\",\"Keine Islamisierung?\",\"Systemfehler\"],\"inLanguage\":\"de\",\"potentialAction\":[{\"@type\":\"CommentAction\",\"name\":\"Comment\",\"target\":[\"https:\\\/\\\/www.inkultura-online.de\\\/politisch_unkorrekt\\\/nicht-nur-ein-handschlag\\\/#respond\"]}]},{\"@type\":\"WebPage\",\"@id\":\"https:\\\/\\\/www.inkultura-online.de\\\/politisch_unkorrekt\\\/nicht-nur-ein-handschlag\\\/\",\"url\":\"https:\\\/\\\/www.inkultura-online.de\\\/politisch_unkorrekt\\\/nicht-nur-ein-handschlag\\\/\",\"name\":\"Nicht nur ein Handschlag - Zeitgeist? Frei!\",\"isPartOf\":{\"@id\":\"https:\\\/\\\/www.inkultura-online.de\\\/politisch_unkorrekt\\\/#website\"},\"datePublished\":\"2017-07-22T13:15:49+00:00\",\"breadcrumb\":{\"@id\":\"https:\\\/\\\/www.inkultura-online.de\\\/politisch_unkorrekt\\\/nicht-nur-ein-handschlag\\\/#breadcrumb\"},\"inLanguage\":\"de\",\"potentialAction\":[{\"@type\":\"ReadAction\",\"target\":[\"https:\\\/\\\/www.inkultura-online.de\\\/politisch_unkorrekt\\\/nicht-nur-ein-handschlag\\\/\"]}]},{\"@type\":\"BreadcrumbList\",\"@id\":\"https:\\\/\\\/www.inkultura-online.de\\\/politisch_unkorrekt\\\/nicht-nur-ein-handschlag\\\/#breadcrumb\",\"itemListElement\":[{\"@type\":\"ListItem\",\"position\":1,\"name\":\"Home\",\"item\":\"https:\\\/\\\/www.inkultura-online.de\\\/politisch_unkorrekt\\\/\"},{\"@type\":\"ListItem\",\"position\":2,\"name\":\"Nicht nur ein Handschlag\"}]},{\"@type\":\"WebSite\",\"@id\":\"https:\\\/\\\/www.inkultura-online.de\\\/politisch_unkorrekt\\\/#website\",\"url\":\"https:\\\/\\\/www.inkultura-online.de\\\/politisch_unkorrekt\\\/\",\"name\":\"Zeitgeist? Frei!\",\"description\":\"Was Ihr den Geist der Zeiten hei\u00dft...\",\"publisher\":{\"@id\":\"https:\\\/\\\/www.inkultura-online.de\\\/politisch_unkorrekt\\\/#\\\/schema\\\/person\\\/5b30b80e385478896a1de221e1994d86\"},\"potentialAction\":[{\"@type\":\"SearchAction\",\"target\":{\"@type\":\"EntryPoint\",\"urlTemplate\":\"https:\\\/\\\/www.inkultura-online.de\\\/politisch_unkorrekt\\\/?s={search_term_string}\"},\"query-input\":{\"@type\":\"PropertyValueSpecification\",\"valueRequired\":true,\"valueName\":\"search_term_string\"}}],\"inLanguage\":\"de\"},{\"@type\":[\"Person\",\"Organization\"],\"@id\":\"https:\\\/\\\/www.inkultura-online.de\\\/politisch_unkorrekt\\\/#\\\/schema\\\/person\\\/5b30b80e385478896a1de221e1994d86\",\"name\":\"Orator\",\"image\":{\"@type\":\"ImageObject\",\"inLanguage\":\"de\",\"@id\":\"https:\\\/\\\/secure.gravatar.com\\\/avatar\\\/96e03166d31716e9c437060430eb7605c45a8ce6fb6dab483637ca6915dd0844?s=96&d=mm&r=g\",\"url\":\"https:\\\/\\\/secure.gravatar.com\\\/avatar\\\/96e03166d31716e9c437060430eb7605c45a8ce6fb6dab483637ca6915dd0844?s=96&d=mm&r=g\",\"contentUrl\":\"https:\\\/\\\/secure.gravatar.com\\\/avatar\\\/96e03166d31716e9c437060430eb7605c45a8ce6fb6dab483637ca6915dd0844?s=96&d=mm&r=g\",\"caption\":\"Orator\"},\"logo\":{\"@id\":\"https:\\\/\\\/secure.gravatar.com\\\/avatar\\\/96e03166d31716e9c437060430eb7605c45a8ce6fb6dab483637ca6915dd0844?s=96&d=mm&r=g\"},\"url\":\"https:\\\/\\\/www.inkultura-online.de\\\/politisch_unkorrekt\\\/author\\\/1korrektor21-2\\\/\"}]}<\/script>\n<!-- \/ Yoast SEO plugin. -->","yoast_head_json":{"title":"Nicht nur ein Handschlag - Zeitgeist? Frei!","robots":{"index":"index","follow":"follow","max-snippet":"max-snippet:-1","max-image-preview":"max-image-preview:large","max-video-preview":"max-video-preview:-1"},"canonical":"https:\/\/www.inkultura-online.de\/politisch_unkorrekt\/nicht-nur-ein-handschlag\/","og_locale":"de_DE","og_type":"article","og_title":"Nicht nur ein Handschlag - Zeitgeist? Frei!","og_description":"Es gibt in einer Gesellschaft viele kleine und allt\u00e4glich praktizierte Gewohnheiten, die f\u00fcr gegenseitigen Respekt, Anerkennung und einen ungezwungenen und lockeren Umgang miteinander, unabh\u00e4ngig von Geschlecht oder Alter stehen. Diese gesellschaftlichen Rituale sind es, die unsere Art zu leben ausdr\u00fccken &hellip; Weiterlesen &rarr;","og_url":"https:\/\/www.inkultura-online.de\/politisch_unkorrekt\/nicht-nur-ein-handschlag\/","og_site_name":"Zeitgeist? Frei!","article_published_time":"2017-07-22T13:15:49+00:00","author":"Orator","twitter_misc":{"Verfasst von":"Orator","Gesch\u00e4tzte Lesezeit":"1\u00a0Minute"},"schema":{"@context":"https:\/\/schema.org","@graph":[{"@type":"Article","@id":"https:\/\/www.inkultura-online.de\/politisch_unkorrekt\/nicht-nur-ein-handschlag\/#article","isPartOf":{"@id":"https:\/\/www.inkultura-online.de\/politisch_unkorrekt\/nicht-nur-ein-handschlag\/"},"author":{"name":"Orator","@id":"https:\/\/www.inkultura-online.de\/politisch_unkorrekt\/#\/schema\/person\/5b30b80e385478896a1de221e1994d86"},"headline":"Nicht nur ein Handschlag","datePublished":"2017-07-22T13:15:49+00:00","mainEntityOfPage":{"@id":"https:\/\/www.inkultura-online.de\/politisch_unkorrekt\/nicht-nur-ein-handschlag\/"},"wordCount":299,"commentCount":0,"publisher":{"@id":"https:\/\/www.inkultura-online.de\/politisch_unkorrekt\/#\/schema\/person\/5b30b80e385478896a1de221e1994d86"},"keywords":["Handschlag","Integration","Islam","Scharia","verweigerte Integration"],"articleSection":["Fundst\u00fccke","Keine Islamisierung?","Systemfehler"],"inLanguage":"de","potentialAction":[{"@type":"CommentAction","name":"Comment","target":["https:\/\/www.inkultura-online.de\/politisch_unkorrekt\/nicht-nur-ein-handschlag\/#respond"]}]},{"@type":"WebPage","@id":"https:\/\/www.inkultura-online.de\/politisch_unkorrekt\/nicht-nur-ein-handschlag\/","url":"https:\/\/www.inkultura-online.de\/politisch_unkorrekt\/nicht-nur-ein-handschlag\/","name":"Nicht nur ein Handschlag - Zeitgeist? Frei!","isPartOf":{"@id":"https:\/\/www.inkultura-online.de\/politisch_unkorrekt\/#website"},"datePublished":"2017-07-22T13:15:49+00:00","breadcrumb":{"@id":"https:\/\/www.inkultura-online.de\/politisch_unkorrekt\/nicht-nur-ein-handschlag\/#breadcrumb"},"inLanguage":"de","potentialAction":[{"@type":"ReadAction","target":["https:\/\/www.inkultura-online.de\/politisch_unkorrekt\/nicht-nur-ein-handschlag\/"]}]},{"@type":"BreadcrumbList","@id":"https:\/\/www.inkultura-online.de\/politisch_unkorrekt\/nicht-nur-ein-handschlag\/#breadcrumb","itemListElement":[{"@type":"ListItem","position":1,"name":"Home","item":"https:\/\/www.inkultura-online.de\/politisch_unkorrekt\/"},{"@type":"ListItem","position":2,"name":"Nicht nur ein Handschlag"}]},{"@type":"WebSite","@id":"https:\/\/www.inkultura-online.de\/politisch_unkorrekt\/#website","url":"https:\/\/www.inkultura-online.de\/politisch_unkorrekt\/","name":"Zeitgeist? Frei!","description":"Was Ihr den Geist der Zeiten hei\u00dft...","publisher":{"@id":"https:\/\/www.inkultura-online.de\/politisch_unkorrekt\/#\/schema\/person\/5b30b80e385478896a1de221e1994d86"},"potentialAction":[{"@type":"SearchAction","target":{"@type":"EntryPoint","urlTemplate":"https:\/\/www.inkultura-online.de\/politisch_unkorrekt\/?s={search_term_string}"},"query-input":{"@type":"PropertyValueSpecification","valueRequired":true,"valueName":"search_term_string"}}],"inLanguage":"de"},{"@type":["Person","Organization"],"@id":"https:\/\/www.inkultura-online.de\/politisch_unkorrekt\/#\/schema\/person\/5b30b80e385478896a1de221e1994d86","name":"Orator","image":{"@type":"ImageObject","inLanguage":"de","@id":"https:\/\/secure.gravatar.com\/avatar\/96e03166d31716e9c437060430eb7605c45a8ce6fb6dab483637ca6915dd0844?s=96&d=mm&r=g","url":"https:\/\/secure.gravatar.com\/avatar\/96e03166d31716e9c437060430eb7605c45a8ce6fb6dab483637ca6915dd0844?s=96&d=mm&r=g","contentUrl":"https:\/\/secure.gravatar.com\/avatar\/96e03166d31716e9c437060430eb7605c45a8ce6fb6dab483637ca6915dd0844?s=96&d=mm&r=g","caption":"Orator"},"logo":{"@id":"https:\/\/secure.gravatar.com\/avatar\/96e03166d31716e9c437060430eb7605c45a8ce6fb6dab483637ca6915dd0844?s=96&d=mm&r=g"},"url":"https:\/\/www.inkultura-online.de\/politisch_unkorrekt\/author\/1korrektor21-2\/"}]}},"_links":{"self":[{"href":"https:\/\/www.inkultura-online.de\/politisch_unkorrekt\/wp-json\/wp\/v2\/posts\/1533","targetHints":{"allow":["GET"]}}],"collection":[{"href":"https:\/\/www.inkultura-online.de\/politisch_unkorrekt\/wp-json\/wp\/v2\/posts"}],"about":[{"href":"https:\/\/www.inkultura-online.de\/politisch_unkorrekt\/wp-json\/wp\/v2\/types\/post"}],"author":[{"embeddable":true,"href":"https:\/\/www.inkultura-online.de\/politisch_unkorrekt\/wp-json\/wp\/v2\/users\/1"}],"replies":[{"embeddable":true,"href":"https:\/\/www.inkultura-online.de\/politisch_unkorrekt\/wp-json\/wp\/v2\/comments?post=1533"}],"version-history":[{"count":1,"href":"https:\/\/www.inkultura-online.de\/politisch_unkorrekt\/wp-json\/wp\/v2\/posts\/1533\/revisions"}],"predecessor-version":[{"id":1534,"href":"https:\/\/www.inkultura-online.de\/politisch_unkorrekt\/wp-json\/wp\/v2\/posts\/1533\/revisions\/1534"}],"wp:attachment":[{"href":"https:\/\/www.inkultura-online.de\/politisch_unkorrekt\/wp-json\/wp\/v2\/media?parent=1533"}],"wp:term":[{"taxonomy":"category","embeddable":true,"href":"https:\/\/www.inkultura-online.de\/politisch_unkorrekt\/wp-json\/wp\/v2\/categories?post=1533"},{"taxonomy":"post_tag","embeddable":true,"href":"https:\/\/www.inkultura-online.de\/politisch_unkorrekt\/wp-json\/wp\/v2\/tags?post=1533"}],"curies":[{"name":"wp","href":"https:\/\/api.w.org\/{rel}","templated":true}]}}