{"id":1536,"date":"2017-07-29T10:17:58","date_gmt":"2017-07-29T08:17:58","guid":{"rendered":"http:\/\/www.inkultura-online.de\/politisch_unkorrekt\/?p=1536"},"modified":"2017-07-29T10:18:59","modified_gmt":"2017-07-29T08:18:59","slug":"das-naechste-opfer-im-schlachthaus-deutschland","status":"publish","type":"post","link":"https:\/\/www.inkultura-online.de\/politisch_unkorrekt\/das-naechste-opfer-im-schlachthaus-deutschland\/","title":{"rendered":"Das n\u00e4chste Opfer im Schlachthaus Deutschland"},"content":{"rendered":"<p>Die staatlich verordnete Willkommenskultur fordert Opfer. Die Bereicherung durch die uns geschenkten Menschen hat nun einmal einen Preis, den nat\u00fcrlich die Autochthonen zu bezahlen haben. So jetzt in Hamburg, als eine importierte Fachkraft in einem Supermarkt wahllos auf Kunden einstach und dabei einen <a href=\"http:\/\/www.presseportal.de\/blaulicht\/pm\/6337\/3696283\" target=\"_blank\" rel=\"noopener\">50-j\u00e4hrigen Deutschen<\/a> t\u00f6tete.<!--more--><\/p>\n<p>Da die Hamburger B\u00fcrger sp\u00e4testens nach den linksextremen Krawallen anl\u00e4sslich des G20-Gipfels wissen, dass die Polizei besseres zu tun hat, als die unteren 99 Prozent zu besch\u00fctzen, nahmen sie die <a href=\"https:\/\/www.youtube.com\/watch?v=hL6s5WoOz1k\" target=\"_blank\" rel=\"noopener\">Verfolgung und Festsetzung<\/a> des muslimischen Terroristen kurzerhand selber vor.<\/p>\n<p>Bei n\u00e4herer Betrachtung des Augenzeugenvideos ergibt sich jedoch eine Frage. Warum haben sich an der Verfolgung des Islamisten keine Autochthonen beteiligt? Wahrscheinlich aus Angst, hinterher von der Systempresse, allen voran Jakob Augstein, als fremdenfeindlich, islamophob oder rassistisch bezeichnet zu werden.<\/p>\n<p>Aber auch den tapferen M\u00e4nnern, die den Attent\u00e4ter gestellt haben, droht wahrscheinlich ein juristisches Nachspiel. Einen Gast Merkels mit St\u00fchlen zu bewerfen, ist doch degoutant und muss unbedingt mit aller H\u00e4rte bestraft werden. Sollte die Truppe um Heiko Maas dieses Verhalten durchgehen lassen, dann k\u00e4men wom\u00f6glich auch die Autochthonen auf die Idee, eine Willkommenskultur des etwas robusteren Art zu praktizieren.<\/p>\n<p>Der M\u00f6rder ist \u00fcbrigens ein ausreisepflichtiger, abgelehnten Asylbewerber, der jedoch aus dem Tollhaus Deutschland nicht abgeschoben werden darf, weil er \u00fcber keine g\u00fcltigen Dokumente verf\u00fcgt. Na dann, herzlich willkommen beim n\u00e4chsten Schlachtfest.<\/p>\n<p>Der Spiegel arbeitet derweil bereits an einer Verst\u00e4ndnisoffensive f\u00fcr den Islamisten. Er soll, so zitiert das \u201eNachrichtenmagazin\u201c polizeiliche Quellen, unter psychischen Problemen gelitten und regelm\u00e4\u00dfig Drogen konsumiert haben. Dann steht ja der baldigen Freilassung nichts mehr im Weg. Allahu akbar!<\/p>\n","protected":false},"excerpt":{"rendered":"<p>Die staatlich verordnete Willkommenskultur fordert Opfer. Die Bereicherung durch die uns geschenkten Menschen hat nun einmal einen Preis, den nat\u00fcrlich die Autochthonen zu bezahlen haben. So jetzt in Hamburg, als eine importierte Fachkraft in einem Supermarkt wahllos auf Kunden einstach &hellip; <a href=\"https:\/\/www.inkultura-online.de\/politisch_unkorrekt\/das-naechste-opfer-im-schlachthaus-deutschland\/\">Weiterlesen <span class=\"meta-nav\">&rarr;<\/span><\/a><\/p>\n","protected":false},"author":1,"featured_media":0,"comment_status":"open","ping_status":"open","sticky":false,"template":"","format":"standard","meta":{"footnotes":""},"categories":[444,8,30,10,11],"tags":[938,60,808,937],"class_list":["post-1536","post","type-post","status-publish","format-standard","hentry","category-gedanken-zum-tag","category-schlimme-woerter","category-so-siehts-aus","category-systemfehler","category-was-die-qualitaetspresse-gern-verschweigt","tag-islamischer-terrror","tag-islamismus","tag-merkels-gast","tag-schlachthaus-deutschland"],"yoast_head":"<!-- This site is optimized with the Yoast SEO plugin v27.5 - https:\/\/yoast.com\/product\/yoast-seo-wordpress\/ -->\n<title>Das n\u00e4chste Opfer im Schlachthaus Deutschland - Zeitgeist? Frei!<\/title>\n<meta name=\"robots\" content=\"index, follow, max-snippet:-1, max-image-preview:large, max-video-preview:-1\" \/>\n<link rel=\"canonical\" href=\"https:\/\/www.inkultura-online.de\/politisch_unkorrekt\/das-naechste-opfer-im-schlachthaus-deutschland\/\" \/>\n<meta property=\"og:locale\" content=\"de_DE\" \/>\n<meta property=\"og:type\" content=\"article\" \/>\n<meta property=\"og:title\" content=\"Das n\u00e4chste Opfer im Schlachthaus Deutschland - Zeitgeist? Frei!\" \/>\n<meta property=\"og:description\" content=\"Die staatlich verordnete Willkommenskultur fordert Opfer. Die Bereicherung durch die uns geschenkten Menschen hat nun einmal einen Preis, den nat\u00fcrlich die Autochthonen zu bezahlen haben. So jetzt in Hamburg, als eine importierte Fachkraft in einem Supermarkt wahllos auf Kunden einstach &hellip; Weiterlesen &rarr;\" \/>\n<meta property=\"og:url\" content=\"https:\/\/www.inkultura-online.de\/politisch_unkorrekt\/das-naechste-opfer-im-schlachthaus-deutschland\/\" \/>\n<meta property=\"og:site_name\" content=\"Zeitgeist? Frei!\" \/>\n<meta property=\"article:published_time\" content=\"2017-07-29T08:17:58+00:00\" \/>\n<meta property=\"article:modified_time\" content=\"2017-07-29T08:18:59+00:00\" \/>\n<meta name=\"author\" content=\"Orator\" \/>\n<meta name=\"twitter:label1\" content=\"Verfasst von\" \/>\n\t<meta name=\"twitter:data1\" content=\"Orator\" \/>\n\t<meta name=\"twitter:label2\" content=\"Gesch\u00e4tzte Lesezeit\" \/>\n\t<meta name=\"twitter:data2\" content=\"1\u00a0Minute\" \/>\n<script type=\"application\/ld+json\" class=\"yoast-schema-graph\">{\"@context\":\"https:\\\/\\\/schema.org\",\"@graph\":[{\"@type\":\"Article\",\"@id\":\"https:\\\/\\\/www.inkultura-online.de\\\/politisch_unkorrekt\\\/das-naechste-opfer-im-schlachthaus-deutschland\\\/#article\",\"isPartOf\":{\"@id\":\"https:\\\/\\\/www.inkultura-online.de\\\/politisch_unkorrekt\\\/das-naechste-opfer-im-schlachthaus-deutschland\\\/\"},\"author\":{\"name\":\"Orator\",\"@id\":\"https:\\\/\\\/www.inkultura-online.de\\\/politisch_unkorrekt\\\/#\\\/schema\\\/person\\\/5b30b80e385478896a1de221e1994d86\"},\"headline\":\"Das n\u00e4chste Opfer im Schlachthaus Deutschland\",\"datePublished\":\"2017-07-29T08:17:58+00:00\",\"dateModified\":\"2017-07-29T08:18:59+00:00\",\"mainEntityOfPage\":{\"@id\":\"https:\\\/\\\/www.inkultura-online.de\\\/politisch_unkorrekt\\\/das-naechste-opfer-im-schlachthaus-deutschland\\\/\"},\"wordCount\":285,\"commentCount\":0,\"publisher\":{\"@id\":\"https:\\\/\\\/www.inkultura-online.de\\\/politisch_unkorrekt\\\/#\\\/schema\\\/person\\\/5b30b80e385478896a1de221e1994d86\"},\"keywords\":[\"islamischer Terrror\",\"Islamismus\",\"Merkels Gast\",\"Schlachthaus Deutschland\"],\"articleSection\":[\"Gedanken zum Tag\",\"Schlimme W\u00f6rter\",\"So sieht\u00b4s aus\",\"Systemfehler\",\"Was die \\\"Qualit\u00e4tspresse\\\" gern verschweigt\"],\"inLanguage\":\"de\",\"potentialAction\":[{\"@type\":\"CommentAction\",\"name\":\"Comment\",\"target\":[\"https:\\\/\\\/www.inkultura-online.de\\\/politisch_unkorrekt\\\/das-naechste-opfer-im-schlachthaus-deutschland\\\/#respond\"]}]},{\"@type\":\"WebPage\",\"@id\":\"https:\\\/\\\/www.inkultura-online.de\\\/politisch_unkorrekt\\\/das-naechste-opfer-im-schlachthaus-deutschland\\\/\",\"url\":\"https:\\\/\\\/www.inkultura-online.de\\\/politisch_unkorrekt\\\/das-naechste-opfer-im-schlachthaus-deutschland\\\/\",\"name\":\"Das n\u00e4chste Opfer im Schlachthaus Deutschland - Zeitgeist? Frei!\",\"isPartOf\":{\"@id\":\"https:\\\/\\\/www.inkultura-online.de\\\/politisch_unkorrekt\\\/#website\"},\"datePublished\":\"2017-07-29T08:17:58+00:00\",\"dateModified\":\"2017-07-29T08:18:59+00:00\",\"breadcrumb\":{\"@id\":\"https:\\\/\\\/www.inkultura-online.de\\\/politisch_unkorrekt\\\/das-naechste-opfer-im-schlachthaus-deutschland\\\/#breadcrumb\"},\"inLanguage\":\"de\",\"potentialAction\":[{\"@type\":\"ReadAction\",\"target\":[\"https:\\\/\\\/www.inkultura-online.de\\\/politisch_unkorrekt\\\/das-naechste-opfer-im-schlachthaus-deutschland\\\/\"]}]},{\"@type\":\"BreadcrumbList\",\"@id\":\"https:\\\/\\\/www.inkultura-online.de\\\/politisch_unkorrekt\\\/das-naechste-opfer-im-schlachthaus-deutschland\\\/#breadcrumb\",\"itemListElement\":[{\"@type\":\"ListItem\",\"position\":1,\"name\":\"Home\",\"item\":\"https:\\\/\\\/www.inkultura-online.de\\\/politisch_unkorrekt\\\/\"},{\"@type\":\"ListItem\",\"position\":2,\"name\":\"Das n\u00e4chste Opfer im Schlachthaus Deutschland\"}]},{\"@type\":\"WebSite\",\"@id\":\"https:\\\/\\\/www.inkultura-online.de\\\/politisch_unkorrekt\\\/#website\",\"url\":\"https:\\\/\\\/www.inkultura-online.de\\\/politisch_unkorrekt\\\/\",\"name\":\"Zeitgeist? Frei!\",\"description\":\"Was Ihr den Geist der Zeiten hei\u00dft...\",\"publisher\":{\"@id\":\"https:\\\/\\\/www.inkultura-online.de\\\/politisch_unkorrekt\\\/#\\\/schema\\\/person\\\/5b30b80e385478896a1de221e1994d86\"},\"potentialAction\":[{\"@type\":\"SearchAction\",\"target\":{\"@type\":\"EntryPoint\",\"urlTemplate\":\"https:\\\/\\\/www.inkultura-online.de\\\/politisch_unkorrekt\\\/?s={search_term_string}\"},\"query-input\":{\"@type\":\"PropertyValueSpecification\",\"valueRequired\":true,\"valueName\":\"search_term_string\"}}],\"inLanguage\":\"de\"},{\"@type\":[\"Person\",\"Organization\"],\"@id\":\"https:\\\/\\\/www.inkultura-online.de\\\/politisch_unkorrekt\\\/#\\\/schema\\\/person\\\/5b30b80e385478896a1de221e1994d86\",\"name\":\"Orator\",\"image\":{\"@type\":\"ImageObject\",\"inLanguage\":\"de\",\"@id\":\"https:\\\/\\\/secure.gravatar.com\\\/avatar\\\/96e03166d31716e9c437060430eb7605c45a8ce6fb6dab483637ca6915dd0844?s=96&d=mm&r=g\",\"url\":\"https:\\\/\\\/secure.gravatar.com\\\/avatar\\\/96e03166d31716e9c437060430eb7605c45a8ce6fb6dab483637ca6915dd0844?s=96&d=mm&r=g\",\"contentUrl\":\"https:\\\/\\\/secure.gravatar.com\\\/avatar\\\/96e03166d31716e9c437060430eb7605c45a8ce6fb6dab483637ca6915dd0844?s=96&d=mm&r=g\",\"caption\":\"Orator\"},\"logo\":{\"@id\":\"https:\\\/\\\/secure.gravatar.com\\\/avatar\\\/96e03166d31716e9c437060430eb7605c45a8ce6fb6dab483637ca6915dd0844?s=96&d=mm&r=g\"},\"url\":\"https:\\\/\\\/www.inkultura-online.de\\\/politisch_unkorrekt\\\/author\\\/1korrektor21-2\\\/\"}]}<\/script>\n<!-- \/ Yoast SEO plugin. -->","yoast_head_json":{"title":"Das n\u00e4chste Opfer im Schlachthaus Deutschland - Zeitgeist? Frei!","robots":{"index":"index","follow":"follow","max-snippet":"max-snippet:-1","max-image-preview":"max-image-preview:large","max-video-preview":"max-video-preview:-1"},"canonical":"https:\/\/www.inkultura-online.de\/politisch_unkorrekt\/das-naechste-opfer-im-schlachthaus-deutschland\/","og_locale":"de_DE","og_type":"article","og_title":"Das n\u00e4chste Opfer im Schlachthaus Deutschland - Zeitgeist? Frei!","og_description":"Die staatlich verordnete Willkommenskultur fordert Opfer. Die Bereicherung durch die uns geschenkten Menschen hat nun einmal einen Preis, den nat\u00fcrlich die Autochthonen zu bezahlen haben. So jetzt in Hamburg, als eine importierte Fachkraft in einem Supermarkt wahllos auf Kunden einstach &hellip; Weiterlesen &rarr;","og_url":"https:\/\/www.inkultura-online.de\/politisch_unkorrekt\/das-naechste-opfer-im-schlachthaus-deutschland\/","og_site_name":"Zeitgeist? Frei!","article_published_time":"2017-07-29T08:17:58+00:00","article_modified_time":"2017-07-29T08:18:59+00:00","author":"Orator","twitter_misc":{"Verfasst von":"Orator","Gesch\u00e4tzte Lesezeit":"1\u00a0Minute"},"schema":{"@context":"https:\/\/schema.org","@graph":[{"@type":"Article","@id":"https:\/\/www.inkultura-online.de\/politisch_unkorrekt\/das-naechste-opfer-im-schlachthaus-deutschland\/#article","isPartOf":{"@id":"https:\/\/www.inkultura-online.de\/politisch_unkorrekt\/das-naechste-opfer-im-schlachthaus-deutschland\/"},"author":{"name":"Orator","@id":"https:\/\/www.inkultura-online.de\/politisch_unkorrekt\/#\/schema\/person\/5b30b80e385478896a1de221e1994d86"},"headline":"Das n\u00e4chste Opfer im Schlachthaus Deutschland","datePublished":"2017-07-29T08:17:58+00:00","dateModified":"2017-07-29T08:18:59+00:00","mainEntityOfPage":{"@id":"https:\/\/www.inkultura-online.de\/politisch_unkorrekt\/das-naechste-opfer-im-schlachthaus-deutschland\/"},"wordCount":285,"commentCount":0,"publisher":{"@id":"https:\/\/www.inkultura-online.de\/politisch_unkorrekt\/#\/schema\/person\/5b30b80e385478896a1de221e1994d86"},"keywords":["islamischer Terrror","Islamismus","Merkels Gast","Schlachthaus Deutschland"],"articleSection":["Gedanken zum Tag","Schlimme W\u00f6rter","So sieht\u00b4s aus","Systemfehler","Was die \"Qualit\u00e4tspresse\" gern verschweigt"],"inLanguage":"de","potentialAction":[{"@type":"CommentAction","name":"Comment","target":["https:\/\/www.inkultura-online.de\/politisch_unkorrekt\/das-naechste-opfer-im-schlachthaus-deutschland\/#respond"]}]},{"@type":"WebPage","@id":"https:\/\/www.inkultura-online.de\/politisch_unkorrekt\/das-naechste-opfer-im-schlachthaus-deutschland\/","url":"https:\/\/www.inkultura-online.de\/politisch_unkorrekt\/das-naechste-opfer-im-schlachthaus-deutschland\/","name":"Das n\u00e4chste Opfer im Schlachthaus Deutschland - Zeitgeist? Frei!","isPartOf":{"@id":"https:\/\/www.inkultura-online.de\/politisch_unkorrekt\/#website"},"datePublished":"2017-07-29T08:17:58+00:00","dateModified":"2017-07-29T08:18:59+00:00","breadcrumb":{"@id":"https:\/\/www.inkultura-online.de\/politisch_unkorrekt\/das-naechste-opfer-im-schlachthaus-deutschland\/#breadcrumb"},"inLanguage":"de","potentialAction":[{"@type":"ReadAction","target":["https:\/\/www.inkultura-online.de\/politisch_unkorrekt\/das-naechste-opfer-im-schlachthaus-deutschland\/"]}]},{"@type":"BreadcrumbList","@id":"https:\/\/www.inkultura-online.de\/politisch_unkorrekt\/das-naechste-opfer-im-schlachthaus-deutschland\/#breadcrumb","itemListElement":[{"@type":"ListItem","position":1,"name":"Home","item":"https:\/\/www.inkultura-online.de\/politisch_unkorrekt\/"},{"@type":"ListItem","position":2,"name":"Das n\u00e4chste Opfer im Schlachthaus Deutschland"}]},{"@type":"WebSite","@id":"https:\/\/www.inkultura-online.de\/politisch_unkorrekt\/#website","url":"https:\/\/www.inkultura-online.de\/politisch_unkorrekt\/","name":"Zeitgeist? Frei!","description":"Was Ihr den Geist der Zeiten hei\u00dft...","publisher":{"@id":"https:\/\/www.inkultura-online.de\/politisch_unkorrekt\/#\/schema\/person\/5b30b80e385478896a1de221e1994d86"},"potentialAction":[{"@type":"SearchAction","target":{"@type":"EntryPoint","urlTemplate":"https:\/\/www.inkultura-online.de\/politisch_unkorrekt\/?s={search_term_string}"},"query-input":{"@type":"PropertyValueSpecification","valueRequired":true,"valueName":"search_term_string"}}],"inLanguage":"de"},{"@type":["Person","Organization"],"@id":"https:\/\/www.inkultura-online.de\/politisch_unkorrekt\/#\/schema\/person\/5b30b80e385478896a1de221e1994d86","name":"Orator","image":{"@type":"ImageObject","inLanguage":"de","@id":"https:\/\/secure.gravatar.com\/avatar\/96e03166d31716e9c437060430eb7605c45a8ce6fb6dab483637ca6915dd0844?s=96&d=mm&r=g","url":"https:\/\/secure.gravatar.com\/avatar\/96e03166d31716e9c437060430eb7605c45a8ce6fb6dab483637ca6915dd0844?s=96&d=mm&r=g","contentUrl":"https:\/\/secure.gravatar.com\/avatar\/96e03166d31716e9c437060430eb7605c45a8ce6fb6dab483637ca6915dd0844?s=96&d=mm&r=g","caption":"Orator"},"logo":{"@id":"https:\/\/secure.gravatar.com\/avatar\/96e03166d31716e9c437060430eb7605c45a8ce6fb6dab483637ca6915dd0844?s=96&d=mm&r=g"},"url":"https:\/\/www.inkultura-online.de\/politisch_unkorrekt\/author\/1korrektor21-2\/"}]}},"_links":{"self":[{"href":"https:\/\/www.inkultura-online.de\/politisch_unkorrekt\/wp-json\/wp\/v2\/posts\/1536","targetHints":{"allow":["GET"]}}],"collection":[{"href":"https:\/\/www.inkultura-online.de\/politisch_unkorrekt\/wp-json\/wp\/v2\/posts"}],"about":[{"href":"https:\/\/www.inkultura-online.de\/politisch_unkorrekt\/wp-json\/wp\/v2\/types\/post"}],"author":[{"embeddable":true,"href":"https:\/\/www.inkultura-online.de\/politisch_unkorrekt\/wp-json\/wp\/v2\/users\/1"}],"replies":[{"embeddable":true,"href":"https:\/\/www.inkultura-online.de\/politisch_unkorrekt\/wp-json\/wp\/v2\/comments?post=1536"}],"version-history":[{"count":2,"href":"https:\/\/www.inkultura-online.de\/politisch_unkorrekt\/wp-json\/wp\/v2\/posts\/1536\/revisions"}],"predecessor-version":[{"id":1538,"href":"https:\/\/www.inkultura-online.de\/politisch_unkorrekt\/wp-json\/wp\/v2\/posts\/1536\/revisions\/1538"}],"wp:attachment":[{"href":"https:\/\/www.inkultura-online.de\/politisch_unkorrekt\/wp-json\/wp\/v2\/media?parent=1536"}],"wp:term":[{"taxonomy":"category","embeddable":true,"href":"https:\/\/www.inkultura-online.de\/politisch_unkorrekt\/wp-json\/wp\/v2\/categories?post=1536"},{"taxonomy":"post_tag","embeddable":true,"href":"https:\/\/www.inkultura-online.de\/politisch_unkorrekt\/wp-json\/wp\/v2\/tags?post=1536"}],"curies":[{"name":"wp","href":"https:\/\/api.w.org\/{rel}","templated":true}]}}