{"id":1558,"date":"2017-08-11T18:38:07","date_gmt":"2017-08-11T16:38:07","guid":{"rendered":"http:\/\/www.inkultura-online.de\/politisch_unkorrekt\/?p=1558"},"modified":"2017-08-11T18:38:07","modified_gmt":"2017-08-11T16:38:07","slug":"der-24-september-ist-der-schicksalstag-fuer-unsere-heimat","status":"publish","type":"post","link":"https:\/\/www.inkultura-online.de\/politisch_unkorrekt\/der-24-september-ist-der-schicksalstag-fuer-unsere-heimat\/","title":{"rendered":"Der 24. September ist der Schicksalstag f\u00fcr unsere Heimat"},"content":{"rendered":"<p>Am 24. September entscheidet sich der W\u00e4hler pro oder contra bez\u00fcglich der Zerst\u00f6rung Deutschlands. Ein kriminell agierendes Kartell aus Medien und Politik hat sich unsere Heimat l\u00e4ngst zur Beute gemacht, und kann, so wie es derzeit aussieht, nicht mehr gestoppt werden. Sp\u00e4testens seit dem Herbst 2015 wei\u00df der aufmerksame Beobachter des politischen Zeitgeist, dass Recht und Gesetz nur noch in Bezug auf eventuelle kritische \u00c4u\u00dferungen Autochthoner hinsichtlich des \u201eGro\u00dfen Austausch\u201c gelten. Die politische Klasse dagegen, Initiator des gro\u00df angelegten Menschenversuchs, befindet sich jenseits jeglicher Strafverfolgung und kann, flankiert von parasit\u00e4ren Elementen in Kultur, Kirchen, Kunst und Gewerkschaften, ungehindert ihren Plan von einer \u201ebunten Gesellschaft\u201c realisieren.<!--more--><\/p>\n<p>Warum spreche ich von \u201eparasit\u00e4ren Elementen\u201c? Weil die Bef\u00fcrworter, die Claquere, die Mit-Initiatoren des \u201eGro\u00dfen Austausch\u201c in der Regel staatlich alimentierte, d. h. unproduktive Menschen sind, die auf Gedeih und Verderb auf den Staat und die Verteilung von Steuergeldern in Richtung dieser unproduktiver Kaste angewiesen sind. Hinter jedem Pfaffen, hinter jedem K\u00fcnstler, hinter jedem \u201eMedienschaffenden\u201c steckt, zieht man das jeweilige Etikett ab, immer Staatsknete, also vom B\u00fcrger abgepresste Steuergelder.<\/p>\n<p>Die kommende Bundestagswahl ist, ruft man sich die bereits jetzt vom polit-medialen Kartell inszenierten Hass-Kommentare in Richtung Kritiker des \u201eGro\u00dfen Austausch\u201c und die pseudojuristische Strafverfolgung Maas`scher Art in Erinnerung, wohl die letzte Gelegenheit f\u00fcr die B\u00fcrger den politischen Wahnsinn der staatlich unterst\u00fctzten Landnahme durch afrikanische und muslimische Invasoren zu stoppen.<\/p>\n<p>Sollte die Wahl mit dem leider zu erwartenden Sieg des regierenden Kartells ausgehen, dann werden Ereignisse wie diese (<a href=\"https:\/\/www.youtube.com\/watch?v=AEqvtSkrmgQ\" target=\"_blank\" rel=\"noopener\">hier<\/a>, <a href=\"https:\/\/www.youtube.com\/watch?v=CTrGHAjHCiU\" target=\"_blank\" rel=\"noopener\">hier<\/a> und <a href=\"https:\/\/www.youtube.com\/watch?v=BpvIc46DN44\" target=\"_blank\" rel=\"noopener\">hier,<\/a> <a href=\"https:\/\/www.youtube.com\/watch?v=5oK1u3sYXPY\" target=\"_blank\" rel=\"noopener\">hier<\/a> oder <a href=\"https:\/\/www.youtube.com\/watch?v=AoGRUkfU_3w\" target=\"_blank\" rel=\"noopener\">hier<\/a>) bald die Realit\u00e4t werden. Auch auf unseren Stra\u00dfen. Die B\u00fcrger werden sich am 24. September entscheiden m\u00fcssen: entweder <a href=\"http:\/\/www.inkultura-online.de\/finis_germania.html\" target=\"_blank\" rel=\"noopener\">Finis Germania<\/a> oder ein Arschtritt f\u00fcr das Kartell. Sollen unsere Heimat, unsere Kinder und Enkel noch eine Zukunftschance haben, dann m\u00fcssen wir Merkel und Konsorten zum Teufel jagen!<\/p>\n<p>Der 24. September d\u00fcrfte als historisches Datum in die Annalen der Geschichte, die, glaubt man Sieferle, Deutschland nicht mehr schreiben wird, eingehen, denn ein ganzes Volk stimmt, vielleicht zum letzten Mal, \u00fcber seine Zukunft ab.<\/p>\n<p><a href=\"https:\/\/www.michael-klonovsky.de\/\" target=\"_blank\" rel=\"noopener\">Michael Klonovsky<\/a> sei gedankt f\u00fcr die angegebenen Links!<\/p>\n","protected":false},"excerpt":{"rendered":"<p>Am 24. September entscheidet sich der W\u00e4hler pro oder contra bez\u00fcglich der Zerst\u00f6rung Deutschlands. Ein kriminell agierendes Kartell aus Medien und Politik hat sich unsere Heimat l\u00e4ngst zur Beute gemacht, und kann, so wie es derzeit aussieht, nicht mehr gestoppt &hellip; <a href=\"https:\/\/www.inkultura-online.de\/politisch_unkorrekt\/der-24-september-ist-der-schicksalstag-fuer-unsere-heimat\/\">Weiterlesen <span class=\"meta-nav\">&rarr;<\/span><\/a><\/p>\n","protected":false},"author":1,"featured_media":0,"comment_status":"open","ping_status":"open","sticky":false,"template":"","format":"standard","meta":{"footnotes":""},"categories":[378,444,10,11],"tags":[917,950,370,545,949,156],"class_list":["post-1558","post","type-post","status-publish","format-standard","hentry","category-denunzianten","category-gedanken-zum-tag","category-systemfehler","category-was-die-qualitaetspresse-gern-verschweigt","tag-bundestagswahl","tag-grosser-austausch","tag-invasion","tag-polit-mediales-kartell","tag-schicksalstag","tag-volksaustausch"],"yoast_head":"<!-- This site is optimized with the Yoast SEO plugin v27.5 - https:\/\/yoast.com\/product\/yoast-seo-wordpress\/ -->\n<title>Der 24. September ist der Schicksalstag f\u00fcr unsere Heimat - Zeitgeist? Frei!<\/title>\n<meta name=\"robots\" content=\"index, follow, max-snippet:-1, max-image-preview:large, max-video-preview:-1\" \/>\n<link rel=\"canonical\" href=\"https:\/\/www.inkultura-online.de\/politisch_unkorrekt\/der-24-september-ist-der-schicksalstag-fuer-unsere-heimat\/\" \/>\n<meta property=\"og:locale\" content=\"de_DE\" \/>\n<meta property=\"og:type\" content=\"article\" \/>\n<meta property=\"og:title\" content=\"Der 24. September ist der Schicksalstag f\u00fcr unsere Heimat - Zeitgeist? Frei!\" \/>\n<meta property=\"og:description\" content=\"Am 24. September entscheidet sich der W\u00e4hler pro oder contra bez\u00fcglich der Zerst\u00f6rung Deutschlands. Ein kriminell agierendes Kartell aus Medien und Politik hat sich unsere Heimat l\u00e4ngst zur Beute gemacht, und kann, so wie es derzeit aussieht, nicht mehr gestoppt &hellip; Weiterlesen &rarr;\" \/>\n<meta property=\"og:url\" content=\"https:\/\/www.inkultura-online.de\/politisch_unkorrekt\/der-24-september-ist-der-schicksalstag-fuer-unsere-heimat\/\" \/>\n<meta property=\"og:site_name\" content=\"Zeitgeist? Frei!\" \/>\n<meta property=\"article:published_time\" content=\"2017-08-11T16:38:07+00:00\" \/>\n<meta name=\"author\" content=\"Orator\" \/>\n<meta name=\"twitter:label1\" content=\"Verfasst von\" \/>\n\t<meta name=\"twitter:data1\" content=\"Orator\" \/>\n\t<meta name=\"twitter:label2\" content=\"Gesch\u00e4tzte Lesezeit\" \/>\n\t<meta name=\"twitter:data2\" content=\"2\u00a0Minuten\" \/>\n<script type=\"application\/ld+json\" class=\"yoast-schema-graph\">{\"@context\":\"https:\\\/\\\/schema.org\",\"@graph\":[{\"@type\":\"Article\",\"@id\":\"https:\\\/\\\/www.inkultura-online.de\\\/politisch_unkorrekt\\\/der-24-september-ist-der-schicksalstag-fuer-unsere-heimat\\\/#article\",\"isPartOf\":{\"@id\":\"https:\\\/\\\/www.inkultura-online.de\\\/politisch_unkorrekt\\\/der-24-september-ist-der-schicksalstag-fuer-unsere-heimat\\\/\"},\"author\":{\"name\":\"Orator\",\"@id\":\"https:\\\/\\\/www.inkultura-online.de\\\/politisch_unkorrekt\\\/#\\\/schema\\\/person\\\/5b30b80e385478896a1de221e1994d86\"},\"headline\":\"Der 24. September ist der Schicksalstag f\u00fcr unsere Heimat\",\"datePublished\":\"2017-08-11T16:38:07+00:00\",\"mainEntityOfPage\":{\"@id\":\"https:\\\/\\\/www.inkultura-online.de\\\/politisch_unkorrekt\\\/der-24-september-ist-der-schicksalstag-fuer-unsere-heimat\\\/\"},\"wordCount\":369,\"commentCount\":0,\"publisher\":{\"@id\":\"https:\\\/\\\/www.inkultura-online.de\\\/politisch_unkorrekt\\\/#\\\/schema\\\/person\\\/5b30b80e385478896a1de221e1994d86\"},\"keywords\":[\"Bundestagswahl\",\"Gro\u00dfer Austausch\",\"Invasion\",\"polit-mediales Kartell\",\"Schicksalstag\",\"Volksaustausch\"],\"articleSection\":[\"Denunzianten und Volksverr\u00e4ter\",\"Gedanken zum Tag\",\"Systemfehler\",\"Was die \\\"Qualit\u00e4tspresse\\\" gern verschweigt\"],\"inLanguage\":\"de\",\"potentialAction\":[{\"@type\":\"CommentAction\",\"name\":\"Comment\",\"target\":[\"https:\\\/\\\/www.inkultura-online.de\\\/politisch_unkorrekt\\\/der-24-september-ist-der-schicksalstag-fuer-unsere-heimat\\\/#respond\"]}]},{\"@type\":\"WebPage\",\"@id\":\"https:\\\/\\\/www.inkultura-online.de\\\/politisch_unkorrekt\\\/der-24-september-ist-der-schicksalstag-fuer-unsere-heimat\\\/\",\"url\":\"https:\\\/\\\/www.inkultura-online.de\\\/politisch_unkorrekt\\\/der-24-september-ist-der-schicksalstag-fuer-unsere-heimat\\\/\",\"name\":\"Der 24. September ist der Schicksalstag f\u00fcr unsere Heimat - Zeitgeist? Frei!\",\"isPartOf\":{\"@id\":\"https:\\\/\\\/www.inkultura-online.de\\\/politisch_unkorrekt\\\/#website\"},\"datePublished\":\"2017-08-11T16:38:07+00:00\",\"breadcrumb\":{\"@id\":\"https:\\\/\\\/www.inkultura-online.de\\\/politisch_unkorrekt\\\/der-24-september-ist-der-schicksalstag-fuer-unsere-heimat\\\/#breadcrumb\"},\"inLanguage\":\"de\",\"potentialAction\":[{\"@type\":\"ReadAction\",\"target\":[\"https:\\\/\\\/www.inkultura-online.de\\\/politisch_unkorrekt\\\/der-24-september-ist-der-schicksalstag-fuer-unsere-heimat\\\/\"]}]},{\"@type\":\"BreadcrumbList\",\"@id\":\"https:\\\/\\\/www.inkultura-online.de\\\/politisch_unkorrekt\\\/der-24-september-ist-der-schicksalstag-fuer-unsere-heimat\\\/#breadcrumb\",\"itemListElement\":[{\"@type\":\"ListItem\",\"position\":1,\"name\":\"Home\",\"item\":\"https:\\\/\\\/www.inkultura-online.de\\\/politisch_unkorrekt\\\/\"},{\"@type\":\"ListItem\",\"position\":2,\"name\":\"Der 24. September ist der Schicksalstag f\u00fcr unsere Heimat\"}]},{\"@type\":\"WebSite\",\"@id\":\"https:\\\/\\\/www.inkultura-online.de\\\/politisch_unkorrekt\\\/#website\",\"url\":\"https:\\\/\\\/www.inkultura-online.de\\\/politisch_unkorrekt\\\/\",\"name\":\"Zeitgeist? Frei!\",\"description\":\"Was Ihr den Geist der Zeiten hei\u00dft...\",\"publisher\":{\"@id\":\"https:\\\/\\\/www.inkultura-online.de\\\/politisch_unkorrekt\\\/#\\\/schema\\\/person\\\/5b30b80e385478896a1de221e1994d86\"},\"potentialAction\":[{\"@type\":\"SearchAction\",\"target\":{\"@type\":\"EntryPoint\",\"urlTemplate\":\"https:\\\/\\\/www.inkultura-online.de\\\/politisch_unkorrekt\\\/?s={search_term_string}\"},\"query-input\":{\"@type\":\"PropertyValueSpecification\",\"valueRequired\":true,\"valueName\":\"search_term_string\"}}],\"inLanguage\":\"de\"},{\"@type\":[\"Person\",\"Organization\"],\"@id\":\"https:\\\/\\\/www.inkultura-online.de\\\/politisch_unkorrekt\\\/#\\\/schema\\\/person\\\/5b30b80e385478896a1de221e1994d86\",\"name\":\"Orator\",\"image\":{\"@type\":\"ImageObject\",\"inLanguage\":\"de\",\"@id\":\"https:\\\/\\\/secure.gravatar.com\\\/avatar\\\/96e03166d31716e9c437060430eb7605c45a8ce6fb6dab483637ca6915dd0844?s=96&d=mm&r=g\",\"url\":\"https:\\\/\\\/secure.gravatar.com\\\/avatar\\\/96e03166d31716e9c437060430eb7605c45a8ce6fb6dab483637ca6915dd0844?s=96&d=mm&r=g\",\"contentUrl\":\"https:\\\/\\\/secure.gravatar.com\\\/avatar\\\/96e03166d31716e9c437060430eb7605c45a8ce6fb6dab483637ca6915dd0844?s=96&d=mm&r=g\",\"caption\":\"Orator\"},\"logo\":{\"@id\":\"https:\\\/\\\/secure.gravatar.com\\\/avatar\\\/96e03166d31716e9c437060430eb7605c45a8ce6fb6dab483637ca6915dd0844?s=96&d=mm&r=g\"},\"url\":\"https:\\\/\\\/www.inkultura-online.de\\\/politisch_unkorrekt\\\/author\\\/1korrektor21-2\\\/\"}]}<\/script>\n<!-- \/ Yoast SEO plugin. -->","yoast_head_json":{"title":"Der 24. September ist der Schicksalstag f\u00fcr unsere Heimat - Zeitgeist? Frei!","robots":{"index":"index","follow":"follow","max-snippet":"max-snippet:-1","max-image-preview":"max-image-preview:large","max-video-preview":"max-video-preview:-1"},"canonical":"https:\/\/www.inkultura-online.de\/politisch_unkorrekt\/der-24-september-ist-der-schicksalstag-fuer-unsere-heimat\/","og_locale":"de_DE","og_type":"article","og_title":"Der 24. September ist der Schicksalstag f\u00fcr unsere Heimat - Zeitgeist? Frei!","og_description":"Am 24. September entscheidet sich der W\u00e4hler pro oder contra bez\u00fcglich der Zerst\u00f6rung Deutschlands. Ein kriminell agierendes Kartell aus Medien und Politik hat sich unsere Heimat l\u00e4ngst zur Beute gemacht, und kann, so wie es derzeit aussieht, nicht mehr gestoppt &hellip; Weiterlesen &rarr;","og_url":"https:\/\/www.inkultura-online.de\/politisch_unkorrekt\/der-24-september-ist-der-schicksalstag-fuer-unsere-heimat\/","og_site_name":"Zeitgeist? Frei!","article_published_time":"2017-08-11T16:38:07+00:00","author":"Orator","twitter_misc":{"Verfasst von":"Orator","Gesch\u00e4tzte Lesezeit":"2\u00a0Minuten"},"schema":{"@context":"https:\/\/schema.org","@graph":[{"@type":"Article","@id":"https:\/\/www.inkultura-online.de\/politisch_unkorrekt\/der-24-september-ist-der-schicksalstag-fuer-unsere-heimat\/#article","isPartOf":{"@id":"https:\/\/www.inkultura-online.de\/politisch_unkorrekt\/der-24-september-ist-der-schicksalstag-fuer-unsere-heimat\/"},"author":{"name":"Orator","@id":"https:\/\/www.inkultura-online.de\/politisch_unkorrekt\/#\/schema\/person\/5b30b80e385478896a1de221e1994d86"},"headline":"Der 24. September ist der Schicksalstag f\u00fcr unsere Heimat","datePublished":"2017-08-11T16:38:07+00:00","mainEntityOfPage":{"@id":"https:\/\/www.inkultura-online.de\/politisch_unkorrekt\/der-24-september-ist-der-schicksalstag-fuer-unsere-heimat\/"},"wordCount":369,"commentCount":0,"publisher":{"@id":"https:\/\/www.inkultura-online.de\/politisch_unkorrekt\/#\/schema\/person\/5b30b80e385478896a1de221e1994d86"},"keywords":["Bundestagswahl","Gro\u00dfer Austausch","Invasion","polit-mediales Kartell","Schicksalstag","Volksaustausch"],"articleSection":["Denunzianten und Volksverr\u00e4ter","Gedanken zum Tag","Systemfehler","Was die \"Qualit\u00e4tspresse\" gern verschweigt"],"inLanguage":"de","potentialAction":[{"@type":"CommentAction","name":"Comment","target":["https:\/\/www.inkultura-online.de\/politisch_unkorrekt\/der-24-september-ist-der-schicksalstag-fuer-unsere-heimat\/#respond"]}]},{"@type":"WebPage","@id":"https:\/\/www.inkultura-online.de\/politisch_unkorrekt\/der-24-september-ist-der-schicksalstag-fuer-unsere-heimat\/","url":"https:\/\/www.inkultura-online.de\/politisch_unkorrekt\/der-24-september-ist-der-schicksalstag-fuer-unsere-heimat\/","name":"Der 24. September ist der Schicksalstag f\u00fcr unsere Heimat - Zeitgeist? Frei!","isPartOf":{"@id":"https:\/\/www.inkultura-online.de\/politisch_unkorrekt\/#website"},"datePublished":"2017-08-11T16:38:07+00:00","breadcrumb":{"@id":"https:\/\/www.inkultura-online.de\/politisch_unkorrekt\/der-24-september-ist-der-schicksalstag-fuer-unsere-heimat\/#breadcrumb"},"inLanguage":"de","potentialAction":[{"@type":"ReadAction","target":["https:\/\/www.inkultura-online.de\/politisch_unkorrekt\/der-24-september-ist-der-schicksalstag-fuer-unsere-heimat\/"]}]},{"@type":"BreadcrumbList","@id":"https:\/\/www.inkultura-online.de\/politisch_unkorrekt\/der-24-september-ist-der-schicksalstag-fuer-unsere-heimat\/#breadcrumb","itemListElement":[{"@type":"ListItem","position":1,"name":"Home","item":"https:\/\/www.inkultura-online.de\/politisch_unkorrekt\/"},{"@type":"ListItem","position":2,"name":"Der 24. September ist der Schicksalstag f\u00fcr unsere Heimat"}]},{"@type":"WebSite","@id":"https:\/\/www.inkultura-online.de\/politisch_unkorrekt\/#website","url":"https:\/\/www.inkultura-online.de\/politisch_unkorrekt\/","name":"Zeitgeist? Frei!","description":"Was Ihr den Geist der Zeiten hei\u00dft...","publisher":{"@id":"https:\/\/www.inkultura-online.de\/politisch_unkorrekt\/#\/schema\/person\/5b30b80e385478896a1de221e1994d86"},"potentialAction":[{"@type":"SearchAction","target":{"@type":"EntryPoint","urlTemplate":"https:\/\/www.inkultura-online.de\/politisch_unkorrekt\/?s={search_term_string}"},"query-input":{"@type":"PropertyValueSpecification","valueRequired":true,"valueName":"search_term_string"}}],"inLanguage":"de"},{"@type":["Person","Organization"],"@id":"https:\/\/www.inkultura-online.de\/politisch_unkorrekt\/#\/schema\/person\/5b30b80e385478896a1de221e1994d86","name":"Orator","image":{"@type":"ImageObject","inLanguage":"de","@id":"https:\/\/secure.gravatar.com\/avatar\/96e03166d31716e9c437060430eb7605c45a8ce6fb6dab483637ca6915dd0844?s=96&d=mm&r=g","url":"https:\/\/secure.gravatar.com\/avatar\/96e03166d31716e9c437060430eb7605c45a8ce6fb6dab483637ca6915dd0844?s=96&d=mm&r=g","contentUrl":"https:\/\/secure.gravatar.com\/avatar\/96e03166d31716e9c437060430eb7605c45a8ce6fb6dab483637ca6915dd0844?s=96&d=mm&r=g","caption":"Orator"},"logo":{"@id":"https:\/\/secure.gravatar.com\/avatar\/96e03166d31716e9c437060430eb7605c45a8ce6fb6dab483637ca6915dd0844?s=96&d=mm&r=g"},"url":"https:\/\/www.inkultura-online.de\/politisch_unkorrekt\/author\/1korrektor21-2\/"}]}},"_links":{"self":[{"href":"https:\/\/www.inkultura-online.de\/politisch_unkorrekt\/wp-json\/wp\/v2\/posts\/1558","targetHints":{"allow":["GET"]}}],"collection":[{"href":"https:\/\/www.inkultura-online.de\/politisch_unkorrekt\/wp-json\/wp\/v2\/posts"}],"about":[{"href":"https:\/\/www.inkultura-online.de\/politisch_unkorrekt\/wp-json\/wp\/v2\/types\/post"}],"author":[{"embeddable":true,"href":"https:\/\/www.inkultura-online.de\/politisch_unkorrekt\/wp-json\/wp\/v2\/users\/1"}],"replies":[{"embeddable":true,"href":"https:\/\/www.inkultura-online.de\/politisch_unkorrekt\/wp-json\/wp\/v2\/comments?post=1558"}],"version-history":[{"count":1,"href":"https:\/\/www.inkultura-online.de\/politisch_unkorrekt\/wp-json\/wp\/v2\/posts\/1558\/revisions"}],"predecessor-version":[{"id":1559,"href":"https:\/\/www.inkultura-online.de\/politisch_unkorrekt\/wp-json\/wp\/v2\/posts\/1558\/revisions\/1559"}],"wp:attachment":[{"href":"https:\/\/www.inkultura-online.de\/politisch_unkorrekt\/wp-json\/wp\/v2\/media?parent=1558"}],"wp:term":[{"taxonomy":"category","embeddable":true,"href":"https:\/\/www.inkultura-online.de\/politisch_unkorrekt\/wp-json\/wp\/v2\/categories?post=1558"},{"taxonomy":"post_tag","embeddable":true,"href":"https:\/\/www.inkultura-online.de\/politisch_unkorrekt\/wp-json\/wp\/v2\/tags?post=1558"}],"curies":[{"name":"wp","href":"https:\/\/api.w.org\/{rel}","templated":true}]}}