{"id":1564,"date":"2017-08-13T18:33:04","date_gmt":"2017-08-13T16:33:04","guid":{"rendered":"http:\/\/www.inkultura-online.de\/politisch_unkorrekt\/?p=1564"},"modified":"2017-08-13T18:33:04","modified_gmt":"2017-08-13T16:33:04","slug":"linksrotgruene-doppelmoral","status":"publish","type":"post","link":"https:\/\/www.inkultura-online.de\/politisch_unkorrekt\/linksrotgruene-doppelmoral\/","title":{"rendered":"LinksRotGr\u00fcne Doppelmoral"},"content":{"rendered":"<p>Ausgerechnet diejenigen, die auf den linksextremen Terror, die Ausschreitungen und Pl\u00fcnderungen beim G20-Gipfel in Hamburg mit lautem Schweigen reagiert haben &#8211; Rote, Linke und Gr\u00fcne &#8211; werfen Trump bez\u00fcglich seiner Reaktion auf die gewaltt\u00e4tigen Auseinandersetzungen in Charlottesville \u201eHalbherzigkeit\u201c vor. Was f\u00fcr eine Bigotterie! Immerhin verurteilt Trump die Gewalt, spricht aber gleichzeitig vollkommen zu recht von \u201eHass, Intoleranz und Gewalt auf vielen Seiten\u201c. Die im Internet ver\u00f6ffentlichten Videos zeigen, dass die Gewalt sowohl von Rechts- als auch von Linksextremen ausging.<\/p>\n<p>W\u00e4hrend Trump kurzerhand vom deutschen polit-medialen Kartell als verantwortlich f\u00fcr die angeblich ausschlie\u00dflich von \u201eRechten\u201c ver\u00fcbten Straftaten erkl\u00e4rt wird, kommen diese lumpigen Gesellen \u00fcberhaupt nicht auf die Idee, dass die Gr\u00f6KaZ durch ihr gesetzwidriges Handeln im Herbst 2015 f\u00fcr jedes in Deutschland durch einen \u201eFl\u00fcchtling\u201c ver\u00fcbte Verbrechen verantwortlich ist.<\/p>\n","protected":false},"excerpt":{"rendered":"<p>Ausgerechnet diejenigen, die auf den linksextremen Terror, die Ausschreitungen und Pl\u00fcnderungen beim G20-Gipfel in Hamburg mit lautem Schweigen reagiert haben &#8211; Rote, Linke und Gr\u00fcne &#8211; werfen Trump bez\u00fcglich seiner Reaktion auf die gewaltt\u00e4tigen Auseinandersetzungen in Charlottesville \u201eHalbherzigkeit\u201c vor. Was &hellip; <a href=\"https:\/\/www.inkultura-online.de\/politisch_unkorrekt\/linksrotgruene-doppelmoral\/\">Weiterlesen <span class=\"meta-nav\">&rarr;<\/span><\/a><\/p>\n","protected":false},"author":1,"featured_media":0,"comment_status":"open","ping_status":"open","sticky":false,"template":"","format":"standard","meta":{"footnotes":""},"categories":[1,444,11],"tags":[954,955,953,956,893],"class_list":["post-1564","post","type-post","status-publish","format-standard","hentry","category-fundstuecke","category-gedanken-zum-tag","category-was-die-qualitaetspresse-gern-verschweigt","tag-chartottesville","tag-linksextreme","tag-linksrotgruene-doppelmoral","tag-rechtsextreme","tag-trump"],"yoast_head":"<!-- This site is optimized with the Yoast SEO plugin v27.5 - https:\/\/yoast.com\/product\/yoast-seo-wordpress\/ -->\n<title>LinksRotGr\u00fcne Doppelmoral - Zeitgeist? Frei!<\/title>\n<meta name=\"robots\" content=\"index, follow, max-snippet:-1, max-image-preview:large, max-video-preview:-1\" \/>\n<link rel=\"canonical\" href=\"https:\/\/www.inkultura-online.de\/politisch_unkorrekt\/linksrotgruene-doppelmoral\/\" \/>\n<meta property=\"og:locale\" content=\"de_DE\" \/>\n<meta property=\"og:type\" content=\"article\" \/>\n<meta property=\"og:title\" content=\"LinksRotGr\u00fcne Doppelmoral - Zeitgeist? Frei!\" \/>\n<meta property=\"og:description\" content=\"Ausgerechnet diejenigen, die auf den linksextremen Terror, die Ausschreitungen und Pl\u00fcnderungen beim G20-Gipfel in Hamburg mit lautem Schweigen reagiert haben &#8211; Rote, Linke und Gr\u00fcne &#8211; werfen Trump bez\u00fcglich seiner Reaktion auf die gewaltt\u00e4tigen Auseinandersetzungen in Charlottesville \u201eHalbherzigkeit\u201c vor. Was &hellip; Weiterlesen &rarr;\" \/>\n<meta property=\"og:url\" content=\"https:\/\/www.inkultura-online.de\/politisch_unkorrekt\/linksrotgruene-doppelmoral\/\" \/>\n<meta property=\"og:site_name\" content=\"Zeitgeist? Frei!\" \/>\n<meta property=\"article:published_time\" content=\"2017-08-13T16:33:04+00:00\" \/>\n<meta name=\"author\" content=\"Orator\" \/>\n<meta name=\"twitter:label1\" content=\"Verfasst von\" \/>\n\t<meta name=\"twitter:data1\" content=\"Orator\" \/>\n\t<meta name=\"twitter:label2\" content=\"Gesch\u00e4tzte Lesezeit\" \/>\n\t<meta name=\"twitter:data2\" content=\"1\u00a0Minute\" \/>\n<script type=\"application\/ld+json\" class=\"yoast-schema-graph\">{\"@context\":\"https:\\\/\\\/schema.org\",\"@graph\":[{\"@type\":\"Article\",\"@id\":\"https:\\\/\\\/www.inkultura-online.de\\\/politisch_unkorrekt\\\/linksrotgruene-doppelmoral\\\/#article\",\"isPartOf\":{\"@id\":\"https:\\\/\\\/www.inkultura-online.de\\\/politisch_unkorrekt\\\/linksrotgruene-doppelmoral\\\/\"},\"author\":{\"name\":\"Orator\",\"@id\":\"https:\\\/\\\/www.inkultura-online.de\\\/politisch_unkorrekt\\\/#\\\/schema\\\/person\\\/5b30b80e385478896a1de221e1994d86\"},\"headline\":\"LinksRotGr\u00fcne Doppelmoral\",\"datePublished\":\"2017-08-13T16:33:04+00:00\",\"mainEntityOfPage\":{\"@id\":\"https:\\\/\\\/www.inkultura-online.de\\\/politisch_unkorrekt\\\/linksrotgruene-doppelmoral\\\/\"},\"wordCount\":146,\"commentCount\":0,\"publisher\":{\"@id\":\"https:\\\/\\\/www.inkultura-online.de\\\/politisch_unkorrekt\\\/#\\\/schema\\\/person\\\/5b30b80e385478896a1de221e1994d86\"},\"keywords\":[\"Chartottesville\",\"Linksextreme\",\"LinksRotGr\u00fcne Doppelmoral\",\"Rechtsextreme\",\"Trump\"],\"articleSection\":[\"Fundst\u00fccke\",\"Gedanken zum Tag\",\"Was die \\\"Qualit\u00e4tspresse\\\" gern verschweigt\"],\"inLanguage\":\"de\",\"potentialAction\":[{\"@type\":\"CommentAction\",\"name\":\"Comment\",\"target\":[\"https:\\\/\\\/www.inkultura-online.de\\\/politisch_unkorrekt\\\/linksrotgruene-doppelmoral\\\/#respond\"]}]},{\"@type\":\"WebPage\",\"@id\":\"https:\\\/\\\/www.inkultura-online.de\\\/politisch_unkorrekt\\\/linksrotgruene-doppelmoral\\\/\",\"url\":\"https:\\\/\\\/www.inkultura-online.de\\\/politisch_unkorrekt\\\/linksrotgruene-doppelmoral\\\/\",\"name\":\"LinksRotGr\u00fcne Doppelmoral - Zeitgeist? Frei!\",\"isPartOf\":{\"@id\":\"https:\\\/\\\/www.inkultura-online.de\\\/politisch_unkorrekt\\\/#website\"},\"datePublished\":\"2017-08-13T16:33:04+00:00\",\"breadcrumb\":{\"@id\":\"https:\\\/\\\/www.inkultura-online.de\\\/politisch_unkorrekt\\\/linksrotgruene-doppelmoral\\\/#breadcrumb\"},\"inLanguage\":\"de\",\"potentialAction\":[{\"@type\":\"ReadAction\",\"target\":[\"https:\\\/\\\/www.inkultura-online.de\\\/politisch_unkorrekt\\\/linksrotgruene-doppelmoral\\\/\"]}]},{\"@type\":\"BreadcrumbList\",\"@id\":\"https:\\\/\\\/www.inkultura-online.de\\\/politisch_unkorrekt\\\/linksrotgruene-doppelmoral\\\/#breadcrumb\",\"itemListElement\":[{\"@type\":\"ListItem\",\"position\":1,\"name\":\"Home\",\"item\":\"https:\\\/\\\/www.inkultura-online.de\\\/politisch_unkorrekt\\\/\"},{\"@type\":\"ListItem\",\"position\":2,\"name\":\"LinksRotGr\u00fcne Doppelmoral\"}]},{\"@type\":\"WebSite\",\"@id\":\"https:\\\/\\\/www.inkultura-online.de\\\/politisch_unkorrekt\\\/#website\",\"url\":\"https:\\\/\\\/www.inkultura-online.de\\\/politisch_unkorrekt\\\/\",\"name\":\"Zeitgeist? Frei!\",\"description\":\"Was Ihr den Geist der Zeiten hei\u00dft...\",\"publisher\":{\"@id\":\"https:\\\/\\\/www.inkultura-online.de\\\/politisch_unkorrekt\\\/#\\\/schema\\\/person\\\/5b30b80e385478896a1de221e1994d86\"},\"potentialAction\":[{\"@type\":\"SearchAction\",\"target\":{\"@type\":\"EntryPoint\",\"urlTemplate\":\"https:\\\/\\\/www.inkultura-online.de\\\/politisch_unkorrekt\\\/?s={search_term_string}\"},\"query-input\":{\"@type\":\"PropertyValueSpecification\",\"valueRequired\":true,\"valueName\":\"search_term_string\"}}],\"inLanguage\":\"de\"},{\"@type\":[\"Person\",\"Organization\"],\"@id\":\"https:\\\/\\\/www.inkultura-online.de\\\/politisch_unkorrekt\\\/#\\\/schema\\\/person\\\/5b30b80e385478896a1de221e1994d86\",\"name\":\"Orator\",\"image\":{\"@type\":\"ImageObject\",\"inLanguage\":\"de\",\"@id\":\"https:\\\/\\\/secure.gravatar.com\\\/avatar\\\/96e03166d31716e9c437060430eb7605c45a8ce6fb6dab483637ca6915dd0844?s=96&d=mm&r=g\",\"url\":\"https:\\\/\\\/secure.gravatar.com\\\/avatar\\\/96e03166d31716e9c437060430eb7605c45a8ce6fb6dab483637ca6915dd0844?s=96&d=mm&r=g\",\"contentUrl\":\"https:\\\/\\\/secure.gravatar.com\\\/avatar\\\/96e03166d31716e9c437060430eb7605c45a8ce6fb6dab483637ca6915dd0844?s=96&d=mm&r=g\",\"caption\":\"Orator\"},\"logo\":{\"@id\":\"https:\\\/\\\/secure.gravatar.com\\\/avatar\\\/96e03166d31716e9c437060430eb7605c45a8ce6fb6dab483637ca6915dd0844?s=96&d=mm&r=g\"},\"url\":\"https:\\\/\\\/www.inkultura-online.de\\\/politisch_unkorrekt\\\/author\\\/1korrektor21-2\\\/\"}]}<\/script>\n<!-- \/ Yoast SEO plugin. -->","yoast_head_json":{"title":"LinksRotGr\u00fcne Doppelmoral - Zeitgeist? Frei!","robots":{"index":"index","follow":"follow","max-snippet":"max-snippet:-1","max-image-preview":"max-image-preview:large","max-video-preview":"max-video-preview:-1"},"canonical":"https:\/\/www.inkultura-online.de\/politisch_unkorrekt\/linksrotgruene-doppelmoral\/","og_locale":"de_DE","og_type":"article","og_title":"LinksRotGr\u00fcne Doppelmoral - Zeitgeist? Frei!","og_description":"Ausgerechnet diejenigen, die auf den linksextremen Terror, die Ausschreitungen und Pl\u00fcnderungen beim G20-Gipfel in Hamburg mit lautem Schweigen reagiert haben &#8211; Rote, Linke und Gr\u00fcne &#8211; werfen Trump bez\u00fcglich seiner Reaktion auf die gewaltt\u00e4tigen Auseinandersetzungen in Charlottesville \u201eHalbherzigkeit\u201c vor. Was &hellip; Weiterlesen &rarr;","og_url":"https:\/\/www.inkultura-online.de\/politisch_unkorrekt\/linksrotgruene-doppelmoral\/","og_site_name":"Zeitgeist? Frei!","article_published_time":"2017-08-13T16:33:04+00:00","author":"Orator","twitter_misc":{"Verfasst von":"Orator","Gesch\u00e4tzte Lesezeit":"1\u00a0Minute"},"schema":{"@context":"https:\/\/schema.org","@graph":[{"@type":"Article","@id":"https:\/\/www.inkultura-online.de\/politisch_unkorrekt\/linksrotgruene-doppelmoral\/#article","isPartOf":{"@id":"https:\/\/www.inkultura-online.de\/politisch_unkorrekt\/linksrotgruene-doppelmoral\/"},"author":{"name":"Orator","@id":"https:\/\/www.inkultura-online.de\/politisch_unkorrekt\/#\/schema\/person\/5b30b80e385478896a1de221e1994d86"},"headline":"LinksRotGr\u00fcne Doppelmoral","datePublished":"2017-08-13T16:33:04+00:00","mainEntityOfPage":{"@id":"https:\/\/www.inkultura-online.de\/politisch_unkorrekt\/linksrotgruene-doppelmoral\/"},"wordCount":146,"commentCount":0,"publisher":{"@id":"https:\/\/www.inkultura-online.de\/politisch_unkorrekt\/#\/schema\/person\/5b30b80e385478896a1de221e1994d86"},"keywords":["Chartottesville","Linksextreme","LinksRotGr\u00fcne Doppelmoral","Rechtsextreme","Trump"],"articleSection":["Fundst\u00fccke","Gedanken zum Tag","Was die \"Qualit\u00e4tspresse\" gern verschweigt"],"inLanguage":"de","potentialAction":[{"@type":"CommentAction","name":"Comment","target":["https:\/\/www.inkultura-online.de\/politisch_unkorrekt\/linksrotgruene-doppelmoral\/#respond"]}]},{"@type":"WebPage","@id":"https:\/\/www.inkultura-online.de\/politisch_unkorrekt\/linksrotgruene-doppelmoral\/","url":"https:\/\/www.inkultura-online.de\/politisch_unkorrekt\/linksrotgruene-doppelmoral\/","name":"LinksRotGr\u00fcne Doppelmoral - Zeitgeist? Frei!","isPartOf":{"@id":"https:\/\/www.inkultura-online.de\/politisch_unkorrekt\/#website"},"datePublished":"2017-08-13T16:33:04+00:00","breadcrumb":{"@id":"https:\/\/www.inkultura-online.de\/politisch_unkorrekt\/linksrotgruene-doppelmoral\/#breadcrumb"},"inLanguage":"de","potentialAction":[{"@type":"ReadAction","target":["https:\/\/www.inkultura-online.de\/politisch_unkorrekt\/linksrotgruene-doppelmoral\/"]}]},{"@type":"BreadcrumbList","@id":"https:\/\/www.inkultura-online.de\/politisch_unkorrekt\/linksrotgruene-doppelmoral\/#breadcrumb","itemListElement":[{"@type":"ListItem","position":1,"name":"Home","item":"https:\/\/www.inkultura-online.de\/politisch_unkorrekt\/"},{"@type":"ListItem","position":2,"name":"LinksRotGr\u00fcne Doppelmoral"}]},{"@type":"WebSite","@id":"https:\/\/www.inkultura-online.de\/politisch_unkorrekt\/#website","url":"https:\/\/www.inkultura-online.de\/politisch_unkorrekt\/","name":"Zeitgeist? Frei!","description":"Was Ihr den Geist der Zeiten hei\u00dft...","publisher":{"@id":"https:\/\/www.inkultura-online.de\/politisch_unkorrekt\/#\/schema\/person\/5b30b80e385478896a1de221e1994d86"},"potentialAction":[{"@type":"SearchAction","target":{"@type":"EntryPoint","urlTemplate":"https:\/\/www.inkultura-online.de\/politisch_unkorrekt\/?s={search_term_string}"},"query-input":{"@type":"PropertyValueSpecification","valueRequired":true,"valueName":"search_term_string"}}],"inLanguage":"de"},{"@type":["Person","Organization"],"@id":"https:\/\/www.inkultura-online.de\/politisch_unkorrekt\/#\/schema\/person\/5b30b80e385478896a1de221e1994d86","name":"Orator","image":{"@type":"ImageObject","inLanguage":"de","@id":"https:\/\/secure.gravatar.com\/avatar\/96e03166d31716e9c437060430eb7605c45a8ce6fb6dab483637ca6915dd0844?s=96&d=mm&r=g","url":"https:\/\/secure.gravatar.com\/avatar\/96e03166d31716e9c437060430eb7605c45a8ce6fb6dab483637ca6915dd0844?s=96&d=mm&r=g","contentUrl":"https:\/\/secure.gravatar.com\/avatar\/96e03166d31716e9c437060430eb7605c45a8ce6fb6dab483637ca6915dd0844?s=96&d=mm&r=g","caption":"Orator"},"logo":{"@id":"https:\/\/secure.gravatar.com\/avatar\/96e03166d31716e9c437060430eb7605c45a8ce6fb6dab483637ca6915dd0844?s=96&d=mm&r=g"},"url":"https:\/\/www.inkultura-online.de\/politisch_unkorrekt\/author\/1korrektor21-2\/"}]}},"_links":{"self":[{"href":"https:\/\/www.inkultura-online.de\/politisch_unkorrekt\/wp-json\/wp\/v2\/posts\/1564","targetHints":{"allow":["GET"]}}],"collection":[{"href":"https:\/\/www.inkultura-online.de\/politisch_unkorrekt\/wp-json\/wp\/v2\/posts"}],"about":[{"href":"https:\/\/www.inkultura-online.de\/politisch_unkorrekt\/wp-json\/wp\/v2\/types\/post"}],"author":[{"embeddable":true,"href":"https:\/\/www.inkultura-online.de\/politisch_unkorrekt\/wp-json\/wp\/v2\/users\/1"}],"replies":[{"embeddable":true,"href":"https:\/\/www.inkultura-online.de\/politisch_unkorrekt\/wp-json\/wp\/v2\/comments?post=1564"}],"version-history":[{"count":1,"href":"https:\/\/www.inkultura-online.de\/politisch_unkorrekt\/wp-json\/wp\/v2\/posts\/1564\/revisions"}],"predecessor-version":[{"id":1565,"href":"https:\/\/www.inkultura-online.de\/politisch_unkorrekt\/wp-json\/wp\/v2\/posts\/1564\/revisions\/1565"}],"wp:attachment":[{"href":"https:\/\/www.inkultura-online.de\/politisch_unkorrekt\/wp-json\/wp\/v2\/media?parent=1564"}],"wp:term":[{"taxonomy":"category","embeddable":true,"href":"https:\/\/www.inkultura-online.de\/politisch_unkorrekt\/wp-json\/wp\/v2\/categories?post=1564"},{"taxonomy":"post_tag","embeddable":true,"href":"https:\/\/www.inkultura-online.de\/politisch_unkorrekt\/wp-json\/wp\/v2\/tags?post=1564"}],"curies":[{"name":"wp","href":"https:\/\/api.w.org\/{rel}","templated":true}]}}