{"id":1571,"date":"2017-08-23T17:45:41","date_gmt":"2017-08-23T15:45:41","guid":{"rendered":"http:\/\/www.inkultura-online.de\/politisch_unkorrekt\/?p=1571"},"modified":"2017-08-23T17:47:00","modified_gmt":"2017-08-23T15:47:00","slug":"auf-der-schleimspur-zum-erfolg","status":"publish","type":"post","link":"https:\/\/www.inkultura-online.de\/politisch_unkorrekt\/auf-der-schleimspur-zum-erfolg\/","title":{"rendered":"Auf der Schleimspur zum Erfolg"},"content":{"rendered":"<p>Der aufmerksame Beobachter des politischen Zeitgeistes h\u00e4lt sich inzwischen f\u00fcr resistent gegen\u00fcber dummen und wenig Wissen um den realen Zustand der Gesellschaft demonstrierenden Sprechblasen aus dem Mund der herrschenden Volksverr\u00e4ter, Verzeihung, Volksvertreter. Doch hin und wieder gelingt es einem Satrap des Regime Merkel auch den wahrlich hart gesottenen Realisten bez\u00fcglich des intellektuellen Formats dieser Klientel auf die sprichw\u00f6rtliche Palme zu bringen.<!--more--><\/p>\n<p>Genau das hat jetzt der Kanzlerin Liebling und enger Vertraute, Kanzleramtschef Peter Altmaier, geschafft. Ausgerechnet diese Type, dessen Tagewerk, diesen peinlichen Eindruck hinterl\u00e4sst jede seiner schleimspurigen Elogen auf die Gr\u00f6KaZ, damit beginnt, vor einem \u00fcberlebensgro\u00dfen Pinup-Poster seiner Herrin und Gebieterin ein autogenes Happyend am eigenen K\u00f6rper zu feiern, ist, anscheinend nicht mehr im Vollbesitz seiner geistigen Kr\u00e4fte, der Meinung, wir, die Autochthonen, m\u00fcssen \u2013 Betonung auf m\u00fcssen! &#8211; gemeinsam mit Einwanderern, auf gut deutsch mit illegal sich in unserer Heimat aufhaltenden Personen, eine, wie er es nennt, neue Leitkultur erarbeiten.<\/p>\n<p>Typisch Merkel-Entourage. Wenn schon die Gr\u00f6KaZ nicht mehr vom Volk, sondern nur noch von \u201edenen, die schon l\u00e4nger hier leben\u201c spricht, dann muss ihr Bettvorleger Altmaier ebenfalls davon faseln, dass wir, die \u201eschon l\u00e4nger hier leben\u201c, uns gef\u00e4lligst an die Besitzanspr\u00fcche und Forderungen der Invasoren anpassen m\u00fcssen.<\/p>\n<p>Aber Peterchen auf Merkelfahrt kann es noch besser. Bar jeglichen Wissens um die Gepflogenheiten der \u201eReligion des Friedens\u201c, die haupts\u00e4chlich durch junge Friedensbotschafter des Glaubens, die auch ohne legales Einkommen ihr gutes Auskommen haben, in Form von, wie nennt das politisch-mediale Kartell diese kleinen und unbedeutenden Einzelf\u00e4lle?, \u201eEhrenmorden\u201c demonstriert wird, schwadroniert Altmaier: \u201eMan kann dem Vater einer jungen Migrantin klarmachen, dass es keinen moralischen Untergang bedeutet, wenn sie sich die N\u00e4gel lackiert.\u201c Herr, lass Hirn vom Himmel fallen!<\/p>\n<p>Ein Land, das solche Typen an die Hebel der Macht gelangen l\u00e4sst, braucht wahrlich keine \u00e4u\u00dferen Feinde mehr.<\/p>\n","protected":false},"excerpt":{"rendered":"<p>Der aufmerksame Beobachter des politischen Zeitgeistes h\u00e4lt sich inzwischen f\u00fcr resistent gegen\u00fcber dummen und wenig Wissen um den realen Zustand der Gesellschaft demonstrierenden Sprechblasen aus dem Mund der herrschenden Volksverr\u00e4ter, Verzeihung, Volksvertreter. Doch hin und wieder gelingt es einem Satrap &hellip; <a href=\"https:\/\/www.inkultura-online.de\/politisch_unkorrekt\/auf-der-schleimspur-zum-erfolg\/\">Weiterlesen <span class=\"meta-nav\">&rarr;<\/span><\/a><\/p>\n","protected":false},"author":1,"featured_media":0,"comment_status":"open","ping_status":"open","sticky":false,"template":"","format":"standard","meta":{"footnotes":""},"categories":[2,378,3,1,444,146,10],"tags":[64,230,702,958,959,225],"class_list":["post-1571","post","type-post","status-publish","format-standard","hentry","category-antipathie","category-denunzianten","category-die-duemmsten-sprueche-der-woche","category-fundstuecke","category-gedanken-zum-tag","category-keine-islamisierung","category-systemfehler","tag-groekaz","tag-illegale","tag-leitkultur","tag-peter-altmaier","tag-schleimspur","tag-volksverraeter"],"yoast_head":"<!-- This site is optimized with the Yoast SEO plugin v27.5 - https:\/\/yoast.com\/product\/yoast-seo-wordpress\/ -->\n<title>Auf der Schleimspur zum Erfolg - Zeitgeist? Frei!<\/title>\n<meta name=\"robots\" content=\"index, follow, max-snippet:-1, max-image-preview:large, max-video-preview:-1\" \/>\n<link rel=\"canonical\" href=\"https:\/\/www.inkultura-online.de\/politisch_unkorrekt\/auf-der-schleimspur-zum-erfolg\/\" \/>\n<meta property=\"og:locale\" content=\"de_DE\" \/>\n<meta property=\"og:type\" content=\"article\" \/>\n<meta property=\"og:title\" content=\"Auf der Schleimspur zum Erfolg - Zeitgeist? Frei!\" \/>\n<meta property=\"og:description\" content=\"Der aufmerksame Beobachter des politischen Zeitgeistes h\u00e4lt sich inzwischen f\u00fcr resistent gegen\u00fcber dummen und wenig Wissen um den realen Zustand der Gesellschaft demonstrierenden Sprechblasen aus dem Mund der herrschenden Volksverr\u00e4ter, Verzeihung, Volksvertreter. Doch hin und wieder gelingt es einem Satrap &hellip; Weiterlesen &rarr;\" \/>\n<meta property=\"og:url\" content=\"https:\/\/www.inkultura-online.de\/politisch_unkorrekt\/auf-der-schleimspur-zum-erfolg\/\" \/>\n<meta property=\"og:site_name\" content=\"Zeitgeist? Frei!\" \/>\n<meta property=\"article:published_time\" content=\"2017-08-23T15:45:41+00:00\" \/>\n<meta property=\"article:modified_time\" content=\"2017-08-23T15:47:00+00:00\" \/>\n<meta name=\"author\" content=\"Orator\" \/>\n<meta name=\"twitter:label1\" content=\"Verfasst von\" \/>\n\t<meta name=\"twitter:data1\" content=\"Orator\" \/>\n\t<meta name=\"twitter:label2\" content=\"Gesch\u00e4tzte Lesezeit\" \/>\n\t<meta name=\"twitter:data2\" content=\"2\u00a0Minuten\" \/>\n<script type=\"application\/ld+json\" class=\"yoast-schema-graph\">{\"@context\":\"https:\\\/\\\/schema.org\",\"@graph\":[{\"@type\":\"Article\",\"@id\":\"https:\\\/\\\/www.inkultura-online.de\\\/politisch_unkorrekt\\\/auf-der-schleimspur-zum-erfolg\\\/#article\",\"isPartOf\":{\"@id\":\"https:\\\/\\\/www.inkultura-online.de\\\/politisch_unkorrekt\\\/auf-der-schleimspur-zum-erfolg\\\/\"},\"author\":{\"name\":\"Orator\",\"@id\":\"https:\\\/\\\/www.inkultura-online.de\\\/politisch_unkorrekt\\\/#\\\/schema\\\/person\\\/5b30b80e385478896a1de221e1994d86\"},\"headline\":\"Auf der Schleimspur zum Erfolg\",\"datePublished\":\"2017-08-23T15:45:41+00:00\",\"dateModified\":\"2017-08-23T15:47:00+00:00\",\"mainEntityOfPage\":{\"@id\":\"https:\\\/\\\/www.inkultura-online.de\\\/politisch_unkorrekt\\\/auf-der-schleimspur-zum-erfolg\\\/\"},\"wordCount\":322,\"commentCount\":0,\"publisher\":{\"@id\":\"https:\\\/\\\/www.inkultura-online.de\\\/politisch_unkorrekt\\\/#\\\/schema\\\/person\\\/5b30b80e385478896a1de221e1994d86\"},\"keywords\":[\"Gr\u00f6KaZ\",\"Illegale\",\"Leitkultur\",\"Peter Altmaier\",\"Schleimspur\",\"Volksverr\u00e4ter\"],\"articleSection\":[\"Antipathie\",\"Denunzianten und Volksverr\u00e4ter\",\"Die d\u00fcmmsten Spr\u00fcche der Woche\",\"Fundst\u00fccke\",\"Gedanken zum Tag\",\"Keine Islamisierung?\",\"Systemfehler\"],\"inLanguage\":\"de\",\"potentialAction\":[{\"@type\":\"CommentAction\",\"name\":\"Comment\",\"target\":[\"https:\\\/\\\/www.inkultura-online.de\\\/politisch_unkorrekt\\\/auf-der-schleimspur-zum-erfolg\\\/#respond\"]}]},{\"@type\":\"WebPage\",\"@id\":\"https:\\\/\\\/www.inkultura-online.de\\\/politisch_unkorrekt\\\/auf-der-schleimspur-zum-erfolg\\\/\",\"url\":\"https:\\\/\\\/www.inkultura-online.de\\\/politisch_unkorrekt\\\/auf-der-schleimspur-zum-erfolg\\\/\",\"name\":\"Auf der Schleimspur zum Erfolg - Zeitgeist? Frei!\",\"isPartOf\":{\"@id\":\"https:\\\/\\\/www.inkultura-online.de\\\/politisch_unkorrekt\\\/#website\"},\"datePublished\":\"2017-08-23T15:45:41+00:00\",\"dateModified\":\"2017-08-23T15:47:00+00:00\",\"breadcrumb\":{\"@id\":\"https:\\\/\\\/www.inkultura-online.de\\\/politisch_unkorrekt\\\/auf-der-schleimspur-zum-erfolg\\\/#breadcrumb\"},\"inLanguage\":\"de\",\"potentialAction\":[{\"@type\":\"ReadAction\",\"target\":[\"https:\\\/\\\/www.inkultura-online.de\\\/politisch_unkorrekt\\\/auf-der-schleimspur-zum-erfolg\\\/\"]}]},{\"@type\":\"BreadcrumbList\",\"@id\":\"https:\\\/\\\/www.inkultura-online.de\\\/politisch_unkorrekt\\\/auf-der-schleimspur-zum-erfolg\\\/#breadcrumb\",\"itemListElement\":[{\"@type\":\"ListItem\",\"position\":1,\"name\":\"Home\",\"item\":\"https:\\\/\\\/www.inkultura-online.de\\\/politisch_unkorrekt\\\/\"},{\"@type\":\"ListItem\",\"position\":2,\"name\":\"Auf der Schleimspur zum Erfolg\"}]},{\"@type\":\"WebSite\",\"@id\":\"https:\\\/\\\/www.inkultura-online.de\\\/politisch_unkorrekt\\\/#website\",\"url\":\"https:\\\/\\\/www.inkultura-online.de\\\/politisch_unkorrekt\\\/\",\"name\":\"Zeitgeist? Frei!\",\"description\":\"Was Ihr den Geist der Zeiten hei\u00dft...\",\"publisher\":{\"@id\":\"https:\\\/\\\/www.inkultura-online.de\\\/politisch_unkorrekt\\\/#\\\/schema\\\/person\\\/5b30b80e385478896a1de221e1994d86\"},\"potentialAction\":[{\"@type\":\"SearchAction\",\"target\":{\"@type\":\"EntryPoint\",\"urlTemplate\":\"https:\\\/\\\/www.inkultura-online.de\\\/politisch_unkorrekt\\\/?s={search_term_string}\"},\"query-input\":{\"@type\":\"PropertyValueSpecification\",\"valueRequired\":true,\"valueName\":\"search_term_string\"}}],\"inLanguage\":\"de\"},{\"@type\":[\"Person\",\"Organization\"],\"@id\":\"https:\\\/\\\/www.inkultura-online.de\\\/politisch_unkorrekt\\\/#\\\/schema\\\/person\\\/5b30b80e385478896a1de221e1994d86\",\"name\":\"Orator\",\"image\":{\"@type\":\"ImageObject\",\"inLanguage\":\"de\",\"@id\":\"https:\\\/\\\/secure.gravatar.com\\\/avatar\\\/96e03166d31716e9c437060430eb7605c45a8ce6fb6dab483637ca6915dd0844?s=96&d=mm&r=g\",\"url\":\"https:\\\/\\\/secure.gravatar.com\\\/avatar\\\/96e03166d31716e9c437060430eb7605c45a8ce6fb6dab483637ca6915dd0844?s=96&d=mm&r=g\",\"contentUrl\":\"https:\\\/\\\/secure.gravatar.com\\\/avatar\\\/96e03166d31716e9c437060430eb7605c45a8ce6fb6dab483637ca6915dd0844?s=96&d=mm&r=g\",\"caption\":\"Orator\"},\"logo\":{\"@id\":\"https:\\\/\\\/secure.gravatar.com\\\/avatar\\\/96e03166d31716e9c437060430eb7605c45a8ce6fb6dab483637ca6915dd0844?s=96&d=mm&r=g\"},\"url\":\"https:\\\/\\\/www.inkultura-online.de\\\/politisch_unkorrekt\\\/author\\\/1korrektor21-2\\\/\"}]}<\/script>\n<!-- \/ Yoast SEO plugin. -->","yoast_head_json":{"title":"Auf der Schleimspur zum Erfolg - Zeitgeist? Frei!","robots":{"index":"index","follow":"follow","max-snippet":"max-snippet:-1","max-image-preview":"max-image-preview:large","max-video-preview":"max-video-preview:-1"},"canonical":"https:\/\/www.inkultura-online.de\/politisch_unkorrekt\/auf-der-schleimspur-zum-erfolg\/","og_locale":"de_DE","og_type":"article","og_title":"Auf der Schleimspur zum Erfolg - Zeitgeist? Frei!","og_description":"Der aufmerksame Beobachter des politischen Zeitgeistes h\u00e4lt sich inzwischen f\u00fcr resistent gegen\u00fcber dummen und wenig Wissen um den realen Zustand der Gesellschaft demonstrierenden Sprechblasen aus dem Mund der herrschenden Volksverr\u00e4ter, Verzeihung, Volksvertreter. Doch hin und wieder gelingt es einem Satrap &hellip; Weiterlesen &rarr;","og_url":"https:\/\/www.inkultura-online.de\/politisch_unkorrekt\/auf-der-schleimspur-zum-erfolg\/","og_site_name":"Zeitgeist? Frei!","article_published_time":"2017-08-23T15:45:41+00:00","article_modified_time":"2017-08-23T15:47:00+00:00","author":"Orator","twitter_misc":{"Verfasst von":"Orator","Gesch\u00e4tzte Lesezeit":"2\u00a0Minuten"},"schema":{"@context":"https:\/\/schema.org","@graph":[{"@type":"Article","@id":"https:\/\/www.inkultura-online.de\/politisch_unkorrekt\/auf-der-schleimspur-zum-erfolg\/#article","isPartOf":{"@id":"https:\/\/www.inkultura-online.de\/politisch_unkorrekt\/auf-der-schleimspur-zum-erfolg\/"},"author":{"name":"Orator","@id":"https:\/\/www.inkultura-online.de\/politisch_unkorrekt\/#\/schema\/person\/5b30b80e385478896a1de221e1994d86"},"headline":"Auf der Schleimspur zum Erfolg","datePublished":"2017-08-23T15:45:41+00:00","dateModified":"2017-08-23T15:47:00+00:00","mainEntityOfPage":{"@id":"https:\/\/www.inkultura-online.de\/politisch_unkorrekt\/auf-der-schleimspur-zum-erfolg\/"},"wordCount":322,"commentCount":0,"publisher":{"@id":"https:\/\/www.inkultura-online.de\/politisch_unkorrekt\/#\/schema\/person\/5b30b80e385478896a1de221e1994d86"},"keywords":["Gr\u00f6KaZ","Illegale","Leitkultur","Peter Altmaier","Schleimspur","Volksverr\u00e4ter"],"articleSection":["Antipathie","Denunzianten und Volksverr\u00e4ter","Die d\u00fcmmsten Spr\u00fcche der Woche","Fundst\u00fccke","Gedanken zum Tag","Keine Islamisierung?","Systemfehler"],"inLanguage":"de","potentialAction":[{"@type":"CommentAction","name":"Comment","target":["https:\/\/www.inkultura-online.de\/politisch_unkorrekt\/auf-der-schleimspur-zum-erfolg\/#respond"]}]},{"@type":"WebPage","@id":"https:\/\/www.inkultura-online.de\/politisch_unkorrekt\/auf-der-schleimspur-zum-erfolg\/","url":"https:\/\/www.inkultura-online.de\/politisch_unkorrekt\/auf-der-schleimspur-zum-erfolg\/","name":"Auf der Schleimspur zum Erfolg - Zeitgeist? Frei!","isPartOf":{"@id":"https:\/\/www.inkultura-online.de\/politisch_unkorrekt\/#website"},"datePublished":"2017-08-23T15:45:41+00:00","dateModified":"2017-08-23T15:47:00+00:00","breadcrumb":{"@id":"https:\/\/www.inkultura-online.de\/politisch_unkorrekt\/auf-der-schleimspur-zum-erfolg\/#breadcrumb"},"inLanguage":"de","potentialAction":[{"@type":"ReadAction","target":["https:\/\/www.inkultura-online.de\/politisch_unkorrekt\/auf-der-schleimspur-zum-erfolg\/"]}]},{"@type":"BreadcrumbList","@id":"https:\/\/www.inkultura-online.de\/politisch_unkorrekt\/auf-der-schleimspur-zum-erfolg\/#breadcrumb","itemListElement":[{"@type":"ListItem","position":1,"name":"Home","item":"https:\/\/www.inkultura-online.de\/politisch_unkorrekt\/"},{"@type":"ListItem","position":2,"name":"Auf der Schleimspur zum Erfolg"}]},{"@type":"WebSite","@id":"https:\/\/www.inkultura-online.de\/politisch_unkorrekt\/#website","url":"https:\/\/www.inkultura-online.de\/politisch_unkorrekt\/","name":"Zeitgeist? Frei!","description":"Was Ihr den Geist der Zeiten hei\u00dft...","publisher":{"@id":"https:\/\/www.inkultura-online.de\/politisch_unkorrekt\/#\/schema\/person\/5b30b80e385478896a1de221e1994d86"},"potentialAction":[{"@type":"SearchAction","target":{"@type":"EntryPoint","urlTemplate":"https:\/\/www.inkultura-online.de\/politisch_unkorrekt\/?s={search_term_string}"},"query-input":{"@type":"PropertyValueSpecification","valueRequired":true,"valueName":"search_term_string"}}],"inLanguage":"de"},{"@type":["Person","Organization"],"@id":"https:\/\/www.inkultura-online.de\/politisch_unkorrekt\/#\/schema\/person\/5b30b80e385478896a1de221e1994d86","name":"Orator","image":{"@type":"ImageObject","inLanguage":"de","@id":"https:\/\/secure.gravatar.com\/avatar\/96e03166d31716e9c437060430eb7605c45a8ce6fb6dab483637ca6915dd0844?s=96&d=mm&r=g","url":"https:\/\/secure.gravatar.com\/avatar\/96e03166d31716e9c437060430eb7605c45a8ce6fb6dab483637ca6915dd0844?s=96&d=mm&r=g","contentUrl":"https:\/\/secure.gravatar.com\/avatar\/96e03166d31716e9c437060430eb7605c45a8ce6fb6dab483637ca6915dd0844?s=96&d=mm&r=g","caption":"Orator"},"logo":{"@id":"https:\/\/secure.gravatar.com\/avatar\/96e03166d31716e9c437060430eb7605c45a8ce6fb6dab483637ca6915dd0844?s=96&d=mm&r=g"},"url":"https:\/\/www.inkultura-online.de\/politisch_unkorrekt\/author\/1korrektor21-2\/"}]}},"_links":{"self":[{"href":"https:\/\/www.inkultura-online.de\/politisch_unkorrekt\/wp-json\/wp\/v2\/posts\/1571","targetHints":{"allow":["GET"]}}],"collection":[{"href":"https:\/\/www.inkultura-online.de\/politisch_unkorrekt\/wp-json\/wp\/v2\/posts"}],"about":[{"href":"https:\/\/www.inkultura-online.de\/politisch_unkorrekt\/wp-json\/wp\/v2\/types\/post"}],"author":[{"embeddable":true,"href":"https:\/\/www.inkultura-online.de\/politisch_unkorrekt\/wp-json\/wp\/v2\/users\/1"}],"replies":[{"embeddable":true,"href":"https:\/\/www.inkultura-online.de\/politisch_unkorrekt\/wp-json\/wp\/v2\/comments?post=1571"}],"version-history":[{"count":2,"href":"https:\/\/www.inkultura-online.de\/politisch_unkorrekt\/wp-json\/wp\/v2\/posts\/1571\/revisions"}],"predecessor-version":[{"id":1573,"href":"https:\/\/www.inkultura-online.de\/politisch_unkorrekt\/wp-json\/wp\/v2\/posts\/1571\/revisions\/1573"}],"wp:attachment":[{"href":"https:\/\/www.inkultura-online.de\/politisch_unkorrekt\/wp-json\/wp\/v2\/media?parent=1571"}],"wp:term":[{"taxonomy":"category","embeddable":true,"href":"https:\/\/www.inkultura-online.de\/politisch_unkorrekt\/wp-json\/wp\/v2\/categories?post=1571"},{"taxonomy":"post_tag","embeddable":true,"href":"https:\/\/www.inkultura-online.de\/politisch_unkorrekt\/wp-json\/wp\/v2\/tags?post=1571"}],"curies":[{"name":"wp","href":"https:\/\/api.w.org\/{rel}","templated":true}]}}