{"id":1576,"date":"2017-08-26T10:01:56","date_gmt":"2017-08-26T08:01:56","guid":{"rendered":"http:\/\/www.inkultura-online.de\/politisch_unkorrekt\/?p=1576"},"modified":"2017-08-26T10:01:56","modified_gmt":"2017-08-26T08:01:56","slug":"der-papst-uebernimmt-die-kosten-der-voelkerwanderung","status":"publish","type":"post","link":"https:\/\/www.inkultura-online.de\/politisch_unkorrekt\/der-papst-uebernimmt-die-kosten-der-voelkerwanderung\/","title":{"rendered":"Der Papst \u00fcbernimmt die Kosten der V\u00f6lkerwanderung"},"content":{"rendered":"<p>Was zu sch\u00f6n w\u00e4re, um wahr zu sein, sind nat\u00fcrlich Fake-News. Denn obwohl der Vatikan, die Katholische Kirche eine der reichsten Institutionen der Welt ist, denkt deren oberster weltlicher Boss gar nicht daran, den stets gut gef\u00fcllten Klingelbeutel zu \u00f6ffnen, um sich mit ein paar lumpigen Euronen an den explodierenden Ausgaben f\u00fcr die \u201eFl\u00fcchtlinge\u201c zu beteiligen.<!--more--><\/p>\n<p>Das hindert den Mann jedoch nicht daran, anl\u00e4sslich des &#8222;Welttag des Migranten und des Fl\u00fcchtlings&#8220; wohlfeile Vorschl\u00e4ge?, nein <a href=\"http:\/\/www.kath.net\/news\/60661\" target=\"_blank\" rel=\"noopener\">Forderungen<\/a> an die Adresse einer noch genauer zu bestimmenden, finanziell potenten Zielgruppe zu stellen.<\/p>\n<p>Auch der Chef einer Religion muss sich daran messen lassen, ob seine Vorstellungen mit der gesellschaftlichen Realit\u00e4t konform gehen. Und da sieht es bei Papst Franziskus eher d\u00fcster aus. Wie sonst soll man sein \u201emigrationspolitisches Programm\u201c verstehen, das mit solch kruden Aussagen wie, bei Grenzkontrollen m\u00fcsse die Sicherheit der Schutzsuchenden Vorrang vor der nationalen Sicherheit haben, aufwartet? \u201eAuch ein Mensch\u201c, so der Papst, \u201eder das Landesgebiet ohne Genehmigung betreten habe, behalte seine grundlegende W\u00fcrde. Bei allem Interesse an nationaler Sicherheit sei die Sicherheit der Personen stets der Sicherheit des Landes voranzustellen&#8220;. Angesichts der bislang in Europa ver\u00fcbten Terroranschl\u00e4ge durch eben die von Franziskus geforderte \u201eSicherheit\u201c, die dann nat\u00fcrlich auch f\u00fcr islamische B\u00f6sewichter gilt, kann der aufmerksame Beobachter des vatikanischen Zeitgeistes dem Papst eine gewisse kognitive Dissonanz nicht absprechen.<\/p>\n<p>Seine Forderungen, humanit\u00e4re Korridore und Familiennachzug, Zugang zum Arbeitsmarkt schon f\u00fcr Asylbewerber und Einb\u00fcrgerungserleichterungen, Sondervisa f\u00fcr Menschen aus Konfliktgebieten, eine Grundsicherung, Zugang zu pers\u00f6nlichen Bankkonten und zum Rentensystem, machen deutlich, dass auch f\u00fcr den Job des Papstes eine Altersgrenze dringend geboten zu sein scheint.<\/p>\n","protected":false},"excerpt":{"rendered":"<p>Was zu sch\u00f6n w\u00e4re, um wahr zu sein, sind nat\u00fcrlich Fake-News. Denn obwohl der Vatikan, die Katholische Kirche eine der reichsten Institutionen der Welt ist, denkt deren oberster weltlicher Boss gar nicht daran, den stets gut gef\u00fcllten Klingelbeutel zu \u00f6ffnen, &hellip; <a href=\"https:\/\/www.inkultura-online.de\/politisch_unkorrekt\/der-papst-uebernimmt-die-kosten-der-voelkerwanderung\/\">Weiterlesen <span class=\"meta-nav\">&rarr;<\/span><\/a><\/p>\n","protected":false},"author":1,"featured_media":0,"comment_status":"open","ping_status":"open","sticky":false,"template":"","format":"standard","meta":{"footnotes":""},"categories":[3,1,5],"tags":[79,341,317,961,960,217],"class_list":["post-1576","post","type-post","status-publish","format-standard","hentry","category-die-duemmsten-sprueche-der-woche","category-fundstuecke","category-meinungen-und-sprueche","tag-fluechtlinge","tag-invasoren","tag-landnahme","tag-migrationskosten","tag-papst-franziskus","tag-terroristen"],"yoast_head":"<!-- This site is optimized with the Yoast SEO plugin v27.5 - https:\/\/yoast.com\/product\/yoast-seo-wordpress\/ -->\n<title>Der Papst \u00fcbernimmt die Kosten der V\u00f6lkerwanderung - Zeitgeist? Frei!<\/title>\n<meta name=\"robots\" content=\"index, follow, max-snippet:-1, max-image-preview:large, max-video-preview:-1\" \/>\n<link rel=\"canonical\" href=\"https:\/\/www.inkultura-online.de\/politisch_unkorrekt\/der-papst-uebernimmt-die-kosten-der-voelkerwanderung\/\" \/>\n<meta property=\"og:locale\" content=\"de_DE\" \/>\n<meta property=\"og:type\" content=\"article\" \/>\n<meta property=\"og:title\" content=\"Der Papst \u00fcbernimmt die Kosten der V\u00f6lkerwanderung - Zeitgeist? Frei!\" \/>\n<meta property=\"og:description\" content=\"Was zu sch\u00f6n w\u00e4re, um wahr zu sein, sind nat\u00fcrlich Fake-News. Denn obwohl der Vatikan, die Katholische Kirche eine der reichsten Institutionen der Welt ist, denkt deren oberster weltlicher Boss gar nicht daran, den stets gut gef\u00fcllten Klingelbeutel zu \u00f6ffnen, &hellip; Weiterlesen &rarr;\" \/>\n<meta property=\"og:url\" content=\"https:\/\/www.inkultura-online.de\/politisch_unkorrekt\/der-papst-uebernimmt-die-kosten-der-voelkerwanderung\/\" \/>\n<meta property=\"og:site_name\" content=\"Zeitgeist? Frei!\" \/>\n<meta property=\"article:published_time\" content=\"2017-08-26T08:01:56+00:00\" \/>\n<meta name=\"author\" content=\"Orator\" \/>\n<meta name=\"twitter:label1\" content=\"Verfasst von\" \/>\n\t<meta name=\"twitter:data1\" content=\"Orator\" \/>\n\t<meta name=\"twitter:label2\" content=\"Gesch\u00e4tzte Lesezeit\" \/>\n\t<meta name=\"twitter:data2\" content=\"1\u00a0Minute\" \/>\n<script type=\"application\/ld+json\" class=\"yoast-schema-graph\">{\"@context\":\"https:\\\/\\\/schema.org\",\"@graph\":[{\"@type\":\"Article\",\"@id\":\"https:\\\/\\\/www.inkultura-online.de\\\/politisch_unkorrekt\\\/der-papst-uebernimmt-die-kosten-der-voelkerwanderung\\\/#article\",\"isPartOf\":{\"@id\":\"https:\\\/\\\/www.inkultura-online.de\\\/politisch_unkorrekt\\\/der-papst-uebernimmt-die-kosten-der-voelkerwanderung\\\/\"},\"author\":{\"name\":\"Orator\",\"@id\":\"https:\\\/\\\/www.inkultura-online.de\\\/politisch_unkorrekt\\\/#\\\/schema\\\/person\\\/5b30b80e385478896a1de221e1994d86\"},\"headline\":\"Der Papst \u00fcbernimmt die Kosten der V\u00f6lkerwanderung\",\"datePublished\":\"2017-08-26T08:01:56+00:00\",\"mainEntityOfPage\":{\"@id\":\"https:\\\/\\\/www.inkultura-online.de\\\/politisch_unkorrekt\\\/der-papst-uebernimmt-die-kosten-der-voelkerwanderung\\\/\"},\"wordCount\":292,\"commentCount\":0,\"publisher\":{\"@id\":\"https:\\\/\\\/www.inkultura-online.de\\\/politisch_unkorrekt\\\/#\\\/schema\\\/person\\\/5b30b80e385478896a1de221e1994d86\"},\"keywords\":[\"Fl\u00fcchtlinge\",\"Invasoren\",\"Landnahme\",\"Migrationskosten\",\"Papst Franziskus\",\"Terroristen\"],\"articleSection\":[\"Die d\u00fcmmsten Spr\u00fcche der Woche\",\"Fundst\u00fccke\",\"Meinungen und Spr\u00fcche\"],\"inLanguage\":\"de\",\"potentialAction\":[{\"@type\":\"CommentAction\",\"name\":\"Comment\",\"target\":[\"https:\\\/\\\/www.inkultura-online.de\\\/politisch_unkorrekt\\\/der-papst-uebernimmt-die-kosten-der-voelkerwanderung\\\/#respond\"]}]},{\"@type\":\"WebPage\",\"@id\":\"https:\\\/\\\/www.inkultura-online.de\\\/politisch_unkorrekt\\\/der-papst-uebernimmt-die-kosten-der-voelkerwanderung\\\/\",\"url\":\"https:\\\/\\\/www.inkultura-online.de\\\/politisch_unkorrekt\\\/der-papst-uebernimmt-die-kosten-der-voelkerwanderung\\\/\",\"name\":\"Der Papst \u00fcbernimmt die Kosten der V\u00f6lkerwanderung - Zeitgeist? Frei!\",\"isPartOf\":{\"@id\":\"https:\\\/\\\/www.inkultura-online.de\\\/politisch_unkorrekt\\\/#website\"},\"datePublished\":\"2017-08-26T08:01:56+00:00\",\"breadcrumb\":{\"@id\":\"https:\\\/\\\/www.inkultura-online.de\\\/politisch_unkorrekt\\\/der-papst-uebernimmt-die-kosten-der-voelkerwanderung\\\/#breadcrumb\"},\"inLanguage\":\"de\",\"potentialAction\":[{\"@type\":\"ReadAction\",\"target\":[\"https:\\\/\\\/www.inkultura-online.de\\\/politisch_unkorrekt\\\/der-papst-uebernimmt-die-kosten-der-voelkerwanderung\\\/\"]}]},{\"@type\":\"BreadcrumbList\",\"@id\":\"https:\\\/\\\/www.inkultura-online.de\\\/politisch_unkorrekt\\\/der-papst-uebernimmt-die-kosten-der-voelkerwanderung\\\/#breadcrumb\",\"itemListElement\":[{\"@type\":\"ListItem\",\"position\":1,\"name\":\"Home\",\"item\":\"https:\\\/\\\/www.inkultura-online.de\\\/politisch_unkorrekt\\\/\"},{\"@type\":\"ListItem\",\"position\":2,\"name\":\"Der Papst \u00fcbernimmt die Kosten der V\u00f6lkerwanderung\"}]},{\"@type\":\"WebSite\",\"@id\":\"https:\\\/\\\/www.inkultura-online.de\\\/politisch_unkorrekt\\\/#website\",\"url\":\"https:\\\/\\\/www.inkultura-online.de\\\/politisch_unkorrekt\\\/\",\"name\":\"Zeitgeist? Frei!\",\"description\":\"Was Ihr den Geist der Zeiten hei\u00dft...\",\"publisher\":{\"@id\":\"https:\\\/\\\/www.inkultura-online.de\\\/politisch_unkorrekt\\\/#\\\/schema\\\/person\\\/5b30b80e385478896a1de221e1994d86\"},\"potentialAction\":[{\"@type\":\"SearchAction\",\"target\":{\"@type\":\"EntryPoint\",\"urlTemplate\":\"https:\\\/\\\/www.inkultura-online.de\\\/politisch_unkorrekt\\\/?s={search_term_string}\"},\"query-input\":{\"@type\":\"PropertyValueSpecification\",\"valueRequired\":true,\"valueName\":\"search_term_string\"}}],\"inLanguage\":\"de\"},{\"@type\":[\"Person\",\"Organization\"],\"@id\":\"https:\\\/\\\/www.inkultura-online.de\\\/politisch_unkorrekt\\\/#\\\/schema\\\/person\\\/5b30b80e385478896a1de221e1994d86\",\"name\":\"Orator\",\"image\":{\"@type\":\"ImageObject\",\"inLanguage\":\"de\",\"@id\":\"https:\\\/\\\/secure.gravatar.com\\\/avatar\\\/96e03166d31716e9c437060430eb7605c45a8ce6fb6dab483637ca6915dd0844?s=96&d=mm&r=g\",\"url\":\"https:\\\/\\\/secure.gravatar.com\\\/avatar\\\/96e03166d31716e9c437060430eb7605c45a8ce6fb6dab483637ca6915dd0844?s=96&d=mm&r=g\",\"contentUrl\":\"https:\\\/\\\/secure.gravatar.com\\\/avatar\\\/96e03166d31716e9c437060430eb7605c45a8ce6fb6dab483637ca6915dd0844?s=96&d=mm&r=g\",\"caption\":\"Orator\"},\"logo\":{\"@id\":\"https:\\\/\\\/secure.gravatar.com\\\/avatar\\\/96e03166d31716e9c437060430eb7605c45a8ce6fb6dab483637ca6915dd0844?s=96&d=mm&r=g\"},\"url\":\"https:\\\/\\\/www.inkultura-online.de\\\/politisch_unkorrekt\\\/author\\\/1korrektor21-2\\\/\"}]}<\/script>\n<!-- \/ Yoast SEO plugin. -->","yoast_head_json":{"title":"Der Papst \u00fcbernimmt die Kosten der V\u00f6lkerwanderung - Zeitgeist? Frei!","robots":{"index":"index","follow":"follow","max-snippet":"max-snippet:-1","max-image-preview":"max-image-preview:large","max-video-preview":"max-video-preview:-1"},"canonical":"https:\/\/www.inkultura-online.de\/politisch_unkorrekt\/der-papst-uebernimmt-die-kosten-der-voelkerwanderung\/","og_locale":"de_DE","og_type":"article","og_title":"Der Papst \u00fcbernimmt die Kosten der V\u00f6lkerwanderung - Zeitgeist? Frei!","og_description":"Was zu sch\u00f6n w\u00e4re, um wahr zu sein, sind nat\u00fcrlich Fake-News. Denn obwohl der Vatikan, die Katholische Kirche eine der reichsten Institutionen der Welt ist, denkt deren oberster weltlicher Boss gar nicht daran, den stets gut gef\u00fcllten Klingelbeutel zu \u00f6ffnen, &hellip; Weiterlesen &rarr;","og_url":"https:\/\/www.inkultura-online.de\/politisch_unkorrekt\/der-papst-uebernimmt-die-kosten-der-voelkerwanderung\/","og_site_name":"Zeitgeist? Frei!","article_published_time":"2017-08-26T08:01:56+00:00","author":"Orator","twitter_misc":{"Verfasst von":"Orator","Gesch\u00e4tzte Lesezeit":"1\u00a0Minute"},"schema":{"@context":"https:\/\/schema.org","@graph":[{"@type":"Article","@id":"https:\/\/www.inkultura-online.de\/politisch_unkorrekt\/der-papst-uebernimmt-die-kosten-der-voelkerwanderung\/#article","isPartOf":{"@id":"https:\/\/www.inkultura-online.de\/politisch_unkorrekt\/der-papst-uebernimmt-die-kosten-der-voelkerwanderung\/"},"author":{"name":"Orator","@id":"https:\/\/www.inkultura-online.de\/politisch_unkorrekt\/#\/schema\/person\/5b30b80e385478896a1de221e1994d86"},"headline":"Der Papst \u00fcbernimmt die Kosten der V\u00f6lkerwanderung","datePublished":"2017-08-26T08:01:56+00:00","mainEntityOfPage":{"@id":"https:\/\/www.inkultura-online.de\/politisch_unkorrekt\/der-papst-uebernimmt-die-kosten-der-voelkerwanderung\/"},"wordCount":292,"commentCount":0,"publisher":{"@id":"https:\/\/www.inkultura-online.de\/politisch_unkorrekt\/#\/schema\/person\/5b30b80e385478896a1de221e1994d86"},"keywords":["Fl\u00fcchtlinge","Invasoren","Landnahme","Migrationskosten","Papst Franziskus","Terroristen"],"articleSection":["Die d\u00fcmmsten Spr\u00fcche der Woche","Fundst\u00fccke","Meinungen und Spr\u00fcche"],"inLanguage":"de","potentialAction":[{"@type":"CommentAction","name":"Comment","target":["https:\/\/www.inkultura-online.de\/politisch_unkorrekt\/der-papst-uebernimmt-die-kosten-der-voelkerwanderung\/#respond"]}]},{"@type":"WebPage","@id":"https:\/\/www.inkultura-online.de\/politisch_unkorrekt\/der-papst-uebernimmt-die-kosten-der-voelkerwanderung\/","url":"https:\/\/www.inkultura-online.de\/politisch_unkorrekt\/der-papst-uebernimmt-die-kosten-der-voelkerwanderung\/","name":"Der Papst \u00fcbernimmt die Kosten der V\u00f6lkerwanderung - Zeitgeist? Frei!","isPartOf":{"@id":"https:\/\/www.inkultura-online.de\/politisch_unkorrekt\/#website"},"datePublished":"2017-08-26T08:01:56+00:00","breadcrumb":{"@id":"https:\/\/www.inkultura-online.de\/politisch_unkorrekt\/der-papst-uebernimmt-die-kosten-der-voelkerwanderung\/#breadcrumb"},"inLanguage":"de","potentialAction":[{"@type":"ReadAction","target":["https:\/\/www.inkultura-online.de\/politisch_unkorrekt\/der-papst-uebernimmt-die-kosten-der-voelkerwanderung\/"]}]},{"@type":"BreadcrumbList","@id":"https:\/\/www.inkultura-online.de\/politisch_unkorrekt\/der-papst-uebernimmt-die-kosten-der-voelkerwanderung\/#breadcrumb","itemListElement":[{"@type":"ListItem","position":1,"name":"Home","item":"https:\/\/www.inkultura-online.de\/politisch_unkorrekt\/"},{"@type":"ListItem","position":2,"name":"Der Papst \u00fcbernimmt die Kosten der V\u00f6lkerwanderung"}]},{"@type":"WebSite","@id":"https:\/\/www.inkultura-online.de\/politisch_unkorrekt\/#website","url":"https:\/\/www.inkultura-online.de\/politisch_unkorrekt\/","name":"Zeitgeist? Frei!","description":"Was Ihr den Geist der Zeiten hei\u00dft...","publisher":{"@id":"https:\/\/www.inkultura-online.de\/politisch_unkorrekt\/#\/schema\/person\/5b30b80e385478896a1de221e1994d86"},"potentialAction":[{"@type":"SearchAction","target":{"@type":"EntryPoint","urlTemplate":"https:\/\/www.inkultura-online.de\/politisch_unkorrekt\/?s={search_term_string}"},"query-input":{"@type":"PropertyValueSpecification","valueRequired":true,"valueName":"search_term_string"}}],"inLanguage":"de"},{"@type":["Person","Organization"],"@id":"https:\/\/www.inkultura-online.de\/politisch_unkorrekt\/#\/schema\/person\/5b30b80e385478896a1de221e1994d86","name":"Orator","image":{"@type":"ImageObject","inLanguage":"de","@id":"https:\/\/secure.gravatar.com\/avatar\/96e03166d31716e9c437060430eb7605c45a8ce6fb6dab483637ca6915dd0844?s=96&d=mm&r=g","url":"https:\/\/secure.gravatar.com\/avatar\/96e03166d31716e9c437060430eb7605c45a8ce6fb6dab483637ca6915dd0844?s=96&d=mm&r=g","contentUrl":"https:\/\/secure.gravatar.com\/avatar\/96e03166d31716e9c437060430eb7605c45a8ce6fb6dab483637ca6915dd0844?s=96&d=mm&r=g","caption":"Orator"},"logo":{"@id":"https:\/\/secure.gravatar.com\/avatar\/96e03166d31716e9c437060430eb7605c45a8ce6fb6dab483637ca6915dd0844?s=96&d=mm&r=g"},"url":"https:\/\/www.inkultura-online.de\/politisch_unkorrekt\/author\/1korrektor21-2\/"}]}},"_links":{"self":[{"href":"https:\/\/www.inkultura-online.de\/politisch_unkorrekt\/wp-json\/wp\/v2\/posts\/1576","targetHints":{"allow":["GET"]}}],"collection":[{"href":"https:\/\/www.inkultura-online.de\/politisch_unkorrekt\/wp-json\/wp\/v2\/posts"}],"about":[{"href":"https:\/\/www.inkultura-online.de\/politisch_unkorrekt\/wp-json\/wp\/v2\/types\/post"}],"author":[{"embeddable":true,"href":"https:\/\/www.inkultura-online.de\/politisch_unkorrekt\/wp-json\/wp\/v2\/users\/1"}],"replies":[{"embeddable":true,"href":"https:\/\/www.inkultura-online.de\/politisch_unkorrekt\/wp-json\/wp\/v2\/comments?post=1576"}],"version-history":[{"count":1,"href":"https:\/\/www.inkultura-online.de\/politisch_unkorrekt\/wp-json\/wp\/v2\/posts\/1576\/revisions"}],"predecessor-version":[{"id":1577,"href":"https:\/\/www.inkultura-online.de\/politisch_unkorrekt\/wp-json\/wp\/v2\/posts\/1576\/revisions\/1577"}],"wp:attachment":[{"href":"https:\/\/www.inkultura-online.de\/politisch_unkorrekt\/wp-json\/wp\/v2\/media?parent=1576"}],"wp:term":[{"taxonomy":"category","embeddable":true,"href":"https:\/\/www.inkultura-online.de\/politisch_unkorrekt\/wp-json\/wp\/v2\/categories?post=1576"},{"taxonomy":"post_tag","embeddable":true,"href":"https:\/\/www.inkultura-online.de\/politisch_unkorrekt\/wp-json\/wp\/v2\/tags?post=1576"}],"curies":[{"name":"wp","href":"https:\/\/api.w.org\/{rel}","templated":true}]}}