{"id":1580,"date":"2017-08-30T19:33:03","date_gmt":"2017-08-30T17:33:03","guid":{"rendered":"http:\/\/www.inkultura-online.de\/politisch_unkorrekt\/?p=1580"},"modified":"2017-08-30T19:39:14","modified_gmt":"2017-08-30T17:39:14","slug":"die-taliban-sind-unter-uns","status":"publish","type":"post","link":"https:\/\/www.inkultura-online.de\/politisch_unkorrekt\/die-taliban-sind-unter-uns\/","title":{"rendered":"Die Taliban sind unter uns"},"content":{"rendered":"<p>Wenn Fundamentalisten, egal welcher Couleur, ihren nicht vorhandenen Verstand demonstrieren wollen, besteht das Resultat in der Regel aus Vernichtung, Verbannung und, bei radikalen Islamisten, sogar T\u00f6tung. So wurden, nur ein Beispiel, die Buddha-Statuen von Bamiyan von den Taliban zerst\u00f6rt.<!--more--><\/p>\n<p>Doch auch mitten unter uns leben bereits Taliban, die ihren Irrglauben und ihre Geisteskrankheit im Namen der politisch-korrekten Genderideologie austoben d\u00fcrfen. An der Alice Salomon Hochschule in Berlin-Hellersdorf ziert ein <a href=\"http:\/\/www.spiegel.de\/lebenundlernen\/uni\/streit-um-fassade-wie-eine-hochschule-mit-einem-gedicht-ringt-a-1165282.html\" target=\"_blank\" rel=\"noopener\">Gedicht<\/a> des Lyrikers Eugen Gomringer eine Au\u00dfenfassade. In spanischer Sprache feiert der Dichter die Sch\u00f6nheit von Frauen. \u00dcbersetzt lauten die Zeilen wie folgt: <em>\u201eAlleen. Alleen und Blumen. Blumen. Blumen und Frauen. Alleen. Alleen und Frauen. Alleen und Blumen und Frauen. Und ein Bewunderer.\u201c<\/em><\/p>\n<p>Man muss dieses kleine lyrische Schmankerl nicht gut finden, aber einig darin, dass diese Zeilen in keiner Weise eine, wie AStA-VertreterI*nnen &#8211; wer sonst als MenschI*nnen mit viel Tagesfreizeit und wenig entspannenden Happy Ends &#8211; Herabsetzung der Frau zu einem \u201ebewunderungsw\u00fcrdigen Objekt\u201c darstellen.<\/p>\n<p>Diesen angehenden ElitI*nnen Deutschlands ist die Pointe wohl entgangen, dass man, Verzeihung, frau niemand herabsetzen kann, den man, Verzeihung, frau als bewunderungsw\u00fcrdig bezeichnet. So viel Finesse bzw. einen auch nur rudiment\u00e4r vorhandenen Verstand haben dann diese K\u00e4mpferI*nnen &#8211; ja f\u00fcr was eigentlich? &#8211; doch nicht.<\/p>\n<p>Es sind, um mit Nietzsches Worten zu sprechen, die Ressentiments der Zu-kurz-Gekommenen, die ihre Sklavenmoral als ma\u00dfgebliche Ideologie etablieren wollen. Es sind, so jedenfalls meine Spekulation, nur \u00e4u\u00dferlich weiblich erscheinende Typen, die es nicht verkraften, dass andere ihrer GeschlechtsgenossI*nnen sch\u00f6ner, intelligenter, erfolgreicher, erotischer, wohlhabender, gl\u00fccklicher und lebenskr\u00e4ftiger sind.<\/p>\n<p>Wie sehr diese im prek\u00e4ren Zustand der geistigen Armut sich befindenden Frauen es auch darstellen m\u00f6gen und mit welchen <a href=\"http:\/\/www.asta.asfh-berlin.de\/de\/News\/offener-brief-gegen-gedicht-an-der-hochschulfassade.html\" target=\"_blank\" rel=\"noopener\">verschwurbelten<\/a> Argumenten sie auch daherkommen, im Geist sind diese unertr\u00e4glichen Weiber den Taliban tief verbunden. Wenn Mann und Frau, wenn also die Gesellschaft diese kranken Typen nicht endlich stoppt, dann ist es nur eine Frage der Zeit, bis deutsche Frauen dazu gezwungen werden, einen undurchsichtigen Ganzk\u00f6rperkondom zu tragen. Denn nur wenn Mann die Sch\u00f6nheit der Frauen nicht mehr sieht, dann ist die Gleichheit erreicht &#8211; meinen jedenfalls diese verkn\u00f6cherten Weiber. Wenn die sich da mal nicht irren&#8230;<\/p>\n","protected":false},"excerpt":{"rendered":"<p>Wenn Fundamentalisten, egal welcher Couleur, ihren nicht vorhandenen Verstand demonstrieren wollen, besteht das Resultat in der Regel aus Vernichtung, Verbannung und, bei radikalen Islamisten, sogar T\u00f6tung. So wurden, nur ein Beispiel, die Buddha-Statuen von Bamiyan von den Taliban zerst\u00f6rt.<\/p>\n","protected":false},"author":1,"featured_media":0,"comment_status":"open","ping_status":"open","sticky":false,"template":"","format":"standard","meta":{"footnotes":""},"categories":[1,4],"tags":[965,966,963,964,962],"class_list":["post-1580","post","type-post","status-publish","format-standard","hentry","category-fundstuecke","category-hauptstadtpossen","tag-alice-salomon-hochschule","tag-eugen-gomringer","tag-fanatiker","tag-fundamentalisten","tag-taliban"],"yoast_head":"<!-- This site is optimized with the Yoast SEO plugin v27.5 - https:\/\/yoast.com\/product\/yoast-seo-wordpress\/ -->\n<title>Die Taliban sind unter uns - Zeitgeist? Frei!<\/title>\n<meta name=\"robots\" content=\"index, follow, max-snippet:-1, max-image-preview:large, max-video-preview:-1\" \/>\n<link rel=\"canonical\" href=\"https:\/\/www.inkultura-online.de\/politisch_unkorrekt\/die-taliban-sind-unter-uns\/\" \/>\n<meta property=\"og:locale\" content=\"de_DE\" \/>\n<meta property=\"og:type\" content=\"article\" \/>\n<meta property=\"og:title\" content=\"Die Taliban sind unter uns - Zeitgeist? Frei!\" \/>\n<meta property=\"og:description\" content=\"Wenn Fundamentalisten, egal welcher Couleur, ihren nicht vorhandenen Verstand demonstrieren wollen, besteht das Resultat in der Regel aus Vernichtung, Verbannung und, bei radikalen Islamisten, sogar T\u00f6tung. So wurden, nur ein Beispiel, die Buddha-Statuen von Bamiyan von den Taliban zerst\u00f6rt.\" \/>\n<meta property=\"og:url\" content=\"https:\/\/www.inkultura-online.de\/politisch_unkorrekt\/die-taliban-sind-unter-uns\/\" \/>\n<meta property=\"og:site_name\" content=\"Zeitgeist? Frei!\" \/>\n<meta property=\"article:published_time\" content=\"2017-08-30T17:33:03+00:00\" \/>\n<meta property=\"article:modified_time\" content=\"2017-08-30T17:39:14+00:00\" \/>\n<meta name=\"author\" content=\"Orator\" \/>\n<meta name=\"twitter:label1\" content=\"Verfasst von\" \/>\n\t<meta name=\"twitter:data1\" content=\"Orator\" \/>\n\t<meta name=\"twitter:label2\" content=\"Gesch\u00e4tzte Lesezeit\" \/>\n\t<meta name=\"twitter:data2\" content=\"2\u00a0Minuten\" \/>\n<script type=\"application\/ld+json\" class=\"yoast-schema-graph\">{\"@context\":\"https:\\\/\\\/schema.org\",\"@graph\":[{\"@type\":\"Article\",\"@id\":\"https:\\\/\\\/www.inkultura-online.de\\\/politisch_unkorrekt\\\/die-taliban-sind-unter-uns\\\/#article\",\"isPartOf\":{\"@id\":\"https:\\\/\\\/www.inkultura-online.de\\\/politisch_unkorrekt\\\/die-taliban-sind-unter-uns\\\/\"},\"author\":{\"name\":\"Orator\",\"@id\":\"https:\\\/\\\/www.inkultura-online.de\\\/politisch_unkorrekt\\\/#\\\/schema\\\/person\\\/5b30b80e385478896a1de221e1994d86\"},\"headline\":\"Die Taliban sind unter uns\",\"datePublished\":\"2017-08-30T17:33:03+00:00\",\"dateModified\":\"2017-08-30T17:39:14+00:00\",\"mainEntityOfPage\":{\"@id\":\"https:\\\/\\\/www.inkultura-online.de\\\/politisch_unkorrekt\\\/die-taliban-sind-unter-uns\\\/\"},\"wordCount\":375,\"commentCount\":0,\"publisher\":{\"@id\":\"https:\\\/\\\/www.inkultura-online.de\\\/politisch_unkorrekt\\\/#\\\/schema\\\/person\\\/5b30b80e385478896a1de221e1994d86\"},\"keywords\":[\"Alice Salomon Hochschule\",\"Eugen Gomringer\",\"Fanatiker\",\"Fundamentalisten\",\"Taliban\"],\"articleSection\":[\"Fundst\u00fccke\",\"Hauptstadtpossen\"],\"inLanguage\":\"de\",\"potentialAction\":[{\"@type\":\"CommentAction\",\"name\":\"Comment\",\"target\":[\"https:\\\/\\\/www.inkultura-online.de\\\/politisch_unkorrekt\\\/die-taliban-sind-unter-uns\\\/#respond\"]}]},{\"@type\":\"WebPage\",\"@id\":\"https:\\\/\\\/www.inkultura-online.de\\\/politisch_unkorrekt\\\/die-taliban-sind-unter-uns\\\/\",\"url\":\"https:\\\/\\\/www.inkultura-online.de\\\/politisch_unkorrekt\\\/die-taliban-sind-unter-uns\\\/\",\"name\":\"Die Taliban sind unter uns - Zeitgeist? Frei!\",\"isPartOf\":{\"@id\":\"https:\\\/\\\/www.inkultura-online.de\\\/politisch_unkorrekt\\\/#website\"},\"datePublished\":\"2017-08-30T17:33:03+00:00\",\"dateModified\":\"2017-08-30T17:39:14+00:00\",\"breadcrumb\":{\"@id\":\"https:\\\/\\\/www.inkultura-online.de\\\/politisch_unkorrekt\\\/die-taliban-sind-unter-uns\\\/#breadcrumb\"},\"inLanguage\":\"de\",\"potentialAction\":[{\"@type\":\"ReadAction\",\"target\":[\"https:\\\/\\\/www.inkultura-online.de\\\/politisch_unkorrekt\\\/die-taliban-sind-unter-uns\\\/\"]}]},{\"@type\":\"BreadcrumbList\",\"@id\":\"https:\\\/\\\/www.inkultura-online.de\\\/politisch_unkorrekt\\\/die-taliban-sind-unter-uns\\\/#breadcrumb\",\"itemListElement\":[{\"@type\":\"ListItem\",\"position\":1,\"name\":\"Home\",\"item\":\"https:\\\/\\\/www.inkultura-online.de\\\/politisch_unkorrekt\\\/\"},{\"@type\":\"ListItem\",\"position\":2,\"name\":\"Die Taliban sind unter uns\"}]},{\"@type\":\"WebSite\",\"@id\":\"https:\\\/\\\/www.inkultura-online.de\\\/politisch_unkorrekt\\\/#website\",\"url\":\"https:\\\/\\\/www.inkultura-online.de\\\/politisch_unkorrekt\\\/\",\"name\":\"Zeitgeist? Frei!\",\"description\":\"Was Ihr den Geist der Zeiten hei\u00dft...\",\"publisher\":{\"@id\":\"https:\\\/\\\/www.inkultura-online.de\\\/politisch_unkorrekt\\\/#\\\/schema\\\/person\\\/5b30b80e385478896a1de221e1994d86\"},\"potentialAction\":[{\"@type\":\"SearchAction\",\"target\":{\"@type\":\"EntryPoint\",\"urlTemplate\":\"https:\\\/\\\/www.inkultura-online.de\\\/politisch_unkorrekt\\\/?s={search_term_string}\"},\"query-input\":{\"@type\":\"PropertyValueSpecification\",\"valueRequired\":true,\"valueName\":\"search_term_string\"}}],\"inLanguage\":\"de\"},{\"@type\":[\"Person\",\"Organization\"],\"@id\":\"https:\\\/\\\/www.inkultura-online.de\\\/politisch_unkorrekt\\\/#\\\/schema\\\/person\\\/5b30b80e385478896a1de221e1994d86\",\"name\":\"Orator\",\"image\":{\"@type\":\"ImageObject\",\"inLanguage\":\"de\",\"@id\":\"https:\\\/\\\/secure.gravatar.com\\\/avatar\\\/96e03166d31716e9c437060430eb7605c45a8ce6fb6dab483637ca6915dd0844?s=96&d=mm&r=g\",\"url\":\"https:\\\/\\\/secure.gravatar.com\\\/avatar\\\/96e03166d31716e9c437060430eb7605c45a8ce6fb6dab483637ca6915dd0844?s=96&d=mm&r=g\",\"contentUrl\":\"https:\\\/\\\/secure.gravatar.com\\\/avatar\\\/96e03166d31716e9c437060430eb7605c45a8ce6fb6dab483637ca6915dd0844?s=96&d=mm&r=g\",\"caption\":\"Orator\"},\"logo\":{\"@id\":\"https:\\\/\\\/secure.gravatar.com\\\/avatar\\\/96e03166d31716e9c437060430eb7605c45a8ce6fb6dab483637ca6915dd0844?s=96&d=mm&r=g\"},\"url\":\"https:\\\/\\\/www.inkultura-online.de\\\/politisch_unkorrekt\\\/author\\\/1korrektor21-2\\\/\"}]}<\/script>\n<!-- \/ Yoast SEO plugin. -->","yoast_head_json":{"title":"Die Taliban sind unter uns - Zeitgeist? Frei!","robots":{"index":"index","follow":"follow","max-snippet":"max-snippet:-1","max-image-preview":"max-image-preview:large","max-video-preview":"max-video-preview:-1"},"canonical":"https:\/\/www.inkultura-online.de\/politisch_unkorrekt\/die-taliban-sind-unter-uns\/","og_locale":"de_DE","og_type":"article","og_title":"Die Taliban sind unter uns - Zeitgeist? Frei!","og_description":"Wenn Fundamentalisten, egal welcher Couleur, ihren nicht vorhandenen Verstand demonstrieren wollen, besteht das Resultat in der Regel aus Vernichtung, Verbannung und, bei radikalen Islamisten, sogar T\u00f6tung. So wurden, nur ein Beispiel, die Buddha-Statuen von Bamiyan von den Taliban zerst\u00f6rt.","og_url":"https:\/\/www.inkultura-online.de\/politisch_unkorrekt\/die-taliban-sind-unter-uns\/","og_site_name":"Zeitgeist? Frei!","article_published_time":"2017-08-30T17:33:03+00:00","article_modified_time":"2017-08-30T17:39:14+00:00","author":"Orator","twitter_misc":{"Verfasst von":"Orator","Gesch\u00e4tzte Lesezeit":"2\u00a0Minuten"},"schema":{"@context":"https:\/\/schema.org","@graph":[{"@type":"Article","@id":"https:\/\/www.inkultura-online.de\/politisch_unkorrekt\/die-taliban-sind-unter-uns\/#article","isPartOf":{"@id":"https:\/\/www.inkultura-online.de\/politisch_unkorrekt\/die-taliban-sind-unter-uns\/"},"author":{"name":"Orator","@id":"https:\/\/www.inkultura-online.de\/politisch_unkorrekt\/#\/schema\/person\/5b30b80e385478896a1de221e1994d86"},"headline":"Die Taliban sind unter uns","datePublished":"2017-08-30T17:33:03+00:00","dateModified":"2017-08-30T17:39:14+00:00","mainEntityOfPage":{"@id":"https:\/\/www.inkultura-online.de\/politisch_unkorrekt\/die-taliban-sind-unter-uns\/"},"wordCount":375,"commentCount":0,"publisher":{"@id":"https:\/\/www.inkultura-online.de\/politisch_unkorrekt\/#\/schema\/person\/5b30b80e385478896a1de221e1994d86"},"keywords":["Alice Salomon Hochschule","Eugen Gomringer","Fanatiker","Fundamentalisten","Taliban"],"articleSection":["Fundst\u00fccke","Hauptstadtpossen"],"inLanguage":"de","potentialAction":[{"@type":"CommentAction","name":"Comment","target":["https:\/\/www.inkultura-online.de\/politisch_unkorrekt\/die-taliban-sind-unter-uns\/#respond"]}]},{"@type":"WebPage","@id":"https:\/\/www.inkultura-online.de\/politisch_unkorrekt\/die-taliban-sind-unter-uns\/","url":"https:\/\/www.inkultura-online.de\/politisch_unkorrekt\/die-taliban-sind-unter-uns\/","name":"Die Taliban sind unter uns - Zeitgeist? Frei!","isPartOf":{"@id":"https:\/\/www.inkultura-online.de\/politisch_unkorrekt\/#website"},"datePublished":"2017-08-30T17:33:03+00:00","dateModified":"2017-08-30T17:39:14+00:00","breadcrumb":{"@id":"https:\/\/www.inkultura-online.de\/politisch_unkorrekt\/die-taliban-sind-unter-uns\/#breadcrumb"},"inLanguage":"de","potentialAction":[{"@type":"ReadAction","target":["https:\/\/www.inkultura-online.de\/politisch_unkorrekt\/die-taliban-sind-unter-uns\/"]}]},{"@type":"BreadcrumbList","@id":"https:\/\/www.inkultura-online.de\/politisch_unkorrekt\/die-taliban-sind-unter-uns\/#breadcrumb","itemListElement":[{"@type":"ListItem","position":1,"name":"Home","item":"https:\/\/www.inkultura-online.de\/politisch_unkorrekt\/"},{"@type":"ListItem","position":2,"name":"Die Taliban sind unter uns"}]},{"@type":"WebSite","@id":"https:\/\/www.inkultura-online.de\/politisch_unkorrekt\/#website","url":"https:\/\/www.inkultura-online.de\/politisch_unkorrekt\/","name":"Zeitgeist? Frei!","description":"Was Ihr den Geist der Zeiten hei\u00dft...","publisher":{"@id":"https:\/\/www.inkultura-online.de\/politisch_unkorrekt\/#\/schema\/person\/5b30b80e385478896a1de221e1994d86"},"potentialAction":[{"@type":"SearchAction","target":{"@type":"EntryPoint","urlTemplate":"https:\/\/www.inkultura-online.de\/politisch_unkorrekt\/?s={search_term_string}"},"query-input":{"@type":"PropertyValueSpecification","valueRequired":true,"valueName":"search_term_string"}}],"inLanguage":"de"},{"@type":["Person","Organization"],"@id":"https:\/\/www.inkultura-online.de\/politisch_unkorrekt\/#\/schema\/person\/5b30b80e385478896a1de221e1994d86","name":"Orator","image":{"@type":"ImageObject","inLanguage":"de","@id":"https:\/\/secure.gravatar.com\/avatar\/96e03166d31716e9c437060430eb7605c45a8ce6fb6dab483637ca6915dd0844?s=96&d=mm&r=g","url":"https:\/\/secure.gravatar.com\/avatar\/96e03166d31716e9c437060430eb7605c45a8ce6fb6dab483637ca6915dd0844?s=96&d=mm&r=g","contentUrl":"https:\/\/secure.gravatar.com\/avatar\/96e03166d31716e9c437060430eb7605c45a8ce6fb6dab483637ca6915dd0844?s=96&d=mm&r=g","caption":"Orator"},"logo":{"@id":"https:\/\/secure.gravatar.com\/avatar\/96e03166d31716e9c437060430eb7605c45a8ce6fb6dab483637ca6915dd0844?s=96&d=mm&r=g"},"url":"https:\/\/www.inkultura-online.de\/politisch_unkorrekt\/author\/1korrektor21-2\/"}]}},"_links":{"self":[{"href":"https:\/\/www.inkultura-online.de\/politisch_unkorrekt\/wp-json\/wp\/v2\/posts\/1580","targetHints":{"allow":["GET"]}}],"collection":[{"href":"https:\/\/www.inkultura-online.de\/politisch_unkorrekt\/wp-json\/wp\/v2\/posts"}],"about":[{"href":"https:\/\/www.inkultura-online.de\/politisch_unkorrekt\/wp-json\/wp\/v2\/types\/post"}],"author":[{"embeddable":true,"href":"https:\/\/www.inkultura-online.de\/politisch_unkorrekt\/wp-json\/wp\/v2\/users\/1"}],"replies":[{"embeddable":true,"href":"https:\/\/www.inkultura-online.de\/politisch_unkorrekt\/wp-json\/wp\/v2\/comments?post=1580"}],"version-history":[{"count":4,"href":"https:\/\/www.inkultura-online.de\/politisch_unkorrekt\/wp-json\/wp\/v2\/posts\/1580\/revisions"}],"predecessor-version":[{"id":1584,"href":"https:\/\/www.inkultura-online.de\/politisch_unkorrekt\/wp-json\/wp\/v2\/posts\/1580\/revisions\/1584"}],"wp:attachment":[{"href":"https:\/\/www.inkultura-online.de\/politisch_unkorrekt\/wp-json\/wp\/v2\/media?parent=1580"}],"wp:term":[{"taxonomy":"category","embeddable":true,"href":"https:\/\/www.inkultura-online.de\/politisch_unkorrekt\/wp-json\/wp\/v2\/categories?post=1580"},{"taxonomy":"post_tag","embeddable":true,"href":"https:\/\/www.inkultura-online.de\/politisch_unkorrekt\/wp-json\/wp\/v2\/tags?post=1580"}],"curies":[{"name":"wp","href":"https:\/\/api.w.org\/{rel}","templated":true}]}}