{"id":1595,"date":"2017-09-16T18:28:59","date_gmt":"2017-09-16T16:28:59","guid":{"rendered":"http:\/\/www.inkultura-online.de\/politisch_unkorrekt\/?p=1595"},"modified":"2017-09-16T18:28:59","modified_gmt":"2017-09-16T16:28:59","slug":"was-nicht-in-der-lueckenpresse-zu-lesen-war","status":"publish","type":"post","link":"https:\/\/www.inkultura-online.de\/politisch_unkorrekt\/was-nicht-in-der-lueckenpresse-zu-lesen-war\/","title":{"rendered":"Was nicht in der L\u00fcckenpresse zu lesen war"},"content":{"rendered":"<p>Kurz vor der Bundestagswahl, die viele B\u00fcrger als die verweigerte Volksabstimmung \u00fcber Einwanderung betrachten, wird von Merkels Hofberichterstattern alles verschwiegen, was die, wenn es sie denn \u00fcberhaupt geben sollte, \u201enoch unentschiedenen W\u00e4hler\u201c f\u00fcr eine Entscheidung zugunsten einer patriotischen Partei bewegen k\u00f6nnte.<!--more--><\/p>\n<p>Deshalb lohnt derzeit besonders ein Blick in die ausl\u00e4ndischen Medien, die sich keinen Maulkorb verordnet haben. So berichtet die <a href=\"http:\/\/www.wienerzeitung.at\/nachrichten\/europa\/europaeische_union\/912264_Erdogan-oeffnet-die-Schleusen.html\" target=\"_blank\" rel=\"noopener\">Wiener Zeitung<\/a>, dass die T\u00fcrkei ihre Aktionen gegen Schlepperorganisationen in der \u00c4g\u00e4is ausgesetzt hat.<\/p>\n<p>Derweil sind auch zwei islamisch motivierte Attacken in Frankreich leider der Aufmerksamkeit der hiesigen L\u00fcckenpresse entgangen. <a href=\"https:\/\/m6info.yahoo.com\/paris-un-militaire-de-sentinelle-agresse-au-couteau-dans-le-metro-063317970.html\" target=\"_blank\" rel=\"noopener\">Hier<\/a> und <a href=\"http:\/\/www.lefigaro.fr\/flash-actu\/2017\/09\/15\/97001-20170915FILWWW00189-attaque-au-marteau-a-chalon-sur-saone-la-piste-psychiatrique-privilegiee.php\" target=\"_blank\" rel=\"noopener\">hier<\/a><\/p>\n","protected":false},"excerpt":{"rendered":"<p>Kurz vor der Bundestagswahl, die viele B\u00fcrger als die verweigerte Volksabstimmung \u00fcber Einwanderung betrachten, wird von Merkels Hofberichterstattern alles verschwiegen, was die, wenn es sie denn \u00fcberhaupt geben sollte, \u201enoch unentschiedenen W\u00e4hler\u201c f\u00fcr eine Entscheidung zugunsten einer patriotischen Partei bewegen &hellip; <a href=\"https:\/\/www.inkultura-online.de\/politisch_unkorrekt\/was-nicht-in-der-lueckenpresse-zu-lesen-war\/\">Weiterlesen <span class=\"meta-nav\">&rarr;<\/span><\/a><\/p>\n","protected":false},"author":1,"featured_media":0,"comment_status":"open","ping_status":"open","sticky":false,"template":"","format":"standard","meta":{"footnotes":""},"categories":[1,11],"tags":[971,918,19,972],"class_list":["post-1595","post","type-post","status-publish","format-standard","hentry","category-fundstuecke","category-was-die-qualitaetspresse-gern-verschweigt","tag-hofberichterstatter","tag-lueckenpresse","tag-migranten","tag-volksabstimmung"],"yoast_head":"<!-- This site is optimized with the Yoast SEO plugin v27.5 - https:\/\/yoast.com\/product\/yoast-seo-wordpress\/ -->\n<title>Was nicht in der L\u00fcckenpresse zu lesen war - Zeitgeist? Frei!<\/title>\n<meta name=\"robots\" content=\"index, follow, max-snippet:-1, max-image-preview:large, max-video-preview:-1\" \/>\n<link rel=\"canonical\" href=\"https:\/\/www.inkultura-online.de\/politisch_unkorrekt\/was-nicht-in-der-lueckenpresse-zu-lesen-war\/\" \/>\n<meta property=\"og:locale\" content=\"de_DE\" \/>\n<meta property=\"og:type\" content=\"article\" \/>\n<meta property=\"og:title\" content=\"Was nicht in der L\u00fcckenpresse zu lesen war - Zeitgeist? Frei!\" \/>\n<meta property=\"og:description\" content=\"Kurz vor der Bundestagswahl, die viele B\u00fcrger als die verweigerte Volksabstimmung \u00fcber Einwanderung betrachten, wird von Merkels Hofberichterstattern alles verschwiegen, was die, wenn es sie denn \u00fcberhaupt geben sollte, \u201enoch unentschiedenen W\u00e4hler\u201c f\u00fcr eine Entscheidung zugunsten einer patriotischen Partei bewegen &hellip; Weiterlesen &rarr;\" \/>\n<meta property=\"og:url\" content=\"https:\/\/www.inkultura-online.de\/politisch_unkorrekt\/was-nicht-in-der-lueckenpresse-zu-lesen-war\/\" \/>\n<meta property=\"og:site_name\" content=\"Zeitgeist? Frei!\" \/>\n<meta property=\"article:published_time\" content=\"2017-09-16T16:28:59+00:00\" \/>\n<meta name=\"author\" content=\"Orator\" \/>\n<meta name=\"twitter:label1\" content=\"Verfasst von\" \/>\n\t<meta name=\"twitter:data1\" content=\"Orator\" \/>\n\t<meta name=\"twitter:label2\" content=\"Gesch\u00e4tzte Lesezeit\" \/>\n\t<meta name=\"twitter:data2\" content=\"1\u00a0Minute\" \/>\n<script type=\"application\/ld+json\" class=\"yoast-schema-graph\">{\"@context\":\"https:\\\/\\\/schema.org\",\"@graph\":[{\"@type\":\"Article\",\"@id\":\"https:\\\/\\\/www.inkultura-online.de\\\/politisch_unkorrekt\\\/was-nicht-in-der-lueckenpresse-zu-lesen-war\\\/#article\",\"isPartOf\":{\"@id\":\"https:\\\/\\\/www.inkultura-online.de\\\/politisch_unkorrekt\\\/was-nicht-in-der-lueckenpresse-zu-lesen-war\\\/\"},\"author\":{\"name\":\"Orator\",\"@id\":\"https:\\\/\\\/www.inkultura-online.de\\\/politisch_unkorrekt\\\/#\\\/schema\\\/person\\\/5b30b80e385478896a1de221e1994d86\"},\"headline\":\"Was nicht in der L\u00fcckenpresse zu lesen war\",\"datePublished\":\"2017-09-16T16:28:59+00:00\",\"mainEntityOfPage\":{\"@id\":\"https:\\\/\\\/www.inkultura-online.de\\\/politisch_unkorrekt\\\/was-nicht-in-der-lueckenpresse-zu-lesen-war\\\/\"},\"wordCount\":110,\"commentCount\":0,\"publisher\":{\"@id\":\"https:\\\/\\\/www.inkultura-online.de\\\/politisch_unkorrekt\\\/#\\\/schema\\\/person\\\/5b30b80e385478896a1de221e1994d86\"},\"keywords\":[\"Hofberichterstatter\",\"L\u00fcckenpresse\",\"Migranten\",\"Volksabstimmung\"],\"articleSection\":[\"Fundst\u00fccke\",\"Was die \\\"Qualit\u00e4tspresse\\\" gern verschweigt\"],\"inLanguage\":\"de\",\"potentialAction\":[{\"@type\":\"CommentAction\",\"name\":\"Comment\",\"target\":[\"https:\\\/\\\/www.inkultura-online.de\\\/politisch_unkorrekt\\\/was-nicht-in-der-lueckenpresse-zu-lesen-war\\\/#respond\"]}]},{\"@type\":\"WebPage\",\"@id\":\"https:\\\/\\\/www.inkultura-online.de\\\/politisch_unkorrekt\\\/was-nicht-in-der-lueckenpresse-zu-lesen-war\\\/\",\"url\":\"https:\\\/\\\/www.inkultura-online.de\\\/politisch_unkorrekt\\\/was-nicht-in-der-lueckenpresse-zu-lesen-war\\\/\",\"name\":\"Was nicht in der L\u00fcckenpresse zu lesen war - Zeitgeist? Frei!\",\"isPartOf\":{\"@id\":\"https:\\\/\\\/www.inkultura-online.de\\\/politisch_unkorrekt\\\/#website\"},\"datePublished\":\"2017-09-16T16:28:59+00:00\",\"breadcrumb\":{\"@id\":\"https:\\\/\\\/www.inkultura-online.de\\\/politisch_unkorrekt\\\/was-nicht-in-der-lueckenpresse-zu-lesen-war\\\/#breadcrumb\"},\"inLanguage\":\"de\",\"potentialAction\":[{\"@type\":\"ReadAction\",\"target\":[\"https:\\\/\\\/www.inkultura-online.de\\\/politisch_unkorrekt\\\/was-nicht-in-der-lueckenpresse-zu-lesen-war\\\/\"]}]},{\"@type\":\"BreadcrumbList\",\"@id\":\"https:\\\/\\\/www.inkultura-online.de\\\/politisch_unkorrekt\\\/was-nicht-in-der-lueckenpresse-zu-lesen-war\\\/#breadcrumb\",\"itemListElement\":[{\"@type\":\"ListItem\",\"position\":1,\"name\":\"Home\",\"item\":\"https:\\\/\\\/www.inkultura-online.de\\\/politisch_unkorrekt\\\/\"},{\"@type\":\"ListItem\",\"position\":2,\"name\":\"Was nicht in der L\u00fcckenpresse zu lesen war\"}]},{\"@type\":\"WebSite\",\"@id\":\"https:\\\/\\\/www.inkultura-online.de\\\/politisch_unkorrekt\\\/#website\",\"url\":\"https:\\\/\\\/www.inkultura-online.de\\\/politisch_unkorrekt\\\/\",\"name\":\"Zeitgeist? Frei!\",\"description\":\"Was Ihr den Geist der Zeiten hei\u00dft...\",\"publisher\":{\"@id\":\"https:\\\/\\\/www.inkultura-online.de\\\/politisch_unkorrekt\\\/#\\\/schema\\\/person\\\/5b30b80e385478896a1de221e1994d86\"},\"potentialAction\":[{\"@type\":\"SearchAction\",\"target\":{\"@type\":\"EntryPoint\",\"urlTemplate\":\"https:\\\/\\\/www.inkultura-online.de\\\/politisch_unkorrekt\\\/?s={search_term_string}\"},\"query-input\":{\"@type\":\"PropertyValueSpecification\",\"valueRequired\":true,\"valueName\":\"search_term_string\"}}],\"inLanguage\":\"de\"},{\"@type\":[\"Person\",\"Organization\"],\"@id\":\"https:\\\/\\\/www.inkultura-online.de\\\/politisch_unkorrekt\\\/#\\\/schema\\\/person\\\/5b30b80e385478896a1de221e1994d86\",\"name\":\"Orator\",\"image\":{\"@type\":\"ImageObject\",\"inLanguage\":\"de\",\"@id\":\"https:\\\/\\\/secure.gravatar.com\\\/avatar\\\/96e03166d31716e9c437060430eb7605c45a8ce6fb6dab483637ca6915dd0844?s=96&d=mm&r=g\",\"url\":\"https:\\\/\\\/secure.gravatar.com\\\/avatar\\\/96e03166d31716e9c437060430eb7605c45a8ce6fb6dab483637ca6915dd0844?s=96&d=mm&r=g\",\"contentUrl\":\"https:\\\/\\\/secure.gravatar.com\\\/avatar\\\/96e03166d31716e9c437060430eb7605c45a8ce6fb6dab483637ca6915dd0844?s=96&d=mm&r=g\",\"caption\":\"Orator\"},\"logo\":{\"@id\":\"https:\\\/\\\/secure.gravatar.com\\\/avatar\\\/96e03166d31716e9c437060430eb7605c45a8ce6fb6dab483637ca6915dd0844?s=96&d=mm&r=g\"},\"url\":\"https:\\\/\\\/www.inkultura-online.de\\\/politisch_unkorrekt\\\/author\\\/1korrektor21-2\\\/\"}]}<\/script>\n<!-- \/ Yoast SEO plugin. -->","yoast_head_json":{"title":"Was nicht in der L\u00fcckenpresse zu lesen war - Zeitgeist? Frei!","robots":{"index":"index","follow":"follow","max-snippet":"max-snippet:-1","max-image-preview":"max-image-preview:large","max-video-preview":"max-video-preview:-1"},"canonical":"https:\/\/www.inkultura-online.de\/politisch_unkorrekt\/was-nicht-in-der-lueckenpresse-zu-lesen-war\/","og_locale":"de_DE","og_type":"article","og_title":"Was nicht in der L\u00fcckenpresse zu lesen war - Zeitgeist? Frei!","og_description":"Kurz vor der Bundestagswahl, die viele B\u00fcrger als die verweigerte Volksabstimmung \u00fcber Einwanderung betrachten, wird von Merkels Hofberichterstattern alles verschwiegen, was die, wenn es sie denn \u00fcberhaupt geben sollte, \u201enoch unentschiedenen W\u00e4hler\u201c f\u00fcr eine Entscheidung zugunsten einer patriotischen Partei bewegen &hellip; Weiterlesen &rarr;","og_url":"https:\/\/www.inkultura-online.de\/politisch_unkorrekt\/was-nicht-in-der-lueckenpresse-zu-lesen-war\/","og_site_name":"Zeitgeist? Frei!","article_published_time":"2017-09-16T16:28:59+00:00","author":"Orator","twitter_misc":{"Verfasst von":"Orator","Gesch\u00e4tzte Lesezeit":"1\u00a0Minute"},"schema":{"@context":"https:\/\/schema.org","@graph":[{"@type":"Article","@id":"https:\/\/www.inkultura-online.de\/politisch_unkorrekt\/was-nicht-in-der-lueckenpresse-zu-lesen-war\/#article","isPartOf":{"@id":"https:\/\/www.inkultura-online.de\/politisch_unkorrekt\/was-nicht-in-der-lueckenpresse-zu-lesen-war\/"},"author":{"name":"Orator","@id":"https:\/\/www.inkultura-online.de\/politisch_unkorrekt\/#\/schema\/person\/5b30b80e385478896a1de221e1994d86"},"headline":"Was nicht in der L\u00fcckenpresse zu lesen war","datePublished":"2017-09-16T16:28:59+00:00","mainEntityOfPage":{"@id":"https:\/\/www.inkultura-online.de\/politisch_unkorrekt\/was-nicht-in-der-lueckenpresse-zu-lesen-war\/"},"wordCount":110,"commentCount":0,"publisher":{"@id":"https:\/\/www.inkultura-online.de\/politisch_unkorrekt\/#\/schema\/person\/5b30b80e385478896a1de221e1994d86"},"keywords":["Hofberichterstatter","L\u00fcckenpresse","Migranten","Volksabstimmung"],"articleSection":["Fundst\u00fccke","Was die \"Qualit\u00e4tspresse\" gern verschweigt"],"inLanguage":"de","potentialAction":[{"@type":"CommentAction","name":"Comment","target":["https:\/\/www.inkultura-online.de\/politisch_unkorrekt\/was-nicht-in-der-lueckenpresse-zu-lesen-war\/#respond"]}]},{"@type":"WebPage","@id":"https:\/\/www.inkultura-online.de\/politisch_unkorrekt\/was-nicht-in-der-lueckenpresse-zu-lesen-war\/","url":"https:\/\/www.inkultura-online.de\/politisch_unkorrekt\/was-nicht-in-der-lueckenpresse-zu-lesen-war\/","name":"Was nicht in der L\u00fcckenpresse zu lesen war - Zeitgeist? Frei!","isPartOf":{"@id":"https:\/\/www.inkultura-online.de\/politisch_unkorrekt\/#website"},"datePublished":"2017-09-16T16:28:59+00:00","breadcrumb":{"@id":"https:\/\/www.inkultura-online.de\/politisch_unkorrekt\/was-nicht-in-der-lueckenpresse-zu-lesen-war\/#breadcrumb"},"inLanguage":"de","potentialAction":[{"@type":"ReadAction","target":["https:\/\/www.inkultura-online.de\/politisch_unkorrekt\/was-nicht-in-der-lueckenpresse-zu-lesen-war\/"]}]},{"@type":"BreadcrumbList","@id":"https:\/\/www.inkultura-online.de\/politisch_unkorrekt\/was-nicht-in-der-lueckenpresse-zu-lesen-war\/#breadcrumb","itemListElement":[{"@type":"ListItem","position":1,"name":"Home","item":"https:\/\/www.inkultura-online.de\/politisch_unkorrekt\/"},{"@type":"ListItem","position":2,"name":"Was nicht in der L\u00fcckenpresse zu lesen war"}]},{"@type":"WebSite","@id":"https:\/\/www.inkultura-online.de\/politisch_unkorrekt\/#website","url":"https:\/\/www.inkultura-online.de\/politisch_unkorrekt\/","name":"Zeitgeist? Frei!","description":"Was Ihr den Geist der Zeiten hei\u00dft...","publisher":{"@id":"https:\/\/www.inkultura-online.de\/politisch_unkorrekt\/#\/schema\/person\/5b30b80e385478896a1de221e1994d86"},"potentialAction":[{"@type":"SearchAction","target":{"@type":"EntryPoint","urlTemplate":"https:\/\/www.inkultura-online.de\/politisch_unkorrekt\/?s={search_term_string}"},"query-input":{"@type":"PropertyValueSpecification","valueRequired":true,"valueName":"search_term_string"}}],"inLanguage":"de"},{"@type":["Person","Organization"],"@id":"https:\/\/www.inkultura-online.de\/politisch_unkorrekt\/#\/schema\/person\/5b30b80e385478896a1de221e1994d86","name":"Orator","image":{"@type":"ImageObject","inLanguage":"de","@id":"https:\/\/secure.gravatar.com\/avatar\/96e03166d31716e9c437060430eb7605c45a8ce6fb6dab483637ca6915dd0844?s=96&d=mm&r=g","url":"https:\/\/secure.gravatar.com\/avatar\/96e03166d31716e9c437060430eb7605c45a8ce6fb6dab483637ca6915dd0844?s=96&d=mm&r=g","contentUrl":"https:\/\/secure.gravatar.com\/avatar\/96e03166d31716e9c437060430eb7605c45a8ce6fb6dab483637ca6915dd0844?s=96&d=mm&r=g","caption":"Orator"},"logo":{"@id":"https:\/\/secure.gravatar.com\/avatar\/96e03166d31716e9c437060430eb7605c45a8ce6fb6dab483637ca6915dd0844?s=96&d=mm&r=g"},"url":"https:\/\/www.inkultura-online.de\/politisch_unkorrekt\/author\/1korrektor21-2\/"}]}},"_links":{"self":[{"href":"https:\/\/www.inkultura-online.de\/politisch_unkorrekt\/wp-json\/wp\/v2\/posts\/1595","targetHints":{"allow":["GET"]}}],"collection":[{"href":"https:\/\/www.inkultura-online.de\/politisch_unkorrekt\/wp-json\/wp\/v2\/posts"}],"about":[{"href":"https:\/\/www.inkultura-online.de\/politisch_unkorrekt\/wp-json\/wp\/v2\/types\/post"}],"author":[{"embeddable":true,"href":"https:\/\/www.inkultura-online.de\/politisch_unkorrekt\/wp-json\/wp\/v2\/users\/1"}],"replies":[{"embeddable":true,"href":"https:\/\/www.inkultura-online.de\/politisch_unkorrekt\/wp-json\/wp\/v2\/comments?post=1595"}],"version-history":[{"count":1,"href":"https:\/\/www.inkultura-online.de\/politisch_unkorrekt\/wp-json\/wp\/v2\/posts\/1595\/revisions"}],"predecessor-version":[{"id":1596,"href":"https:\/\/www.inkultura-online.de\/politisch_unkorrekt\/wp-json\/wp\/v2\/posts\/1595\/revisions\/1596"}],"wp:attachment":[{"href":"https:\/\/www.inkultura-online.de\/politisch_unkorrekt\/wp-json\/wp\/v2\/media?parent=1595"}],"wp:term":[{"taxonomy":"category","embeddable":true,"href":"https:\/\/www.inkultura-online.de\/politisch_unkorrekt\/wp-json\/wp\/v2\/categories?post=1595"},{"taxonomy":"post_tag","embeddable":true,"href":"https:\/\/www.inkultura-online.de\/politisch_unkorrekt\/wp-json\/wp\/v2\/tags?post=1595"}],"curies":[{"name":"wp","href":"https:\/\/api.w.org\/{rel}","templated":true}]}}