{"id":1678,"date":"2018-01-20T17:48:09","date_gmt":"2018-01-20T15:48:09","guid":{"rendered":"http:\/\/www.inkultura-online.de\/politisch_unkorrekt\/?p=1678"},"modified":"2018-01-20T17:48:09","modified_gmt":"2018-01-20T15:48:09","slug":"ich-bin-einer-ein-besorgter-buerger-lachen-sie-mich-jetzt-aus","status":"publish","type":"post","link":"https:\/\/www.inkultura-online.de\/politisch_unkorrekt\/ich-bin-einer-ein-besorgter-buerger-lachen-sie-mich-jetzt-aus\/","title":{"rendered":"Ich bin einer. Ein besorgter B\u00fcrger. Lachen Sie mich jetzt aus."},"content":{"rendered":"<p>Von Thilo Schneider<\/p>\n<p>Ich habe eine 19-j\u00e4hrige Tochter. Ein, wie ich finde, h\u00fcbsches und strebsames M\u00e4dchen, das lustig und sensibel zugleich ist. Fr\u00fcher, also vor 36 Monaten, hat mich das nicht sonderlich interessiert, wenn sie alleine oder mit einer Freundin in die Stadt oder in die Disco ging. Ich fand es toll, wenn sie mit Freundinnen mit dem Zug in die deutschen Gro\u00dfst\u00e4dte fuhr, um sich die anzugucken und vielleicht, um zu feiern. Sie ist jung, voller Leben, sie hat das verdammte Recht, sich die Welt anzusehen.<\/p>\n<p>Weiter <a href=\"http:\/\/www.achgut.com\/artikel\/ich_bin_einer._ein_besorgter_buerger._lachen_sie_mich_jetzt_aus\" target=\"_blank\" rel=\"noopener\">auf der Achse<\/a><\/p>\n","protected":false},"excerpt":{"rendered":"<p>Von Thilo Schneider Ich habe eine 19-j\u00e4hrige Tochter. Ein, wie ich finde, h\u00fcbsches und strebsames M\u00e4dchen, das lustig und sensibel zugleich ist. Fr\u00fcher, also vor 36 Monaten, hat mich das nicht sonderlich interessiert, wenn sie alleine oder mit einer Freundin &hellip; <a href=\"https:\/\/www.inkultura-online.de\/politisch_unkorrekt\/ich-bin-einer-ein-besorgter-buerger-lachen-sie-mich-jetzt-aus\/\">Weiterlesen <span class=\"meta-nav\">&rarr;<\/span><\/a><\/p>\n","protected":false},"author":1,"featured_media":0,"comment_status":"open","ping_status":"open","sticky":false,"template":"","format":"standard","meta":{"footnotes":""},"categories":[1],"tags":[1034,21,957,1032,136,1033],"class_list":["post-1678","post","type-post","status-publish","format-standard","hentry","category-fundstuecke","tag-frauenverachtung","tag-islam","tag-merkels-goldstuecke","tag-migrantengewalt","tag-moslems","tag-vergewaltigungen"],"yoast_head":"<!-- This site is optimized with the Yoast SEO plugin v27.5 - https:\/\/yoast.com\/product\/yoast-seo-wordpress\/ -->\n<title>Ich bin einer. Ein besorgter B\u00fcrger. Lachen Sie mich jetzt aus. - Zeitgeist? Frei!<\/title>\n<meta name=\"robots\" content=\"index, follow, max-snippet:-1, max-image-preview:large, max-video-preview:-1\" \/>\n<link rel=\"canonical\" href=\"https:\/\/www.inkultura-online.de\/politisch_unkorrekt\/ich-bin-einer-ein-besorgter-buerger-lachen-sie-mich-jetzt-aus\/\" \/>\n<meta property=\"og:locale\" content=\"de_DE\" \/>\n<meta property=\"og:type\" content=\"article\" \/>\n<meta property=\"og:title\" content=\"Ich bin einer. Ein besorgter B\u00fcrger. Lachen Sie mich jetzt aus. - Zeitgeist? Frei!\" \/>\n<meta property=\"og:description\" content=\"Von Thilo Schneider Ich habe eine 19-j\u00e4hrige Tochter. Ein, wie ich finde, h\u00fcbsches und strebsames M\u00e4dchen, das lustig und sensibel zugleich ist. Fr\u00fcher, also vor 36 Monaten, hat mich das nicht sonderlich interessiert, wenn sie alleine oder mit einer Freundin &hellip; Weiterlesen &rarr;\" \/>\n<meta property=\"og:url\" content=\"https:\/\/www.inkultura-online.de\/politisch_unkorrekt\/ich-bin-einer-ein-besorgter-buerger-lachen-sie-mich-jetzt-aus\/\" \/>\n<meta property=\"og:site_name\" content=\"Zeitgeist? Frei!\" \/>\n<meta property=\"article:published_time\" content=\"2018-01-20T15:48:09+00:00\" \/>\n<meta name=\"author\" content=\"Orator\" \/>\n<meta name=\"twitter:label1\" content=\"Verfasst von\" \/>\n\t<meta name=\"twitter:data1\" content=\"Orator\" \/>\n<script type=\"application\/ld+json\" class=\"yoast-schema-graph\">{\"@context\":\"https:\\\/\\\/schema.org\",\"@graph\":[{\"@type\":\"Article\",\"@id\":\"https:\\\/\\\/www.inkultura-online.de\\\/politisch_unkorrekt\\\/ich-bin-einer-ein-besorgter-buerger-lachen-sie-mich-jetzt-aus\\\/#article\",\"isPartOf\":{\"@id\":\"https:\\\/\\\/www.inkultura-online.de\\\/politisch_unkorrekt\\\/ich-bin-einer-ein-besorgter-buerger-lachen-sie-mich-jetzt-aus\\\/\"},\"author\":{\"name\":\"Orator\",\"@id\":\"https:\\\/\\\/www.inkultura-online.de\\\/politisch_unkorrekt\\\/#\\\/schema\\\/person\\\/5b30b80e385478896a1de221e1994d86\"},\"headline\":\"Ich bin einer. Ein besorgter B\u00fcrger. Lachen Sie mich jetzt aus.\",\"datePublished\":\"2018-01-20T15:48:09+00:00\",\"mainEntityOfPage\":{\"@id\":\"https:\\\/\\\/www.inkultura-online.de\\\/politisch_unkorrekt\\\/ich-bin-einer-ein-besorgter-buerger-lachen-sie-mich-jetzt-aus\\\/\"},\"wordCount\":108,\"commentCount\":0,\"publisher\":{\"@id\":\"https:\\\/\\\/www.inkultura-online.de\\\/politisch_unkorrekt\\\/#\\\/schema\\\/person\\\/5b30b80e385478896a1de221e1994d86\"},\"keywords\":[\"Frauenverachtung\",\"Islam\",\"Merkels Goldst\u00fccke\",\"Migrantengewalt\",\"Moslems\",\"Vergewaltigungen\"],\"articleSection\":[\"Fundst\u00fccke\"],\"inLanguage\":\"de\",\"potentialAction\":[{\"@type\":\"CommentAction\",\"name\":\"Comment\",\"target\":[\"https:\\\/\\\/www.inkultura-online.de\\\/politisch_unkorrekt\\\/ich-bin-einer-ein-besorgter-buerger-lachen-sie-mich-jetzt-aus\\\/#respond\"]}]},{\"@type\":\"WebPage\",\"@id\":\"https:\\\/\\\/www.inkultura-online.de\\\/politisch_unkorrekt\\\/ich-bin-einer-ein-besorgter-buerger-lachen-sie-mich-jetzt-aus\\\/\",\"url\":\"https:\\\/\\\/www.inkultura-online.de\\\/politisch_unkorrekt\\\/ich-bin-einer-ein-besorgter-buerger-lachen-sie-mich-jetzt-aus\\\/\",\"name\":\"Ich bin einer. Ein besorgter B\u00fcrger. Lachen Sie mich jetzt aus. - Zeitgeist? Frei!\",\"isPartOf\":{\"@id\":\"https:\\\/\\\/www.inkultura-online.de\\\/politisch_unkorrekt\\\/#website\"},\"datePublished\":\"2018-01-20T15:48:09+00:00\",\"breadcrumb\":{\"@id\":\"https:\\\/\\\/www.inkultura-online.de\\\/politisch_unkorrekt\\\/ich-bin-einer-ein-besorgter-buerger-lachen-sie-mich-jetzt-aus\\\/#breadcrumb\"},\"inLanguage\":\"de\",\"potentialAction\":[{\"@type\":\"ReadAction\",\"target\":[\"https:\\\/\\\/www.inkultura-online.de\\\/politisch_unkorrekt\\\/ich-bin-einer-ein-besorgter-buerger-lachen-sie-mich-jetzt-aus\\\/\"]}]},{\"@type\":\"BreadcrumbList\",\"@id\":\"https:\\\/\\\/www.inkultura-online.de\\\/politisch_unkorrekt\\\/ich-bin-einer-ein-besorgter-buerger-lachen-sie-mich-jetzt-aus\\\/#breadcrumb\",\"itemListElement\":[{\"@type\":\"ListItem\",\"position\":1,\"name\":\"Home\",\"item\":\"https:\\\/\\\/www.inkultura-online.de\\\/politisch_unkorrekt\\\/\"},{\"@type\":\"ListItem\",\"position\":2,\"name\":\"Ich bin einer. Ein besorgter B\u00fcrger. Lachen Sie mich jetzt aus.\"}]},{\"@type\":\"WebSite\",\"@id\":\"https:\\\/\\\/www.inkultura-online.de\\\/politisch_unkorrekt\\\/#website\",\"url\":\"https:\\\/\\\/www.inkultura-online.de\\\/politisch_unkorrekt\\\/\",\"name\":\"Zeitgeist? Frei!\",\"description\":\"Was Ihr den Geist der Zeiten hei\u00dft...\",\"publisher\":{\"@id\":\"https:\\\/\\\/www.inkultura-online.de\\\/politisch_unkorrekt\\\/#\\\/schema\\\/person\\\/5b30b80e385478896a1de221e1994d86\"},\"potentialAction\":[{\"@type\":\"SearchAction\",\"target\":{\"@type\":\"EntryPoint\",\"urlTemplate\":\"https:\\\/\\\/www.inkultura-online.de\\\/politisch_unkorrekt\\\/?s={search_term_string}\"},\"query-input\":{\"@type\":\"PropertyValueSpecification\",\"valueRequired\":true,\"valueName\":\"search_term_string\"}}],\"inLanguage\":\"de\"},{\"@type\":[\"Person\",\"Organization\"],\"@id\":\"https:\\\/\\\/www.inkultura-online.de\\\/politisch_unkorrekt\\\/#\\\/schema\\\/person\\\/5b30b80e385478896a1de221e1994d86\",\"name\":\"Orator\",\"image\":{\"@type\":\"ImageObject\",\"inLanguage\":\"de\",\"@id\":\"https:\\\/\\\/secure.gravatar.com\\\/avatar\\\/96e03166d31716e9c437060430eb7605c45a8ce6fb6dab483637ca6915dd0844?s=96&d=mm&r=g\",\"url\":\"https:\\\/\\\/secure.gravatar.com\\\/avatar\\\/96e03166d31716e9c437060430eb7605c45a8ce6fb6dab483637ca6915dd0844?s=96&d=mm&r=g\",\"contentUrl\":\"https:\\\/\\\/secure.gravatar.com\\\/avatar\\\/96e03166d31716e9c437060430eb7605c45a8ce6fb6dab483637ca6915dd0844?s=96&d=mm&r=g\",\"caption\":\"Orator\"},\"logo\":{\"@id\":\"https:\\\/\\\/secure.gravatar.com\\\/avatar\\\/96e03166d31716e9c437060430eb7605c45a8ce6fb6dab483637ca6915dd0844?s=96&d=mm&r=g\"},\"url\":\"https:\\\/\\\/www.inkultura-online.de\\\/politisch_unkorrekt\\\/author\\\/1korrektor21-2\\\/\"}]}<\/script>\n<!-- \/ Yoast SEO plugin. -->","yoast_head_json":{"title":"Ich bin einer. Ein besorgter B\u00fcrger. Lachen Sie mich jetzt aus. - Zeitgeist? Frei!","robots":{"index":"index","follow":"follow","max-snippet":"max-snippet:-1","max-image-preview":"max-image-preview:large","max-video-preview":"max-video-preview:-1"},"canonical":"https:\/\/www.inkultura-online.de\/politisch_unkorrekt\/ich-bin-einer-ein-besorgter-buerger-lachen-sie-mich-jetzt-aus\/","og_locale":"de_DE","og_type":"article","og_title":"Ich bin einer. Ein besorgter B\u00fcrger. Lachen Sie mich jetzt aus. - Zeitgeist? Frei!","og_description":"Von Thilo Schneider Ich habe eine 19-j\u00e4hrige Tochter. Ein, wie ich finde, h\u00fcbsches und strebsames M\u00e4dchen, das lustig und sensibel zugleich ist. Fr\u00fcher, also vor 36 Monaten, hat mich das nicht sonderlich interessiert, wenn sie alleine oder mit einer Freundin &hellip; Weiterlesen &rarr;","og_url":"https:\/\/www.inkultura-online.de\/politisch_unkorrekt\/ich-bin-einer-ein-besorgter-buerger-lachen-sie-mich-jetzt-aus\/","og_site_name":"Zeitgeist? Frei!","article_published_time":"2018-01-20T15:48:09+00:00","author":"Orator","twitter_misc":{"Verfasst von":"Orator"},"schema":{"@context":"https:\/\/schema.org","@graph":[{"@type":"Article","@id":"https:\/\/www.inkultura-online.de\/politisch_unkorrekt\/ich-bin-einer-ein-besorgter-buerger-lachen-sie-mich-jetzt-aus\/#article","isPartOf":{"@id":"https:\/\/www.inkultura-online.de\/politisch_unkorrekt\/ich-bin-einer-ein-besorgter-buerger-lachen-sie-mich-jetzt-aus\/"},"author":{"name":"Orator","@id":"https:\/\/www.inkultura-online.de\/politisch_unkorrekt\/#\/schema\/person\/5b30b80e385478896a1de221e1994d86"},"headline":"Ich bin einer. Ein besorgter B\u00fcrger. Lachen Sie mich jetzt aus.","datePublished":"2018-01-20T15:48:09+00:00","mainEntityOfPage":{"@id":"https:\/\/www.inkultura-online.de\/politisch_unkorrekt\/ich-bin-einer-ein-besorgter-buerger-lachen-sie-mich-jetzt-aus\/"},"wordCount":108,"commentCount":0,"publisher":{"@id":"https:\/\/www.inkultura-online.de\/politisch_unkorrekt\/#\/schema\/person\/5b30b80e385478896a1de221e1994d86"},"keywords":["Frauenverachtung","Islam","Merkels Goldst\u00fccke","Migrantengewalt","Moslems","Vergewaltigungen"],"articleSection":["Fundst\u00fccke"],"inLanguage":"de","potentialAction":[{"@type":"CommentAction","name":"Comment","target":["https:\/\/www.inkultura-online.de\/politisch_unkorrekt\/ich-bin-einer-ein-besorgter-buerger-lachen-sie-mich-jetzt-aus\/#respond"]}]},{"@type":"WebPage","@id":"https:\/\/www.inkultura-online.de\/politisch_unkorrekt\/ich-bin-einer-ein-besorgter-buerger-lachen-sie-mich-jetzt-aus\/","url":"https:\/\/www.inkultura-online.de\/politisch_unkorrekt\/ich-bin-einer-ein-besorgter-buerger-lachen-sie-mich-jetzt-aus\/","name":"Ich bin einer. Ein besorgter B\u00fcrger. Lachen Sie mich jetzt aus. - Zeitgeist? Frei!","isPartOf":{"@id":"https:\/\/www.inkultura-online.de\/politisch_unkorrekt\/#website"},"datePublished":"2018-01-20T15:48:09+00:00","breadcrumb":{"@id":"https:\/\/www.inkultura-online.de\/politisch_unkorrekt\/ich-bin-einer-ein-besorgter-buerger-lachen-sie-mich-jetzt-aus\/#breadcrumb"},"inLanguage":"de","potentialAction":[{"@type":"ReadAction","target":["https:\/\/www.inkultura-online.de\/politisch_unkorrekt\/ich-bin-einer-ein-besorgter-buerger-lachen-sie-mich-jetzt-aus\/"]}]},{"@type":"BreadcrumbList","@id":"https:\/\/www.inkultura-online.de\/politisch_unkorrekt\/ich-bin-einer-ein-besorgter-buerger-lachen-sie-mich-jetzt-aus\/#breadcrumb","itemListElement":[{"@type":"ListItem","position":1,"name":"Home","item":"https:\/\/www.inkultura-online.de\/politisch_unkorrekt\/"},{"@type":"ListItem","position":2,"name":"Ich bin einer. Ein besorgter B\u00fcrger. Lachen Sie mich jetzt aus."}]},{"@type":"WebSite","@id":"https:\/\/www.inkultura-online.de\/politisch_unkorrekt\/#website","url":"https:\/\/www.inkultura-online.de\/politisch_unkorrekt\/","name":"Zeitgeist? Frei!","description":"Was Ihr den Geist der Zeiten hei\u00dft...","publisher":{"@id":"https:\/\/www.inkultura-online.de\/politisch_unkorrekt\/#\/schema\/person\/5b30b80e385478896a1de221e1994d86"},"potentialAction":[{"@type":"SearchAction","target":{"@type":"EntryPoint","urlTemplate":"https:\/\/www.inkultura-online.de\/politisch_unkorrekt\/?s={search_term_string}"},"query-input":{"@type":"PropertyValueSpecification","valueRequired":true,"valueName":"search_term_string"}}],"inLanguage":"de"},{"@type":["Person","Organization"],"@id":"https:\/\/www.inkultura-online.de\/politisch_unkorrekt\/#\/schema\/person\/5b30b80e385478896a1de221e1994d86","name":"Orator","image":{"@type":"ImageObject","inLanguage":"de","@id":"https:\/\/secure.gravatar.com\/avatar\/96e03166d31716e9c437060430eb7605c45a8ce6fb6dab483637ca6915dd0844?s=96&d=mm&r=g","url":"https:\/\/secure.gravatar.com\/avatar\/96e03166d31716e9c437060430eb7605c45a8ce6fb6dab483637ca6915dd0844?s=96&d=mm&r=g","contentUrl":"https:\/\/secure.gravatar.com\/avatar\/96e03166d31716e9c437060430eb7605c45a8ce6fb6dab483637ca6915dd0844?s=96&d=mm&r=g","caption":"Orator"},"logo":{"@id":"https:\/\/secure.gravatar.com\/avatar\/96e03166d31716e9c437060430eb7605c45a8ce6fb6dab483637ca6915dd0844?s=96&d=mm&r=g"},"url":"https:\/\/www.inkultura-online.de\/politisch_unkorrekt\/author\/1korrektor21-2\/"}]}},"_links":{"self":[{"href":"https:\/\/www.inkultura-online.de\/politisch_unkorrekt\/wp-json\/wp\/v2\/posts\/1678","targetHints":{"allow":["GET"]}}],"collection":[{"href":"https:\/\/www.inkultura-online.de\/politisch_unkorrekt\/wp-json\/wp\/v2\/posts"}],"about":[{"href":"https:\/\/www.inkultura-online.de\/politisch_unkorrekt\/wp-json\/wp\/v2\/types\/post"}],"author":[{"embeddable":true,"href":"https:\/\/www.inkultura-online.de\/politisch_unkorrekt\/wp-json\/wp\/v2\/users\/1"}],"replies":[{"embeddable":true,"href":"https:\/\/www.inkultura-online.de\/politisch_unkorrekt\/wp-json\/wp\/v2\/comments?post=1678"}],"version-history":[{"count":1,"href":"https:\/\/www.inkultura-online.de\/politisch_unkorrekt\/wp-json\/wp\/v2\/posts\/1678\/revisions"}],"predecessor-version":[{"id":1679,"href":"https:\/\/www.inkultura-online.de\/politisch_unkorrekt\/wp-json\/wp\/v2\/posts\/1678\/revisions\/1679"}],"wp:attachment":[{"href":"https:\/\/www.inkultura-online.de\/politisch_unkorrekt\/wp-json\/wp\/v2\/media?parent=1678"}],"wp:term":[{"taxonomy":"category","embeddable":true,"href":"https:\/\/www.inkultura-online.de\/politisch_unkorrekt\/wp-json\/wp\/v2\/categories?post=1678"},{"taxonomy":"post_tag","embeddable":true,"href":"https:\/\/www.inkultura-online.de\/politisch_unkorrekt\/wp-json\/wp\/v2\/tags?post=1678"}],"curies":[{"name":"wp","href":"https:\/\/api.w.org\/{rel}","templated":true}]}}