{"id":1696,"date":"2018-03-11T08:50:53","date_gmt":"2018-03-11T06:50:53","guid":{"rendered":"http:\/\/www.inkultura-online.de\/politisch_unkorrekt\/?p=1696"},"modified":"2018-03-11T08:50:53","modified_gmt":"2018-03-11T06:50:53","slug":"wenn-der-bock-zum-gaertner-gemacht-wird","status":"publish","type":"post","link":"https:\/\/www.inkultura-online.de\/politisch_unkorrekt\/wenn-der-bock-zum-gaertner-gemacht-wird\/","title":{"rendered":"Wenn der Bock zum G\u00e4rtner gemacht wird"},"content":{"rendered":"<p>Es gibt Berichte, Sendungen und Artikel, die, geschuldet der permanenten Reizoffensive, registriert werden, jedoch schnell wieder aus dem Bewusstsein verschwinden. Verschwinden bedeutet manchmal zum Gl\u00fcck nicht unwiederbringlich verloren, sondern nur versch\u00fcttet unter alltagsbanalen Fehl- und Falschinformationen der L\u00fcckenpresse und darauf wartend, wieder ins Ged\u00e4chtnis gerufen zu werden.<!--more--><\/p>\n<p>So eine Wiedererinnerung war zum Beispiel der Artikel im Berliner Tagesspiegel \u00fcber die <a href=\"https:\/\/www.tagesspiegel.de\/berlin\/security-poebelt-auf-der-itb-wachleute-bedraengen-israelischen-tourismusstand\/21051500.html\" target=\"_blank\" rel=\"noopener\">P\u00f6beleien<\/a> arabischst\u00e4mmiger \u201eSicherheitsfachkr\u00e4fte\u201c am Stand des Staates Israel auf der Internationalen Tourismusb\u00f6rse in Berlin. Auf einmal war eine Sendung der \u00d6ffentlich-Rechtlichen-Verdummung wieder pr\u00e4sent, in der es, nat\u00fcrlich mit den \u00fcblichen, den Autochthonen feindlich gesinnten Kommentaren der Moderatoren, um das Thema Zuwanderung, Islam und angeblicher Fremdenfeindlichkeit ging.<\/p>\n<p>Eine Versammlung, ich wei\u00df nicht mehr wo, in der besorgte B\u00fcrger, vorwiegend \u00e4ltere Semester, ihre Vorbehalte und Kritik an einem neu errichteten Wohnkomplex f\u00fcr \u201eFl\u00fcchtlinge\u201c \u00e4u\u00dferten und in deren Verlauf, die Einladung zur Veranstaltung wurde von den regionalen Nutznie\u00dfern und Gewinnern der Migrationsindustrie ausgesprochen, die betroffenen B\u00fcrger von den \u00fcblichen Verd\u00e4chtigen beschwichtigt wurden.<\/p>\n<p>Nicht die Tatsache, dass die Diskussion in Wirklichkeit keine gewesen ist, sondern, immer wiederholt von den Moderatoren des Berichts, nur die angebliche Demaskierung von Fremdenfeindlichkeit, Rassismus und Islamophobie der B\u00fcrger, die schon l\u00e4nger hier leben, darstellten sollte, war f\u00fcr den aufmerksamen Beobachter des politischen Zeitgeistes von Interesse, sondern die in der Halle zur Sicherheit demonstrierten Begleitumst\u00e4nde.<\/p>\n<p>So bestand das Personal des sog. Sicherheitsdienstes ausschlie\u00dflich aus Personen mit t\u00fcrkisch- und arabischst\u00e4mmigem Hintergrund, die die anwesenden Teilnehmer wie eine Horde Hy\u00e4nen umkreisten und mit z. T martialischen Gesten ihre Verachtung gegen\u00fcber denen, die sie, vor was eigentlich?, besch\u00fctzen sollten, demonstrierten.<\/p>\n<p>Nun will ja niemand eine Verschw\u00f6rungstheorie \u00fcber die m\u00f6gliche Unterwanderung der Sicherheitsdienstleister &#8211; inklusive der Polizei &#8211; aufstellen, doch es stimmt nachdenklich, dass in nahezu allen sicherheitsrelevanten Bereichen (Flugh\u00e4fen, Veranstaltungs- und Messesecurity, Polizei und Bundeswehr) aufgrund politischer Weisung vermehrt und z. T. sogar bevorzugt Migranten eingestellt werden, deren Bekenntnis zu Demokratie und Rechtsstaat als zumindest zweifelhaft gelten darf.<\/p>\n<p>Dieser Artikel auf <a href=\"https:\/\/www.achgut.com\/artikel\/eine_mehrheit_der_muslime_will_die_scharia_auch_in_europa\" target=\"_blank\" rel=\"noopener\">achgut<\/a> sollte diesbez\u00fcglich zu denken geben. Niemand kann eigentlich daran gelegen sein, ausgerechnet die Feinde der Demokratie und diejenigen, die unsere Werte und unseren Lebensstil ablehnen, f\u00fcr unserer Sicherheit sorgen zu lassen. Wirklich niemand? Unsere Volksverr\u00e4ter, Verzeihung, Volksvertreter sind da anscheinend anderer Meinung. Ein Schelm wer B\u00f6ses dabei denkt&#8230;<\/p>\n","protected":false},"excerpt":{"rendered":"<p>Es gibt Berichte, Sendungen und Artikel, die, geschuldet der permanenten Reizoffensive, registriert werden, jedoch schnell wieder aus dem Bewusstsein verschwinden. Verschwinden bedeutet manchmal zum Gl\u00fcck nicht unwiederbringlich verloren, sondern nur versch\u00fcttet unter alltagsbanalen Fehl- und Falschinformationen der L\u00fcckenpresse und darauf &hellip; <a href=\"https:\/\/www.inkultura-online.de\/politisch_unkorrekt\/wenn-der-bock-zum-gaertner-gemacht-wird\/\">Weiterlesen <span class=\"meta-nav\">&rarr;<\/span><\/a><\/p>\n","protected":false},"author":1,"featured_media":0,"comment_status":"open","ping_status":"open","sticky":false,"template":"","format":"standard","meta":{"footnotes":""},"categories":[1,444],"tags":[1050,184,19,1052,1051],"class_list":["post-1696","post","type-post","status-publish","format-standard","hentry","category-fundstuecke","category-gedanken-zum-tag","tag-bock-zum-gaertner","tag-bundeswehr","tag-migranten","tag-polizei","tag-sicherheitsdienste"],"yoast_head":"<!-- This site is optimized with the Yoast SEO plugin v27.5 - https:\/\/yoast.com\/product\/yoast-seo-wordpress\/ -->\n<title>Wenn der Bock zum G\u00e4rtner gemacht wird - Zeitgeist? Frei!<\/title>\n<meta name=\"robots\" content=\"index, follow, max-snippet:-1, max-image-preview:large, max-video-preview:-1\" \/>\n<link rel=\"canonical\" href=\"https:\/\/www.inkultura-online.de\/politisch_unkorrekt\/wenn-der-bock-zum-gaertner-gemacht-wird\/\" \/>\n<meta property=\"og:locale\" content=\"de_DE\" \/>\n<meta property=\"og:type\" content=\"article\" \/>\n<meta property=\"og:title\" content=\"Wenn der Bock zum G\u00e4rtner gemacht wird - Zeitgeist? Frei!\" \/>\n<meta property=\"og:description\" content=\"Es gibt Berichte, Sendungen und Artikel, die, geschuldet der permanenten Reizoffensive, registriert werden, jedoch schnell wieder aus dem Bewusstsein verschwinden. Verschwinden bedeutet manchmal zum Gl\u00fcck nicht unwiederbringlich verloren, sondern nur versch\u00fcttet unter alltagsbanalen Fehl- und Falschinformationen der L\u00fcckenpresse und darauf &hellip; Weiterlesen &rarr;\" \/>\n<meta property=\"og:url\" content=\"https:\/\/www.inkultura-online.de\/politisch_unkorrekt\/wenn-der-bock-zum-gaertner-gemacht-wird\/\" \/>\n<meta property=\"og:site_name\" content=\"Zeitgeist? Frei!\" \/>\n<meta property=\"article:published_time\" content=\"2018-03-11T06:50:53+00:00\" \/>\n<meta name=\"author\" content=\"Orator\" \/>\n<meta name=\"twitter:label1\" content=\"Verfasst von\" \/>\n\t<meta name=\"twitter:data1\" content=\"Orator\" \/>\n\t<meta name=\"twitter:label2\" content=\"Gesch\u00e4tzte Lesezeit\" \/>\n\t<meta name=\"twitter:data2\" content=\"2\u00a0Minuten\" \/>\n<script type=\"application\/ld+json\" class=\"yoast-schema-graph\">{\"@context\":\"https:\\\/\\\/schema.org\",\"@graph\":[{\"@type\":\"Article\",\"@id\":\"https:\\\/\\\/www.inkultura-online.de\\\/politisch_unkorrekt\\\/wenn-der-bock-zum-gaertner-gemacht-wird\\\/#article\",\"isPartOf\":{\"@id\":\"https:\\\/\\\/www.inkultura-online.de\\\/politisch_unkorrekt\\\/wenn-der-bock-zum-gaertner-gemacht-wird\\\/\"},\"author\":{\"name\":\"Orator\",\"@id\":\"https:\\\/\\\/www.inkultura-online.de\\\/politisch_unkorrekt\\\/#\\\/schema\\\/person\\\/5b30b80e385478896a1de221e1994d86\"},\"headline\":\"Wenn der Bock zum G\u00e4rtner gemacht wird\",\"datePublished\":\"2018-03-11T06:50:53+00:00\",\"mainEntityOfPage\":{\"@id\":\"https:\\\/\\\/www.inkultura-online.de\\\/politisch_unkorrekt\\\/wenn-der-bock-zum-gaertner-gemacht-wird\\\/\"},\"wordCount\":409,\"commentCount\":0,\"publisher\":{\"@id\":\"https:\\\/\\\/www.inkultura-online.de\\\/politisch_unkorrekt\\\/#\\\/schema\\\/person\\\/5b30b80e385478896a1de221e1994d86\"},\"keywords\":[\"Bock zum G\u00e4rtner\",\"Bundeswehr\",\"Migranten\",\"Polizei\",\"Sicherheitsdienste\"],\"articleSection\":[\"Fundst\u00fccke\",\"Gedanken zum Tag\"],\"inLanguage\":\"de\",\"potentialAction\":[{\"@type\":\"CommentAction\",\"name\":\"Comment\",\"target\":[\"https:\\\/\\\/www.inkultura-online.de\\\/politisch_unkorrekt\\\/wenn-der-bock-zum-gaertner-gemacht-wird\\\/#respond\"]}]},{\"@type\":\"WebPage\",\"@id\":\"https:\\\/\\\/www.inkultura-online.de\\\/politisch_unkorrekt\\\/wenn-der-bock-zum-gaertner-gemacht-wird\\\/\",\"url\":\"https:\\\/\\\/www.inkultura-online.de\\\/politisch_unkorrekt\\\/wenn-der-bock-zum-gaertner-gemacht-wird\\\/\",\"name\":\"Wenn der Bock zum G\u00e4rtner gemacht wird - Zeitgeist? Frei!\",\"isPartOf\":{\"@id\":\"https:\\\/\\\/www.inkultura-online.de\\\/politisch_unkorrekt\\\/#website\"},\"datePublished\":\"2018-03-11T06:50:53+00:00\",\"breadcrumb\":{\"@id\":\"https:\\\/\\\/www.inkultura-online.de\\\/politisch_unkorrekt\\\/wenn-der-bock-zum-gaertner-gemacht-wird\\\/#breadcrumb\"},\"inLanguage\":\"de\",\"potentialAction\":[{\"@type\":\"ReadAction\",\"target\":[\"https:\\\/\\\/www.inkultura-online.de\\\/politisch_unkorrekt\\\/wenn-der-bock-zum-gaertner-gemacht-wird\\\/\"]}]},{\"@type\":\"BreadcrumbList\",\"@id\":\"https:\\\/\\\/www.inkultura-online.de\\\/politisch_unkorrekt\\\/wenn-der-bock-zum-gaertner-gemacht-wird\\\/#breadcrumb\",\"itemListElement\":[{\"@type\":\"ListItem\",\"position\":1,\"name\":\"Home\",\"item\":\"https:\\\/\\\/www.inkultura-online.de\\\/politisch_unkorrekt\\\/\"},{\"@type\":\"ListItem\",\"position\":2,\"name\":\"Wenn der Bock zum G\u00e4rtner gemacht wird\"}]},{\"@type\":\"WebSite\",\"@id\":\"https:\\\/\\\/www.inkultura-online.de\\\/politisch_unkorrekt\\\/#website\",\"url\":\"https:\\\/\\\/www.inkultura-online.de\\\/politisch_unkorrekt\\\/\",\"name\":\"Zeitgeist? Frei!\",\"description\":\"Was Ihr den Geist der Zeiten hei\u00dft...\",\"publisher\":{\"@id\":\"https:\\\/\\\/www.inkultura-online.de\\\/politisch_unkorrekt\\\/#\\\/schema\\\/person\\\/5b30b80e385478896a1de221e1994d86\"},\"potentialAction\":[{\"@type\":\"SearchAction\",\"target\":{\"@type\":\"EntryPoint\",\"urlTemplate\":\"https:\\\/\\\/www.inkultura-online.de\\\/politisch_unkorrekt\\\/?s={search_term_string}\"},\"query-input\":{\"@type\":\"PropertyValueSpecification\",\"valueRequired\":true,\"valueName\":\"search_term_string\"}}],\"inLanguage\":\"de\"},{\"@type\":[\"Person\",\"Organization\"],\"@id\":\"https:\\\/\\\/www.inkultura-online.de\\\/politisch_unkorrekt\\\/#\\\/schema\\\/person\\\/5b30b80e385478896a1de221e1994d86\",\"name\":\"Orator\",\"image\":{\"@type\":\"ImageObject\",\"inLanguage\":\"de\",\"@id\":\"https:\\\/\\\/secure.gravatar.com\\\/avatar\\\/96e03166d31716e9c437060430eb7605c45a8ce6fb6dab483637ca6915dd0844?s=96&d=mm&r=g\",\"url\":\"https:\\\/\\\/secure.gravatar.com\\\/avatar\\\/96e03166d31716e9c437060430eb7605c45a8ce6fb6dab483637ca6915dd0844?s=96&d=mm&r=g\",\"contentUrl\":\"https:\\\/\\\/secure.gravatar.com\\\/avatar\\\/96e03166d31716e9c437060430eb7605c45a8ce6fb6dab483637ca6915dd0844?s=96&d=mm&r=g\",\"caption\":\"Orator\"},\"logo\":{\"@id\":\"https:\\\/\\\/secure.gravatar.com\\\/avatar\\\/96e03166d31716e9c437060430eb7605c45a8ce6fb6dab483637ca6915dd0844?s=96&d=mm&r=g\"},\"url\":\"https:\\\/\\\/www.inkultura-online.de\\\/politisch_unkorrekt\\\/author\\\/1korrektor21-2\\\/\"}]}<\/script>\n<!-- \/ Yoast SEO plugin. -->","yoast_head_json":{"title":"Wenn der Bock zum G\u00e4rtner gemacht wird - Zeitgeist? Frei!","robots":{"index":"index","follow":"follow","max-snippet":"max-snippet:-1","max-image-preview":"max-image-preview:large","max-video-preview":"max-video-preview:-1"},"canonical":"https:\/\/www.inkultura-online.de\/politisch_unkorrekt\/wenn-der-bock-zum-gaertner-gemacht-wird\/","og_locale":"de_DE","og_type":"article","og_title":"Wenn der Bock zum G\u00e4rtner gemacht wird - Zeitgeist? Frei!","og_description":"Es gibt Berichte, Sendungen und Artikel, die, geschuldet der permanenten Reizoffensive, registriert werden, jedoch schnell wieder aus dem Bewusstsein verschwinden. Verschwinden bedeutet manchmal zum Gl\u00fcck nicht unwiederbringlich verloren, sondern nur versch\u00fcttet unter alltagsbanalen Fehl- und Falschinformationen der L\u00fcckenpresse und darauf &hellip; Weiterlesen &rarr;","og_url":"https:\/\/www.inkultura-online.de\/politisch_unkorrekt\/wenn-der-bock-zum-gaertner-gemacht-wird\/","og_site_name":"Zeitgeist? Frei!","article_published_time":"2018-03-11T06:50:53+00:00","author":"Orator","twitter_misc":{"Verfasst von":"Orator","Gesch\u00e4tzte Lesezeit":"2\u00a0Minuten"},"schema":{"@context":"https:\/\/schema.org","@graph":[{"@type":"Article","@id":"https:\/\/www.inkultura-online.de\/politisch_unkorrekt\/wenn-der-bock-zum-gaertner-gemacht-wird\/#article","isPartOf":{"@id":"https:\/\/www.inkultura-online.de\/politisch_unkorrekt\/wenn-der-bock-zum-gaertner-gemacht-wird\/"},"author":{"name":"Orator","@id":"https:\/\/www.inkultura-online.de\/politisch_unkorrekt\/#\/schema\/person\/5b30b80e385478896a1de221e1994d86"},"headline":"Wenn der Bock zum G\u00e4rtner gemacht wird","datePublished":"2018-03-11T06:50:53+00:00","mainEntityOfPage":{"@id":"https:\/\/www.inkultura-online.de\/politisch_unkorrekt\/wenn-der-bock-zum-gaertner-gemacht-wird\/"},"wordCount":409,"commentCount":0,"publisher":{"@id":"https:\/\/www.inkultura-online.de\/politisch_unkorrekt\/#\/schema\/person\/5b30b80e385478896a1de221e1994d86"},"keywords":["Bock zum G\u00e4rtner","Bundeswehr","Migranten","Polizei","Sicherheitsdienste"],"articleSection":["Fundst\u00fccke","Gedanken zum Tag"],"inLanguage":"de","potentialAction":[{"@type":"CommentAction","name":"Comment","target":["https:\/\/www.inkultura-online.de\/politisch_unkorrekt\/wenn-der-bock-zum-gaertner-gemacht-wird\/#respond"]}]},{"@type":"WebPage","@id":"https:\/\/www.inkultura-online.de\/politisch_unkorrekt\/wenn-der-bock-zum-gaertner-gemacht-wird\/","url":"https:\/\/www.inkultura-online.de\/politisch_unkorrekt\/wenn-der-bock-zum-gaertner-gemacht-wird\/","name":"Wenn der Bock zum G\u00e4rtner gemacht wird - Zeitgeist? Frei!","isPartOf":{"@id":"https:\/\/www.inkultura-online.de\/politisch_unkorrekt\/#website"},"datePublished":"2018-03-11T06:50:53+00:00","breadcrumb":{"@id":"https:\/\/www.inkultura-online.de\/politisch_unkorrekt\/wenn-der-bock-zum-gaertner-gemacht-wird\/#breadcrumb"},"inLanguage":"de","potentialAction":[{"@type":"ReadAction","target":["https:\/\/www.inkultura-online.de\/politisch_unkorrekt\/wenn-der-bock-zum-gaertner-gemacht-wird\/"]}]},{"@type":"BreadcrumbList","@id":"https:\/\/www.inkultura-online.de\/politisch_unkorrekt\/wenn-der-bock-zum-gaertner-gemacht-wird\/#breadcrumb","itemListElement":[{"@type":"ListItem","position":1,"name":"Home","item":"https:\/\/www.inkultura-online.de\/politisch_unkorrekt\/"},{"@type":"ListItem","position":2,"name":"Wenn der Bock zum G\u00e4rtner gemacht wird"}]},{"@type":"WebSite","@id":"https:\/\/www.inkultura-online.de\/politisch_unkorrekt\/#website","url":"https:\/\/www.inkultura-online.de\/politisch_unkorrekt\/","name":"Zeitgeist? Frei!","description":"Was Ihr den Geist der Zeiten hei\u00dft...","publisher":{"@id":"https:\/\/www.inkultura-online.de\/politisch_unkorrekt\/#\/schema\/person\/5b30b80e385478896a1de221e1994d86"},"potentialAction":[{"@type":"SearchAction","target":{"@type":"EntryPoint","urlTemplate":"https:\/\/www.inkultura-online.de\/politisch_unkorrekt\/?s={search_term_string}"},"query-input":{"@type":"PropertyValueSpecification","valueRequired":true,"valueName":"search_term_string"}}],"inLanguage":"de"},{"@type":["Person","Organization"],"@id":"https:\/\/www.inkultura-online.de\/politisch_unkorrekt\/#\/schema\/person\/5b30b80e385478896a1de221e1994d86","name":"Orator","image":{"@type":"ImageObject","inLanguage":"de","@id":"https:\/\/secure.gravatar.com\/avatar\/96e03166d31716e9c437060430eb7605c45a8ce6fb6dab483637ca6915dd0844?s=96&d=mm&r=g","url":"https:\/\/secure.gravatar.com\/avatar\/96e03166d31716e9c437060430eb7605c45a8ce6fb6dab483637ca6915dd0844?s=96&d=mm&r=g","contentUrl":"https:\/\/secure.gravatar.com\/avatar\/96e03166d31716e9c437060430eb7605c45a8ce6fb6dab483637ca6915dd0844?s=96&d=mm&r=g","caption":"Orator"},"logo":{"@id":"https:\/\/secure.gravatar.com\/avatar\/96e03166d31716e9c437060430eb7605c45a8ce6fb6dab483637ca6915dd0844?s=96&d=mm&r=g"},"url":"https:\/\/www.inkultura-online.de\/politisch_unkorrekt\/author\/1korrektor21-2\/"}]}},"_links":{"self":[{"href":"https:\/\/www.inkultura-online.de\/politisch_unkorrekt\/wp-json\/wp\/v2\/posts\/1696","targetHints":{"allow":["GET"]}}],"collection":[{"href":"https:\/\/www.inkultura-online.de\/politisch_unkorrekt\/wp-json\/wp\/v2\/posts"}],"about":[{"href":"https:\/\/www.inkultura-online.de\/politisch_unkorrekt\/wp-json\/wp\/v2\/types\/post"}],"author":[{"embeddable":true,"href":"https:\/\/www.inkultura-online.de\/politisch_unkorrekt\/wp-json\/wp\/v2\/users\/1"}],"replies":[{"embeddable":true,"href":"https:\/\/www.inkultura-online.de\/politisch_unkorrekt\/wp-json\/wp\/v2\/comments?post=1696"}],"version-history":[{"count":1,"href":"https:\/\/www.inkultura-online.de\/politisch_unkorrekt\/wp-json\/wp\/v2\/posts\/1696\/revisions"}],"predecessor-version":[{"id":1697,"href":"https:\/\/www.inkultura-online.de\/politisch_unkorrekt\/wp-json\/wp\/v2\/posts\/1696\/revisions\/1697"}],"wp:attachment":[{"href":"https:\/\/www.inkultura-online.de\/politisch_unkorrekt\/wp-json\/wp\/v2\/media?parent=1696"}],"wp:term":[{"taxonomy":"category","embeddable":true,"href":"https:\/\/www.inkultura-online.de\/politisch_unkorrekt\/wp-json\/wp\/v2\/categories?post=1696"},{"taxonomy":"post_tag","embeddable":true,"href":"https:\/\/www.inkultura-online.de\/politisch_unkorrekt\/wp-json\/wp\/v2\/tags?post=1696"}],"curies":[{"name":"wp","href":"https:\/\/api.w.org\/{rel}","templated":true}]}}