{"id":1705,"date":"2018-03-17T12:01:41","date_gmt":"2018-03-17T10:01:41","guid":{"rendered":"http:\/\/www.inkultura-online.de\/politisch_unkorrekt\/?p=1705"},"modified":"2018-03-17T12:04:24","modified_gmt":"2018-03-17T10:04:24","slug":"parlament-der-schande","status":"publish","type":"post","link":"https:\/\/www.inkultura-online.de\/politisch_unkorrekt\/parlament-der-schande\/","title":{"rendered":"Parlament der Schande"},"content":{"rendered":"<p>Dachte der aufmerksame Beobachter des politischen Zeitgeistes angesichts des von Merkel am 14. M\u00e4rz 2018 geleisteten Meineids, &#8222;Ich schw\u00f6re, dass ich meine Kraft dem Wohle des deutschen Volkes widmen, seinen Nutzen mehren, Schaden von ihm wenden, das Grundgesetz und die Gesetze des Bundes wahren und verteidigen, meine Pflichten gewissenhaft erf\u00fcllen und Gerechtigkeit gegen jedermann \u00fcben werde. So wahr mir Gott helfe.&#8220; noch, die B\u00f6sartigkeit, die Illoyalit\u00e4t gegen\u00fcber den B\u00fcrgern und die Pflichtverletzungen der sog. Volksvertreter w\u00fcrden auch in der neuen Regierung das gewohnte Ma\u00df nicht \u00fcberschreiten, so wurde dieser bereits zwei Tage sp\u00e4ter, am 16. M\u00e4rz eines Besseren belehrt.<!--more--><\/p>\n<p>In namentlicher Abstimmung im Bundestag \u00fcber den Schutz deutscher Grenzen vor unberechtigtem \u00dcbertritt, basierend auf dem Antrag der AfD auf Einf\u00fchrung sofortiger umfassender Grenzkontrollen und Zur\u00fcckweisung bei unberechtigtem Grenz\u00fcbertritt, beschloss das \u201eParlament\u201c <a href=\"http:\/\/www.bundestag.de\/parlament\/plenum\/abstimmung\/abstimmung\/?id=504\" target=\"_blank\" rel=\"noopener\">nahezu einstimmig<\/a>, unser Land auch weiterhin f\u00fcr jedwede Person bedingungslos zu \u00f6ffnen. Zwar hat das Oberlandesgericht Koblenz Anfang 2017 in einem <a href=\"http:\/\/www.landesrecht.rlp.de\/jportal\/portal\/t\/7qe\/page\/bsrlpprod.psml?pid=Dokumentenanzeige&amp;showdoccase=1&amp;doc.id=KORE242742017&amp;doc.part=L\" target=\"_blank\" rel=\"noopener\">Urteil<\/a> festgestellt, dass bez\u00fcglich der illegalen Einwanderung &#8222;Die rechtsstaatliche Ordnung in der Bundesrepublik (&#8230;) in diesem Bereich seit rund eineinhalb Jahren au\u00dfer Kraft gesetzt und die illegale Einreise ins Bundesgebiet (\u2026) momentan de facto nicht mehr strafrechtlich verfolgt&#8220; wird.<\/p>\n<p>Trotzdem, also widerrechtlich und mit enormer krimineller Energie hat das Parlament der Schande den Antrag der AfD abgelehnt und damit demonstriert, dass es das weitere Abschlachten junger M\u00e4dchen und Frauen als Kollateralsch\u00e4den bez\u00fcglich des nunmehr forciert vorangetriebenen Volksaustausches in Kauf nehmen wird. Die B\u00fcrger sollten sich Namen der 544 Abgeordneten, die seit dem 16. M\u00e4rz wohl zu Recht als Volksverr\u00e4ter bezeichnet werden d\u00fcrfen, merken.<\/p>\n<p>Es wird seitens der Politik gar nicht mehr verschwiegen, was deren Ziel, n\u00e4mlich der gro\u00dfe Austausch, ist. So kommentierte der <a href=\"https:\/\/www.bundestag.de\/dokumente\/textarchiv\/2018\/kw11-de-grenzkontrollen\/546404\" target=\"_blank\" rel=\"noopener\">SPD-Parlamentarier Uli Gr\u00f6tsch<\/a> die Verweigerung des Schutzes unserer Heimat, dass eine umfassende und dauerhafte Kontrolle an den deutschen Au\u00dfengrenzen \u201eweder rechtlich m\u00f6glich noch von uns politisch gewollt\u201c sei.<\/p>\n<p>Was bei jedem sog. G-Gipfel auch in Deutschland funktioniert, l\u00fcckenlose Grenzkontrollen und die Abweisung unerw\u00fcnschter Personen, soll bez\u00fcglich des Schutzes der \u201enormalen\u201c B\u00fcrger nicht gelten? Am 16. M\u00e4rz 2018 hat sich ein gro\u00dfer Teil des Parlaments als krimineller Haufen entlarvt, der, in wessen Auftrag auch immer, Deutschland zum Abschuss freigegeben hat.<\/p>\n<p>Pfui Teufel, ihr Volksverr\u00e4ter!<\/p>\n","protected":false},"excerpt":{"rendered":"<p>Dachte der aufmerksame Beobachter des politischen Zeitgeistes angesichts des von Merkel am 14. M\u00e4rz 2018 geleisteten Meineids, &#8222;Ich schw\u00f6re, dass ich meine Kraft dem Wohle des deutschen Volkes widmen, seinen Nutzen mehren, Schaden von ihm wenden, das Grundgesetz und die &hellip; <a href=\"https:\/\/www.inkultura-online.de\/politisch_unkorrekt\/parlament-der-schande\/\">Weiterlesen <span class=\"meta-nav\">&rarr;<\/span><\/a><\/p>\n","protected":false},"author":1,"featured_media":0,"comment_status":"open","ping_status":"open","sticky":false,"template":"","format":"standard","meta":{"footnotes":""},"categories":[2,378,3,444,146,30,10],"tags":[945,399,1057,1056,156,225],"class_list":["post-1705","post","type-post","status-publish","format-standard","hentry","category-antipathie","category-denunzianten","category-die-duemmsten-sprueche-der-woche","category-gedanken-zum-tag","category-keine-islamisierung","category-so-siehts-aus","category-systemfehler","tag-der-grosse-austausch","tag-meineid","tag-parlament","tag-parlament-der-schande","tag-volksaustausch","tag-volksverraeter"],"yoast_head":"<!-- This site is optimized with the Yoast SEO plugin v27.5 - https:\/\/yoast.com\/product\/yoast-seo-wordpress\/ -->\n<title>Parlament der Schande - Zeitgeist? Frei!<\/title>\n<meta name=\"robots\" content=\"index, follow, max-snippet:-1, max-image-preview:large, max-video-preview:-1\" \/>\n<link rel=\"canonical\" href=\"https:\/\/www.inkultura-online.de\/politisch_unkorrekt\/parlament-der-schande\/\" \/>\n<meta property=\"og:locale\" content=\"de_DE\" \/>\n<meta property=\"og:type\" content=\"article\" \/>\n<meta property=\"og:title\" content=\"Parlament der Schande - Zeitgeist? Frei!\" \/>\n<meta property=\"og:description\" content=\"Dachte der aufmerksame Beobachter des politischen Zeitgeistes angesichts des von Merkel am 14. M\u00e4rz 2018 geleisteten Meineids, &#8222;Ich schw\u00f6re, dass ich meine Kraft dem Wohle des deutschen Volkes widmen, seinen Nutzen mehren, Schaden von ihm wenden, das Grundgesetz und die &hellip; Weiterlesen &rarr;\" \/>\n<meta property=\"og:url\" content=\"https:\/\/www.inkultura-online.de\/politisch_unkorrekt\/parlament-der-schande\/\" \/>\n<meta property=\"og:site_name\" content=\"Zeitgeist? Frei!\" \/>\n<meta property=\"article:published_time\" content=\"2018-03-17T10:01:41+00:00\" \/>\n<meta property=\"article:modified_time\" content=\"2018-03-17T10:04:24+00:00\" \/>\n<meta name=\"author\" content=\"Orator\" \/>\n<meta name=\"twitter:label1\" content=\"Verfasst von\" \/>\n\t<meta name=\"twitter:data1\" content=\"Orator\" \/>\n\t<meta name=\"twitter:label2\" content=\"Gesch\u00e4tzte Lesezeit\" \/>\n\t<meta name=\"twitter:data2\" content=\"2\u00a0Minuten\" \/>\n<script type=\"application\/ld+json\" class=\"yoast-schema-graph\">{\"@context\":\"https:\\\/\\\/schema.org\",\"@graph\":[{\"@type\":\"Article\",\"@id\":\"https:\\\/\\\/www.inkultura-online.de\\\/politisch_unkorrekt\\\/parlament-der-schande\\\/#article\",\"isPartOf\":{\"@id\":\"https:\\\/\\\/www.inkultura-online.de\\\/politisch_unkorrekt\\\/parlament-der-schande\\\/\"},\"author\":{\"name\":\"Orator\",\"@id\":\"https:\\\/\\\/www.inkultura-online.de\\\/politisch_unkorrekt\\\/#\\\/schema\\\/person\\\/5b30b80e385478896a1de221e1994d86\"},\"headline\":\"Parlament der Schande\",\"datePublished\":\"2018-03-17T10:01:41+00:00\",\"dateModified\":\"2018-03-17T10:04:24+00:00\",\"mainEntityOfPage\":{\"@id\":\"https:\\\/\\\/www.inkultura-online.de\\\/politisch_unkorrekt\\\/parlament-der-schande\\\/\"},\"wordCount\":386,\"commentCount\":0,\"publisher\":{\"@id\":\"https:\\\/\\\/www.inkultura-online.de\\\/politisch_unkorrekt\\\/#\\\/schema\\\/person\\\/5b30b80e385478896a1de221e1994d86\"},\"keywords\":[\"Der Gro\u00dfe Austausch\",\"Meineid\",\"Parlament\",\"Parlament der Schande\",\"Volksaustausch\",\"Volksverr\u00e4ter\"],\"articleSection\":[\"Antipathie\",\"Denunzianten und Volksverr\u00e4ter\",\"Die d\u00fcmmsten Spr\u00fcche der Woche\",\"Gedanken zum Tag\",\"Keine Islamisierung?\",\"So sieht\u00b4s aus\",\"Systemfehler\"],\"inLanguage\":\"de\",\"potentialAction\":[{\"@type\":\"CommentAction\",\"name\":\"Comment\",\"target\":[\"https:\\\/\\\/www.inkultura-online.de\\\/politisch_unkorrekt\\\/parlament-der-schande\\\/#respond\"]}]},{\"@type\":\"WebPage\",\"@id\":\"https:\\\/\\\/www.inkultura-online.de\\\/politisch_unkorrekt\\\/parlament-der-schande\\\/\",\"url\":\"https:\\\/\\\/www.inkultura-online.de\\\/politisch_unkorrekt\\\/parlament-der-schande\\\/\",\"name\":\"Parlament der Schande - Zeitgeist? Frei!\",\"isPartOf\":{\"@id\":\"https:\\\/\\\/www.inkultura-online.de\\\/politisch_unkorrekt\\\/#website\"},\"datePublished\":\"2018-03-17T10:01:41+00:00\",\"dateModified\":\"2018-03-17T10:04:24+00:00\",\"breadcrumb\":{\"@id\":\"https:\\\/\\\/www.inkultura-online.de\\\/politisch_unkorrekt\\\/parlament-der-schande\\\/#breadcrumb\"},\"inLanguage\":\"de\",\"potentialAction\":[{\"@type\":\"ReadAction\",\"target\":[\"https:\\\/\\\/www.inkultura-online.de\\\/politisch_unkorrekt\\\/parlament-der-schande\\\/\"]}]},{\"@type\":\"BreadcrumbList\",\"@id\":\"https:\\\/\\\/www.inkultura-online.de\\\/politisch_unkorrekt\\\/parlament-der-schande\\\/#breadcrumb\",\"itemListElement\":[{\"@type\":\"ListItem\",\"position\":1,\"name\":\"Home\",\"item\":\"https:\\\/\\\/www.inkultura-online.de\\\/politisch_unkorrekt\\\/\"},{\"@type\":\"ListItem\",\"position\":2,\"name\":\"Parlament der Schande\"}]},{\"@type\":\"WebSite\",\"@id\":\"https:\\\/\\\/www.inkultura-online.de\\\/politisch_unkorrekt\\\/#website\",\"url\":\"https:\\\/\\\/www.inkultura-online.de\\\/politisch_unkorrekt\\\/\",\"name\":\"Zeitgeist? Frei!\",\"description\":\"Was Ihr den Geist der Zeiten hei\u00dft...\",\"publisher\":{\"@id\":\"https:\\\/\\\/www.inkultura-online.de\\\/politisch_unkorrekt\\\/#\\\/schema\\\/person\\\/5b30b80e385478896a1de221e1994d86\"},\"potentialAction\":[{\"@type\":\"SearchAction\",\"target\":{\"@type\":\"EntryPoint\",\"urlTemplate\":\"https:\\\/\\\/www.inkultura-online.de\\\/politisch_unkorrekt\\\/?s={search_term_string}\"},\"query-input\":{\"@type\":\"PropertyValueSpecification\",\"valueRequired\":true,\"valueName\":\"search_term_string\"}}],\"inLanguage\":\"de\"},{\"@type\":[\"Person\",\"Organization\"],\"@id\":\"https:\\\/\\\/www.inkultura-online.de\\\/politisch_unkorrekt\\\/#\\\/schema\\\/person\\\/5b30b80e385478896a1de221e1994d86\",\"name\":\"Orator\",\"image\":{\"@type\":\"ImageObject\",\"inLanguage\":\"de\",\"@id\":\"https:\\\/\\\/secure.gravatar.com\\\/avatar\\\/96e03166d31716e9c437060430eb7605c45a8ce6fb6dab483637ca6915dd0844?s=96&d=mm&r=g\",\"url\":\"https:\\\/\\\/secure.gravatar.com\\\/avatar\\\/96e03166d31716e9c437060430eb7605c45a8ce6fb6dab483637ca6915dd0844?s=96&d=mm&r=g\",\"contentUrl\":\"https:\\\/\\\/secure.gravatar.com\\\/avatar\\\/96e03166d31716e9c437060430eb7605c45a8ce6fb6dab483637ca6915dd0844?s=96&d=mm&r=g\",\"caption\":\"Orator\"},\"logo\":{\"@id\":\"https:\\\/\\\/secure.gravatar.com\\\/avatar\\\/96e03166d31716e9c437060430eb7605c45a8ce6fb6dab483637ca6915dd0844?s=96&d=mm&r=g\"},\"url\":\"https:\\\/\\\/www.inkultura-online.de\\\/politisch_unkorrekt\\\/author\\\/1korrektor21-2\\\/\"}]}<\/script>\n<!-- \/ Yoast SEO plugin. -->","yoast_head_json":{"title":"Parlament der Schande - Zeitgeist? Frei!","robots":{"index":"index","follow":"follow","max-snippet":"max-snippet:-1","max-image-preview":"max-image-preview:large","max-video-preview":"max-video-preview:-1"},"canonical":"https:\/\/www.inkultura-online.de\/politisch_unkorrekt\/parlament-der-schande\/","og_locale":"de_DE","og_type":"article","og_title":"Parlament der Schande - Zeitgeist? Frei!","og_description":"Dachte der aufmerksame Beobachter des politischen Zeitgeistes angesichts des von Merkel am 14. M\u00e4rz 2018 geleisteten Meineids, &#8222;Ich schw\u00f6re, dass ich meine Kraft dem Wohle des deutschen Volkes widmen, seinen Nutzen mehren, Schaden von ihm wenden, das Grundgesetz und die &hellip; Weiterlesen &rarr;","og_url":"https:\/\/www.inkultura-online.de\/politisch_unkorrekt\/parlament-der-schande\/","og_site_name":"Zeitgeist? Frei!","article_published_time":"2018-03-17T10:01:41+00:00","article_modified_time":"2018-03-17T10:04:24+00:00","author":"Orator","twitter_misc":{"Verfasst von":"Orator","Gesch\u00e4tzte Lesezeit":"2\u00a0Minuten"},"schema":{"@context":"https:\/\/schema.org","@graph":[{"@type":"Article","@id":"https:\/\/www.inkultura-online.de\/politisch_unkorrekt\/parlament-der-schande\/#article","isPartOf":{"@id":"https:\/\/www.inkultura-online.de\/politisch_unkorrekt\/parlament-der-schande\/"},"author":{"name":"Orator","@id":"https:\/\/www.inkultura-online.de\/politisch_unkorrekt\/#\/schema\/person\/5b30b80e385478896a1de221e1994d86"},"headline":"Parlament der Schande","datePublished":"2018-03-17T10:01:41+00:00","dateModified":"2018-03-17T10:04:24+00:00","mainEntityOfPage":{"@id":"https:\/\/www.inkultura-online.de\/politisch_unkorrekt\/parlament-der-schande\/"},"wordCount":386,"commentCount":0,"publisher":{"@id":"https:\/\/www.inkultura-online.de\/politisch_unkorrekt\/#\/schema\/person\/5b30b80e385478896a1de221e1994d86"},"keywords":["Der Gro\u00dfe Austausch","Meineid","Parlament","Parlament der Schande","Volksaustausch","Volksverr\u00e4ter"],"articleSection":["Antipathie","Denunzianten und Volksverr\u00e4ter","Die d\u00fcmmsten Spr\u00fcche der Woche","Gedanken zum Tag","Keine Islamisierung?","So sieht\u00b4s aus","Systemfehler"],"inLanguage":"de","potentialAction":[{"@type":"CommentAction","name":"Comment","target":["https:\/\/www.inkultura-online.de\/politisch_unkorrekt\/parlament-der-schande\/#respond"]}]},{"@type":"WebPage","@id":"https:\/\/www.inkultura-online.de\/politisch_unkorrekt\/parlament-der-schande\/","url":"https:\/\/www.inkultura-online.de\/politisch_unkorrekt\/parlament-der-schande\/","name":"Parlament der Schande - Zeitgeist? Frei!","isPartOf":{"@id":"https:\/\/www.inkultura-online.de\/politisch_unkorrekt\/#website"},"datePublished":"2018-03-17T10:01:41+00:00","dateModified":"2018-03-17T10:04:24+00:00","breadcrumb":{"@id":"https:\/\/www.inkultura-online.de\/politisch_unkorrekt\/parlament-der-schande\/#breadcrumb"},"inLanguage":"de","potentialAction":[{"@type":"ReadAction","target":["https:\/\/www.inkultura-online.de\/politisch_unkorrekt\/parlament-der-schande\/"]}]},{"@type":"BreadcrumbList","@id":"https:\/\/www.inkultura-online.de\/politisch_unkorrekt\/parlament-der-schande\/#breadcrumb","itemListElement":[{"@type":"ListItem","position":1,"name":"Home","item":"https:\/\/www.inkultura-online.de\/politisch_unkorrekt\/"},{"@type":"ListItem","position":2,"name":"Parlament der Schande"}]},{"@type":"WebSite","@id":"https:\/\/www.inkultura-online.de\/politisch_unkorrekt\/#website","url":"https:\/\/www.inkultura-online.de\/politisch_unkorrekt\/","name":"Zeitgeist? Frei!","description":"Was Ihr den Geist der Zeiten hei\u00dft...","publisher":{"@id":"https:\/\/www.inkultura-online.de\/politisch_unkorrekt\/#\/schema\/person\/5b30b80e385478896a1de221e1994d86"},"potentialAction":[{"@type":"SearchAction","target":{"@type":"EntryPoint","urlTemplate":"https:\/\/www.inkultura-online.de\/politisch_unkorrekt\/?s={search_term_string}"},"query-input":{"@type":"PropertyValueSpecification","valueRequired":true,"valueName":"search_term_string"}}],"inLanguage":"de"},{"@type":["Person","Organization"],"@id":"https:\/\/www.inkultura-online.de\/politisch_unkorrekt\/#\/schema\/person\/5b30b80e385478896a1de221e1994d86","name":"Orator","image":{"@type":"ImageObject","inLanguage":"de","@id":"https:\/\/secure.gravatar.com\/avatar\/96e03166d31716e9c437060430eb7605c45a8ce6fb6dab483637ca6915dd0844?s=96&d=mm&r=g","url":"https:\/\/secure.gravatar.com\/avatar\/96e03166d31716e9c437060430eb7605c45a8ce6fb6dab483637ca6915dd0844?s=96&d=mm&r=g","contentUrl":"https:\/\/secure.gravatar.com\/avatar\/96e03166d31716e9c437060430eb7605c45a8ce6fb6dab483637ca6915dd0844?s=96&d=mm&r=g","caption":"Orator"},"logo":{"@id":"https:\/\/secure.gravatar.com\/avatar\/96e03166d31716e9c437060430eb7605c45a8ce6fb6dab483637ca6915dd0844?s=96&d=mm&r=g"},"url":"https:\/\/www.inkultura-online.de\/politisch_unkorrekt\/author\/1korrektor21-2\/"}]}},"_links":{"self":[{"href":"https:\/\/www.inkultura-online.de\/politisch_unkorrekt\/wp-json\/wp\/v2\/posts\/1705","targetHints":{"allow":["GET"]}}],"collection":[{"href":"https:\/\/www.inkultura-online.de\/politisch_unkorrekt\/wp-json\/wp\/v2\/posts"}],"about":[{"href":"https:\/\/www.inkultura-online.de\/politisch_unkorrekt\/wp-json\/wp\/v2\/types\/post"}],"author":[{"embeddable":true,"href":"https:\/\/www.inkultura-online.de\/politisch_unkorrekt\/wp-json\/wp\/v2\/users\/1"}],"replies":[{"embeddable":true,"href":"https:\/\/www.inkultura-online.de\/politisch_unkorrekt\/wp-json\/wp\/v2\/comments?post=1705"}],"version-history":[{"count":3,"href":"https:\/\/www.inkultura-online.de\/politisch_unkorrekt\/wp-json\/wp\/v2\/posts\/1705\/revisions"}],"predecessor-version":[{"id":1708,"href":"https:\/\/www.inkultura-online.de\/politisch_unkorrekt\/wp-json\/wp\/v2\/posts\/1705\/revisions\/1708"}],"wp:attachment":[{"href":"https:\/\/www.inkultura-online.de\/politisch_unkorrekt\/wp-json\/wp\/v2\/media?parent=1705"}],"wp:term":[{"taxonomy":"category","embeddable":true,"href":"https:\/\/www.inkultura-online.de\/politisch_unkorrekt\/wp-json\/wp\/v2\/categories?post=1705"},{"taxonomy":"post_tag","embeddable":true,"href":"https:\/\/www.inkultura-online.de\/politisch_unkorrekt\/wp-json\/wp\/v2\/tags?post=1705"}],"curies":[{"name":"wp","href":"https:\/\/api.w.org\/{rel}","templated":true}]}}