{"id":1724,"date":"2018-05-05T16:35:57","date_gmt":"2018-05-05T14:35:57","guid":{"rendered":"http:\/\/www.inkultura-online.de\/politisch_unkorrekt\/?p=1724"},"modified":"2018-05-05T16:38:37","modified_gmt":"2018-05-05T14:38:37","slug":"dreihundert-fuer-einen","status":"publish","type":"post","link":"https:\/\/www.inkultura-online.de\/politisch_unkorrekt\/dreihundert-fuer-einen\/","title":{"rendered":"Drei(Hundert) f\u00fcr einen?"},"content":{"rendered":"<p>Was wie der Titel eines Grimm`schen M\u00e4rchens klingt, ist leider bittere Realit\u00e4t in Deutschland. Mehrere Hundert Polizisten wurden ben\u00f6tigt, um Recht und Gesetz gegen\u00fcber einem randalierenden Mob, bestehend aus Merkels Goldst\u00fccken, durchzusetzen. In einer Ellwangener Fl\u00fcchtlingsunterkunft sollte in einer ersten Aktion ein 23-J\u00e4hriger aus dem westafrikanischen Togo zur Abschiebung festgenommen werden. Diese scheiterte, weil der Polizei gegen\u00fcber 150 schwer erregten, weil radikalisierten Insassen der Unterkunft keine anderes Mittel als der vorl\u00e4ufige R\u00fcckzug zur Verf\u00fcgung stand. Am n\u00e4chsten Tag erschienen dann ganze Hundertschaften, um, diesmal mit Erfolg, die so dringend ben\u00f6tigte Fachkraft in Gewahrsam zu nehmen.<!--more--><\/p>\n<p>Nach diesem Vorfall ist der aufmerksame Beobachter des politischen Zeitgeistes, wie wohl viele B\u00fcrger auch, mehr denn je davon \u00fcberzeugt, dass unser Staat nicht mehr dazu in der Lage ist, die Ordnung aufrecht zu erhalten. Wenn es mehrerer hundert Polizisten bedarf, um einen Illegalen in Abschiebehaft zu verbringen, dann sollten eigentlich alle Alarmglocken l\u00e4uten.<\/p>\n<p>Was w\u00e4re, wenn es in einer geplanten Aktion &#8211; via Facebook, WhatsApp oder sonstigen digitalen Diensten keine Problem, das haben beim letzten B\u00fcrgerkrieg in Hamburg die Linksterroristen bewiesen &#8211; an mehreren Stellen zu Ausschreitungen kommen sollte, weil die Goldst\u00fccke Forderungen, z. B. nach wei\u00dfem Fleisch oder mehr Geld oder was wei\u00df ich nicht alles, durchsetzten wollen?<\/p>\n<p>Dann w\u00e4re, und das ist das erschreckende Fazit, das man aus den Vorf\u00e4llen in Ellwangen ziehen muss, die Ordnungsmacht nicht in der Lage ad\u00e4quat auf die Bedrohung(en) zu reagieren. Man muss kein Hellseher sein, um zu prophezeien, dass die Lieblinge der linksrotgr\u00fcnen Schickeria sp\u00e4testens jetzt genau wissen, was sie zu tun haben, um unseren Staat zum Narren zu halten.<\/p>\n<p>Da waren die Analysten der CIA bereits 2008 weitaus schlauer, als es unsere Volksverr\u00e4ter, Verzeihung, Volksvertreter jemals werden k\u00f6nnen. F\u00fcr 2020 prognostizierte eine interne Studie der Central Intelligence Agency <a href=\"http:\/\/n23.tv\/geheimdienst-erwartet-buergerkrieg-in-europa\/\" target=\"_blank\" rel=\"noopener\">B\u00fcrgerkriege<\/a> in Deutschland und Europa. Wir schreiben jetzt das Jahr 2018, da lagen die US-amerikanischen Schlapph\u00fcte doch gar nicht so weit daneben.<\/p>\n<p>Das, was sich k\u00fcrzlich in Ellwangen ereignet hat, der gewaltt\u00e4tige Aufruhr einiger weniger Illegaler, d\u00fcrfte nur das Vorspiel kommender Aufst\u00e4nde sein, die, initiiert von \u201eFl\u00fcchtlingen\u201c, dem bereits jetzt gef\u00e4hrlich schwankenden Rechtsstaat den Todessto\u00df versetzen werden.<\/p>\n<p>Machen wir uns nichts vor und reden Klartext. Der von der Politik l\u00e4ngst gegen das Volk gef\u00fchrte Krieg ist in eine neue Phase getreten und die hei\u00dft Bev\u00f6lkerungsaustausch. (<a href=\"https:\/\/fassadenkratzer.wordpress.com\/2018\/04\/20\/uno-eu-und-usa-kreise-planen-seit-jahrzehnten-die-massenmigration\/\" target=\"_blank\" rel=\"noopener\">Hier<\/a> ein informativer Link zu diesem Thema). Mit dem Segen von Kirchen, Gewerkschaften, Parteien, karitativen Einrichtungen, Medien und NGO\u00b4s, die derzeit gr\u00f6\u00dfte Plage auf unserem Planeten, wird eine beispiellose Vermischung der Kulturen und Ethnien betrieben, deren Ziel in der Aufl\u00f6sung aller Nationalstaaten besteht.<\/p>\n<p>Familie, Volk und Religion, so Manfred Kleine-Hartlage in dem Kaplaken Band <span style=\"font-size: medium;\">&#8222;Neue Weltordnung: Zukunftsplan oder Verschw\u00f6rungstheorie?\u201c, <\/span><span style=\"font-size: medium;\">sind die grundlegenden Pfeiler jedes Nationalstaates und diese gilt es zu zerst\u00f6ren. Nur wenn es in einem Land keine Homogenit\u00e4t mehr gibt, Homogenit\u00e4t verstanden als gemeinsame Werte, Normen und gesellschaftlich-sozial akzeptierte und erw\u00fcnschte Verhaltensregeln, <\/span><span style=\"font-size: medium;\">sondern nur noch ein Gemisch aus ethnisch bedingten Ausnahme- und Verteilungsregeln, <\/span><span style=\"font-size: medium;\">dann haben die Apologet<\/span><span style=\"font-size: medium;\">en der NWO, <\/span><span style=\"font-size: medium;\">der Neuen Weltordnung ihr Ziel erreicht.<\/span><\/p>\n<p><span style=\"font-size: medium;\">So wie es jetzt aussieht, befindet sich<\/span> <span style=\"font-size: medium;\">Deutschland genau auf diesem Weg. Bald haben wi<\/span><span style=\"font-size: medium;\">r<\/span><span style=\"font-size: medium;\"> das Jahr 2020. Hoffentlich gilt dann nicht die Parole \u201eJeder f\u00fcr sich\u201c.<\/span><\/p>\n","protected":false},"excerpt":{"rendered":"<p>Was wie der Titel eines Grimm`schen M\u00e4rchens klingt, ist leider bittere Realit\u00e4t in Deutschland. Mehrere Hundert Polizisten wurden ben\u00f6tigt, um Recht und Gesetz gegen\u00fcber einem randalierenden Mob, bestehend aus Merkels Goldst\u00fccken, durchzusetzen. In einer Ellwangener Fl\u00fcchtlingsunterkunft sollte in einer ersten &hellip; <a href=\"https:\/\/www.inkultura-online.de\/politisch_unkorrekt\/dreihundert-fuer-einen\/\">Weiterlesen <span class=\"meta-nav\">&rarr;<\/span><\/a><\/p>\n","protected":false},"author":1,"featured_media":0,"comment_status":"open","ping_status":"open","sticky":false,"template":"","format":"standard","meta":{"footnotes":""},"categories":[444,10],"tags":[168,238,397,1064,230,957,225],"class_list":["post-1724","post","type-post","status-publish","format-standard","hentry","category-gedanken-zum-tag","category-systemfehler","tag-abschiebung","tag-bevoelkerungsaustausch","tag-buergerkrieg","tag-cia","tag-illegale","tag-merkels-goldstuecke","tag-volksverraeter"],"yoast_head":"<!-- This site is optimized with the Yoast SEO plugin v27.5 - https:\/\/yoast.com\/product\/yoast-seo-wordpress\/ -->\n<title>Drei(Hundert) f\u00fcr einen? - Zeitgeist? Frei!<\/title>\n<meta name=\"robots\" content=\"index, follow, max-snippet:-1, max-image-preview:large, max-video-preview:-1\" \/>\n<link rel=\"canonical\" href=\"https:\/\/www.inkultura-online.de\/politisch_unkorrekt\/dreihundert-fuer-einen\/\" \/>\n<meta property=\"og:locale\" content=\"de_DE\" \/>\n<meta property=\"og:type\" content=\"article\" \/>\n<meta property=\"og:title\" content=\"Drei(Hundert) f\u00fcr einen? - Zeitgeist? Frei!\" \/>\n<meta property=\"og:description\" content=\"Was wie der Titel eines Grimm`schen M\u00e4rchens klingt, ist leider bittere Realit\u00e4t in Deutschland. Mehrere Hundert Polizisten wurden ben\u00f6tigt, um Recht und Gesetz gegen\u00fcber einem randalierenden Mob, bestehend aus Merkels Goldst\u00fccken, durchzusetzen. In einer Ellwangener Fl\u00fcchtlingsunterkunft sollte in einer ersten &hellip; Weiterlesen &rarr;\" \/>\n<meta property=\"og:url\" content=\"https:\/\/www.inkultura-online.de\/politisch_unkorrekt\/dreihundert-fuer-einen\/\" \/>\n<meta property=\"og:site_name\" content=\"Zeitgeist? Frei!\" \/>\n<meta property=\"article:published_time\" content=\"2018-05-05T14:35:57+00:00\" \/>\n<meta property=\"article:modified_time\" content=\"2018-05-05T14:38:37+00:00\" \/>\n<meta name=\"author\" content=\"Orator\" \/>\n<meta name=\"twitter:label1\" content=\"Verfasst von\" \/>\n\t<meta name=\"twitter:data1\" content=\"Orator\" \/>\n\t<meta name=\"twitter:label2\" content=\"Gesch\u00e4tzte Lesezeit\" \/>\n\t<meta name=\"twitter:data2\" content=\"3\u00a0Minuten\" \/>\n<script type=\"application\/ld+json\" class=\"yoast-schema-graph\">{\"@context\":\"https:\\\/\\\/schema.org\",\"@graph\":[{\"@type\":\"Article\",\"@id\":\"https:\\\/\\\/www.inkultura-online.de\\\/politisch_unkorrekt\\\/dreihundert-fuer-einen\\\/#article\",\"isPartOf\":{\"@id\":\"https:\\\/\\\/www.inkultura-online.de\\\/politisch_unkorrekt\\\/dreihundert-fuer-einen\\\/\"},\"author\":{\"name\":\"Orator\",\"@id\":\"https:\\\/\\\/www.inkultura-online.de\\\/politisch_unkorrekt\\\/#\\\/schema\\\/person\\\/5b30b80e385478896a1de221e1994d86\"},\"headline\":\"Drei(Hundert) f\u00fcr einen?\",\"datePublished\":\"2018-05-05T14:35:57+00:00\",\"dateModified\":\"2018-05-05T14:38:37+00:00\",\"mainEntityOfPage\":{\"@id\":\"https:\\\/\\\/www.inkultura-online.de\\\/politisch_unkorrekt\\\/dreihundert-fuer-einen\\\/\"},\"wordCount\":573,\"commentCount\":0,\"publisher\":{\"@id\":\"https:\\\/\\\/www.inkultura-online.de\\\/politisch_unkorrekt\\\/#\\\/schema\\\/person\\\/5b30b80e385478896a1de221e1994d86\"},\"keywords\":[\"Abschiebung\",\"Bev\u00f6lkerungsaustausch\",\"B\u00fcrgerkrieg\",\"CIA\",\"Illegale\",\"Merkels Goldst\u00fccke\",\"Volksverr\u00e4ter\"],\"articleSection\":[\"Gedanken zum Tag\",\"Systemfehler\"],\"inLanguage\":\"de\",\"potentialAction\":[{\"@type\":\"CommentAction\",\"name\":\"Comment\",\"target\":[\"https:\\\/\\\/www.inkultura-online.de\\\/politisch_unkorrekt\\\/dreihundert-fuer-einen\\\/#respond\"]}]},{\"@type\":\"WebPage\",\"@id\":\"https:\\\/\\\/www.inkultura-online.de\\\/politisch_unkorrekt\\\/dreihundert-fuer-einen\\\/\",\"url\":\"https:\\\/\\\/www.inkultura-online.de\\\/politisch_unkorrekt\\\/dreihundert-fuer-einen\\\/\",\"name\":\"Drei(Hundert) f\u00fcr einen? - Zeitgeist? Frei!\",\"isPartOf\":{\"@id\":\"https:\\\/\\\/www.inkultura-online.de\\\/politisch_unkorrekt\\\/#website\"},\"datePublished\":\"2018-05-05T14:35:57+00:00\",\"dateModified\":\"2018-05-05T14:38:37+00:00\",\"breadcrumb\":{\"@id\":\"https:\\\/\\\/www.inkultura-online.de\\\/politisch_unkorrekt\\\/dreihundert-fuer-einen\\\/#breadcrumb\"},\"inLanguage\":\"de\",\"potentialAction\":[{\"@type\":\"ReadAction\",\"target\":[\"https:\\\/\\\/www.inkultura-online.de\\\/politisch_unkorrekt\\\/dreihundert-fuer-einen\\\/\"]}]},{\"@type\":\"BreadcrumbList\",\"@id\":\"https:\\\/\\\/www.inkultura-online.de\\\/politisch_unkorrekt\\\/dreihundert-fuer-einen\\\/#breadcrumb\",\"itemListElement\":[{\"@type\":\"ListItem\",\"position\":1,\"name\":\"Home\",\"item\":\"https:\\\/\\\/www.inkultura-online.de\\\/politisch_unkorrekt\\\/\"},{\"@type\":\"ListItem\",\"position\":2,\"name\":\"Drei(Hundert) f\u00fcr einen?\"}]},{\"@type\":\"WebSite\",\"@id\":\"https:\\\/\\\/www.inkultura-online.de\\\/politisch_unkorrekt\\\/#website\",\"url\":\"https:\\\/\\\/www.inkultura-online.de\\\/politisch_unkorrekt\\\/\",\"name\":\"Zeitgeist? Frei!\",\"description\":\"Was Ihr den Geist der Zeiten hei\u00dft...\",\"publisher\":{\"@id\":\"https:\\\/\\\/www.inkultura-online.de\\\/politisch_unkorrekt\\\/#\\\/schema\\\/person\\\/5b30b80e385478896a1de221e1994d86\"},\"potentialAction\":[{\"@type\":\"SearchAction\",\"target\":{\"@type\":\"EntryPoint\",\"urlTemplate\":\"https:\\\/\\\/www.inkultura-online.de\\\/politisch_unkorrekt\\\/?s={search_term_string}\"},\"query-input\":{\"@type\":\"PropertyValueSpecification\",\"valueRequired\":true,\"valueName\":\"search_term_string\"}}],\"inLanguage\":\"de\"},{\"@type\":[\"Person\",\"Organization\"],\"@id\":\"https:\\\/\\\/www.inkultura-online.de\\\/politisch_unkorrekt\\\/#\\\/schema\\\/person\\\/5b30b80e385478896a1de221e1994d86\",\"name\":\"Orator\",\"image\":{\"@type\":\"ImageObject\",\"inLanguage\":\"de\",\"@id\":\"https:\\\/\\\/secure.gravatar.com\\\/avatar\\\/96e03166d31716e9c437060430eb7605c45a8ce6fb6dab483637ca6915dd0844?s=96&d=mm&r=g\",\"url\":\"https:\\\/\\\/secure.gravatar.com\\\/avatar\\\/96e03166d31716e9c437060430eb7605c45a8ce6fb6dab483637ca6915dd0844?s=96&d=mm&r=g\",\"contentUrl\":\"https:\\\/\\\/secure.gravatar.com\\\/avatar\\\/96e03166d31716e9c437060430eb7605c45a8ce6fb6dab483637ca6915dd0844?s=96&d=mm&r=g\",\"caption\":\"Orator\"},\"logo\":{\"@id\":\"https:\\\/\\\/secure.gravatar.com\\\/avatar\\\/96e03166d31716e9c437060430eb7605c45a8ce6fb6dab483637ca6915dd0844?s=96&d=mm&r=g\"},\"url\":\"https:\\\/\\\/www.inkultura-online.de\\\/politisch_unkorrekt\\\/author\\\/1korrektor21-2\\\/\"}]}<\/script>\n<!-- \/ Yoast SEO plugin. -->","yoast_head_json":{"title":"Drei(Hundert) f\u00fcr einen? - Zeitgeist? Frei!","robots":{"index":"index","follow":"follow","max-snippet":"max-snippet:-1","max-image-preview":"max-image-preview:large","max-video-preview":"max-video-preview:-1"},"canonical":"https:\/\/www.inkultura-online.de\/politisch_unkorrekt\/dreihundert-fuer-einen\/","og_locale":"de_DE","og_type":"article","og_title":"Drei(Hundert) f\u00fcr einen? - Zeitgeist? Frei!","og_description":"Was wie der Titel eines Grimm`schen M\u00e4rchens klingt, ist leider bittere Realit\u00e4t in Deutschland. Mehrere Hundert Polizisten wurden ben\u00f6tigt, um Recht und Gesetz gegen\u00fcber einem randalierenden Mob, bestehend aus Merkels Goldst\u00fccken, durchzusetzen. In einer Ellwangener Fl\u00fcchtlingsunterkunft sollte in einer ersten &hellip; Weiterlesen &rarr;","og_url":"https:\/\/www.inkultura-online.de\/politisch_unkorrekt\/dreihundert-fuer-einen\/","og_site_name":"Zeitgeist? Frei!","article_published_time":"2018-05-05T14:35:57+00:00","article_modified_time":"2018-05-05T14:38:37+00:00","author":"Orator","twitter_misc":{"Verfasst von":"Orator","Gesch\u00e4tzte Lesezeit":"3\u00a0Minuten"},"schema":{"@context":"https:\/\/schema.org","@graph":[{"@type":"Article","@id":"https:\/\/www.inkultura-online.de\/politisch_unkorrekt\/dreihundert-fuer-einen\/#article","isPartOf":{"@id":"https:\/\/www.inkultura-online.de\/politisch_unkorrekt\/dreihundert-fuer-einen\/"},"author":{"name":"Orator","@id":"https:\/\/www.inkultura-online.de\/politisch_unkorrekt\/#\/schema\/person\/5b30b80e385478896a1de221e1994d86"},"headline":"Drei(Hundert) f\u00fcr einen?","datePublished":"2018-05-05T14:35:57+00:00","dateModified":"2018-05-05T14:38:37+00:00","mainEntityOfPage":{"@id":"https:\/\/www.inkultura-online.de\/politisch_unkorrekt\/dreihundert-fuer-einen\/"},"wordCount":573,"commentCount":0,"publisher":{"@id":"https:\/\/www.inkultura-online.de\/politisch_unkorrekt\/#\/schema\/person\/5b30b80e385478896a1de221e1994d86"},"keywords":["Abschiebung","Bev\u00f6lkerungsaustausch","B\u00fcrgerkrieg","CIA","Illegale","Merkels Goldst\u00fccke","Volksverr\u00e4ter"],"articleSection":["Gedanken zum Tag","Systemfehler"],"inLanguage":"de","potentialAction":[{"@type":"CommentAction","name":"Comment","target":["https:\/\/www.inkultura-online.de\/politisch_unkorrekt\/dreihundert-fuer-einen\/#respond"]}]},{"@type":"WebPage","@id":"https:\/\/www.inkultura-online.de\/politisch_unkorrekt\/dreihundert-fuer-einen\/","url":"https:\/\/www.inkultura-online.de\/politisch_unkorrekt\/dreihundert-fuer-einen\/","name":"Drei(Hundert) f\u00fcr einen? - Zeitgeist? Frei!","isPartOf":{"@id":"https:\/\/www.inkultura-online.de\/politisch_unkorrekt\/#website"},"datePublished":"2018-05-05T14:35:57+00:00","dateModified":"2018-05-05T14:38:37+00:00","breadcrumb":{"@id":"https:\/\/www.inkultura-online.de\/politisch_unkorrekt\/dreihundert-fuer-einen\/#breadcrumb"},"inLanguage":"de","potentialAction":[{"@type":"ReadAction","target":["https:\/\/www.inkultura-online.de\/politisch_unkorrekt\/dreihundert-fuer-einen\/"]}]},{"@type":"BreadcrumbList","@id":"https:\/\/www.inkultura-online.de\/politisch_unkorrekt\/dreihundert-fuer-einen\/#breadcrumb","itemListElement":[{"@type":"ListItem","position":1,"name":"Home","item":"https:\/\/www.inkultura-online.de\/politisch_unkorrekt\/"},{"@type":"ListItem","position":2,"name":"Drei(Hundert) f\u00fcr einen?"}]},{"@type":"WebSite","@id":"https:\/\/www.inkultura-online.de\/politisch_unkorrekt\/#website","url":"https:\/\/www.inkultura-online.de\/politisch_unkorrekt\/","name":"Zeitgeist? Frei!","description":"Was Ihr den Geist der Zeiten hei\u00dft...","publisher":{"@id":"https:\/\/www.inkultura-online.de\/politisch_unkorrekt\/#\/schema\/person\/5b30b80e385478896a1de221e1994d86"},"potentialAction":[{"@type":"SearchAction","target":{"@type":"EntryPoint","urlTemplate":"https:\/\/www.inkultura-online.de\/politisch_unkorrekt\/?s={search_term_string}"},"query-input":{"@type":"PropertyValueSpecification","valueRequired":true,"valueName":"search_term_string"}}],"inLanguage":"de"},{"@type":["Person","Organization"],"@id":"https:\/\/www.inkultura-online.de\/politisch_unkorrekt\/#\/schema\/person\/5b30b80e385478896a1de221e1994d86","name":"Orator","image":{"@type":"ImageObject","inLanguage":"de","@id":"https:\/\/secure.gravatar.com\/avatar\/96e03166d31716e9c437060430eb7605c45a8ce6fb6dab483637ca6915dd0844?s=96&d=mm&r=g","url":"https:\/\/secure.gravatar.com\/avatar\/96e03166d31716e9c437060430eb7605c45a8ce6fb6dab483637ca6915dd0844?s=96&d=mm&r=g","contentUrl":"https:\/\/secure.gravatar.com\/avatar\/96e03166d31716e9c437060430eb7605c45a8ce6fb6dab483637ca6915dd0844?s=96&d=mm&r=g","caption":"Orator"},"logo":{"@id":"https:\/\/secure.gravatar.com\/avatar\/96e03166d31716e9c437060430eb7605c45a8ce6fb6dab483637ca6915dd0844?s=96&d=mm&r=g"},"url":"https:\/\/www.inkultura-online.de\/politisch_unkorrekt\/author\/1korrektor21-2\/"}]}},"_links":{"self":[{"href":"https:\/\/www.inkultura-online.de\/politisch_unkorrekt\/wp-json\/wp\/v2\/posts\/1724","targetHints":{"allow":["GET"]}}],"collection":[{"href":"https:\/\/www.inkultura-online.de\/politisch_unkorrekt\/wp-json\/wp\/v2\/posts"}],"about":[{"href":"https:\/\/www.inkultura-online.de\/politisch_unkorrekt\/wp-json\/wp\/v2\/types\/post"}],"author":[{"embeddable":true,"href":"https:\/\/www.inkultura-online.de\/politisch_unkorrekt\/wp-json\/wp\/v2\/users\/1"}],"replies":[{"embeddable":true,"href":"https:\/\/www.inkultura-online.de\/politisch_unkorrekt\/wp-json\/wp\/v2\/comments?post=1724"}],"version-history":[{"count":4,"href":"https:\/\/www.inkultura-online.de\/politisch_unkorrekt\/wp-json\/wp\/v2\/posts\/1724\/revisions"}],"predecessor-version":[{"id":1728,"href":"https:\/\/www.inkultura-online.de\/politisch_unkorrekt\/wp-json\/wp\/v2\/posts\/1724\/revisions\/1728"}],"wp:attachment":[{"href":"https:\/\/www.inkultura-online.de\/politisch_unkorrekt\/wp-json\/wp\/v2\/media?parent=1724"}],"wp:term":[{"taxonomy":"category","embeddable":true,"href":"https:\/\/www.inkultura-online.de\/politisch_unkorrekt\/wp-json\/wp\/v2\/categories?post=1724"},{"taxonomy":"post_tag","embeddable":true,"href":"https:\/\/www.inkultura-online.de\/politisch_unkorrekt\/wp-json\/wp\/v2\/tags?post=1724"}],"curies":[{"name":"wp","href":"https:\/\/api.w.org\/{rel}","templated":true}]}}