{"id":1760,"date":"2018-07-17T15:40:48","date_gmt":"2018-07-17T13:40:48","guid":{"rendered":"http:\/\/www.inkultura-online.de\/politisch_unkorrekt\/?p=1760"},"modified":"2018-07-17T15:41:47","modified_gmt":"2018-07-17T13:41:47","slug":"wenns-an-eigene-geld-geht-wird-er-gutmensch-zum-wutbuerger","status":"publish","type":"post","link":"https:\/\/www.inkultura-online.de\/politisch_unkorrekt\/wenns-an-eigene-geld-geht-wird-er-gutmensch-zum-wutbuerger\/","title":{"rendered":"Wenn`s an eigene Geld geht, wird der Gutmensch zum Wutb\u00fcrger"},"content":{"rendered":"<p>Wer f\u00fcr einen anderen b\u00fcrgt, dem sollte klar sein, dass er gegebenenfalls f\u00fcr seinen Sch\u00fctzling tief in die eigene Tasche greifen muss. Das ist nun einmal das Risiko einer B\u00fcrgschaft, zumal fremden Menschen gegen\u00fcber.<\/p>\n<p>In <a href=\"https:\/\/www1.wdr.de\/nachrichten\/fluechtlinge\/fluechtlingsbuergen-minden-102.html\" target=\"_blank\" rel=\"noopener\">Minden<\/a> leben anscheinend besonders viele Exemplare dieser Spontan-Spezies, die es sich mehr oder weniger leisten konnten, f\u00fcr sog. \u201eFl\u00fcchtlinge\u201c zu b\u00fcrgen. Doch deren Schreck ist jetzt gro\u00df, dass die Personen, die finanziell zu allem bereit &#8211; wenn es denn nicht das eigene Geld kostet &#8211; waren, um mit gro\u00dfem Herzen, aber, wie sich jetzt jedoch herausstellt, kleinem Portemonnaie eine B\u00fcrgschaft f\u00fcr Merkels Goldst\u00fccke und die von uns so dringend ben\u00f6tigten Fachkr\u00e4fte zu leisten, dieser Tage zur Kasse gebeten werden.<\/p>\n<p>Schade nur, dass den Gutmenschen eine Gesetzes\u00e4nderung von 2016 entgangen zu sein scheint, welche die B\u00fcrgen dazu verpflichtet, drei Jahre lang die Kosten f\u00fcr die Unterbringung zu \u00fcbernehmen. Das gilt auch, wenn zwischenzeitlich der \u201eAsylantrag\u201c anerkannt wurde.<\/p>\n<p>Dumm gelaufen, aber Recht ist nunmal Recht, ihr Deppen!<\/p>\n","protected":false},"excerpt":{"rendered":"<p>Wer f\u00fcr einen anderen b\u00fcrgt, dem sollte klar sein, dass er gegebenenfalls f\u00fcr seinen Sch\u00fctzling tief in die eigene Tasche greifen muss. Das ist nun einmal das Risiko einer B\u00fcrgschaft, zumal fremden Menschen gegen\u00fcber. In Minden leben anscheinend besonders viele &hellip; <a href=\"https:\/\/www.inkultura-online.de\/politisch_unkorrekt\/wenns-an-eigene-geld-geht-wird-er-gutmensch-zum-wutbuerger\/\">Weiterlesen <span class=\"meta-nav\">&rarr;<\/span><\/a><\/p>\n","protected":false},"author":1,"featured_media":0,"comment_status":"closed","ping_status":"closed","sticky":false,"template":"","format":"standard","meta":{"footnotes":""},"categories":[1,444,6],"tags":[1073,1070,79,1071,1072],"class_list":["post-1760","post","type-post","status-publish","format-standard","hentry","category-fundstuecke","category-gedanken-zum-tag","category-menschen-untereinander","tag-asylantrag","tag-buergschaft","tag-fluechtlinge","tag-gutmensch","tag-wutbuerger"],"yoast_head":"<!-- This site is optimized with the Yoast SEO plugin v27.5 - https:\/\/yoast.com\/product\/yoast-seo-wordpress\/ -->\n<title>Wenn`s an eigene Geld geht, wird der Gutmensch zum Wutb\u00fcrger - Zeitgeist? Frei!<\/title>\n<meta name=\"robots\" content=\"index, follow, max-snippet:-1, max-image-preview:large, max-video-preview:-1\" \/>\n<link rel=\"canonical\" href=\"https:\/\/www.inkultura-online.de\/politisch_unkorrekt\/wenns-an-eigene-geld-geht-wird-er-gutmensch-zum-wutbuerger\/\" \/>\n<meta property=\"og:locale\" content=\"de_DE\" \/>\n<meta property=\"og:type\" content=\"article\" \/>\n<meta property=\"og:title\" content=\"Wenn`s an eigene Geld geht, wird der Gutmensch zum Wutb\u00fcrger - Zeitgeist? Frei!\" \/>\n<meta property=\"og:description\" content=\"Wer f\u00fcr einen anderen b\u00fcrgt, dem sollte klar sein, dass er gegebenenfalls f\u00fcr seinen Sch\u00fctzling tief in die eigene Tasche greifen muss. Das ist nun einmal das Risiko einer B\u00fcrgschaft, zumal fremden Menschen gegen\u00fcber. In Minden leben anscheinend besonders viele &hellip; Weiterlesen &rarr;\" \/>\n<meta property=\"og:url\" content=\"https:\/\/www.inkultura-online.de\/politisch_unkorrekt\/wenns-an-eigene-geld-geht-wird-er-gutmensch-zum-wutbuerger\/\" \/>\n<meta property=\"og:site_name\" content=\"Zeitgeist? Frei!\" \/>\n<meta property=\"article:published_time\" content=\"2018-07-17T13:40:48+00:00\" \/>\n<meta property=\"article:modified_time\" content=\"2018-07-17T13:41:47+00:00\" \/>\n<meta name=\"author\" content=\"Orator\" \/>\n<meta name=\"twitter:label1\" content=\"Verfasst von\" \/>\n\t<meta name=\"twitter:data1\" content=\"Orator\" \/>\n\t<meta name=\"twitter:label2\" content=\"Gesch\u00e4tzte Lesezeit\" \/>\n\t<meta name=\"twitter:data2\" content=\"1\u00a0Minute\" \/>\n<script type=\"application\/ld+json\" class=\"yoast-schema-graph\">{\"@context\":\"https:\\\/\\\/schema.org\",\"@graph\":[{\"@type\":\"Article\",\"@id\":\"https:\\\/\\\/www.inkultura-online.de\\\/politisch_unkorrekt\\\/wenns-an-eigene-geld-geht-wird-er-gutmensch-zum-wutbuerger\\\/#article\",\"isPartOf\":{\"@id\":\"https:\\\/\\\/www.inkultura-online.de\\\/politisch_unkorrekt\\\/wenns-an-eigene-geld-geht-wird-er-gutmensch-zum-wutbuerger\\\/\"},\"author\":{\"name\":\"Orator\",\"@id\":\"https:\\\/\\\/www.inkultura-online.de\\\/politisch_unkorrekt\\\/#\\\/schema\\\/person\\\/5b30b80e385478896a1de221e1994d86\"},\"headline\":\"Wenn`s an eigene Geld geht, wird der Gutmensch zum Wutb\u00fcrger\",\"datePublished\":\"2018-07-17T13:40:48+00:00\",\"dateModified\":\"2018-07-17T13:41:47+00:00\",\"mainEntityOfPage\":{\"@id\":\"https:\\\/\\\/www.inkultura-online.de\\\/politisch_unkorrekt\\\/wenns-an-eigene-geld-geht-wird-er-gutmensch-zum-wutbuerger\\\/\"},\"wordCount\":189,\"publisher\":{\"@id\":\"https:\\\/\\\/www.inkultura-online.de\\\/politisch_unkorrekt\\\/#\\\/schema\\\/person\\\/5b30b80e385478896a1de221e1994d86\"},\"keywords\":[\"Asylantrag\",\"B\u00fcrgschaft\",\"Fl\u00fcchtlinge\",\"Gutmensch\",\"Wutb\u00fcrger\"],\"articleSection\":[\"Fundst\u00fccke\",\"Gedanken zum Tag\",\"Menschen untereinander\"],\"inLanguage\":\"de\"},{\"@type\":\"WebPage\",\"@id\":\"https:\\\/\\\/www.inkultura-online.de\\\/politisch_unkorrekt\\\/wenns-an-eigene-geld-geht-wird-er-gutmensch-zum-wutbuerger\\\/\",\"url\":\"https:\\\/\\\/www.inkultura-online.de\\\/politisch_unkorrekt\\\/wenns-an-eigene-geld-geht-wird-er-gutmensch-zum-wutbuerger\\\/\",\"name\":\"Wenn`s an eigene Geld geht, wird der Gutmensch zum Wutb\u00fcrger - Zeitgeist? Frei!\",\"isPartOf\":{\"@id\":\"https:\\\/\\\/www.inkultura-online.de\\\/politisch_unkorrekt\\\/#website\"},\"datePublished\":\"2018-07-17T13:40:48+00:00\",\"dateModified\":\"2018-07-17T13:41:47+00:00\",\"breadcrumb\":{\"@id\":\"https:\\\/\\\/www.inkultura-online.de\\\/politisch_unkorrekt\\\/wenns-an-eigene-geld-geht-wird-er-gutmensch-zum-wutbuerger\\\/#breadcrumb\"},\"inLanguage\":\"de\",\"potentialAction\":[{\"@type\":\"ReadAction\",\"target\":[\"https:\\\/\\\/www.inkultura-online.de\\\/politisch_unkorrekt\\\/wenns-an-eigene-geld-geht-wird-er-gutmensch-zum-wutbuerger\\\/\"]}]},{\"@type\":\"BreadcrumbList\",\"@id\":\"https:\\\/\\\/www.inkultura-online.de\\\/politisch_unkorrekt\\\/wenns-an-eigene-geld-geht-wird-er-gutmensch-zum-wutbuerger\\\/#breadcrumb\",\"itemListElement\":[{\"@type\":\"ListItem\",\"position\":1,\"name\":\"Home\",\"item\":\"https:\\\/\\\/www.inkultura-online.de\\\/politisch_unkorrekt\\\/\"},{\"@type\":\"ListItem\",\"position\":2,\"name\":\"Wenn`s an eigene Geld geht, wird der Gutmensch zum Wutb\u00fcrger\"}]},{\"@type\":\"WebSite\",\"@id\":\"https:\\\/\\\/www.inkultura-online.de\\\/politisch_unkorrekt\\\/#website\",\"url\":\"https:\\\/\\\/www.inkultura-online.de\\\/politisch_unkorrekt\\\/\",\"name\":\"Zeitgeist? Frei!\",\"description\":\"Was Ihr den Geist der Zeiten hei\u00dft...\",\"publisher\":{\"@id\":\"https:\\\/\\\/www.inkultura-online.de\\\/politisch_unkorrekt\\\/#\\\/schema\\\/person\\\/5b30b80e385478896a1de221e1994d86\"},\"potentialAction\":[{\"@type\":\"SearchAction\",\"target\":{\"@type\":\"EntryPoint\",\"urlTemplate\":\"https:\\\/\\\/www.inkultura-online.de\\\/politisch_unkorrekt\\\/?s={search_term_string}\"},\"query-input\":{\"@type\":\"PropertyValueSpecification\",\"valueRequired\":true,\"valueName\":\"search_term_string\"}}],\"inLanguage\":\"de\"},{\"@type\":[\"Person\",\"Organization\"],\"@id\":\"https:\\\/\\\/www.inkultura-online.de\\\/politisch_unkorrekt\\\/#\\\/schema\\\/person\\\/5b30b80e385478896a1de221e1994d86\",\"name\":\"Orator\",\"image\":{\"@type\":\"ImageObject\",\"inLanguage\":\"de\",\"@id\":\"https:\\\/\\\/secure.gravatar.com\\\/avatar\\\/96e03166d31716e9c437060430eb7605c45a8ce6fb6dab483637ca6915dd0844?s=96&d=mm&r=g\",\"url\":\"https:\\\/\\\/secure.gravatar.com\\\/avatar\\\/96e03166d31716e9c437060430eb7605c45a8ce6fb6dab483637ca6915dd0844?s=96&d=mm&r=g\",\"contentUrl\":\"https:\\\/\\\/secure.gravatar.com\\\/avatar\\\/96e03166d31716e9c437060430eb7605c45a8ce6fb6dab483637ca6915dd0844?s=96&d=mm&r=g\",\"caption\":\"Orator\"},\"logo\":{\"@id\":\"https:\\\/\\\/secure.gravatar.com\\\/avatar\\\/96e03166d31716e9c437060430eb7605c45a8ce6fb6dab483637ca6915dd0844?s=96&d=mm&r=g\"},\"url\":\"https:\\\/\\\/www.inkultura-online.de\\\/politisch_unkorrekt\\\/author\\\/1korrektor21-2\\\/\"}]}<\/script>\n<!-- \/ Yoast SEO plugin. -->","yoast_head_json":{"title":"Wenn`s an eigene Geld geht, wird der Gutmensch zum Wutb\u00fcrger - Zeitgeist? Frei!","robots":{"index":"index","follow":"follow","max-snippet":"max-snippet:-1","max-image-preview":"max-image-preview:large","max-video-preview":"max-video-preview:-1"},"canonical":"https:\/\/www.inkultura-online.de\/politisch_unkorrekt\/wenns-an-eigene-geld-geht-wird-er-gutmensch-zum-wutbuerger\/","og_locale":"de_DE","og_type":"article","og_title":"Wenn`s an eigene Geld geht, wird der Gutmensch zum Wutb\u00fcrger - Zeitgeist? Frei!","og_description":"Wer f\u00fcr einen anderen b\u00fcrgt, dem sollte klar sein, dass er gegebenenfalls f\u00fcr seinen Sch\u00fctzling tief in die eigene Tasche greifen muss. Das ist nun einmal das Risiko einer B\u00fcrgschaft, zumal fremden Menschen gegen\u00fcber. In Minden leben anscheinend besonders viele &hellip; Weiterlesen &rarr;","og_url":"https:\/\/www.inkultura-online.de\/politisch_unkorrekt\/wenns-an-eigene-geld-geht-wird-er-gutmensch-zum-wutbuerger\/","og_site_name":"Zeitgeist? Frei!","article_published_time":"2018-07-17T13:40:48+00:00","article_modified_time":"2018-07-17T13:41:47+00:00","author":"Orator","twitter_misc":{"Verfasst von":"Orator","Gesch\u00e4tzte Lesezeit":"1\u00a0Minute"},"schema":{"@context":"https:\/\/schema.org","@graph":[{"@type":"Article","@id":"https:\/\/www.inkultura-online.de\/politisch_unkorrekt\/wenns-an-eigene-geld-geht-wird-er-gutmensch-zum-wutbuerger\/#article","isPartOf":{"@id":"https:\/\/www.inkultura-online.de\/politisch_unkorrekt\/wenns-an-eigene-geld-geht-wird-er-gutmensch-zum-wutbuerger\/"},"author":{"name":"Orator","@id":"https:\/\/www.inkultura-online.de\/politisch_unkorrekt\/#\/schema\/person\/5b30b80e385478896a1de221e1994d86"},"headline":"Wenn`s an eigene Geld geht, wird der Gutmensch zum Wutb\u00fcrger","datePublished":"2018-07-17T13:40:48+00:00","dateModified":"2018-07-17T13:41:47+00:00","mainEntityOfPage":{"@id":"https:\/\/www.inkultura-online.de\/politisch_unkorrekt\/wenns-an-eigene-geld-geht-wird-er-gutmensch-zum-wutbuerger\/"},"wordCount":189,"publisher":{"@id":"https:\/\/www.inkultura-online.de\/politisch_unkorrekt\/#\/schema\/person\/5b30b80e385478896a1de221e1994d86"},"keywords":["Asylantrag","B\u00fcrgschaft","Fl\u00fcchtlinge","Gutmensch","Wutb\u00fcrger"],"articleSection":["Fundst\u00fccke","Gedanken zum Tag","Menschen untereinander"],"inLanguage":"de"},{"@type":"WebPage","@id":"https:\/\/www.inkultura-online.de\/politisch_unkorrekt\/wenns-an-eigene-geld-geht-wird-er-gutmensch-zum-wutbuerger\/","url":"https:\/\/www.inkultura-online.de\/politisch_unkorrekt\/wenns-an-eigene-geld-geht-wird-er-gutmensch-zum-wutbuerger\/","name":"Wenn`s an eigene Geld geht, wird der Gutmensch zum Wutb\u00fcrger - Zeitgeist? Frei!","isPartOf":{"@id":"https:\/\/www.inkultura-online.de\/politisch_unkorrekt\/#website"},"datePublished":"2018-07-17T13:40:48+00:00","dateModified":"2018-07-17T13:41:47+00:00","breadcrumb":{"@id":"https:\/\/www.inkultura-online.de\/politisch_unkorrekt\/wenns-an-eigene-geld-geht-wird-er-gutmensch-zum-wutbuerger\/#breadcrumb"},"inLanguage":"de","potentialAction":[{"@type":"ReadAction","target":["https:\/\/www.inkultura-online.de\/politisch_unkorrekt\/wenns-an-eigene-geld-geht-wird-er-gutmensch-zum-wutbuerger\/"]}]},{"@type":"BreadcrumbList","@id":"https:\/\/www.inkultura-online.de\/politisch_unkorrekt\/wenns-an-eigene-geld-geht-wird-er-gutmensch-zum-wutbuerger\/#breadcrumb","itemListElement":[{"@type":"ListItem","position":1,"name":"Home","item":"https:\/\/www.inkultura-online.de\/politisch_unkorrekt\/"},{"@type":"ListItem","position":2,"name":"Wenn`s an eigene Geld geht, wird der Gutmensch zum Wutb\u00fcrger"}]},{"@type":"WebSite","@id":"https:\/\/www.inkultura-online.de\/politisch_unkorrekt\/#website","url":"https:\/\/www.inkultura-online.de\/politisch_unkorrekt\/","name":"Zeitgeist? Frei!","description":"Was Ihr den Geist der Zeiten hei\u00dft...","publisher":{"@id":"https:\/\/www.inkultura-online.de\/politisch_unkorrekt\/#\/schema\/person\/5b30b80e385478896a1de221e1994d86"},"potentialAction":[{"@type":"SearchAction","target":{"@type":"EntryPoint","urlTemplate":"https:\/\/www.inkultura-online.de\/politisch_unkorrekt\/?s={search_term_string}"},"query-input":{"@type":"PropertyValueSpecification","valueRequired":true,"valueName":"search_term_string"}}],"inLanguage":"de"},{"@type":["Person","Organization"],"@id":"https:\/\/www.inkultura-online.de\/politisch_unkorrekt\/#\/schema\/person\/5b30b80e385478896a1de221e1994d86","name":"Orator","image":{"@type":"ImageObject","inLanguage":"de","@id":"https:\/\/secure.gravatar.com\/avatar\/96e03166d31716e9c437060430eb7605c45a8ce6fb6dab483637ca6915dd0844?s=96&d=mm&r=g","url":"https:\/\/secure.gravatar.com\/avatar\/96e03166d31716e9c437060430eb7605c45a8ce6fb6dab483637ca6915dd0844?s=96&d=mm&r=g","contentUrl":"https:\/\/secure.gravatar.com\/avatar\/96e03166d31716e9c437060430eb7605c45a8ce6fb6dab483637ca6915dd0844?s=96&d=mm&r=g","caption":"Orator"},"logo":{"@id":"https:\/\/secure.gravatar.com\/avatar\/96e03166d31716e9c437060430eb7605c45a8ce6fb6dab483637ca6915dd0844?s=96&d=mm&r=g"},"url":"https:\/\/www.inkultura-online.de\/politisch_unkorrekt\/author\/1korrektor21-2\/"}]}},"_links":{"self":[{"href":"https:\/\/www.inkultura-online.de\/politisch_unkorrekt\/wp-json\/wp\/v2\/posts\/1760","targetHints":{"allow":["GET"]}}],"collection":[{"href":"https:\/\/www.inkultura-online.de\/politisch_unkorrekt\/wp-json\/wp\/v2\/posts"}],"about":[{"href":"https:\/\/www.inkultura-online.de\/politisch_unkorrekt\/wp-json\/wp\/v2\/types\/post"}],"author":[{"embeddable":true,"href":"https:\/\/www.inkultura-online.de\/politisch_unkorrekt\/wp-json\/wp\/v2\/users\/1"}],"replies":[{"embeddable":true,"href":"https:\/\/www.inkultura-online.de\/politisch_unkorrekt\/wp-json\/wp\/v2\/comments?post=1760"}],"version-history":[{"count":2,"href":"https:\/\/www.inkultura-online.de\/politisch_unkorrekt\/wp-json\/wp\/v2\/posts\/1760\/revisions"}],"predecessor-version":[{"id":1762,"href":"https:\/\/www.inkultura-online.de\/politisch_unkorrekt\/wp-json\/wp\/v2\/posts\/1760\/revisions\/1762"}],"wp:attachment":[{"href":"https:\/\/www.inkultura-online.de\/politisch_unkorrekt\/wp-json\/wp\/v2\/media?parent=1760"}],"wp:term":[{"taxonomy":"category","embeddable":true,"href":"https:\/\/www.inkultura-online.de\/politisch_unkorrekt\/wp-json\/wp\/v2\/categories?post=1760"},{"taxonomy":"post_tag","embeddable":true,"href":"https:\/\/www.inkultura-online.de\/politisch_unkorrekt\/wp-json\/wp\/v2\/tags?post=1760"}],"curies":[{"name":"wp","href":"https:\/\/api.w.org\/{rel}","templated":true}]}}