{"id":1763,"date":"2018-07-18T17:52:07","date_gmt":"2018-07-18T15:52:07","guid":{"rendered":"http:\/\/www.inkultura-online.de\/politisch_unkorrekt\/?p=1763"},"modified":"2018-07-18T17:52:07","modified_gmt":"2018-07-18T15:52:07","slug":"rundfunk-zwangsgebuehren-sind-verfassungsgemaess","status":"publish","type":"post","link":"https:\/\/www.inkultura-online.de\/politisch_unkorrekt\/rundfunk-zwangsgebuehren-sind-verfassungsgemaess\/","title":{"rendered":"Rundfunk-Zwangsgeb\u00fchren sind verfassungsgem\u00e4\u00df"},"content":{"rendered":"<p>Wer, bittesch\u00f6n, hat ein anderes Urteil des Bundesverfassungsgerichts bez\u00fcglich der zwangsweise erhobenen &#8222;Demokratieabgabe&#8220; erwartet?<\/p>\n<p><em>&#8222;Auf das Vorhandensein von Empfangsger\u00e4ten oder einen Nutzungswillen kommt es nicht an&#8220;<\/em>, so das oberste Gericht. Ist doch prima, wann kommt endlich die B\u00e4ckereiabgabe, unabh\u00e4ngig davon ob ich Br\u00f6tchen esse oder nicht? Oder besser noch die &#8222;Qualit\u00e4tsjournalismussteuer&#8220;, damit der B\u00fcrger, ob er die Zeitungen liest oder nicht, immer wei\u00df, was das polit-mediale Kartell gerade als Wahrheit ausgibt.<\/p>\n","protected":false},"excerpt":{"rendered":"<p>Wer, bittesch\u00f6n, hat ein anderes Urteil des Bundesverfassungsgerichts bez\u00fcglich der zwangsweise erhobenen &#8222;Demokratieabgabe&#8220; erwartet? &#8222;Auf das Vorhandensein von Empfangsger\u00e4ten oder einen Nutzungswillen kommt es nicht an&#8220;, so das oberste Gericht. Ist doch prima, wann kommt endlich die B\u00e4ckereiabgabe, unabh\u00e4ngig davon &hellip; <a href=\"https:\/\/www.inkultura-online.de\/politisch_unkorrekt\/rundfunk-zwangsgebuehren-sind-verfassungsgemaess\/\">Weiterlesen <span class=\"meta-nav\">&rarr;<\/span><\/a><\/p>\n","protected":false},"author":1,"featured_media":0,"comment_status":"closed","ping_status":"closed","sticky":false,"template":"","format":"standard","meta":{"footnotes":""},"categories":[3,1,444,8,10],"tags":[1075,543,1074],"class_list":["post-1763","post","type-post","status-publish","format-standard","hentry","category-die-duemmsten-sprueche-der-woche","category-fundstuecke","category-gedanken-zum-tag","category-schlimme-woerter","category-systemfehler","tag-bundesverfassungsgericht","tag-demokratieabgabe","tag-rundfunk-zwangsgebuehren"],"yoast_head":"<!-- This site is optimized with the Yoast SEO plugin v27.5 - https:\/\/yoast.com\/product\/yoast-seo-wordpress\/ -->\n<title>Rundfunk-Zwangsgeb\u00fchren sind verfassungsgem\u00e4\u00df - Zeitgeist? Frei!<\/title>\n<meta name=\"robots\" content=\"index, follow, max-snippet:-1, max-image-preview:large, max-video-preview:-1\" \/>\n<link rel=\"canonical\" href=\"https:\/\/www.inkultura-online.de\/politisch_unkorrekt\/rundfunk-zwangsgebuehren-sind-verfassungsgemaess\/\" \/>\n<meta property=\"og:locale\" content=\"de_DE\" \/>\n<meta property=\"og:type\" content=\"article\" \/>\n<meta property=\"og:title\" content=\"Rundfunk-Zwangsgeb\u00fchren sind verfassungsgem\u00e4\u00df - Zeitgeist? Frei!\" \/>\n<meta property=\"og:description\" content=\"Wer, bittesch\u00f6n, hat ein anderes Urteil des Bundesverfassungsgerichts bez\u00fcglich der zwangsweise erhobenen &#8222;Demokratieabgabe&#8220; erwartet? &#8222;Auf das Vorhandensein von Empfangsger\u00e4ten oder einen Nutzungswillen kommt es nicht an&#8220;, so das oberste Gericht. Ist doch prima, wann kommt endlich die B\u00e4ckereiabgabe, unabh\u00e4ngig davon &hellip; Weiterlesen &rarr;\" \/>\n<meta property=\"og:url\" content=\"https:\/\/www.inkultura-online.de\/politisch_unkorrekt\/rundfunk-zwangsgebuehren-sind-verfassungsgemaess\/\" \/>\n<meta property=\"og:site_name\" content=\"Zeitgeist? Frei!\" \/>\n<meta property=\"article:published_time\" content=\"2018-07-18T15:52:07+00:00\" \/>\n<meta name=\"author\" content=\"Orator\" \/>\n<meta name=\"twitter:label1\" content=\"Verfasst von\" \/>\n\t<meta name=\"twitter:data1\" content=\"Orator\" \/>\n<script type=\"application\/ld+json\" class=\"yoast-schema-graph\">{\"@context\":\"https:\\\/\\\/schema.org\",\"@graph\":[{\"@type\":\"Article\",\"@id\":\"https:\\\/\\\/www.inkultura-online.de\\\/politisch_unkorrekt\\\/rundfunk-zwangsgebuehren-sind-verfassungsgemaess\\\/#article\",\"isPartOf\":{\"@id\":\"https:\\\/\\\/www.inkultura-online.de\\\/politisch_unkorrekt\\\/rundfunk-zwangsgebuehren-sind-verfassungsgemaess\\\/\"},\"author\":{\"name\":\"Orator\",\"@id\":\"https:\\\/\\\/www.inkultura-online.de\\\/politisch_unkorrekt\\\/#\\\/schema\\\/person\\\/5b30b80e385478896a1de221e1994d86\"},\"headline\":\"Rundfunk-Zwangsgeb\u00fchren sind verfassungsgem\u00e4\u00df\",\"datePublished\":\"2018-07-18T15:52:07+00:00\",\"mainEntityOfPage\":{\"@id\":\"https:\\\/\\\/www.inkultura-online.de\\\/politisch_unkorrekt\\\/rundfunk-zwangsgebuehren-sind-verfassungsgemaess\\\/\"},\"wordCount\":83,\"publisher\":{\"@id\":\"https:\\\/\\\/www.inkultura-online.de\\\/politisch_unkorrekt\\\/#\\\/schema\\\/person\\\/5b30b80e385478896a1de221e1994d86\"},\"keywords\":[\"Bundesverfassungsgericht\",\"Demokratieabgabe\",\"Rundfunk-Zwangsgeb\u00fchren\"],\"articleSection\":[\"Die d\u00fcmmsten Spr\u00fcche der Woche\",\"Fundst\u00fccke\",\"Gedanken zum Tag\",\"Schlimme W\u00f6rter\",\"Systemfehler\"],\"inLanguage\":\"de\"},{\"@type\":\"WebPage\",\"@id\":\"https:\\\/\\\/www.inkultura-online.de\\\/politisch_unkorrekt\\\/rundfunk-zwangsgebuehren-sind-verfassungsgemaess\\\/\",\"url\":\"https:\\\/\\\/www.inkultura-online.de\\\/politisch_unkorrekt\\\/rundfunk-zwangsgebuehren-sind-verfassungsgemaess\\\/\",\"name\":\"Rundfunk-Zwangsgeb\u00fchren sind verfassungsgem\u00e4\u00df - Zeitgeist? Frei!\",\"isPartOf\":{\"@id\":\"https:\\\/\\\/www.inkultura-online.de\\\/politisch_unkorrekt\\\/#website\"},\"datePublished\":\"2018-07-18T15:52:07+00:00\",\"breadcrumb\":{\"@id\":\"https:\\\/\\\/www.inkultura-online.de\\\/politisch_unkorrekt\\\/rundfunk-zwangsgebuehren-sind-verfassungsgemaess\\\/#breadcrumb\"},\"inLanguage\":\"de\",\"potentialAction\":[{\"@type\":\"ReadAction\",\"target\":[\"https:\\\/\\\/www.inkultura-online.de\\\/politisch_unkorrekt\\\/rundfunk-zwangsgebuehren-sind-verfassungsgemaess\\\/\"]}]},{\"@type\":\"BreadcrumbList\",\"@id\":\"https:\\\/\\\/www.inkultura-online.de\\\/politisch_unkorrekt\\\/rundfunk-zwangsgebuehren-sind-verfassungsgemaess\\\/#breadcrumb\",\"itemListElement\":[{\"@type\":\"ListItem\",\"position\":1,\"name\":\"Home\",\"item\":\"https:\\\/\\\/www.inkultura-online.de\\\/politisch_unkorrekt\\\/\"},{\"@type\":\"ListItem\",\"position\":2,\"name\":\"Rundfunk-Zwangsgeb\u00fchren sind verfassungsgem\u00e4\u00df\"}]},{\"@type\":\"WebSite\",\"@id\":\"https:\\\/\\\/www.inkultura-online.de\\\/politisch_unkorrekt\\\/#website\",\"url\":\"https:\\\/\\\/www.inkultura-online.de\\\/politisch_unkorrekt\\\/\",\"name\":\"Zeitgeist? Frei!\",\"description\":\"Was Ihr den Geist der Zeiten hei\u00dft...\",\"publisher\":{\"@id\":\"https:\\\/\\\/www.inkultura-online.de\\\/politisch_unkorrekt\\\/#\\\/schema\\\/person\\\/5b30b80e385478896a1de221e1994d86\"},\"potentialAction\":[{\"@type\":\"SearchAction\",\"target\":{\"@type\":\"EntryPoint\",\"urlTemplate\":\"https:\\\/\\\/www.inkultura-online.de\\\/politisch_unkorrekt\\\/?s={search_term_string}\"},\"query-input\":{\"@type\":\"PropertyValueSpecification\",\"valueRequired\":true,\"valueName\":\"search_term_string\"}}],\"inLanguage\":\"de\"},{\"@type\":[\"Person\",\"Organization\"],\"@id\":\"https:\\\/\\\/www.inkultura-online.de\\\/politisch_unkorrekt\\\/#\\\/schema\\\/person\\\/5b30b80e385478896a1de221e1994d86\",\"name\":\"Orator\",\"image\":{\"@type\":\"ImageObject\",\"inLanguage\":\"de\",\"@id\":\"https:\\\/\\\/secure.gravatar.com\\\/avatar\\\/96e03166d31716e9c437060430eb7605c45a8ce6fb6dab483637ca6915dd0844?s=96&d=mm&r=g\",\"url\":\"https:\\\/\\\/secure.gravatar.com\\\/avatar\\\/96e03166d31716e9c437060430eb7605c45a8ce6fb6dab483637ca6915dd0844?s=96&d=mm&r=g\",\"contentUrl\":\"https:\\\/\\\/secure.gravatar.com\\\/avatar\\\/96e03166d31716e9c437060430eb7605c45a8ce6fb6dab483637ca6915dd0844?s=96&d=mm&r=g\",\"caption\":\"Orator\"},\"logo\":{\"@id\":\"https:\\\/\\\/secure.gravatar.com\\\/avatar\\\/96e03166d31716e9c437060430eb7605c45a8ce6fb6dab483637ca6915dd0844?s=96&d=mm&r=g\"},\"url\":\"https:\\\/\\\/www.inkultura-online.de\\\/politisch_unkorrekt\\\/author\\\/1korrektor21-2\\\/\"}]}<\/script>\n<!-- \/ Yoast SEO plugin. -->","yoast_head_json":{"title":"Rundfunk-Zwangsgeb\u00fchren sind verfassungsgem\u00e4\u00df - Zeitgeist? Frei!","robots":{"index":"index","follow":"follow","max-snippet":"max-snippet:-1","max-image-preview":"max-image-preview:large","max-video-preview":"max-video-preview:-1"},"canonical":"https:\/\/www.inkultura-online.de\/politisch_unkorrekt\/rundfunk-zwangsgebuehren-sind-verfassungsgemaess\/","og_locale":"de_DE","og_type":"article","og_title":"Rundfunk-Zwangsgeb\u00fchren sind verfassungsgem\u00e4\u00df - Zeitgeist? Frei!","og_description":"Wer, bittesch\u00f6n, hat ein anderes Urteil des Bundesverfassungsgerichts bez\u00fcglich der zwangsweise erhobenen &#8222;Demokratieabgabe&#8220; erwartet? &#8222;Auf das Vorhandensein von Empfangsger\u00e4ten oder einen Nutzungswillen kommt es nicht an&#8220;, so das oberste Gericht. Ist doch prima, wann kommt endlich die B\u00e4ckereiabgabe, unabh\u00e4ngig davon &hellip; Weiterlesen &rarr;","og_url":"https:\/\/www.inkultura-online.de\/politisch_unkorrekt\/rundfunk-zwangsgebuehren-sind-verfassungsgemaess\/","og_site_name":"Zeitgeist? Frei!","article_published_time":"2018-07-18T15:52:07+00:00","author":"Orator","twitter_misc":{"Verfasst von":"Orator"},"schema":{"@context":"https:\/\/schema.org","@graph":[{"@type":"Article","@id":"https:\/\/www.inkultura-online.de\/politisch_unkorrekt\/rundfunk-zwangsgebuehren-sind-verfassungsgemaess\/#article","isPartOf":{"@id":"https:\/\/www.inkultura-online.de\/politisch_unkorrekt\/rundfunk-zwangsgebuehren-sind-verfassungsgemaess\/"},"author":{"name":"Orator","@id":"https:\/\/www.inkultura-online.de\/politisch_unkorrekt\/#\/schema\/person\/5b30b80e385478896a1de221e1994d86"},"headline":"Rundfunk-Zwangsgeb\u00fchren sind verfassungsgem\u00e4\u00df","datePublished":"2018-07-18T15:52:07+00:00","mainEntityOfPage":{"@id":"https:\/\/www.inkultura-online.de\/politisch_unkorrekt\/rundfunk-zwangsgebuehren-sind-verfassungsgemaess\/"},"wordCount":83,"publisher":{"@id":"https:\/\/www.inkultura-online.de\/politisch_unkorrekt\/#\/schema\/person\/5b30b80e385478896a1de221e1994d86"},"keywords":["Bundesverfassungsgericht","Demokratieabgabe","Rundfunk-Zwangsgeb\u00fchren"],"articleSection":["Die d\u00fcmmsten Spr\u00fcche der Woche","Fundst\u00fccke","Gedanken zum Tag","Schlimme W\u00f6rter","Systemfehler"],"inLanguage":"de"},{"@type":"WebPage","@id":"https:\/\/www.inkultura-online.de\/politisch_unkorrekt\/rundfunk-zwangsgebuehren-sind-verfassungsgemaess\/","url":"https:\/\/www.inkultura-online.de\/politisch_unkorrekt\/rundfunk-zwangsgebuehren-sind-verfassungsgemaess\/","name":"Rundfunk-Zwangsgeb\u00fchren sind verfassungsgem\u00e4\u00df - Zeitgeist? Frei!","isPartOf":{"@id":"https:\/\/www.inkultura-online.de\/politisch_unkorrekt\/#website"},"datePublished":"2018-07-18T15:52:07+00:00","breadcrumb":{"@id":"https:\/\/www.inkultura-online.de\/politisch_unkorrekt\/rundfunk-zwangsgebuehren-sind-verfassungsgemaess\/#breadcrumb"},"inLanguage":"de","potentialAction":[{"@type":"ReadAction","target":["https:\/\/www.inkultura-online.de\/politisch_unkorrekt\/rundfunk-zwangsgebuehren-sind-verfassungsgemaess\/"]}]},{"@type":"BreadcrumbList","@id":"https:\/\/www.inkultura-online.de\/politisch_unkorrekt\/rundfunk-zwangsgebuehren-sind-verfassungsgemaess\/#breadcrumb","itemListElement":[{"@type":"ListItem","position":1,"name":"Home","item":"https:\/\/www.inkultura-online.de\/politisch_unkorrekt\/"},{"@type":"ListItem","position":2,"name":"Rundfunk-Zwangsgeb\u00fchren sind verfassungsgem\u00e4\u00df"}]},{"@type":"WebSite","@id":"https:\/\/www.inkultura-online.de\/politisch_unkorrekt\/#website","url":"https:\/\/www.inkultura-online.de\/politisch_unkorrekt\/","name":"Zeitgeist? Frei!","description":"Was Ihr den Geist der Zeiten hei\u00dft...","publisher":{"@id":"https:\/\/www.inkultura-online.de\/politisch_unkorrekt\/#\/schema\/person\/5b30b80e385478896a1de221e1994d86"},"potentialAction":[{"@type":"SearchAction","target":{"@type":"EntryPoint","urlTemplate":"https:\/\/www.inkultura-online.de\/politisch_unkorrekt\/?s={search_term_string}"},"query-input":{"@type":"PropertyValueSpecification","valueRequired":true,"valueName":"search_term_string"}}],"inLanguage":"de"},{"@type":["Person","Organization"],"@id":"https:\/\/www.inkultura-online.de\/politisch_unkorrekt\/#\/schema\/person\/5b30b80e385478896a1de221e1994d86","name":"Orator","image":{"@type":"ImageObject","inLanguage":"de","@id":"https:\/\/secure.gravatar.com\/avatar\/96e03166d31716e9c437060430eb7605c45a8ce6fb6dab483637ca6915dd0844?s=96&d=mm&r=g","url":"https:\/\/secure.gravatar.com\/avatar\/96e03166d31716e9c437060430eb7605c45a8ce6fb6dab483637ca6915dd0844?s=96&d=mm&r=g","contentUrl":"https:\/\/secure.gravatar.com\/avatar\/96e03166d31716e9c437060430eb7605c45a8ce6fb6dab483637ca6915dd0844?s=96&d=mm&r=g","caption":"Orator"},"logo":{"@id":"https:\/\/secure.gravatar.com\/avatar\/96e03166d31716e9c437060430eb7605c45a8ce6fb6dab483637ca6915dd0844?s=96&d=mm&r=g"},"url":"https:\/\/www.inkultura-online.de\/politisch_unkorrekt\/author\/1korrektor21-2\/"}]}},"_links":{"self":[{"href":"https:\/\/www.inkultura-online.de\/politisch_unkorrekt\/wp-json\/wp\/v2\/posts\/1763","targetHints":{"allow":["GET"]}}],"collection":[{"href":"https:\/\/www.inkultura-online.de\/politisch_unkorrekt\/wp-json\/wp\/v2\/posts"}],"about":[{"href":"https:\/\/www.inkultura-online.de\/politisch_unkorrekt\/wp-json\/wp\/v2\/types\/post"}],"author":[{"embeddable":true,"href":"https:\/\/www.inkultura-online.de\/politisch_unkorrekt\/wp-json\/wp\/v2\/users\/1"}],"replies":[{"embeddable":true,"href":"https:\/\/www.inkultura-online.de\/politisch_unkorrekt\/wp-json\/wp\/v2\/comments?post=1763"}],"version-history":[{"count":1,"href":"https:\/\/www.inkultura-online.de\/politisch_unkorrekt\/wp-json\/wp\/v2\/posts\/1763\/revisions"}],"predecessor-version":[{"id":1764,"href":"https:\/\/www.inkultura-online.de\/politisch_unkorrekt\/wp-json\/wp\/v2\/posts\/1763\/revisions\/1764"}],"wp:attachment":[{"href":"https:\/\/www.inkultura-online.de\/politisch_unkorrekt\/wp-json\/wp\/v2\/media?parent=1763"}],"wp:term":[{"taxonomy":"category","embeddable":true,"href":"https:\/\/www.inkultura-online.de\/politisch_unkorrekt\/wp-json\/wp\/v2\/categories?post=1763"},{"taxonomy":"post_tag","embeddable":true,"href":"https:\/\/www.inkultura-online.de\/politisch_unkorrekt\/wp-json\/wp\/v2\/tags?post=1763"}],"curies":[{"name":"wp","href":"https:\/\/api.w.org\/{rel}","templated":true}]}}