{"id":1770,"date":"2018-07-24T17:23:40","date_gmt":"2018-07-24T15:23:40","guid":{"rendered":"http:\/\/www.inkultura-online.de\/politisch_unkorrekt\/?p=1770"},"modified":"2018-07-24T17:25:39","modified_gmt":"2018-07-24T15:25:39","slug":"nicht-noch-eine-integrationsdebatte","status":"publish","type":"post","link":"https:\/\/www.inkultura-online.de\/politisch_unkorrekt\/nicht-noch-eine-integrationsdebatte\/","title":{"rendered":"Nicht noch eine Integrationsdebatte"},"content":{"rendered":"<p>Da twittert ein Fu\u00dfballfuzzi &#8211; deutsch mit ausl\u00e4ndischen Wurzeln, intellektuell eher unbedarft, l\u00e4ngst Million\u00e4r &#8211; in englischer Sprache, obwohl sein Zielpublikum ohne Frage deutscher Herkunft ist, sein Leid, besser gesagt sein mimosenhaftes Gehabe, weil ihn in Deutschland anscheinend niemand mehr lieb hat und schon kommen sie wieder aus ihren L\u00f6chern gekrochen, die Multikulturalisten, die Fremden- und Islamversteher und die, die der Meinung sind, wir, die Autochthonen m\u00fcssen noch mehr unternehmen, uns noch mehr anstrengen und uns noch mehr verleugnen, damit die, die manchmal schon Jahrzehnte bei uns leben, sich aber als integrationsresistent erwiesen haben, uns endlich die Gnade erweisen, sich in Deutschland, in unserer Heimat zuhause zu f\u00fchlen.<!--more--><\/p>\n<p>Geht\u00b4s noch, m\u00f6chte man angesichts dieser angewandten kognitiven Dissonanz linksgr\u00fcnroter Weltwahrnehmung laut rufen. Seit wie vielen Jahren f\u00fchren wie bereits eine Integrationsdebatte nach der anderen? Zehn, zwanzig oder doch eher drei\u00dfig Jahre nutzlose Selbstverleugnung, devotes Verhalten, zahlreiche Ausnahmeregelungen wegen \u201ekultureller Sensibilit\u00e4t\u201c und, als besonderen Clou, eine wie saures Bier hinterhergeworfene deutsche Staatsb\u00fcrgerschaft, bei gleichzeitiger Beibehaltung der t\u00fcrkischen.<\/p>\n<p>Nichts brauchen wir inzwischen weniger als eine neue \u201eIntegrationsdebatte\u201c. Was wir brauchen sind endlich klare Regeln: unser Land, unsere Gesellschaft, unsere Art zu leben. Wer das akzeptiert und wer bereit ist, nach unserer Weise zu leben, f\u00fcr seine Familie sorgt, seine Kinder zu n\u00fctzlichen Mitgliedern der deutschen Gesellschaft erzieht, wer die Gesetze respektiert und die Religion im Privaten bel\u00e4sst, der ist hier herzlich willkommen. Alle anderen, und das betrifft auch und gerade die sog. dritte Generation sollen sich einfach nur verpissen. Es ist, glaubt man denn gerade den t\u00fcrkischst\u00e4mmigen Jammerlappen, ein furchtbares Land, dieses Deutschland. Na dann eben gute Reise Freunde!<\/p>\n<p>Ich bin das Gelaber von der angeblichen Fremdenfeindlichkeit, dem angeblichen Rassismus, der angeblichen Islamfeindlichkeit und der generellen Ablehnung der \u201eausl\u00e4ndischen Mitb\u00fcrger\u201c so leid, dass sich jedes mal, wenn wieder ein gutmenschlich bewegter Multikulturalist an die Adresse der Autochthonen ein <em>\u201epasst euch endlich an und seht ein, dass es keine deutsche Kultur gibt\u201c<\/em> ruft, meine Faust nur mit M\u00fche in der Hosentasche bleiben will.<\/p>\n<p>Wer dauerhaft bei uns in Deutschland leben will, der hat eine Bringschuld und alle die davon schwadronieren, das wir Deutsche eine Bringschuld gegen\u00fcber den \u201eNeub\u00fcrgern\u201c haben, der glaubt wahrscheinlich auch, dass die \u201eIslamkonferenzen\u201c keine Bitte der Politiker um Waffenstillstand sind.<\/p>\n<p>Nicht noch eine Integrationsdebatte, sondern endlich klare Kante zeigen.<\/p>\n","protected":false},"excerpt":{"rendered":"<p>Da twittert ein Fu\u00dfballfuzzi &#8211; deutsch mit ausl\u00e4ndischen Wurzeln, intellektuell eher unbedarft, l\u00e4ngst Million\u00e4r &#8211; in englischer Sprache, obwohl sein Zielpublikum ohne Frage deutscher Herkunft ist, sein Leid, besser gesagt sein mimosenhaftes Gehabe, weil ihn in Deutschland anscheinend niemand mehr &hellip; <a href=\"https:\/\/www.inkultura-online.de\/politisch_unkorrekt\/nicht-noch-eine-integrationsdebatte\/\">Weiterlesen <span class=\"meta-nav\">&rarr;<\/span><\/a><\/p>\n","protected":false},"author":1,"featured_media":0,"comment_status":"closed","ping_status":"closed","sticky":false,"template":"","format":"standard","meta":{"footnotes":""},"categories":[2,444,146,5,10],"tags":[512,1079,1080,1081],"class_list":["post-1770","post","type-post","status-publish","format-standard","hentry","category-antipathie","category-gedanken-zum-tag","category-keine-islamisierung","category-meinungen-und-sprueche","category-systemfehler","tag-autochthone","tag-integrationsdebatte","tag-multikulturalisten","tag-unsere-regeln"],"yoast_head":"<!-- This site is optimized with the Yoast SEO plugin v27.5 - https:\/\/yoast.com\/product\/yoast-seo-wordpress\/ -->\n<title>Nicht noch eine Integrationsdebatte - Zeitgeist? Frei!<\/title>\n<meta name=\"robots\" content=\"index, follow, max-snippet:-1, max-image-preview:large, max-video-preview:-1\" \/>\n<link rel=\"canonical\" href=\"https:\/\/www.inkultura-online.de\/politisch_unkorrekt\/nicht-noch-eine-integrationsdebatte\/\" \/>\n<meta property=\"og:locale\" content=\"de_DE\" \/>\n<meta property=\"og:type\" content=\"article\" \/>\n<meta property=\"og:title\" content=\"Nicht noch eine Integrationsdebatte - Zeitgeist? Frei!\" \/>\n<meta property=\"og:description\" content=\"Da twittert ein Fu\u00dfballfuzzi &#8211; deutsch mit ausl\u00e4ndischen Wurzeln, intellektuell eher unbedarft, l\u00e4ngst Million\u00e4r &#8211; in englischer Sprache, obwohl sein Zielpublikum ohne Frage deutscher Herkunft ist, sein Leid, besser gesagt sein mimosenhaftes Gehabe, weil ihn in Deutschland anscheinend niemand mehr &hellip; Weiterlesen &rarr;\" \/>\n<meta property=\"og:url\" content=\"https:\/\/www.inkultura-online.de\/politisch_unkorrekt\/nicht-noch-eine-integrationsdebatte\/\" \/>\n<meta property=\"og:site_name\" content=\"Zeitgeist? Frei!\" \/>\n<meta property=\"article:published_time\" content=\"2018-07-24T15:23:40+00:00\" \/>\n<meta property=\"article:modified_time\" content=\"2018-07-24T15:25:39+00:00\" \/>\n<meta name=\"author\" content=\"Orator\" \/>\n<meta name=\"twitter:label1\" content=\"Verfasst von\" \/>\n\t<meta name=\"twitter:data1\" content=\"Orator\" \/>\n\t<meta name=\"twitter:label2\" content=\"Gesch\u00e4tzte Lesezeit\" \/>\n\t<meta name=\"twitter:data2\" content=\"2\u00a0Minuten\" \/>\n<script type=\"application\/ld+json\" class=\"yoast-schema-graph\">{\"@context\":\"https:\\\/\\\/schema.org\",\"@graph\":[{\"@type\":\"Article\",\"@id\":\"https:\\\/\\\/www.inkultura-online.de\\\/politisch_unkorrekt\\\/nicht-noch-eine-integrationsdebatte\\\/#article\",\"isPartOf\":{\"@id\":\"https:\\\/\\\/www.inkultura-online.de\\\/politisch_unkorrekt\\\/nicht-noch-eine-integrationsdebatte\\\/\"},\"author\":{\"name\":\"Orator\",\"@id\":\"https:\\\/\\\/www.inkultura-online.de\\\/politisch_unkorrekt\\\/#\\\/schema\\\/person\\\/5b30b80e385478896a1de221e1994d86\"},\"headline\":\"Nicht noch eine Integrationsdebatte\",\"datePublished\":\"2018-07-24T15:23:40+00:00\",\"dateModified\":\"2018-07-24T15:25:39+00:00\",\"mainEntityOfPage\":{\"@id\":\"https:\\\/\\\/www.inkultura-online.de\\\/politisch_unkorrekt\\\/nicht-noch-eine-integrationsdebatte\\\/\"},\"wordCount\":407,\"publisher\":{\"@id\":\"https:\\\/\\\/www.inkultura-online.de\\\/politisch_unkorrekt\\\/#\\\/schema\\\/person\\\/5b30b80e385478896a1de221e1994d86\"},\"keywords\":[\"Autochthone\",\"Integrationsdebatte\",\"Multikulturalisten\",\"unsere Regeln\"],\"articleSection\":[\"Antipathie\",\"Gedanken zum Tag\",\"Keine Islamisierung?\",\"Meinungen und Spr\u00fcche\",\"Systemfehler\"],\"inLanguage\":\"de\"},{\"@type\":\"WebPage\",\"@id\":\"https:\\\/\\\/www.inkultura-online.de\\\/politisch_unkorrekt\\\/nicht-noch-eine-integrationsdebatte\\\/\",\"url\":\"https:\\\/\\\/www.inkultura-online.de\\\/politisch_unkorrekt\\\/nicht-noch-eine-integrationsdebatte\\\/\",\"name\":\"Nicht noch eine Integrationsdebatte - Zeitgeist? Frei!\",\"isPartOf\":{\"@id\":\"https:\\\/\\\/www.inkultura-online.de\\\/politisch_unkorrekt\\\/#website\"},\"datePublished\":\"2018-07-24T15:23:40+00:00\",\"dateModified\":\"2018-07-24T15:25:39+00:00\",\"breadcrumb\":{\"@id\":\"https:\\\/\\\/www.inkultura-online.de\\\/politisch_unkorrekt\\\/nicht-noch-eine-integrationsdebatte\\\/#breadcrumb\"},\"inLanguage\":\"de\",\"potentialAction\":[{\"@type\":\"ReadAction\",\"target\":[\"https:\\\/\\\/www.inkultura-online.de\\\/politisch_unkorrekt\\\/nicht-noch-eine-integrationsdebatte\\\/\"]}]},{\"@type\":\"BreadcrumbList\",\"@id\":\"https:\\\/\\\/www.inkultura-online.de\\\/politisch_unkorrekt\\\/nicht-noch-eine-integrationsdebatte\\\/#breadcrumb\",\"itemListElement\":[{\"@type\":\"ListItem\",\"position\":1,\"name\":\"Home\",\"item\":\"https:\\\/\\\/www.inkultura-online.de\\\/politisch_unkorrekt\\\/\"},{\"@type\":\"ListItem\",\"position\":2,\"name\":\"Nicht noch eine Integrationsdebatte\"}]},{\"@type\":\"WebSite\",\"@id\":\"https:\\\/\\\/www.inkultura-online.de\\\/politisch_unkorrekt\\\/#website\",\"url\":\"https:\\\/\\\/www.inkultura-online.de\\\/politisch_unkorrekt\\\/\",\"name\":\"Zeitgeist? Frei!\",\"description\":\"Was Ihr den Geist der Zeiten hei\u00dft...\",\"publisher\":{\"@id\":\"https:\\\/\\\/www.inkultura-online.de\\\/politisch_unkorrekt\\\/#\\\/schema\\\/person\\\/5b30b80e385478896a1de221e1994d86\"},\"potentialAction\":[{\"@type\":\"SearchAction\",\"target\":{\"@type\":\"EntryPoint\",\"urlTemplate\":\"https:\\\/\\\/www.inkultura-online.de\\\/politisch_unkorrekt\\\/?s={search_term_string}\"},\"query-input\":{\"@type\":\"PropertyValueSpecification\",\"valueRequired\":true,\"valueName\":\"search_term_string\"}}],\"inLanguage\":\"de\"},{\"@type\":[\"Person\",\"Organization\"],\"@id\":\"https:\\\/\\\/www.inkultura-online.de\\\/politisch_unkorrekt\\\/#\\\/schema\\\/person\\\/5b30b80e385478896a1de221e1994d86\",\"name\":\"Orator\",\"image\":{\"@type\":\"ImageObject\",\"inLanguage\":\"de\",\"@id\":\"https:\\\/\\\/secure.gravatar.com\\\/avatar\\\/96e03166d31716e9c437060430eb7605c45a8ce6fb6dab483637ca6915dd0844?s=96&d=mm&r=g\",\"url\":\"https:\\\/\\\/secure.gravatar.com\\\/avatar\\\/96e03166d31716e9c437060430eb7605c45a8ce6fb6dab483637ca6915dd0844?s=96&d=mm&r=g\",\"contentUrl\":\"https:\\\/\\\/secure.gravatar.com\\\/avatar\\\/96e03166d31716e9c437060430eb7605c45a8ce6fb6dab483637ca6915dd0844?s=96&d=mm&r=g\",\"caption\":\"Orator\"},\"logo\":{\"@id\":\"https:\\\/\\\/secure.gravatar.com\\\/avatar\\\/96e03166d31716e9c437060430eb7605c45a8ce6fb6dab483637ca6915dd0844?s=96&d=mm&r=g\"},\"url\":\"https:\\\/\\\/www.inkultura-online.de\\\/politisch_unkorrekt\\\/author\\\/1korrektor21-2\\\/\"}]}<\/script>\n<!-- \/ Yoast SEO plugin. -->","yoast_head_json":{"title":"Nicht noch eine Integrationsdebatte - Zeitgeist? Frei!","robots":{"index":"index","follow":"follow","max-snippet":"max-snippet:-1","max-image-preview":"max-image-preview:large","max-video-preview":"max-video-preview:-1"},"canonical":"https:\/\/www.inkultura-online.de\/politisch_unkorrekt\/nicht-noch-eine-integrationsdebatte\/","og_locale":"de_DE","og_type":"article","og_title":"Nicht noch eine Integrationsdebatte - Zeitgeist? Frei!","og_description":"Da twittert ein Fu\u00dfballfuzzi &#8211; deutsch mit ausl\u00e4ndischen Wurzeln, intellektuell eher unbedarft, l\u00e4ngst Million\u00e4r &#8211; in englischer Sprache, obwohl sein Zielpublikum ohne Frage deutscher Herkunft ist, sein Leid, besser gesagt sein mimosenhaftes Gehabe, weil ihn in Deutschland anscheinend niemand mehr &hellip; Weiterlesen &rarr;","og_url":"https:\/\/www.inkultura-online.de\/politisch_unkorrekt\/nicht-noch-eine-integrationsdebatte\/","og_site_name":"Zeitgeist? Frei!","article_published_time":"2018-07-24T15:23:40+00:00","article_modified_time":"2018-07-24T15:25:39+00:00","author":"Orator","twitter_misc":{"Verfasst von":"Orator","Gesch\u00e4tzte Lesezeit":"2\u00a0Minuten"},"schema":{"@context":"https:\/\/schema.org","@graph":[{"@type":"Article","@id":"https:\/\/www.inkultura-online.de\/politisch_unkorrekt\/nicht-noch-eine-integrationsdebatte\/#article","isPartOf":{"@id":"https:\/\/www.inkultura-online.de\/politisch_unkorrekt\/nicht-noch-eine-integrationsdebatte\/"},"author":{"name":"Orator","@id":"https:\/\/www.inkultura-online.de\/politisch_unkorrekt\/#\/schema\/person\/5b30b80e385478896a1de221e1994d86"},"headline":"Nicht noch eine Integrationsdebatte","datePublished":"2018-07-24T15:23:40+00:00","dateModified":"2018-07-24T15:25:39+00:00","mainEntityOfPage":{"@id":"https:\/\/www.inkultura-online.de\/politisch_unkorrekt\/nicht-noch-eine-integrationsdebatte\/"},"wordCount":407,"publisher":{"@id":"https:\/\/www.inkultura-online.de\/politisch_unkorrekt\/#\/schema\/person\/5b30b80e385478896a1de221e1994d86"},"keywords":["Autochthone","Integrationsdebatte","Multikulturalisten","unsere Regeln"],"articleSection":["Antipathie","Gedanken zum Tag","Keine Islamisierung?","Meinungen und Spr\u00fcche","Systemfehler"],"inLanguage":"de"},{"@type":"WebPage","@id":"https:\/\/www.inkultura-online.de\/politisch_unkorrekt\/nicht-noch-eine-integrationsdebatte\/","url":"https:\/\/www.inkultura-online.de\/politisch_unkorrekt\/nicht-noch-eine-integrationsdebatte\/","name":"Nicht noch eine Integrationsdebatte - Zeitgeist? Frei!","isPartOf":{"@id":"https:\/\/www.inkultura-online.de\/politisch_unkorrekt\/#website"},"datePublished":"2018-07-24T15:23:40+00:00","dateModified":"2018-07-24T15:25:39+00:00","breadcrumb":{"@id":"https:\/\/www.inkultura-online.de\/politisch_unkorrekt\/nicht-noch-eine-integrationsdebatte\/#breadcrumb"},"inLanguage":"de","potentialAction":[{"@type":"ReadAction","target":["https:\/\/www.inkultura-online.de\/politisch_unkorrekt\/nicht-noch-eine-integrationsdebatte\/"]}]},{"@type":"BreadcrumbList","@id":"https:\/\/www.inkultura-online.de\/politisch_unkorrekt\/nicht-noch-eine-integrationsdebatte\/#breadcrumb","itemListElement":[{"@type":"ListItem","position":1,"name":"Home","item":"https:\/\/www.inkultura-online.de\/politisch_unkorrekt\/"},{"@type":"ListItem","position":2,"name":"Nicht noch eine Integrationsdebatte"}]},{"@type":"WebSite","@id":"https:\/\/www.inkultura-online.de\/politisch_unkorrekt\/#website","url":"https:\/\/www.inkultura-online.de\/politisch_unkorrekt\/","name":"Zeitgeist? Frei!","description":"Was Ihr den Geist der Zeiten hei\u00dft...","publisher":{"@id":"https:\/\/www.inkultura-online.de\/politisch_unkorrekt\/#\/schema\/person\/5b30b80e385478896a1de221e1994d86"},"potentialAction":[{"@type":"SearchAction","target":{"@type":"EntryPoint","urlTemplate":"https:\/\/www.inkultura-online.de\/politisch_unkorrekt\/?s={search_term_string}"},"query-input":{"@type":"PropertyValueSpecification","valueRequired":true,"valueName":"search_term_string"}}],"inLanguage":"de"},{"@type":["Person","Organization"],"@id":"https:\/\/www.inkultura-online.de\/politisch_unkorrekt\/#\/schema\/person\/5b30b80e385478896a1de221e1994d86","name":"Orator","image":{"@type":"ImageObject","inLanguage":"de","@id":"https:\/\/secure.gravatar.com\/avatar\/96e03166d31716e9c437060430eb7605c45a8ce6fb6dab483637ca6915dd0844?s=96&d=mm&r=g","url":"https:\/\/secure.gravatar.com\/avatar\/96e03166d31716e9c437060430eb7605c45a8ce6fb6dab483637ca6915dd0844?s=96&d=mm&r=g","contentUrl":"https:\/\/secure.gravatar.com\/avatar\/96e03166d31716e9c437060430eb7605c45a8ce6fb6dab483637ca6915dd0844?s=96&d=mm&r=g","caption":"Orator"},"logo":{"@id":"https:\/\/secure.gravatar.com\/avatar\/96e03166d31716e9c437060430eb7605c45a8ce6fb6dab483637ca6915dd0844?s=96&d=mm&r=g"},"url":"https:\/\/www.inkultura-online.de\/politisch_unkorrekt\/author\/1korrektor21-2\/"}]}},"_links":{"self":[{"href":"https:\/\/www.inkultura-online.de\/politisch_unkorrekt\/wp-json\/wp\/v2\/posts\/1770","targetHints":{"allow":["GET"]}}],"collection":[{"href":"https:\/\/www.inkultura-online.de\/politisch_unkorrekt\/wp-json\/wp\/v2\/posts"}],"about":[{"href":"https:\/\/www.inkultura-online.de\/politisch_unkorrekt\/wp-json\/wp\/v2\/types\/post"}],"author":[{"embeddable":true,"href":"https:\/\/www.inkultura-online.de\/politisch_unkorrekt\/wp-json\/wp\/v2\/users\/1"}],"replies":[{"embeddable":true,"href":"https:\/\/www.inkultura-online.de\/politisch_unkorrekt\/wp-json\/wp\/v2\/comments?post=1770"}],"version-history":[{"count":2,"href":"https:\/\/www.inkultura-online.de\/politisch_unkorrekt\/wp-json\/wp\/v2\/posts\/1770\/revisions"}],"predecessor-version":[{"id":1772,"href":"https:\/\/www.inkultura-online.de\/politisch_unkorrekt\/wp-json\/wp\/v2\/posts\/1770\/revisions\/1772"}],"wp:attachment":[{"href":"https:\/\/www.inkultura-online.de\/politisch_unkorrekt\/wp-json\/wp\/v2\/media?parent=1770"}],"wp:term":[{"taxonomy":"category","embeddable":true,"href":"https:\/\/www.inkultura-online.de\/politisch_unkorrekt\/wp-json\/wp\/v2\/categories?post=1770"},{"taxonomy":"post_tag","embeddable":true,"href":"https:\/\/www.inkultura-online.de\/politisch_unkorrekt\/wp-json\/wp\/v2\/tags?post=1770"}],"curies":[{"name":"wp","href":"https:\/\/api.w.org\/{rel}","templated":true}]}}