{"id":1802,"date":"2018-08-27T16:55:16","date_gmt":"2018-08-27T14:55:16","guid":{"rendered":"http:\/\/www.inkultura-online.de\/politisch_unkorrekt\/?p=1802"},"modified":"2018-08-27T16:55:16","modified_gmt":"2018-08-27T14:55:16","slug":"endlich-bereit-zur-gegenwehr","status":"publish","type":"post","link":"https:\/\/www.inkultura-online.de\/politisch_unkorrekt\/endlich-bereit-zur-gegenwehr\/","title":{"rendered":"Endlich bereit zur Gegenwehr"},"content":{"rendered":"<p>Nach der t\u00f6dlichen Messerattacke, ein 35 Jahre alter Deutscher tot, zwei weitere Deutsche schwer verletzt, und den sich daran anschlie\u00dfenden Demonstrationen gegen Ausl\u00e4ndergewalt, \u00fcberbietet sich das offizielle Deutschland einmal mehr in der Beschimpfung der eigenen Landsleute, die nicht mehr hinnehmen wollen, dass sie zu Zielobjekten migrantischer Messerk\u00fcnstler herabgew\u00fcrdigt werden.<!--more--><\/p>\n<p>So sch\u00e4umte die Bundesregierung durch ihren Sprecher Steffen Seibert: <em>\u201eSolche Zusammenrottungen, Hetzjagden auf Menschen anderen Aussehens, anderer Herkunft, oder der Versuch, Hass auf den Stra\u00dfen zu verbreiten, das nehmen wir nicht hin\u201c<\/em>.<\/p>\n<p>Dem Tonfall schloss sich die Oberb\u00fcrgermeisterin von Chemnitz, Barbara Ludwig (SPD) gerne an: <em>\u201eWenn ich sehe, was sich in den Stunden am Sonntag hier entwickelt hat, dann bin ich entsetzt. Dass es m\u00f6glich ist, dass sich Leute verabreden, ansammeln und damit ein Stadtfest zum Abbruch bringen, durch die Stadt rennen und Menschen bedrohen \u2013 das ist schlimm\u201c.<\/em><\/p>\n<p>Merke, nicht der Tote und die beiden Schwerverletzten sind schlimm, sondern die B\u00fcrger, die gegen solche Gewalt, ausge\u00fcbt von \u201eFl\u00fcchtlingen\u201c ihre Stimme erheben.<\/p>\n<p>Der aufmerksame Beobachter des politischen Zeitgeists kommt einmal mehr ins Gr\u00fcbeln. \u201eZusammenrottungen?\u201c, \u201eHetzjagden?\u201c, \u201eHass auf den Stra\u00dfen?\u201c Mal kurz nachdenken:<\/p>\n<p>Sollte man nicht besser und treffender von zu Notwehr bereiten Menschen sprechen, von B\u00fcrgern, die von ihren Politikern bez\u00fcglich der steigenden Zahlen von Gewalttaten an Autochthonen im Stich gelassen wurden und werden, und deren Zahl endlich die kritische Masse erreicht hat?<\/p>\n<p>Nicht die demonstrierenden B\u00fcrger sind das Problem. Das Problem ist eine politische Klasse, der die Sicherheit der Menschen und damit meine ich ausdr\u00fccklich die Autochthonen, am Arsch vorbeigeht.<\/p>\n","protected":false},"excerpt":{"rendered":"<p>Nach der t\u00f6dlichen Messerattacke, ein 35 Jahre alter Deutscher tot, zwei weitere Deutsche schwer verletzt, und den sich daran anschlie\u00dfenden Demonstrationen gegen Ausl\u00e4ndergewalt, \u00fcberbietet sich das offizielle Deutschland einmal mehr in der Beschimpfung der eigenen Landsleute, die nicht mehr hinnehmen &hellip; <a href=\"https:\/\/www.inkultura-online.de\/politisch_unkorrekt\/endlich-bereit-zur-gegenwehr\/\">Weiterlesen <span class=\"meta-nav\">&rarr;<\/span><\/a><\/p>\n","protected":false},"author":1,"featured_media":0,"comment_status":"closed","ping_status":"closed","sticky":false,"template":"","format":"standard","meta":{"footnotes":""},"categories":[378,444,6,8,10,11],"tags":[1102,1100,1101,1103,1032],"class_list":["post-1802","post","type-post","status-publish","format-standard","hentry","category-denunzianten","category-gedanken-zum-tag","category-menschen-untereinander","category-schlimme-woerter","category-systemfehler","category-was-die-qualitaetspresse-gern-verschweigt","tag-auslaendergewalt","tag-chemnitz","tag-demonstrationen","tag-messerstecher","tag-migrantengewalt"],"yoast_head":"<!-- This site is optimized with the Yoast SEO plugin v27.5 - https:\/\/yoast.com\/product\/yoast-seo-wordpress\/ -->\n<title>Endlich bereit zur Gegenwehr - Zeitgeist? Frei!<\/title>\n<meta name=\"robots\" content=\"index, follow, max-snippet:-1, max-image-preview:large, max-video-preview:-1\" \/>\n<link rel=\"canonical\" href=\"https:\/\/www.inkultura-online.de\/politisch_unkorrekt\/endlich-bereit-zur-gegenwehr\/\" \/>\n<meta property=\"og:locale\" content=\"de_DE\" \/>\n<meta property=\"og:type\" content=\"article\" \/>\n<meta property=\"og:title\" content=\"Endlich bereit zur Gegenwehr - Zeitgeist? Frei!\" \/>\n<meta property=\"og:description\" content=\"Nach der t\u00f6dlichen Messerattacke, ein 35 Jahre alter Deutscher tot, zwei weitere Deutsche schwer verletzt, und den sich daran anschlie\u00dfenden Demonstrationen gegen Ausl\u00e4ndergewalt, \u00fcberbietet sich das offizielle Deutschland einmal mehr in der Beschimpfung der eigenen Landsleute, die nicht mehr hinnehmen &hellip; Weiterlesen &rarr;\" \/>\n<meta property=\"og:url\" content=\"https:\/\/www.inkultura-online.de\/politisch_unkorrekt\/endlich-bereit-zur-gegenwehr\/\" \/>\n<meta property=\"og:site_name\" content=\"Zeitgeist? Frei!\" \/>\n<meta property=\"article:published_time\" content=\"2018-08-27T14:55:16+00:00\" \/>\n<meta name=\"author\" content=\"Orator\" \/>\n<meta name=\"twitter:label1\" content=\"Verfasst von\" \/>\n\t<meta name=\"twitter:data1\" content=\"Orator\" \/>\n\t<meta name=\"twitter:label2\" content=\"Gesch\u00e4tzte Lesezeit\" \/>\n\t<meta name=\"twitter:data2\" content=\"1\u00a0Minute\" \/>\n<script type=\"application\/ld+json\" class=\"yoast-schema-graph\">{\"@context\":\"https:\\\/\\\/schema.org\",\"@graph\":[{\"@type\":\"Article\",\"@id\":\"https:\\\/\\\/www.inkultura-online.de\\\/politisch_unkorrekt\\\/endlich-bereit-zur-gegenwehr\\\/#article\",\"isPartOf\":{\"@id\":\"https:\\\/\\\/www.inkultura-online.de\\\/politisch_unkorrekt\\\/endlich-bereit-zur-gegenwehr\\\/\"},\"author\":{\"name\":\"Orator\",\"@id\":\"https:\\\/\\\/www.inkultura-online.de\\\/politisch_unkorrekt\\\/#\\\/schema\\\/person\\\/5b30b80e385478896a1de221e1994d86\"},\"headline\":\"Endlich bereit zur Gegenwehr\",\"datePublished\":\"2018-08-27T14:55:16+00:00\",\"mainEntityOfPage\":{\"@id\":\"https:\\\/\\\/www.inkultura-online.de\\\/politisch_unkorrekt\\\/endlich-bereit-zur-gegenwehr\\\/\"},\"wordCount\":270,\"publisher\":{\"@id\":\"https:\\\/\\\/www.inkultura-online.de\\\/politisch_unkorrekt\\\/#\\\/schema\\\/person\\\/5b30b80e385478896a1de221e1994d86\"},\"keywords\":[\"Ausl\u00e4ndergewalt\",\"Chemnitz\",\"Demonstrationen\",\"Messerstecher\",\"Migrantengewalt\"],\"articleSection\":[\"Denunzianten und Volksverr\u00e4ter\",\"Gedanken zum Tag\",\"Menschen untereinander\",\"Schlimme W\u00f6rter\",\"Systemfehler\",\"Was die \\\"Qualit\u00e4tspresse\\\" gern verschweigt\"],\"inLanguage\":\"de\"},{\"@type\":\"WebPage\",\"@id\":\"https:\\\/\\\/www.inkultura-online.de\\\/politisch_unkorrekt\\\/endlich-bereit-zur-gegenwehr\\\/\",\"url\":\"https:\\\/\\\/www.inkultura-online.de\\\/politisch_unkorrekt\\\/endlich-bereit-zur-gegenwehr\\\/\",\"name\":\"Endlich bereit zur Gegenwehr - Zeitgeist? Frei!\",\"isPartOf\":{\"@id\":\"https:\\\/\\\/www.inkultura-online.de\\\/politisch_unkorrekt\\\/#website\"},\"datePublished\":\"2018-08-27T14:55:16+00:00\",\"breadcrumb\":{\"@id\":\"https:\\\/\\\/www.inkultura-online.de\\\/politisch_unkorrekt\\\/endlich-bereit-zur-gegenwehr\\\/#breadcrumb\"},\"inLanguage\":\"de\",\"potentialAction\":[{\"@type\":\"ReadAction\",\"target\":[\"https:\\\/\\\/www.inkultura-online.de\\\/politisch_unkorrekt\\\/endlich-bereit-zur-gegenwehr\\\/\"]}]},{\"@type\":\"BreadcrumbList\",\"@id\":\"https:\\\/\\\/www.inkultura-online.de\\\/politisch_unkorrekt\\\/endlich-bereit-zur-gegenwehr\\\/#breadcrumb\",\"itemListElement\":[{\"@type\":\"ListItem\",\"position\":1,\"name\":\"Home\",\"item\":\"https:\\\/\\\/www.inkultura-online.de\\\/politisch_unkorrekt\\\/\"},{\"@type\":\"ListItem\",\"position\":2,\"name\":\"Endlich bereit zur Gegenwehr\"}]},{\"@type\":\"WebSite\",\"@id\":\"https:\\\/\\\/www.inkultura-online.de\\\/politisch_unkorrekt\\\/#website\",\"url\":\"https:\\\/\\\/www.inkultura-online.de\\\/politisch_unkorrekt\\\/\",\"name\":\"Zeitgeist? Frei!\",\"description\":\"Was Ihr den Geist der Zeiten hei\u00dft...\",\"publisher\":{\"@id\":\"https:\\\/\\\/www.inkultura-online.de\\\/politisch_unkorrekt\\\/#\\\/schema\\\/person\\\/5b30b80e385478896a1de221e1994d86\"},\"potentialAction\":[{\"@type\":\"SearchAction\",\"target\":{\"@type\":\"EntryPoint\",\"urlTemplate\":\"https:\\\/\\\/www.inkultura-online.de\\\/politisch_unkorrekt\\\/?s={search_term_string}\"},\"query-input\":{\"@type\":\"PropertyValueSpecification\",\"valueRequired\":true,\"valueName\":\"search_term_string\"}}],\"inLanguage\":\"de\"},{\"@type\":[\"Person\",\"Organization\"],\"@id\":\"https:\\\/\\\/www.inkultura-online.de\\\/politisch_unkorrekt\\\/#\\\/schema\\\/person\\\/5b30b80e385478896a1de221e1994d86\",\"name\":\"Orator\",\"image\":{\"@type\":\"ImageObject\",\"inLanguage\":\"de\",\"@id\":\"https:\\\/\\\/secure.gravatar.com\\\/avatar\\\/96e03166d31716e9c437060430eb7605c45a8ce6fb6dab483637ca6915dd0844?s=96&d=mm&r=g\",\"url\":\"https:\\\/\\\/secure.gravatar.com\\\/avatar\\\/96e03166d31716e9c437060430eb7605c45a8ce6fb6dab483637ca6915dd0844?s=96&d=mm&r=g\",\"contentUrl\":\"https:\\\/\\\/secure.gravatar.com\\\/avatar\\\/96e03166d31716e9c437060430eb7605c45a8ce6fb6dab483637ca6915dd0844?s=96&d=mm&r=g\",\"caption\":\"Orator\"},\"logo\":{\"@id\":\"https:\\\/\\\/secure.gravatar.com\\\/avatar\\\/96e03166d31716e9c437060430eb7605c45a8ce6fb6dab483637ca6915dd0844?s=96&d=mm&r=g\"},\"url\":\"https:\\\/\\\/www.inkultura-online.de\\\/politisch_unkorrekt\\\/author\\\/1korrektor21-2\\\/\"}]}<\/script>\n<!-- \/ Yoast SEO plugin. -->","yoast_head_json":{"title":"Endlich bereit zur Gegenwehr - Zeitgeist? Frei!","robots":{"index":"index","follow":"follow","max-snippet":"max-snippet:-1","max-image-preview":"max-image-preview:large","max-video-preview":"max-video-preview:-1"},"canonical":"https:\/\/www.inkultura-online.de\/politisch_unkorrekt\/endlich-bereit-zur-gegenwehr\/","og_locale":"de_DE","og_type":"article","og_title":"Endlich bereit zur Gegenwehr - Zeitgeist? Frei!","og_description":"Nach der t\u00f6dlichen Messerattacke, ein 35 Jahre alter Deutscher tot, zwei weitere Deutsche schwer verletzt, und den sich daran anschlie\u00dfenden Demonstrationen gegen Ausl\u00e4ndergewalt, \u00fcberbietet sich das offizielle Deutschland einmal mehr in der Beschimpfung der eigenen Landsleute, die nicht mehr hinnehmen &hellip; Weiterlesen &rarr;","og_url":"https:\/\/www.inkultura-online.de\/politisch_unkorrekt\/endlich-bereit-zur-gegenwehr\/","og_site_name":"Zeitgeist? Frei!","article_published_time":"2018-08-27T14:55:16+00:00","author":"Orator","twitter_misc":{"Verfasst von":"Orator","Gesch\u00e4tzte Lesezeit":"1\u00a0Minute"},"schema":{"@context":"https:\/\/schema.org","@graph":[{"@type":"Article","@id":"https:\/\/www.inkultura-online.de\/politisch_unkorrekt\/endlich-bereit-zur-gegenwehr\/#article","isPartOf":{"@id":"https:\/\/www.inkultura-online.de\/politisch_unkorrekt\/endlich-bereit-zur-gegenwehr\/"},"author":{"name":"Orator","@id":"https:\/\/www.inkultura-online.de\/politisch_unkorrekt\/#\/schema\/person\/5b30b80e385478896a1de221e1994d86"},"headline":"Endlich bereit zur Gegenwehr","datePublished":"2018-08-27T14:55:16+00:00","mainEntityOfPage":{"@id":"https:\/\/www.inkultura-online.de\/politisch_unkorrekt\/endlich-bereit-zur-gegenwehr\/"},"wordCount":270,"publisher":{"@id":"https:\/\/www.inkultura-online.de\/politisch_unkorrekt\/#\/schema\/person\/5b30b80e385478896a1de221e1994d86"},"keywords":["Ausl\u00e4ndergewalt","Chemnitz","Demonstrationen","Messerstecher","Migrantengewalt"],"articleSection":["Denunzianten und Volksverr\u00e4ter","Gedanken zum Tag","Menschen untereinander","Schlimme W\u00f6rter","Systemfehler","Was die \"Qualit\u00e4tspresse\" gern verschweigt"],"inLanguage":"de"},{"@type":"WebPage","@id":"https:\/\/www.inkultura-online.de\/politisch_unkorrekt\/endlich-bereit-zur-gegenwehr\/","url":"https:\/\/www.inkultura-online.de\/politisch_unkorrekt\/endlich-bereit-zur-gegenwehr\/","name":"Endlich bereit zur Gegenwehr - Zeitgeist? Frei!","isPartOf":{"@id":"https:\/\/www.inkultura-online.de\/politisch_unkorrekt\/#website"},"datePublished":"2018-08-27T14:55:16+00:00","breadcrumb":{"@id":"https:\/\/www.inkultura-online.de\/politisch_unkorrekt\/endlich-bereit-zur-gegenwehr\/#breadcrumb"},"inLanguage":"de","potentialAction":[{"@type":"ReadAction","target":["https:\/\/www.inkultura-online.de\/politisch_unkorrekt\/endlich-bereit-zur-gegenwehr\/"]}]},{"@type":"BreadcrumbList","@id":"https:\/\/www.inkultura-online.de\/politisch_unkorrekt\/endlich-bereit-zur-gegenwehr\/#breadcrumb","itemListElement":[{"@type":"ListItem","position":1,"name":"Home","item":"https:\/\/www.inkultura-online.de\/politisch_unkorrekt\/"},{"@type":"ListItem","position":2,"name":"Endlich bereit zur Gegenwehr"}]},{"@type":"WebSite","@id":"https:\/\/www.inkultura-online.de\/politisch_unkorrekt\/#website","url":"https:\/\/www.inkultura-online.de\/politisch_unkorrekt\/","name":"Zeitgeist? Frei!","description":"Was Ihr den Geist der Zeiten hei\u00dft...","publisher":{"@id":"https:\/\/www.inkultura-online.de\/politisch_unkorrekt\/#\/schema\/person\/5b30b80e385478896a1de221e1994d86"},"potentialAction":[{"@type":"SearchAction","target":{"@type":"EntryPoint","urlTemplate":"https:\/\/www.inkultura-online.de\/politisch_unkorrekt\/?s={search_term_string}"},"query-input":{"@type":"PropertyValueSpecification","valueRequired":true,"valueName":"search_term_string"}}],"inLanguage":"de"},{"@type":["Person","Organization"],"@id":"https:\/\/www.inkultura-online.de\/politisch_unkorrekt\/#\/schema\/person\/5b30b80e385478896a1de221e1994d86","name":"Orator","image":{"@type":"ImageObject","inLanguage":"de","@id":"https:\/\/secure.gravatar.com\/avatar\/96e03166d31716e9c437060430eb7605c45a8ce6fb6dab483637ca6915dd0844?s=96&d=mm&r=g","url":"https:\/\/secure.gravatar.com\/avatar\/96e03166d31716e9c437060430eb7605c45a8ce6fb6dab483637ca6915dd0844?s=96&d=mm&r=g","contentUrl":"https:\/\/secure.gravatar.com\/avatar\/96e03166d31716e9c437060430eb7605c45a8ce6fb6dab483637ca6915dd0844?s=96&d=mm&r=g","caption":"Orator"},"logo":{"@id":"https:\/\/secure.gravatar.com\/avatar\/96e03166d31716e9c437060430eb7605c45a8ce6fb6dab483637ca6915dd0844?s=96&d=mm&r=g"},"url":"https:\/\/www.inkultura-online.de\/politisch_unkorrekt\/author\/1korrektor21-2\/"}]}},"_links":{"self":[{"href":"https:\/\/www.inkultura-online.de\/politisch_unkorrekt\/wp-json\/wp\/v2\/posts\/1802","targetHints":{"allow":["GET"]}}],"collection":[{"href":"https:\/\/www.inkultura-online.de\/politisch_unkorrekt\/wp-json\/wp\/v2\/posts"}],"about":[{"href":"https:\/\/www.inkultura-online.de\/politisch_unkorrekt\/wp-json\/wp\/v2\/types\/post"}],"author":[{"embeddable":true,"href":"https:\/\/www.inkultura-online.de\/politisch_unkorrekt\/wp-json\/wp\/v2\/users\/1"}],"replies":[{"embeddable":true,"href":"https:\/\/www.inkultura-online.de\/politisch_unkorrekt\/wp-json\/wp\/v2\/comments?post=1802"}],"version-history":[{"count":1,"href":"https:\/\/www.inkultura-online.de\/politisch_unkorrekt\/wp-json\/wp\/v2\/posts\/1802\/revisions"}],"predecessor-version":[{"id":1803,"href":"https:\/\/www.inkultura-online.de\/politisch_unkorrekt\/wp-json\/wp\/v2\/posts\/1802\/revisions\/1803"}],"wp:attachment":[{"href":"https:\/\/www.inkultura-online.de\/politisch_unkorrekt\/wp-json\/wp\/v2\/media?parent=1802"}],"wp:term":[{"taxonomy":"category","embeddable":true,"href":"https:\/\/www.inkultura-online.de\/politisch_unkorrekt\/wp-json\/wp\/v2\/categories?post=1802"},{"taxonomy":"post_tag","embeddable":true,"href":"https:\/\/www.inkultura-online.de\/politisch_unkorrekt\/wp-json\/wp\/v2\/tags?post=1802"}],"curies":[{"name":"wp","href":"https:\/\/api.w.org\/{rel}","templated":true}]}}