{"id":1806,"date":"2018-09-02T09:26:55","date_gmt":"2018-09-02T07:26:55","guid":{"rendered":"http:\/\/www.inkultura-online.de\/politisch_unkorrekt\/?p=1806"},"modified":"2018-09-02T09:26:55","modified_gmt":"2018-09-02T07:26:55","slug":"frau-chebli-werden-sie-endlich-radikal","status":"publish","type":"post","link":"https:\/\/www.inkultura-online.de\/politisch_unkorrekt\/frau-chebli-werden-sie-endlich-radikal\/","title":{"rendered":"Frau Chebli, werden sie endlich radikal!"},"content":{"rendered":"<p>Auf der Klassenfahrt einer Berliner Grundschule wurde ein zehnj\u00e4hrige Junge von einem ebenfalls zehn Jahre alten Mitsch\u00fcler, ein Afghane, nat\u00fcrlich seit geraumer Zeit \u201eauff\u00e4llig\u201c, <a href=\"https:\/\/www.tagesspiegel.de\/berlin\/vergewaltigung-an-berliner-grundschule-zehnjaehriger-soll-auf-klassenfahrt-gleichaltrigen-jungen-missbraucht-haben\/22985102.html\" target=\"_blank\" rel=\"noopener\">vergewaltigt<\/a>. Zwei weitere elf Jahre alte Mitsch\u00fcler, ebenfalls aus Afghanistan und Syrien stammend, sollen das Opfer festgehalten haben.<\/p>\n<p>Frau Chebli, angesichts dieses beispiellos grausamen Verbrechens ist es h\u00f6chste Zeit, dass Sie, wie Sie es bereits angedroht haben, endlich mehr <a href=\"https:\/\/www.tagesspiegel.de\/berlin\/ausschreitungen-in-chemnitz-sawsan-chebli-wir-waren-zu-naiv\/22967986.html\" target=\"_blank\" rel=\"noopener\">Radikalit\u00e4t gegen Rechts<\/a> zeigen. Verbieten Sie endlich die AfD!<\/p>\n","protected":false},"excerpt":{"rendered":"<p>Auf der Klassenfahrt einer Berliner Grundschule wurde ein zehnj\u00e4hrige Junge von einem ebenfalls zehn Jahre alten Mitsch\u00fcler, ein Afghane, nat\u00fcrlich seit geraumer Zeit \u201eauff\u00e4llig\u201c, vergewaltigt. Zwei weitere elf Jahre alte Mitsch\u00fcler, ebenfalls aus Afghanistan und Syrien stammend, sollen das Opfer &hellip; <a href=\"https:\/\/www.inkultura-online.de\/politisch_unkorrekt\/frau-chebli-werden-sie-endlich-radikal\/\">Weiterlesen <span class=\"meta-nav\">&rarr;<\/span><\/a><\/p>\n","protected":false},"author":1,"featured_media":0,"comment_status":"closed","ping_status":"closed","sticky":false,"template":"","format":"standard","meta":{"footnotes":""},"categories":[2,378,3,1,4,6,10],"tags":[1107,1106],"class_list":["post-1806","post","type-post","status-publish","format-standard","hentry","category-antipathie","category-denunzianten","category-die-duemmsten-sprueche-der-woche","category-fundstuecke","category-hauptstadtpossen","category-menschen-untereinander","category-systemfehler","tag-radikalitaet-gegen-rechts","tag-sawsan-chebli"],"yoast_head":"<!-- This site is optimized with the Yoast SEO plugin v27.5 - https:\/\/yoast.com\/product\/yoast-seo-wordpress\/ -->\n<title>Frau Chebli, werden sie endlich radikal! - Zeitgeist? Frei!<\/title>\n<meta name=\"robots\" content=\"index, follow, max-snippet:-1, max-image-preview:large, max-video-preview:-1\" \/>\n<link rel=\"canonical\" href=\"https:\/\/www.inkultura-online.de\/politisch_unkorrekt\/frau-chebli-werden-sie-endlich-radikal\/\" \/>\n<meta property=\"og:locale\" content=\"de_DE\" \/>\n<meta property=\"og:type\" content=\"article\" \/>\n<meta property=\"og:title\" content=\"Frau Chebli, werden sie endlich radikal! - Zeitgeist? Frei!\" \/>\n<meta property=\"og:description\" content=\"Auf der Klassenfahrt einer Berliner Grundschule wurde ein zehnj\u00e4hrige Junge von einem ebenfalls zehn Jahre alten Mitsch\u00fcler, ein Afghane, nat\u00fcrlich seit geraumer Zeit \u201eauff\u00e4llig\u201c, vergewaltigt. Zwei weitere elf Jahre alte Mitsch\u00fcler, ebenfalls aus Afghanistan und Syrien stammend, sollen das Opfer &hellip; Weiterlesen &rarr;\" \/>\n<meta property=\"og:url\" content=\"https:\/\/www.inkultura-online.de\/politisch_unkorrekt\/frau-chebli-werden-sie-endlich-radikal\/\" \/>\n<meta property=\"og:site_name\" content=\"Zeitgeist? Frei!\" \/>\n<meta property=\"article:published_time\" content=\"2018-09-02T07:26:55+00:00\" \/>\n<meta name=\"author\" content=\"Orator\" \/>\n<meta name=\"twitter:label1\" content=\"Verfasst von\" \/>\n\t<meta name=\"twitter:data1\" content=\"Orator\" \/>\n<script type=\"application\/ld+json\" class=\"yoast-schema-graph\">{\"@context\":\"https:\\\/\\\/schema.org\",\"@graph\":[{\"@type\":\"Article\",\"@id\":\"https:\\\/\\\/www.inkultura-online.de\\\/politisch_unkorrekt\\\/frau-chebli-werden-sie-endlich-radikal\\\/#article\",\"isPartOf\":{\"@id\":\"https:\\\/\\\/www.inkultura-online.de\\\/politisch_unkorrekt\\\/frau-chebli-werden-sie-endlich-radikal\\\/\"},\"author\":{\"name\":\"Orator\",\"@id\":\"https:\\\/\\\/www.inkultura-online.de\\\/politisch_unkorrekt\\\/#\\\/schema\\\/person\\\/5b30b80e385478896a1de221e1994d86\"},\"headline\":\"Frau Chebli, werden sie endlich radikal!\",\"datePublished\":\"2018-09-02T07:26:55+00:00\",\"mainEntityOfPage\":{\"@id\":\"https:\\\/\\\/www.inkultura-online.de\\\/politisch_unkorrekt\\\/frau-chebli-werden-sie-endlich-radikal\\\/\"},\"wordCount\":85,\"publisher\":{\"@id\":\"https:\\\/\\\/www.inkultura-online.de\\\/politisch_unkorrekt\\\/#\\\/schema\\\/person\\\/5b30b80e385478896a1de221e1994d86\"},\"keywords\":[\"Radikalit\u00e4t gegen Rechts\",\"Sawsan Chebli\"],\"articleSection\":[\"Antipathie\",\"Denunzianten und Volksverr\u00e4ter\",\"Die d\u00fcmmsten Spr\u00fcche der Woche\",\"Fundst\u00fccke\",\"Hauptstadtpossen\",\"Menschen untereinander\",\"Systemfehler\"],\"inLanguage\":\"de\"},{\"@type\":\"WebPage\",\"@id\":\"https:\\\/\\\/www.inkultura-online.de\\\/politisch_unkorrekt\\\/frau-chebli-werden-sie-endlich-radikal\\\/\",\"url\":\"https:\\\/\\\/www.inkultura-online.de\\\/politisch_unkorrekt\\\/frau-chebli-werden-sie-endlich-radikal\\\/\",\"name\":\"Frau Chebli, werden sie endlich radikal! - Zeitgeist? Frei!\",\"isPartOf\":{\"@id\":\"https:\\\/\\\/www.inkultura-online.de\\\/politisch_unkorrekt\\\/#website\"},\"datePublished\":\"2018-09-02T07:26:55+00:00\",\"breadcrumb\":{\"@id\":\"https:\\\/\\\/www.inkultura-online.de\\\/politisch_unkorrekt\\\/frau-chebli-werden-sie-endlich-radikal\\\/#breadcrumb\"},\"inLanguage\":\"de\",\"potentialAction\":[{\"@type\":\"ReadAction\",\"target\":[\"https:\\\/\\\/www.inkultura-online.de\\\/politisch_unkorrekt\\\/frau-chebli-werden-sie-endlich-radikal\\\/\"]}]},{\"@type\":\"BreadcrumbList\",\"@id\":\"https:\\\/\\\/www.inkultura-online.de\\\/politisch_unkorrekt\\\/frau-chebli-werden-sie-endlich-radikal\\\/#breadcrumb\",\"itemListElement\":[{\"@type\":\"ListItem\",\"position\":1,\"name\":\"Home\",\"item\":\"https:\\\/\\\/www.inkultura-online.de\\\/politisch_unkorrekt\\\/\"},{\"@type\":\"ListItem\",\"position\":2,\"name\":\"Frau Chebli, werden sie endlich radikal!\"}]},{\"@type\":\"WebSite\",\"@id\":\"https:\\\/\\\/www.inkultura-online.de\\\/politisch_unkorrekt\\\/#website\",\"url\":\"https:\\\/\\\/www.inkultura-online.de\\\/politisch_unkorrekt\\\/\",\"name\":\"Zeitgeist? Frei!\",\"description\":\"Was Ihr den Geist der Zeiten hei\u00dft...\",\"publisher\":{\"@id\":\"https:\\\/\\\/www.inkultura-online.de\\\/politisch_unkorrekt\\\/#\\\/schema\\\/person\\\/5b30b80e385478896a1de221e1994d86\"},\"potentialAction\":[{\"@type\":\"SearchAction\",\"target\":{\"@type\":\"EntryPoint\",\"urlTemplate\":\"https:\\\/\\\/www.inkultura-online.de\\\/politisch_unkorrekt\\\/?s={search_term_string}\"},\"query-input\":{\"@type\":\"PropertyValueSpecification\",\"valueRequired\":true,\"valueName\":\"search_term_string\"}}],\"inLanguage\":\"de\"},{\"@type\":[\"Person\",\"Organization\"],\"@id\":\"https:\\\/\\\/www.inkultura-online.de\\\/politisch_unkorrekt\\\/#\\\/schema\\\/person\\\/5b30b80e385478896a1de221e1994d86\",\"name\":\"Orator\",\"image\":{\"@type\":\"ImageObject\",\"inLanguage\":\"de\",\"@id\":\"https:\\\/\\\/secure.gravatar.com\\\/avatar\\\/96e03166d31716e9c437060430eb7605c45a8ce6fb6dab483637ca6915dd0844?s=96&d=mm&r=g\",\"url\":\"https:\\\/\\\/secure.gravatar.com\\\/avatar\\\/96e03166d31716e9c437060430eb7605c45a8ce6fb6dab483637ca6915dd0844?s=96&d=mm&r=g\",\"contentUrl\":\"https:\\\/\\\/secure.gravatar.com\\\/avatar\\\/96e03166d31716e9c437060430eb7605c45a8ce6fb6dab483637ca6915dd0844?s=96&d=mm&r=g\",\"caption\":\"Orator\"},\"logo\":{\"@id\":\"https:\\\/\\\/secure.gravatar.com\\\/avatar\\\/96e03166d31716e9c437060430eb7605c45a8ce6fb6dab483637ca6915dd0844?s=96&d=mm&r=g\"},\"url\":\"https:\\\/\\\/www.inkultura-online.de\\\/politisch_unkorrekt\\\/author\\\/1korrektor21-2\\\/\"}]}<\/script>\n<!-- \/ Yoast SEO plugin. -->","yoast_head_json":{"title":"Frau Chebli, werden sie endlich radikal! - Zeitgeist? Frei!","robots":{"index":"index","follow":"follow","max-snippet":"max-snippet:-1","max-image-preview":"max-image-preview:large","max-video-preview":"max-video-preview:-1"},"canonical":"https:\/\/www.inkultura-online.de\/politisch_unkorrekt\/frau-chebli-werden-sie-endlich-radikal\/","og_locale":"de_DE","og_type":"article","og_title":"Frau Chebli, werden sie endlich radikal! - Zeitgeist? Frei!","og_description":"Auf der Klassenfahrt einer Berliner Grundschule wurde ein zehnj\u00e4hrige Junge von einem ebenfalls zehn Jahre alten Mitsch\u00fcler, ein Afghane, nat\u00fcrlich seit geraumer Zeit \u201eauff\u00e4llig\u201c, vergewaltigt. Zwei weitere elf Jahre alte Mitsch\u00fcler, ebenfalls aus Afghanistan und Syrien stammend, sollen das Opfer &hellip; Weiterlesen &rarr;","og_url":"https:\/\/www.inkultura-online.de\/politisch_unkorrekt\/frau-chebli-werden-sie-endlich-radikal\/","og_site_name":"Zeitgeist? Frei!","article_published_time":"2018-09-02T07:26:55+00:00","author":"Orator","twitter_misc":{"Verfasst von":"Orator"},"schema":{"@context":"https:\/\/schema.org","@graph":[{"@type":"Article","@id":"https:\/\/www.inkultura-online.de\/politisch_unkorrekt\/frau-chebli-werden-sie-endlich-radikal\/#article","isPartOf":{"@id":"https:\/\/www.inkultura-online.de\/politisch_unkorrekt\/frau-chebli-werden-sie-endlich-radikal\/"},"author":{"name":"Orator","@id":"https:\/\/www.inkultura-online.de\/politisch_unkorrekt\/#\/schema\/person\/5b30b80e385478896a1de221e1994d86"},"headline":"Frau Chebli, werden sie endlich radikal!","datePublished":"2018-09-02T07:26:55+00:00","mainEntityOfPage":{"@id":"https:\/\/www.inkultura-online.de\/politisch_unkorrekt\/frau-chebli-werden-sie-endlich-radikal\/"},"wordCount":85,"publisher":{"@id":"https:\/\/www.inkultura-online.de\/politisch_unkorrekt\/#\/schema\/person\/5b30b80e385478896a1de221e1994d86"},"keywords":["Radikalit\u00e4t gegen Rechts","Sawsan Chebli"],"articleSection":["Antipathie","Denunzianten und Volksverr\u00e4ter","Die d\u00fcmmsten Spr\u00fcche der Woche","Fundst\u00fccke","Hauptstadtpossen","Menschen untereinander","Systemfehler"],"inLanguage":"de"},{"@type":"WebPage","@id":"https:\/\/www.inkultura-online.de\/politisch_unkorrekt\/frau-chebli-werden-sie-endlich-radikal\/","url":"https:\/\/www.inkultura-online.de\/politisch_unkorrekt\/frau-chebli-werden-sie-endlich-radikal\/","name":"Frau Chebli, werden sie endlich radikal! - Zeitgeist? Frei!","isPartOf":{"@id":"https:\/\/www.inkultura-online.de\/politisch_unkorrekt\/#website"},"datePublished":"2018-09-02T07:26:55+00:00","breadcrumb":{"@id":"https:\/\/www.inkultura-online.de\/politisch_unkorrekt\/frau-chebli-werden-sie-endlich-radikal\/#breadcrumb"},"inLanguage":"de","potentialAction":[{"@type":"ReadAction","target":["https:\/\/www.inkultura-online.de\/politisch_unkorrekt\/frau-chebli-werden-sie-endlich-radikal\/"]}]},{"@type":"BreadcrumbList","@id":"https:\/\/www.inkultura-online.de\/politisch_unkorrekt\/frau-chebli-werden-sie-endlich-radikal\/#breadcrumb","itemListElement":[{"@type":"ListItem","position":1,"name":"Home","item":"https:\/\/www.inkultura-online.de\/politisch_unkorrekt\/"},{"@type":"ListItem","position":2,"name":"Frau Chebli, werden sie endlich radikal!"}]},{"@type":"WebSite","@id":"https:\/\/www.inkultura-online.de\/politisch_unkorrekt\/#website","url":"https:\/\/www.inkultura-online.de\/politisch_unkorrekt\/","name":"Zeitgeist? Frei!","description":"Was Ihr den Geist der Zeiten hei\u00dft...","publisher":{"@id":"https:\/\/www.inkultura-online.de\/politisch_unkorrekt\/#\/schema\/person\/5b30b80e385478896a1de221e1994d86"},"potentialAction":[{"@type":"SearchAction","target":{"@type":"EntryPoint","urlTemplate":"https:\/\/www.inkultura-online.de\/politisch_unkorrekt\/?s={search_term_string}"},"query-input":{"@type":"PropertyValueSpecification","valueRequired":true,"valueName":"search_term_string"}}],"inLanguage":"de"},{"@type":["Person","Organization"],"@id":"https:\/\/www.inkultura-online.de\/politisch_unkorrekt\/#\/schema\/person\/5b30b80e385478896a1de221e1994d86","name":"Orator","image":{"@type":"ImageObject","inLanguage":"de","@id":"https:\/\/secure.gravatar.com\/avatar\/96e03166d31716e9c437060430eb7605c45a8ce6fb6dab483637ca6915dd0844?s=96&d=mm&r=g","url":"https:\/\/secure.gravatar.com\/avatar\/96e03166d31716e9c437060430eb7605c45a8ce6fb6dab483637ca6915dd0844?s=96&d=mm&r=g","contentUrl":"https:\/\/secure.gravatar.com\/avatar\/96e03166d31716e9c437060430eb7605c45a8ce6fb6dab483637ca6915dd0844?s=96&d=mm&r=g","caption":"Orator"},"logo":{"@id":"https:\/\/secure.gravatar.com\/avatar\/96e03166d31716e9c437060430eb7605c45a8ce6fb6dab483637ca6915dd0844?s=96&d=mm&r=g"},"url":"https:\/\/www.inkultura-online.de\/politisch_unkorrekt\/author\/1korrektor21-2\/"}]}},"_links":{"self":[{"href":"https:\/\/www.inkultura-online.de\/politisch_unkorrekt\/wp-json\/wp\/v2\/posts\/1806","targetHints":{"allow":["GET"]}}],"collection":[{"href":"https:\/\/www.inkultura-online.de\/politisch_unkorrekt\/wp-json\/wp\/v2\/posts"}],"about":[{"href":"https:\/\/www.inkultura-online.de\/politisch_unkorrekt\/wp-json\/wp\/v2\/types\/post"}],"author":[{"embeddable":true,"href":"https:\/\/www.inkultura-online.de\/politisch_unkorrekt\/wp-json\/wp\/v2\/users\/1"}],"replies":[{"embeddable":true,"href":"https:\/\/www.inkultura-online.de\/politisch_unkorrekt\/wp-json\/wp\/v2\/comments?post=1806"}],"version-history":[{"count":1,"href":"https:\/\/www.inkultura-online.de\/politisch_unkorrekt\/wp-json\/wp\/v2\/posts\/1806\/revisions"}],"predecessor-version":[{"id":1807,"href":"https:\/\/www.inkultura-online.de\/politisch_unkorrekt\/wp-json\/wp\/v2\/posts\/1806\/revisions\/1807"}],"wp:attachment":[{"href":"https:\/\/www.inkultura-online.de\/politisch_unkorrekt\/wp-json\/wp\/v2\/media?parent=1806"}],"wp:term":[{"taxonomy":"category","embeddable":true,"href":"https:\/\/www.inkultura-online.de\/politisch_unkorrekt\/wp-json\/wp\/v2\/categories?post=1806"},{"taxonomy":"post_tag","embeddable":true,"href":"https:\/\/www.inkultura-online.de\/politisch_unkorrekt\/wp-json\/wp\/v2\/tags?post=1806"}],"curies":[{"name":"wp","href":"https:\/\/api.w.org\/{rel}","templated":true}]}}