{"id":1809,"date":"2018-09-05T16:25:06","date_gmt":"2018-09-05T14:25:06","guid":{"rendered":"http:\/\/www.inkultura-online.de\/politisch_unkorrekt\/?p=1809"},"modified":"2018-09-05T16:26:14","modified_gmt":"2018-09-05T14:26:14","slug":"was-jetzt-frau-bundeskanzlerin","status":"publish","type":"post","link":"https:\/\/www.inkultura-online.de\/politisch_unkorrekt\/was-jetzt-frau-bundeskanzlerin\/","title":{"rendered":"Was jetzt, Frau Bundeskanzlerin?"},"content":{"rendered":"<p>Sachsens Ministerpr\u00e4sident Michael Kretschmer (CDU) zu den Vorf\u00e4llen in Chemnitz: &#8222;Es gab keinen Mob, es gab keine Hetzjagd und es gab keine Pogrome in dieser Stadt&#8220;.<\/p>\n<p>Die Bundeskanzlerin Angela Merkel und ihr Regierungssprecher Steffen Seibert: &#8222;Es gab Zusammenrottungen eines Mobs, Hetzjagden und Pogrome&#8220;.<\/p>\n<p>Wer l\u00fcgt denn jetzt?<\/p>\n<p>Ein <a href=\"https:\/\/www.change.org\/p\/bundesregierung-frau-bundeskanzler-bitte-belegen-sie-ihre-behauptungen\" target=\"_blank\" rel=\"noopener\">Aufruf<\/a> des Dresdner Politikwissenschaftler Werner J. Patzelt an die Regierung, diese Widerspr\u00fcche aufzukl\u00e4ren.<\/p>\n","protected":false},"excerpt":{"rendered":"<p>Sachsens Ministerpr\u00e4sident Michael Kretschmer (CDU) zu den Vorf\u00e4llen in Chemnitz: &#8222;Es gab keinen Mob, es gab keine Hetzjagd und es gab keine Pogrome in dieser Stadt&#8220;. Die Bundeskanzlerin Angela Merkel und ihr Regierungssprecher Steffen Seibert: &#8222;Es gab Zusammenrottungen eines Mobs, &hellip; <a href=\"https:\/\/www.inkultura-online.de\/politisch_unkorrekt\/was-jetzt-frau-bundeskanzlerin\/\">Weiterlesen <span class=\"meta-nav\">&rarr;<\/span><\/a><\/p>\n","protected":false},"author":1,"featured_media":0,"comment_status":"closed","ping_status":"closed","sticky":false,"template":"","format":"standard","meta":{"footnotes":""},"categories":[378,3,1,5,8],"tags":[1108,81,1112,1109,1111],"class_list":["post-1809","post","type-post","status-publish","format-standard","hentry","category-denunzianten","category-die-duemmsten-sprueche-der-woche","category-fundstuecke","category-meinungen-und-sprueche","category-schlimme-woerter","tag-chremnitz","tag-merkel","tag-patzelt","tag-seibert","tag-zusammenrottungen"],"yoast_head":"<!-- This site is optimized with the Yoast SEO plugin v27.5 - https:\/\/yoast.com\/product\/yoast-seo-wordpress\/ -->\n<title>Was jetzt, Frau Bundeskanzlerin? - Zeitgeist? Frei!<\/title>\n<meta name=\"robots\" content=\"index, follow, max-snippet:-1, max-image-preview:large, max-video-preview:-1\" \/>\n<link rel=\"canonical\" href=\"https:\/\/www.inkultura-online.de\/politisch_unkorrekt\/was-jetzt-frau-bundeskanzlerin\/\" \/>\n<meta property=\"og:locale\" content=\"de_DE\" \/>\n<meta property=\"og:type\" content=\"article\" \/>\n<meta property=\"og:title\" content=\"Was jetzt, Frau Bundeskanzlerin? - Zeitgeist? Frei!\" \/>\n<meta property=\"og:description\" content=\"Sachsens Ministerpr\u00e4sident Michael Kretschmer (CDU) zu den Vorf\u00e4llen in Chemnitz: &#8222;Es gab keinen Mob, es gab keine Hetzjagd und es gab keine Pogrome in dieser Stadt&#8220;. Die Bundeskanzlerin Angela Merkel und ihr Regierungssprecher Steffen Seibert: &#8222;Es gab Zusammenrottungen eines Mobs, &hellip; Weiterlesen &rarr;\" \/>\n<meta property=\"og:url\" content=\"https:\/\/www.inkultura-online.de\/politisch_unkorrekt\/was-jetzt-frau-bundeskanzlerin\/\" \/>\n<meta property=\"og:site_name\" content=\"Zeitgeist? Frei!\" \/>\n<meta property=\"article:published_time\" content=\"2018-09-05T14:25:06+00:00\" \/>\n<meta property=\"article:modified_time\" content=\"2018-09-05T14:26:14+00:00\" \/>\n<meta name=\"author\" content=\"Orator\" \/>\n<meta name=\"twitter:label1\" content=\"Verfasst von\" \/>\n\t<meta name=\"twitter:data1\" content=\"Orator\" \/>\n<script type=\"application\/ld+json\" class=\"yoast-schema-graph\">{\"@context\":\"https:\\\/\\\/schema.org\",\"@graph\":[{\"@type\":\"Article\",\"@id\":\"https:\\\/\\\/www.inkultura-online.de\\\/politisch_unkorrekt\\\/was-jetzt-frau-bundeskanzlerin\\\/#article\",\"isPartOf\":{\"@id\":\"https:\\\/\\\/www.inkultura-online.de\\\/politisch_unkorrekt\\\/was-jetzt-frau-bundeskanzlerin\\\/\"},\"author\":{\"name\":\"Orator\",\"@id\":\"https:\\\/\\\/www.inkultura-online.de\\\/politisch_unkorrekt\\\/#\\\/schema\\\/person\\\/5b30b80e385478896a1de221e1994d86\"},\"headline\":\"Was jetzt, Frau Bundeskanzlerin?\",\"datePublished\":\"2018-09-05T14:25:06+00:00\",\"dateModified\":\"2018-09-05T14:26:14+00:00\",\"mainEntityOfPage\":{\"@id\":\"https:\\\/\\\/www.inkultura-online.de\\\/politisch_unkorrekt\\\/was-jetzt-frau-bundeskanzlerin\\\/\"},\"wordCount\":70,\"publisher\":{\"@id\":\"https:\\\/\\\/www.inkultura-online.de\\\/politisch_unkorrekt\\\/#\\\/schema\\\/person\\\/5b30b80e385478896a1de221e1994d86\"},\"keywords\":[\"Chremnitz\",\"Merkel\",\"Patzelt\",\"Seibert\",\"Zusammenrottungen\"],\"articleSection\":[\"Denunzianten und Volksverr\u00e4ter\",\"Die d\u00fcmmsten Spr\u00fcche der Woche\",\"Fundst\u00fccke\",\"Meinungen und Spr\u00fcche\",\"Schlimme W\u00f6rter\"],\"inLanguage\":\"de\"},{\"@type\":\"WebPage\",\"@id\":\"https:\\\/\\\/www.inkultura-online.de\\\/politisch_unkorrekt\\\/was-jetzt-frau-bundeskanzlerin\\\/\",\"url\":\"https:\\\/\\\/www.inkultura-online.de\\\/politisch_unkorrekt\\\/was-jetzt-frau-bundeskanzlerin\\\/\",\"name\":\"Was jetzt, Frau Bundeskanzlerin? - Zeitgeist? Frei!\",\"isPartOf\":{\"@id\":\"https:\\\/\\\/www.inkultura-online.de\\\/politisch_unkorrekt\\\/#website\"},\"datePublished\":\"2018-09-05T14:25:06+00:00\",\"dateModified\":\"2018-09-05T14:26:14+00:00\",\"breadcrumb\":{\"@id\":\"https:\\\/\\\/www.inkultura-online.de\\\/politisch_unkorrekt\\\/was-jetzt-frau-bundeskanzlerin\\\/#breadcrumb\"},\"inLanguage\":\"de\",\"potentialAction\":[{\"@type\":\"ReadAction\",\"target\":[\"https:\\\/\\\/www.inkultura-online.de\\\/politisch_unkorrekt\\\/was-jetzt-frau-bundeskanzlerin\\\/\"]}]},{\"@type\":\"BreadcrumbList\",\"@id\":\"https:\\\/\\\/www.inkultura-online.de\\\/politisch_unkorrekt\\\/was-jetzt-frau-bundeskanzlerin\\\/#breadcrumb\",\"itemListElement\":[{\"@type\":\"ListItem\",\"position\":1,\"name\":\"Home\",\"item\":\"https:\\\/\\\/www.inkultura-online.de\\\/politisch_unkorrekt\\\/\"},{\"@type\":\"ListItem\",\"position\":2,\"name\":\"Was jetzt, Frau Bundeskanzlerin?\"}]},{\"@type\":\"WebSite\",\"@id\":\"https:\\\/\\\/www.inkultura-online.de\\\/politisch_unkorrekt\\\/#website\",\"url\":\"https:\\\/\\\/www.inkultura-online.de\\\/politisch_unkorrekt\\\/\",\"name\":\"Zeitgeist? Frei!\",\"description\":\"Was Ihr den Geist der Zeiten hei\u00dft...\",\"publisher\":{\"@id\":\"https:\\\/\\\/www.inkultura-online.de\\\/politisch_unkorrekt\\\/#\\\/schema\\\/person\\\/5b30b80e385478896a1de221e1994d86\"},\"potentialAction\":[{\"@type\":\"SearchAction\",\"target\":{\"@type\":\"EntryPoint\",\"urlTemplate\":\"https:\\\/\\\/www.inkultura-online.de\\\/politisch_unkorrekt\\\/?s={search_term_string}\"},\"query-input\":{\"@type\":\"PropertyValueSpecification\",\"valueRequired\":true,\"valueName\":\"search_term_string\"}}],\"inLanguage\":\"de\"},{\"@type\":[\"Person\",\"Organization\"],\"@id\":\"https:\\\/\\\/www.inkultura-online.de\\\/politisch_unkorrekt\\\/#\\\/schema\\\/person\\\/5b30b80e385478896a1de221e1994d86\",\"name\":\"Orator\",\"image\":{\"@type\":\"ImageObject\",\"inLanguage\":\"de\",\"@id\":\"https:\\\/\\\/secure.gravatar.com\\\/avatar\\\/96e03166d31716e9c437060430eb7605c45a8ce6fb6dab483637ca6915dd0844?s=96&d=mm&r=g\",\"url\":\"https:\\\/\\\/secure.gravatar.com\\\/avatar\\\/96e03166d31716e9c437060430eb7605c45a8ce6fb6dab483637ca6915dd0844?s=96&d=mm&r=g\",\"contentUrl\":\"https:\\\/\\\/secure.gravatar.com\\\/avatar\\\/96e03166d31716e9c437060430eb7605c45a8ce6fb6dab483637ca6915dd0844?s=96&d=mm&r=g\",\"caption\":\"Orator\"},\"logo\":{\"@id\":\"https:\\\/\\\/secure.gravatar.com\\\/avatar\\\/96e03166d31716e9c437060430eb7605c45a8ce6fb6dab483637ca6915dd0844?s=96&d=mm&r=g\"},\"url\":\"https:\\\/\\\/www.inkultura-online.de\\\/politisch_unkorrekt\\\/author\\\/1korrektor21-2\\\/\"}]}<\/script>\n<!-- \/ Yoast SEO plugin. -->","yoast_head_json":{"title":"Was jetzt, Frau Bundeskanzlerin? - Zeitgeist? Frei!","robots":{"index":"index","follow":"follow","max-snippet":"max-snippet:-1","max-image-preview":"max-image-preview:large","max-video-preview":"max-video-preview:-1"},"canonical":"https:\/\/www.inkultura-online.de\/politisch_unkorrekt\/was-jetzt-frau-bundeskanzlerin\/","og_locale":"de_DE","og_type":"article","og_title":"Was jetzt, Frau Bundeskanzlerin? - Zeitgeist? Frei!","og_description":"Sachsens Ministerpr\u00e4sident Michael Kretschmer (CDU) zu den Vorf\u00e4llen in Chemnitz: &#8222;Es gab keinen Mob, es gab keine Hetzjagd und es gab keine Pogrome in dieser Stadt&#8220;. Die Bundeskanzlerin Angela Merkel und ihr Regierungssprecher Steffen Seibert: &#8222;Es gab Zusammenrottungen eines Mobs, &hellip; Weiterlesen &rarr;","og_url":"https:\/\/www.inkultura-online.de\/politisch_unkorrekt\/was-jetzt-frau-bundeskanzlerin\/","og_site_name":"Zeitgeist? Frei!","article_published_time":"2018-09-05T14:25:06+00:00","article_modified_time":"2018-09-05T14:26:14+00:00","author":"Orator","twitter_misc":{"Verfasst von":"Orator"},"schema":{"@context":"https:\/\/schema.org","@graph":[{"@type":"Article","@id":"https:\/\/www.inkultura-online.de\/politisch_unkorrekt\/was-jetzt-frau-bundeskanzlerin\/#article","isPartOf":{"@id":"https:\/\/www.inkultura-online.de\/politisch_unkorrekt\/was-jetzt-frau-bundeskanzlerin\/"},"author":{"name":"Orator","@id":"https:\/\/www.inkultura-online.de\/politisch_unkorrekt\/#\/schema\/person\/5b30b80e385478896a1de221e1994d86"},"headline":"Was jetzt, Frau Bundeskanzlerin?","datePublished":"2018-09-05T14:25:06+00:00","dateModified":"2018-09-05T14:26:14+00:00","mainEntityOfPage":{"@id":"https:\/\/www.inkultura-online.de\/politisch_unkorrekt\/was-jetzt-frau-bundeskanzlerin\/"},"wordCount":70,"publisher":{"@id":"https:\/\/www.inkultura-online.de\/politisch_unkorrekt\/#\/schema\/person\/5b30b80e385478896a1de221e1994d86"},"keywords":["Chremnitz","Merkel","Patzelt","Seibert","Zusammenrottungen"],"articleSection":["Denunzianten und Volksverr\u00e4ter","Die d\u00fcmmsten Spr\u00fcche der Woche","Fundst\u00fccke","Meinungen und Spr\u00fcche","Schlimme W\u00f6rter"],"inLanguage":"de"},{"@type":"WebPage","@id":"https:\/\/www.inkultura-online.de\/politisch_unkorrekt\/was-jetzt-frau-bundeskanzlerin\/","url":"https:\/\/www.inkultura-online.de\/politisch_unkorrekt\/was-jetzt-frau-bundeskanzlerin\/","name":"Was jetzt, Frau Bundeskanzlerin? - Zeitgeist? Frei!","isPartOf":{"@id":"https:\/\/www.inkultura-online.de\/politisch_unkorrekt\/#website"},"datePublished":"2018-09-05T14:25:06+00:00","dateModified":"2018-09-05T14:26:14+00:00","breadcrumb":{"@id":"https:\/\/www.inkultura-online.de\/politisch_unkorrekt\/was-jetzt-frau-bundeskanzlerin\/#breadcrumb"},"inLanguage":"de","potentialAction":[{"@type":"ReadAction","target":["https:\/\/www.inkultura-online.de\/politisch_unkorrekt\/was-jetzt-frau-bundeskanzlerin\/"]}]},{"@type":"BreadcrumbList","@id":"https:\/\/www.inkultura-online.de\/politisch_unkorrekt\/was-jetzt-frau-bundeskanzlerin\/#breadcrumb","itemListElement":[{"@type":"ListItem","position":1,"name":"Home","item":"https:\/\/www.inkultura-online.de\/politisch_unkorrekt\/"},{"@type":"ListItem","position":2,"name":"Was jetzt, Frau Bundeskanzlerin?"}]},{"@type":"WebSite","@id":"https:\/\/www.inkultura-online.de\/politisch_unkorrekt\/#website","url":"https:\/\/www.inkultura-online.de\/politisch_unkorrekt\/","name":"Zeitgeist? Frei!","description":"Was Ihr den Geist der Zeiten hei\u00dft...","publisher":{"@id":"https:\/\/www.inkultura-online.de\/politisch_unkorrekt\/#\/schema\/person\/5b30b80e385478896a1de221e1994d86"},"potentialAction":[{"@type":"SearchAction","target":{"@type":"EntryPoint","urlTemplate":"https:\/\/www.inkultura-online.de\/politisch_unkorrekt\/?s={search_term_string}"},"query-input":{"@type":"PropertyValueSpecification","valueRequired":true,"valueName":"search_term_string"}}],"inLanguage":"de"},{"@type":["Person","Organization"],"@id":"https:\/\/www.inkultura-online.de\/politisch_unkorrekt\/#\/schema\/person\/5b30b80e385478896a1de221e1994d86","name":"Orator","image":{"@type":"ImageObject","inLanguage":"de","@id":"https:\/\/secure.gravatar.com\/avatar\/96e03166d31716e9c437060430eb7605c45a8ce6fb6dab483637ca6915dd0844?s=96&d=mm&r=g","url":"https:\/\/secure.gravatar.com\/avatar\/96e03166d31716e9c437060430eb7605c45a8ce6fb6dab483637ca6915dd0844?s=96&d=mm&r=g","contentUrl":"https:\/\/secure.gravatar.com\/avatar\/96e03166d31716e9c437060430eb7605c45a8ce6fb6dab483637ca6915dd0844?s=96&d=mm&r=g","caption":"Orator"},"logo":{"@id":"https:\/\/secure.gravatar.com\/avatar\/96e03166d31716e9c437060430eb7605c45a8ce6fb6dab483637ca6915dd0844?s=96&d=mm&r=g"},"url":"https:\/\/www.inkultura-online.de\/politisch_unkorrekt\/author\/1korrektor21-2\/"}]}},"_links":{"self":[{"href":"https:\/\/www.inkultura-online.de\/politisch_unkorrekt\/wp-json\/wp\/v2\/posts\/1809","targetHints":{"allow":["GET"]}}],"collection":[{"href":"https:\/\/www.inkultura-online.de\/politisch_unkorrekt\/wp-json\/wp\/v2\/posts"}],"about":[{"href":"https:\/\/www.inkultura-online.de\/politisch_unkorrekt\/wp-json\/wp\/v2\/types\/post"}],"author":[{"embeddable":true,"href":"https:\/\/www.inkultura-online.de\/politisch_unkorrekt\/wp-json\/wp\/v2\/users\/1"}],"replies":[{"embeddable":true,"href":"https:\/\/www.inkultura-online.de\/politisch_unkorrekt\/wp-json\/wp\/v2\/comments?post=1809"}],"version-history":[{"count":1,"href":"https:\/\/www.inkultura-online.de\/politisch_unkorrekt\/wp-json\/wp\/v2\/posts\/1809\/revisions"}],"predecessor-version":[{"id":1810,"href":"https:\/\/www.inkultura-online.de\/politisch_unkorrekt\/wp-json\/wp\/v2\/posts\/1809\/revisions\/1810"}],"wp:attachment":[{"href":"https:\/\/www.inkultura-online.de\/politisch_unkorrekt\/wp-json\/wp\/v2\/media?parent=1809"}],"wp:term":[{"taxonomy":"category","embeddable":true,"href":"https:\/\/www.inkultura-online.de\/politisch_unkorrekt\/wp-json\/wp\/v2\/categories?post=1809"},{"taxonomy":"post_tag","embeddable":true,"href":"https:\/\/www.inkultura-online.de\/politisch_unkorrekt\/wp-json\/wp\/v2\/tags?post=1809"}],"curies":[{"name":"wp","href":"https:\/\/api.w.org\/{rel}","templated":true}]}}