{"id":1811,"date":"2018-09-08T08:18:35","date_gmt":"2018-09-08T06:18:35","guid":{"rendered":"http:\/\/www.inkultura-online.de\/politisch_unkorrekt\/?p=1811"},"modified":"2018-09-08T08:18:35","modified_gmt":"2018-09-08T06:18:35","slug":"in-berlin-ist-immer-naerrische-zeit","status":"publish","type":"post","link":"https:\/\/www.inkultura-online.de\/politisch_unkorrekt\/in-berlin-ist-immer-naerrische-zeit\/","title":{"rendered":"In Berlin ist immer n\u00e4rrische Zeit"},"content":{"rendered":"<p>Wer bisher geglaubt hat, dass der Karneval immer erst am 11.11. beginnt, der wird in Berlin wieder einmal eines Besseren belehrt. In der Hauptstadt des angewandten Wahnsinns kann der aufmerksame Beobachter des politischen Zeitgeists zwar Uni-Sex Toiletten und gr\u00fcn bemalte Fahrradwege goutieren, also realisierte Hirngespinste einer Politik, die nur noch radikal umgesetzte Ideologie ist und die auf die Belange der B\u00fcrger keine R\u00fccksicht mehr nimmt, diese, wie im Fall der \u00f6ffentlichen Sicherheit, auch gar nicht mehr auf dem Schirm zu haben scheint.<!--more--><\/p>\n<p>So darf die Berliner Polizei von Freitag, den 7. September um 7 Uhr bis zum 1. Oktober, 7 Uhr, keine <a href=\"https:\/\/www.tagesspiegel.de\/berlin\/kriminalitaet-berlin-laesst-junge-straftaeter-vorerst-laufen\/23001480.html\" target=\"_blank\" rel=\"noopener\">Vorf\u00fchrungsbefehle<\/a> in Jugendarrestsachen vollstrecken, denn die Jugendarrestanstalt am Kirchhainer Damm in Lichtenrade wird zu einem Abschiebegewahrsam f\u00fcr Islamisten, f\u00fcr, wie es politisch korrekt hei\u00dft, Gef\u00e4hrder ausgebaut und der Umzug des Jugendarrests in die N\u00e4he der Haftanstalt Pl\u00f6tzensee verz\u00f6gert sich, typisch Berlin, auf unbestimmte Zeit.<\/p>\n<p>Was liegt in Berlin, aber auch nur in Berlin also nahe? Richtig, man verzichtet einfach darauf, jugendliche Straft\u00e4ter \u00fcberhaupt festzusetzen. Da werden sich Kevin, Dennis und Mahmud einen ins F\u00e4ustchen lachen. Nein, Berlin ist keine Resterampe, wie es der bayerische Ministerpr\u00e4sident Markus S\u00f6der behauptet. Berlin ist ein Irrenhaus, das von Kriminellen und Kranken regiert wird.<\/p>\n","protected":false},"excerpt":{"rendered":"<p>Wer bisher geglaubt hat, dass der Karneval immer erst am 11.11. beginnt, der wird in Berlin wieder einmal eines Besseren belehrt. In der Hauptstadt des angewandten Wahnsinns kann der aufmerksame Beobachter des politischen Zeitgeists zwar Uni-Sex Toiletten und gr\u00fcn bemalte &hellip; <a href=\"https:\/\/www.inkultura-online.de\/politisch_unkorrekt\/in-berlin-ist-immer-naerrische-zeit\/\">Weiterlesen <span class=\"meta-nav\">&rarr;<\/span><\/a><\/p>\n","protected":false},"author":1,"featured_media":0,"comment_status":"closed","ping_status":"closed","sticky":false,"template":"","format":"standard","meta":{"footnotes":""},"categories":[4],"tags":[862,216,80,1113],"class_list":["post-1811","post","type-post","status-publish","format-standard","hentry","category-hauptstadtpossen","tag-gefaehrder","tag-hauptstadt-des-angewandten-irrsinns","tag-islamisten","tag-jugendarrest"],"yoast_head":"<!-- This site is optimized with the Yoast SEO plugin v27.5 - https:\/\/yoast.com\/product\/yoast-seo-wordpress\/ -->\n<title>In Berlin ist immer n\u00e4rrische Zeit - Zeitgeist? Frei!<\/title>\n<meta name=\"robots\" content=\"index, follow, max-snippet:-1, max-image-preview:large, max-video-preview:-1\" \/>\n<link rel=\"canonical\" href=\"https:\/\/www.inkultura-online.de\/politisch_unkorrekt\/in-berlin-ist-immer-naerrische-zeit\/\" \/>\n<meta property=\"og:locale\" content=\"de_DE\" \/>\n<meta property=\"og:type\" content=\"article\" \/>\n<meta property=\"og:title\" content=\"In Berlin ist immer n\u00e4rrische Zeit - Zeitgeist? Frei!\" \/>\n<meta property=\"og:description\" content=\"Wer bisher geglaubt hat, dass der Karneval immer erst am 11.11. beginnt, der wird in Berlin wieder einmal eines Besseren belehrt. In der Hauptstadt des angewandten Wahnsinns kann der aufmerksame Beobachter des politischen Zeitgeists zwar Uni-Sex Toiletten und gr\u00fcn bemalte &hellip; Weiterlesen &rarr;\" \/>\n<meta property=\"og:url\" content=\"https:\/\/www.inkultura-online.de\/politisch_unkorrekt\/in-berlin-ist-immer-naerrische-zeit\/\" \/>\n<meta property=\"og:site_name\" content=\"Zeitgeist? Frei!\" \/>\n<meta property=\"article:published_time\" content=\"2018-09-08T06:18:35+00:00\" \/>\n<meta name=\"author\" content=\"Orator\" \/>\n<meta name=\"twitter:label1\" content=\"Verfasst von\" \/>\n\t<meta name=\"twitter:data1\" content=\"Orator\" \/>\n\t<meta name=\"twitter:label2\" content=\"Gesch\u00e4tzte Lesezeit\" \/>\n\t<meta name=\"twitter:data2\" content=\"1\u00a0Minute\" \/>\n<script type=\"application\/ld+json\" class=\"yoast-schema-graph\">{\"@context\":\"https:\\\/\\\/schema.org\",\"@graph\":[{\"@type\":\"Article\",\"@id\":\"https:\\\/\\\/www.inkultura-online.de\\\/politisch_unkorrekt\\\/in-berlin-ist-immer-naerrische-zeit\\\/#article\",\"isPartOf\":{\"@id\":\"https:\\\/\\\/www.inkultura-online.de\\\/politisch_unkorrekt\\\/in-berlin-ist-immer-naerrische-zeit\\\/\"},\"author\":{\"name\":\"Orator\",\"@id\":\"https:\\\/\\\/www.inkultura-online.de\\\/politisch_unkorrekt\\\/#\\\/schema\\\/person\\\/5b30b80e385478896a1de221e1994d86\"},\"headline\":\"In Berlin ist immer n\u00e4rrische Zeit\",\"datePublished\":\"2018-09-08T06:18:35+00:00\",\"mainEntityOfPage\":{\"@id\":\"https:\\\/\\\/www.inkultura-online.de\\\/politisch_unkorrekt\\\/in-berlin-ist-immer-naerrische-zeit\\\/\"},\"wordCount\":218,\"publisher\":{\"@id\":\"https:\\\/\\\/www.inkultura-online.de\\\/politisch_unkorrekt\\\/#\\\/schema\\\/person\\\/5b30b80e385478896a1de221e1994d86\"},\"keywords\":[\"Gef\u00e4hrder\",\"Hauptstadt des angewandten Irrsinns\",\"Islamisten\",\"Jugendarrest\"],\"articleSection\":[\"Hauptstadtpossen\"],\"inLanguage\":\"de\"},{\"@type\":\"WebPage\",\"@id\":\"https:\\\/\\\/www.inkultura-online.de\\\/politisch_unkorrekt\\\/in-berlin-ist-immer-naerrische-zeit\\\/\",\"url\":\"https:\\\/\\\/www.inkultura-online.de\\\/politisch_unkorrekt\\\/in-berlin-ist-immer-naerrische-zeit\\\/\",\"name\":\"In Berlin ist immer n\u00e4rrische Zeit - Zeitgeist? Frei!\",\"isPartOf\":{\"@id\":\"https:\\\/\\\/www.inkultura-online.de\\\/politisch_unkorrekt\\\/#website\"},\"datePublished\":\"2018-09-08T06:18:35+00:00\",\"breadcrumb\":{\"@id\":\"https:\\\/\\\/www.inkultura-online.de\\\/politisch_unkorrekt\\\/in-berlin-ist-immer-naerrische-zeit\\\/#breadcrumb\"},\"inLanguage\":\"de\",\"potentialAction\":[{\"@type\":\"ReadAction\",\"target\":[\"https:\\\/\\\/www.inkultura-online.de\\\/politisch_unkorrekt\\\/in-berlin-ist-immer-naerrische-zeit\\\/\"]}]},{\"@type\":\"BreadcrumbList\",\"@id\":\"https:\\\/\\\/www.inkultura-online.de\\\/politisch_unkorrekt\\\/in-berlin-ist-immer-naerrische-zeit\\\/#breadcrumb\",\"itemListElement\":[{\"@type\":\"ListItem\",\"position\":1,\"name\":\"Home\",\"item\":\"https:\\\/\\\/www.inkultura-online.de\\\/politisch_unkorrekt\\\/\"},{\"@type\":\"ListItem\",\"position\":2,\"name\":\"In Berlin ist immer n\u00e4rrische Zeit\"}]},{\"@type\":\"WebSite\",\"@id\":\"https:\\\/\\\/www.inkultura-online.de\\\/politisch_unkorrekt\\\/#website\",\"url\":\"https:\\\/\\\/www.inkultura-online.de\\\/politisch_unkorrekt\\\/\",\"name\":\"Zeitgeist? Frei!\",\"description\":\"Was Ihr den Geist der Zeiten hei\u00dft...\",\"publisher\":{\"@id\":\"https:\\\/\\\/www.inkultura-online.de\\\/politisch_unkorrekt\\\/#\\\/schema\\\/person\\\/5b30b80e385478896a1de221e1994d86\"},\"potentialAction\":[{\"@type\":\"SearchAction\",\"target\":{\"@type\":\"EntryPoint\",\"urlTemplate\":\"https:\\\/\\\/www.inkultura-online.de\\\/politisch_unkorrekt\\\/?s={search_term_string}\"},\"query-input\":{\"@type\":\"PropertyValueSpecification\",\"valueRequired\":true,\"valueName\":\"search_term_string\"}}],\"inLanguage\":\"de\"},{\"@type\":[\"Person\",\"Organization\"],\"@id\":\"https:\\\/\\\/www.inkultura-online.de\\\/politisch_unkorrekt\\\/#\\\/schema\\\/person\\\/5b30b80e385478896a1de221e1994d86\",\"name\":\"Orator\",\"image\":{\"@type\":\"ImageObject\",\"inLanguage\":\"de\",\"@id\":\"https:\\\/\\\/secure.gravatar.com\\\/avatar\\\/96e03166d31716e9c437060430eb7605c45a8ce6fb6dab483637ca6915dd0844?s=96&d=mm&r=g\",\"url\":\"https:\\\/\\\/secure.gravatar.com\\\/avatar\\\/96e03166d31716e9c437060430eb7605c45a8ce6fb6dab483637ca6915dd0844?s=96&d=mm&r=g\",\"contentUrl\":\"https:\\\/\\\/secure.gravatar.com\\\/avatar\\\/96e03166d31716e9c437060430eb7605c45a8ce6fb6dab483637ca6915dd0844?s=96&d=mm&r=g\",\"caption\":\"Orator\"},\"logo\":{\"@id\":\"https:\\\/\\\/secure.gravatar.com\\\/avatar\\\/96e03166d31716e9c437060430eb7605c45a8ce6fb6dab483637ca6915dd0844?s=96&d=mm&r=g\"},\"url\":\"https:\\\/\\\/www.inkultura-online.de\\\/politisch_unkorrekt\\\/author\\\/1korrektor21-2\\\/\"}]}<\/script>\n<!-- \/ Yoast SEO plugin. -->","yoast_head_json":{"title":"In Berlin ist immer n\u00e4rrische Zeit - Zeitgeist? Frei!","robots":{"index":"index","follow":"follow","max-snippet":"max-snippet:-1","max-image-preview":"max-image-preview:large","max-video-preview":"max-video-preview:-1"},"canonical":"https:\/\/www.inkultura-online.de\/politisch_unkorrekt\/in-berlin-ist-immer-naerrische-zeit\/","og_locale":"de_DE","og_type":"article","og_title":"In Berlin ist immer n\u00e4rrische Zeit - Zeitgeist? Frei!","og_description":"Wer bisher geglaubt hat, dass der Karneval immer erst am 11.11. beginnt, der wird in Berlin wieder einmal eines Besseren belehrt. In der Hauptstadt des angewandten Wahnsinns kann der aufmerksame Beobachter des politischen Zeitgeists zwar Uni-Sex Toiletten und gr\u00fcn bemalte &hellip; Weiterlesen &rarr;","og_url":"https:\/\/www.inkultura-online.de\/politisch_unkorrekt\/in-berlin-ist-immer-naerrische-zeit\/","og_site_name":"Zeitgeist? Frei!","article_published_time":"2018-09-08T06:18:35+00:00","author":"Orator","twitter_misc":{"Verfasst von":"Orator","Gesch\u00e4tzte Lesezeit":"1\u00a0Minute"},"schema":{"@context":"https:\/\/schema.org","@graph":[{"@type":"Article","@id":"https:\/\/www.inkultura-online.de\/politisch_unkorrekt\/in-berlin-ist-immer-naerrische-zeit\/#article","isPartOf":{"@id":"https:\/\/www.inkultura-online.de\/politisch_unkorrekt\/in-berlin-ist-immer-naerrische-zeit\/"},"author":{"name":"Orator","@id":"https:\/\/www.inkultura-online.de\/politisch_unkorrekt\/#\/schema\/person\/5b30b80e385478896a1de221e1994d86"},"headline":"In Berlin ist immer n\u00e4rrische Zeit","datePublished":"2018-09-08T06:18:35+00:00","mainEntityOfPage":{"@id":"https:\/\/www.inkultura-online.de\/politisch_unkorrekt\/in-berlin-ist-immer-naerrische-zeit\/"},"wordCount":218,"publisher":{"@id":"https:\/\/www.inkultura-online.de\/politisch_unkorrekt\/#\/schema\/person\/5b30b80e385478896a1de221e1994d86"},"keywords":["Gef\u00e4hrder","Hauptstadt des angewandten Irrsinns","Islamisten","Jugendarrest"],"articleSection":["Hauptstadtpossen"],"inLanguage":"de"},{"@type":"WebPage","@id":"https:\/\/www.inkultura-online.de\/politisch_unkorrekt\/in-berlin-ist-immer-naerrische-zeit\/","url":"https:\/\/www.inkultura-online.de\/politisch_unkorrekt\/in-berlin-ist-immer-naerrische-zeit\/","name":"In Berlin ist immer n\u00e4rrische Zeit - Zeitgeist? Frei!","isPartOf":{"@id":"https:\/\/www.inkultura-online.de\/politisch_unkorrekt\/#website"},"datePublished":"2018-09-08T06:18:35+00:00","breadcrumb":{"@id":"https:\/\/www.inkultura-online.de\/politisch_unkorrekt\/in-berlin-ist-immer-naerrische-zeit\/#breadcrumb"},"inLanguage":"de","potentialAction":[{"@type":"ReadAction","target":["https:\/\/www.inkultura-online.de\/politisch_unkorrekt\/in-berlin-ist-immer-naerrische-zeit\/"]}]},{"@type":"BreadcrumbList","@id":"https:\/\/www.inkultura-online.de\/politisch_unkorrekt\/in-berlin-ist-immer-naerrische-zeit\/#breadcrumb","itemListElement":[{"@type":"ListItem","position":1,"name":"Home","item":"https:\/\/www.inkultura-online.de\/politisch_unkorrekt\/"},{"@type":"ListItem","position":2,"name":"In Berlin ist immer n\u00e4rrische Zeit"}]},{"@type":"WebSite","@id":"https:\/\/www.inkultura-online.de\/politisch_unkorrekt\/#website","url":"https:\/\/www.inkultura-online.de\/politisch_unkorrekt\/","name":"Zeitgeist? Frei!","description":"Was Ihr den Geist der Zeiten hei\u00dft...","publisher":{"@id":"https:\/\/www.inkultura-online.de\/politisch_unkorrekt\/#\/schema\/person\/5b30b80e385478896a1de221e1994d86"},"potentialAction":[{"@type":"SearchAction","target":{"@type":"EntryPoint","urlTemplate":"https:\/\/www.inkultura-online.de\/politisch_unkorrekt\/?s={search_term_string}"},"query-input":{"@type":"PropertyValueSpecification","valueRequired":true,"valueName":"search_term_string"}}],"inLanguage":"de"},{"@type":["Person","Organization"],"@id":"https:\/\/www.inkultura-online.de\/politisch_unkorrekt\/#\/schema\/person\/5b30b80e385478896a1de221e1994d86","name":"Orator","image":{"@type":"ImageObject","inLanguage":"de","@id":"https:\/\/secure.gravatar.com\/avatar\/96e03166d31716e9c437060430eb7605c45a8ce6fb6dab483637ca6915dd0844?s=96&d=mm&r=g","url":"https:\/\/secure.gravatar.com\/avatar\/96e03166d31716e9c437060430eb7605c45a8ce6fb6dab483637ca6915dd0844?s=96&d=mm&r=g","contentUrl":"https:\/\/secure.gravatar.com\/avatar\/96e03166d31716e9c437060430eb7605c45a8ce6fb6dab483637ca6915dd0844?s=96&d=mm&r=g","caption":"Orator"},"logo":{"@id":"https:\/\/secure.gravatar.com\/avatar\/96e03166d31716e9c437060430eb7605c45a8ce6fb6dab483637ca6915dd0844?s=96&d=mm&r=g"},"url":"https:\/\/www.inkultura-online.de\/politisch_unkorrekt\/author\/1korrektor21-2\/"}]}},"_links":{"self":[{"href":"https:\/\/www.inkultura-online.de\/politisch_unkorrekt\/wp-json\/wp\/v2\/posts\/1811","targetHints":{"allow":["GET"]}}],"collection":[{"href":"https:\/\/www.inkultura-online.de\/politisch_unkorrekt\/wp-json\/wp\/v2\/posts"}],"about":[{"href":"https:\/\/www.inkultura-online.de\/politisch_unkorrekt\/wp-json\/wp\/v2\/types\/post"}],"author":[{"embeddable":true,"href":"https:\/\/www.inkultura-online.de\/politisch_unkorrekt\/wp-json\/wp\/v2\/users\/1"}],"replies":[{"embeddable":true,"href":"https:\/\/www.inkultura-online.de\/politisch_unkorrekt\/wp-json\/wp\/v2\/comments?post=1811"}],"version-history":[{"count":1,"href":"https:\/\/www.inkultura-online.de\/politisch_unkorrekt\/wp-json\/wp\/v2\/posts\/1811\/revisions"}],"predecessor-version":[{"id":1812,"href":"https:\/\/www.inkultura-online.de\/politisch_unkorrekt\/wp-json\/wp\/v2\/posts\/1811\/revisions\/1812"}],"wp:attachment":[{"href":"https:\/\/www.inkultura-online.de\/politisch_unkorrekt\/wp-json\/wp\/v2\/media?parent=1811"}],"wp:term":[{"taxonomy":"category","embeddable":true,"href":"https:\/\/www.inkultura-online.de\/politisch_unkorrekt\/wp-json\/wp\/v2\/categories?post=1811"},{"taxonomy":"post_tag","embeddable":true,"href":"https:\/\/www.inkultura-online.de\/politisch_unkorrekt\/wp-json\/wp\/v2\/tags?post=1811"}],"curies":[{"name":"wp","href":"https:\/\/api.w.org\/{rel}","templated":true}]}}