{"id":1843,"date":"2018-11-23T17:32:42","date_gmt":"2018-11-23T15:32:42","guid":{"rendered":"http:\/\/www.inkultura-online.de\/politisch_unkorrekt\/?p=1843"},"modified":"2018-11-23T17:35:34","modified_gmt":"2018-11-23T15:35:34","slug":"der-volksaustausch-nimmt-fahrt-auf","status":"publish","type":"post","link":"https:\/\/www.inkultura-online.de\/politisch_unkorrekt\/der-volksaustausch-nimmt-fahrt-auf\/","title":{"rendered":"Der Volksaustausch nimmt Fahrt auf"},"content":{"rendered":"<p>In Berlin, bekanntlich die Hauptstadt des angewandten Irrsinns, kann man einen Blick in die Zukunft werfen, der nicht dazu angetan ist, nur mit einem Achselzucken dar\u00fcber hinwegzusehen. So sind <a href=\"https:\/\/www.tagesspiegel.de\/berlin\/schulen-in-berlin-kaum-deutsche-muttersprachler-an-berlins-brennpunktschulen\/23670908.html\" target=\"_blank\" rel=\"noopener\">an einigen Schulen<\/a> der Bezirke Neuk\u00f6lln und Mitte, die linksrotgr\u00fcnen Gesellschaftsingenieure sprechen bevorzugt von &#8222;Brennpunktschulen&#8220;, deutsche Muttersprachler, also Autochthone, in der Unterzahl oder gar nicht mehr vorhanden. Wie hie\u00df doch gleich der Autor, der in seinem Buch, das die Kanzlerin ungelesen als &#8222;nicht hilfreich&#8220; bezeichnete, die Abschaffung Deutschlands prognostizierte?<\/p>\n<p>&nbsp;<\/p>\n","protected":false},"excerpt":{"rendered":"<p>In Berlin, bekanntlich die Hauptstadt des angewandten Irrsinns, kann man einen Blick in die Zukunft werfen, der nicht dazu angetan ist, nur mit einem Achselzucken dar\u00fcber hinwegzusehen. So sind an einigen Schulen der Bezirke Neuk\u00f6lln und Mitte, die linksrotgr\u00fcnen Gesellschaftsingenieure &hellip; <a href=\"https:\/\/www.inkultura-online.de\/politisch_unkorrekt\/der-volksaustausch-nimmt-fahrt-auf\/\">Weiterlesen <span class=\"meta-nav\">&rarr;<\/span><\/a><\/p>\n","protected":false},"author":1,"featured_media":0,"comment_status":"closed","ping_status":"closed","sticky":false,"template":"","format":"standard","meta":{"footnotes":""},"categories":[378,1,4,146,10],"tags":[81,22,1137,1136,156,225],"class_list":["post-1843","post","type-post","status-publish","format-standard","hentry","category-denunzianten","category-fundstuecke","category-hauptstadtpossen","category-keine-islamisierung","category-systemfehler","tag-merkel","tag-muslime","tag-parallelgesellschft","tag-sarrazin","tag-volksaustausch","tag-volksverraeter"],"yoast_head":"<!-- This site is optimized with the Yoast SEO plugin v27.5 - https:\/\/yoast.com\/product\/yoast-seo-wordpress\/ -->\n<title>Der Volksaustausch nimmt Fahrt auf - Zeitgeist? Frei!<\/title>\n<meta name=\"robots\" content=\"index, follow, max-snippet:-1, max-image-preview:large, max-video-preview:-1\" \/>\n<link rel=\"canonical\" href=\"https:\/\/www.inkultura-online.de\/politisch_unkorrekt\/der-volksaustausch-nimmt-fahrt-auf\/\" \/>\n<meta property=\"og:locale\" content=\"de_DE\" \/>\n<meta property=\"og:type\" content=\"article\" \/>\n<meta property=\"og:title\" content=\"Der Volksaustausch nimmt Fahrt auf - Zeitgeist? Frei!\" \/>\n<meta property=\"og:description\" content=\"In Berlin, bekanntlich die Hauptstadt des angewandten Irrsinns, kann man einen Blick in die Zukunft werfen, der nicht dazu angetan ist, nur mit einem Achselzucken dar\u00fcber hinwegzusehen. So sind an einigen Schulen der Bezirke Neuk\u00f6lln und Mitte, die linksrotgr\u00fcnen Gesellschaftsingenieure &hellip; Weiterlesen &rarr;\" \/>\n<meta property=\"og:url\" content=\"https:\/\/www.inkultura-online.de\/politisch_unkorrekt\/der-volksaustausch-nimmt-fahrt-auf\/\" \/>\n<meta property=\"og:site_name\" content=\"Zeitgeist? Frei!\" \/>\n<meta property=\"article:published_time\" content=\"2018-11-23T15:32:42+00:00\" \/>\n<meta property=\"article:modified_time\" content=\"2018-11-23T15:35:34+00:00\" \/>\n<meta name=\"author\" content=\"Orator\" \/>\n<meta name=\"twitter:label1\" content=\"Verfasst von\" \/>\n\t<meta name=\"twitter:data1\" content=\"Orator\" \/>\n<script type=\"application\/ld+json\" class=\"yoast-schema-graph\">{\"@context\":\"https:\\\/\\\/schema.org\",\"@graph\":[{\"@type\":\"Article\",\"@id\":\"https:\\\/\\\/www.inkultura-online.de\\\/politisch_unkorrekt\\\/der-volksaustausch-nimmt-fahrt-auf\\\/#article\",\"isPartOf\":{\"@id\":\"https:\\\/\\\/www.inkultura-online.de\\\/politisch_unkorrekt\\\/der-volksaustausch-nimmt-fahrt-auf\\\/\"},\"author\":{\"name\":\"Orator\",\"@id\":\"https:\\\/\\\/www.inkultura-online.de\\\/politisch_unkorrekt\\\/#\\\/schema\\\/person\\\/5b30b80e385478896a1de221e1994d86\"},\"headline\":\"Der Volksaustausch nimmt Fahrt auf\",\"datePublished\":\"2018-11-23T15:32:42+00:00\",\"dateModified\":\"2018-11-23T15:35:34+00:00\",\"mainEntityOfPage\":{\"@id\":\"https:\\\/\\\/www.inkultura-online.de\\\/politisch_unkorrekt\\\/der-volksaustausch-nimmt-fahrt-auf\\\/\"},\"wordCount\":87,\"publisher\":{\"@id\":\"https:\\\/\\\/www.inkultura-online.de\\\/politisch_unkorrekt\\\/#\\\/schema\\\/person\\\/5b30b80e385478896a1de221e1994d86\"},\"keywords\":[\"Merkel\",\"Muslime\",\"Parallelgesellschft\",\"Sarrazin\",\"Volksaustausch\",\"Volksverr\u00e4ter\"],\"articleSection\":[\"Denunzianten und Volksverr\u00e4ter\",\"Fundst\u00fccke\",\"Hauptstadtpossen\",\"Keine Islamisierung?\",\"Systemfehler\"],\"inLanguage\":\"de\"},{\"@type\":\"WebPage\",\"@id\":\"https:\\\/\\\/www.inkultura-online.de\\\/politisch_unkorrekt\\\/der-volksaustausch-nimmt-fahrt-auf\\\/\",\"url\":\"https:\\\/\\\/www.inkultura-online.de\\\/politisch_unkorrekt\\\/der-volksaustausch-nimmt-fahrt-auf\\\/\",\"name\":\"Der Volksaustausch nimmt Fahrt auf - Zeitgeist? Frei!\",\"isPartOf\":{\"@id\":\"https:\\\/\\\/www.inkultura-online.de\\\/politisch_unkorrekt\\\/#website\"},\"datePublished\":\"2018-11-23T15:32:42+00:00\",\"dateModified\":\"2018-11-23T15:35:34+00:00\",\"breadcrumb\":{\"@id\":\"https:\\\/\\\/www.inkultura-online.de\\\/politisch_unkorrekt\\\/der-volksaustausch-nimmt-fahrt-auf\\\/#breadcrumb\"},\"inLanguage\":\"de\",\"potentialAction\":[{\"@type\":\"ReadAction\",\"target\":[\"https:\\\/\\\/www.inkultura-online.de\\\/politisch_unkorrekt\\\/der-volksaustausch-nimmt-fahrt-auf\\\/\"]}]},{\"@type\":\"BreadcrumbList\",\"@id\":\"https:\\\/\\\/www.inkultura-online.de\\\/politisch_unkorrekt\\\/der-volksaustausch-nimmt-fahrt-auf\\\/#breadcrumb\",\"itemListElement\":[{\"@type\":\"ListItem\",\"position\":1,\"name\":\"Home\",\"item\":\"https:\\\/\\\/www.inkultura-online.de\\\/politisch_unkorrekt\\\/\"},{\"@type\":\"ListItem\",\"position\":2,\"name\":\"Der Volksaustausch nimmt Fahrt auf\"}]},{\"@type\":\"WebSite\",\"@id\":\"https:\\\/\\\/www.inkultura-online.de\\\/politisch_unkorrekt\\\/#website\",\"url\":\"https:\\\/\\\/www.inkultura-online.de\\\/politisch_unkorrekt\\\/\",\"name\":\"Zeitgeist? Frei!\",\"description\":\"Was Ihr den Geist der Zeiten hei\u00dft...\",\"publisher\":{\"@id\":\"https:\\\/\\\/www.inkultura-online.de\\\/politisch_unkorrekt\\\/#\\\/schema\\\/person\\\/5b30b80e385478896a1de221e1994d86\"},\"potentialAction\":[{\"@type\":\"SearchAction\",\"target\":{\"@type\":\"EntryPoint\",\"urlTemplate\":\"https:\\\/\\\/www.inkultura-online.de\\\/politisch_unkorrekt\\\/?s={search_term_string}\"},\"query-input\":{\"@type\":\"PropertyValueSpecification\",\"valueRequired\":true,\"valueName\":\"search_term_string\"}}],\"inLanguage\":\"de\"},{\"@type\":[\"Person\",\"Organization\"],\"@id\":\"https:\\\/\\\/www.inkultura-online.de\\\/politisch_unkorrekt\\\/#\\\/schema\\\/person\\\/5b30b80e385478896a1de221e1994d86\",\"name\":\"Orator\",\"image\":{\"@type\":\"ImageObject\",\"inLanguage\":\"de\",\"@id\":\"https:\\\/\\\/secure.gravatar.com\\\/avatar\\\/96e03166d31716e9c437060430eb7605c45a8ce6fb6dab483637ca6915dd0844?s=96&d=mm&r=g\",\"url\":\"https:\\\/\\\/secure.gravatar.com\\\/avatar\\\/96e03166d31716e9c437060430eb7605c45a8ce6fb6dab483637ca6915dd0844?s=96&d=mm&r=g\",\"contentUrl\":\"https:\\\/\\\/secure.gravatar.com\\\/avatar\\\/96e03166d31716e9c437060430eb7605c45a8ce6fb6dab483637ca6915dd0844?s=96&d=mm&r=g\",\"caption\":\"Orator\"},\"logo\":{\"@id\":\"https:\\\/\\\/secure.gravatar.com\\\/avatar\\\/96e03166d31716e9c437060430eb7605c45a8ce6fb6dab483637ca6915dd0844?s=96&d=mm&r=g\"},\"url\":\"https:\\\/\\\/www.inkultura-online.de\\\/politisch_unkorrekt\\\/author\\\/1korrektor21-2\\\/\"}]}<\/script>\n<!-- \/ Yoast SEO plugin. -->","yoast_head_json":{"title":"Der Volksaustausch nimmt Fahrt auf - Zeitgeist? Frei!","robots":{"index":"index","follow":"follow","max-snippet":"max-snippet:-1","max-image-preview":"max-image-preview:large","max-video-preview":"max-video-preview:-1"},"canonical":"https:\/\/www.inkultura-online.de\/politisch_unkorrekt\/der-volksaustausch-nimmt-fahrt-auf\/","og_locale":"de_DE","og_type":"article","og_title":"Der Volksaustausch nimmt Fahrt auf - Zeitgeist? Frei!","og_description":"In Berlin, bekanntlich die Hauptstadt des angewandten Irrsinns, kann man einen Blick in die Zukunft werfen, der nicht dazu angetan ist, nur mit einem Achselzucken dar\u00fcber hinwegzusehen. So sind an einigen Schulen der Bezirke Neuk\u00f6lln und Mitte, die linksrotgr\u00fcnen Gesellschaftsingenieure &hellip; Weiterlesen &rarr;","og_url":"https:\/\/www.inkultura-online.de\/politisch_unkorrekt\/der-volksaustausch-nimmt-fahrt-auf\/","og_site_name":"Zeitgeist? Frei!","article_published_time":"2018-11-23T15:32:42+00:00","article_modified_time":"2018-11-23T15:35:34+00:00","author":"Orator","twitter_misc":{"Verfasst von":"Orator"},"schema":{"@context":"https:\/\/schema.org","@graph":[{"@type":"Article","@id":"https:\/\/www.inkultura-online.de\/politisch_unkorrekt\/der-volksaustausch-nimmt-fahrt-auf\/#article","isPartOf":{"@id":"https:\/\/www.inkultura-online.de\/politisch_unkorrekt\/der-volksaustausch-nimmt-fahrt-auf\/"},"author":{"name":"Orator","@id":"https:\/\/www.inkultura-online.de\/politisch_unkorrekt\/#\/schema\/person\/5b30b80e385478896a1de221e1994d86"},"headline":"Der Volksaustausch nimmt Fahrt auf","datePublished":"2018-11-23T15:32:42+00:00","dateModified":"2018-11-23T15:35:34+00:00","mainEntityOfPage":{"@id":"https:\/\/www.inkultura-online.de\/politisch_unkorrekt\/der-volksaustausch-nimmt-fahrt-auf\/"},"wordCount":87,"publisher":{"@id":"https:\/\/www.inkultura-online.de\/politisch_unkorrekt\/#\/schema\/person\/5b30b80e385478896a1de221e1994d86"},"keywords":["Merkel","Muslime","Parallelgesellschft","Sarrazin","Volksaustausch","Volksverr\u00e4ter"],"articleSection":["Denunzianten und Volksverr\u00e4ter","Fundst\u00fccke","Hauptstadtpossen","Keine Islamisierung?","Systemfehler"],"inLanguage":"de"},{"@type":"WebPage","@id":"https:\/\/www.inkultura-online.de\/politisch_unkorrekt\/der-volksaustausch-nimmt-fahrt-auf\/","url":"https:\/\/www.inkultura-online.de\/politisch_unkorrekt\/der-volksaustausch-nimmt-fahrt-auf\/","name":"Der Volksaustausch nimmt Fahrt auf - Zeitgeist? Frei!","isPartOf":{"@id":"https:\/\/www.inkultura-online.de\/politisch_unkorrekt\/#website"},"datePublished":"2018-11-23T15:32:42+00:00","dateModified":"2018-11-23T15:35:34+00:00","breadcrumb":{"@id":"https:\/\/www.inkultura-online.de\/politisch_unkorrekt\/der-volksaustausch-nimmt-fahrt-auf\/#breadcrumb"},"inLanguage":"de","potentialAction":[{"@type":"ReadAction","target":["https:\/\/www.inkultura-online.de\/politisch_unkorrekt\/der-volksaustausch-nimmt-fahrt-auf\/"]}]},{"@type":"BreadcrumbList","@id":"https:\/\/www.inkultura-online.de\/politisch_unkorrekt\/der-volksaustausch-nimmt-fahrt-auf\/#breadcrumb","itemListElement":[{"@type":"ListItem","position":1,"name":"Home","item":"https:\/\/www.inkultura-online.de\/politisch_unkorrekt\/"},{"@type":"ListItem","position":2,"name":"Der Volksaustausch nimmt Fahrt auf"}]},{"@type":"WebSite","@id":"https:\/\/www.inkultura-online.de\/politisch_unkorrekt\/#website","url":"https:\/\/www.inkultura-online.de\/politisch_unkorrekt\/","name":"Zeitgeist? Frei!","description":"Was Ihr den Geist der Zeiten hei\u00dft...","publisher":{"@id":"https:\/\/www.inkultura-online.de\/politisch_unkorrekt\/#\/schema\/person\/5b30b80e385478896a1de221e1994d86"},"potentialAction":[{"@type":"SearchAction","target":{"@type":"EntryPoint","urlTemplate":"https:\/\/www.inkultura-online.de\/politisch_unkorrekt\/?s={search_term_string}"},"query-input":{"@type":"PropertyValueSpecification","valueRequired":true,"valueName":"search_term_string"}}],"inLanguage":"de"},{"@type":["Person","Organization"],"@id":"https:\/\/www.inkultura-online.de\/politisch_unkorrekt\/#\/schema\/person\/5b30b80e385478896a1de221e1994d86","name":"Orator","image":{"@type":"ImageObject","inLanguage":"de","@id":"https:\/\/secure.gravatar.com\/avatar\/96e03166d31716e9c437060430eb7605c45a8ce6fb6dab483637ca6915dd0844?s=96&d=mm&r=g","url":"https:\/\/secure.gravatar.com\/avatar\/96e03166d31716e9c437060430eb7605c45a8ce6fb6dab483637ca6915dd0844?s=96&d=mm&r=g","contentUrl":"https:\/\/secure.gravatar.com\/avatar\/96e03166d31716e9c437060430eb7605c45a8ce6fb6dab483637ca6915dd0844?s=96&d=mm&r=g","caption":"Orator"},"logo":{"@id":"https:\/\/secure.gravatar.com\/avatar\/96e03166d31716e9c437060430eb7605c45a8ce6fb6dab483637ca6915dd0844?s=96&d=mm&r=g"},"url":"https:\/\/www.inkultura-online.de\/politisch_unkorrekt\/author\/1korrektor21-2\/"}]}},"_links":{"self":[{"href":"https:\/\/www.inkultura-online.de\/politisch_unkorrekt\/wp-json\/wp\/v2\/posts\/1843","targetHints":{"allow":["GET"]}}],"collection":[{"href":"https:\/\/www.inkultura-online.de\/politisch_unkorrekt\/wp-json\/wp\/v2\/posts"}],"about":[{"href":"https:\/\/www.inkultura-online.de\/politisch_unkorrekt\/wp-json\/wp\/v2\/types\/post"}],"author":[{"embeddable":true,"href":"https:\/\/www.inkultura-online.de\/politisch_unkorrekt\/wp-json\/wp\/v2\/users\/1"}],"replies":[{"embeddable":true,"href":"https:\/\/www.inkultura-online.de\/politisch_unkorrekt\/wp-json\/wp\/v2\/comments?post=1843"}],"version-history":[{"count":1,"href":"https:\/\/www.inkultura-online.de\/politisch_unkorrekt\/wp-json\/wp\/v2\/posts\/1843\/revisions"}],"predecessor-version":[{"id":1844,"href":"https:\/\/www.inkultura-online.de\/politisch_unkorrekt\/wp-json\/wp\/v2\/posts\/1843\/revisions\/1844"}],"wp:attachment":[{"href":"https:\/\/www.inkultura-online.de\/politisch_unkorrekt\/wp-json\/wp\/v2\/media?parent=1843"}],"wp:term":[{"taxonomy":"category","embeddable":true,"href":"https:\/\/www.inkultura-online.de\/politisch_unkorrekt\/wp-json\/wp\/v2\/categories?post=1843"},{"taxonomy":"post_tag","embeddable":true,"href":"https:\/\/www.inkultura-online.de\/politisch_unkorrekt\/wp-json\/wp\/v2\/tags?post=1843"}],"curies":[{"name":"wp","href":"https:\/\/api.w.org\/{rel}","templated":true}]}}