{"id":1854,"date":"2018-12-01T10:59:40","date_gmt":"2018-12-01T08:59:40","guid":{"rendered":"http:\/\/www.inkultura-online.de\/politisch_unkorrekt\/?p=1854"},"modified":"2018-12-01T10:59:40","modified_gmt":"2018-12-01T08:59:40","slug":"es-geht-um-die-wurst","status":"publish","type":"post","link":"https:\/\/www.inkultura-online.de\/politisch_unkorrekt\/es-geht-um-die-wurst\/","title":{"rendered":"Es geht um die Wurst"},"content":{"rendered":"<p>Gl\u00fccklich ein Land, das keine gravierenden Probleme hat; keine marode Infrastruktur; gesperrte, weil vom Einsturz bedrohte Br\u00fccken; keine mit Schlagl\u00f6chern \u00fcbers\u00e4ten Stra\u00dfen; keine Schulen, in denen die Toiletten zum Himmel stinken; keine Altersarmut, die Menschen nach \u00fcber vierzig Jahren Berufst\u00e4tigkeit dazu zwingt, in den M\u00fclleimern der Republik nach Pfandflaschen zu suchen; keine zunehmende Gewaltkriminalit\u00e4t, ver\u00fcbt von Menschen, die \u201enoch nicht so lange hier leben\u201c; keine arabisch-libanesische Clankriminalit\u00e4t, die sich l\u00e4ngst als neue Herrschaftsform in bestimmten Gebieten, linksrotgr\u00fcne Gesellschaftsingenieure sprechen bevorzugt von \u201esozialen Brennpunkten\u201c, die jedoch l\u00e4ngst keine punktuelle Ausdehnung mehr haben, sondern fl\u00e4chendeckend vorhanden sind, etabliert hat. Diese Aufz\u00e4hlung lie\u00dfe sich beliebig fortf\u00fchren, scheint doch Deutschland, unsere Heimat, sich im Zustand des unaufhaltsamen Verfalls zu befinden.<!--more--><\/p>\n<p>Da tut es gut, ja es geht einem f\u00f6rmlich das Herz auf, wenn man als mediale Schlagzeile die Aufregung \u00fcber eine Wurst, eine <a href=\"https:\/\/www.tagesspiegel.de\/politik\/schweinefleisch-am-buffet-seehofer-serviert-blutwurst-bei-islamkonferenz\/23703210.html\" target=\"_blank\" rel=\"noopener\">Blutwurst<\/a>, zur Kenntnis nehmen darf. Endlich, so ist man versucht zu sagen, hat wieder ein Aufreger der besonderen Klasse seinen Weg in die Gazetten der ver\u00f6ffentlichenden Meinungen gefunden.<\/p>\n<p>Was ist geschehen, dass eine \u201eSchlacht am kalten Buffet\u201c sich zu einem veritablen Skandal, zumindest f\u00fcr die Qualit\u00e4tsbl\u00e4tter der Republik, entwickelt hat? Bei der aktuell letzten Bitte um Frieden an die Adresse muslimischer Landnehmer, offiziell und von h\u00f6chster Stelle als 4. Deutsche Islam-Konferenz euphemisiert, wurde beim anschlie\u00dfenden Fressgelage Blutwurst, ausgerechnet BLUTWURST als eine von 13 verschiedenen Speisen angeboten.<\/p>\n<p>Gro\u00df die Aufregung, denn wie wir alle wissen, ist Schweinefleisch f\u00fcr Moslems absolut haram. Da gibt es nicht dran zu r\u00fctteln. Wie also konnte Hotte Seehofer, immerhin der Gastgeber der Kapitulationsrunde, seinen islamischen Befehlshabern nur solch eine Schmach, solch eine Beleidigung, solche einen ignoranten Versto\u00df gegen islamische Speiseverbote zumuten? Ist der Horst etwas so senil, wie es bei jedem seiner Interviews den Eindruck erweckt? Hat der Mann keine Betreuer, die ihn sicher \u00fcber das glatte Parkett der Friedensverhandlung h\u00e4tten leiten k\u00f6nnen? Oder war es gar ein minuti\u00f6s geplanter Affront, eine kleine Rache des Besiegten an den baldigen Machthabern?<\/p>\n<p>Als Innenminister ist Horst Seehofer eine Katastrophe auf zwei Beinen und, wie man jetzt gesehen hat, als Gastgeber ein Versager. Hoffentlich hat sein Nachfolger im Amt und als Ausrichter der n\u00e4chsten Kapitulationsverhandlungen ein besseres Gesp\u00fcr daf\u00fcr, dass, wenn schon Muslime bei der Party dabei sind, alle anderen G\u00e4ste ebenfalls Speisen zu sich nehmen m\u00fcssen, die haram sind, deren Verzehr vom Koran erlaubt ist.<\/p>\n<p>F\u00fcr den aufmerksamen Beobachter des politischen Zeitgeistes ist dieser \u201eSkandal\u201c, der eigentlich gar keiner ist, nur ein weiterer Beweis daf\u00fcr, wie weit die Unterwerfung gegen\u00fcber dem Islam bereits fortgeschritten ist.<\/p>\n","protected":false},"excerpt":{"rendered":"<p>Gl\u00fccklich ein Land, das keine gravierenden Probleme hat; keine marode Infrastruktur; gesperrte, weil vom Einsturz bedrohte Br\u00fccken; keine mit Schlagl\u00f6chern \u00fcbers\u00e4ten Stra\u00dfen; keine Schulen, in denen die Toiletten zum Himmel stinken; keine Altersarmut, die Menschen nach \u00fcber vierzig Jahren Berufst\u00e4tigkeit &hellip; <a href=\"https:\/\/www.inkultura-online.de\/politisch_unkorrekt\/es-geht-um-die-wurst\/\">Weiterlesen <span class=\"meta-nav\">&rarr;<\/span><\/a><\/p>\n","protected":false},"author":1,"featured_media":0,"comment_status":"closed","ping_status":"closed","sticky":false,"template":"","format":"standard","meta":{"footnotes":""},"categories":[2,1,444,4,146,30],"tags":[1142,1144,1143,252],"class_list":["post-1854","post","type-post","status-publish","format-standard","hentry","category-antipathie","category-fundstuecke","category-gedanken-zum-tag","category-hauptstadtpossen","category-keine-islamisierung","category-so-siehts-aus","tag-blutwurst","tag-friedensverhandlungen","tag-islam-konferenz","tag-unterwerfung"],"yoast_head":"<!-- This site is optimized with the Yoast SEO plugin v27.5 - https:\/\/yoast.com\/product\/yoast-seo-wordpress\/ -->\n<title>Es geht um die Wurst - Zeitgeist? Frei!<\/title>\n<meta name=\"robots\" content=\"index, follow, max-snippet:-1, max-image-preview:large, max-video-preview:-1\" \/>\n<link rel=\"canonical\" href=\"https:\/\/www.inkultura-online.de\/politisch_unkorrekt\/es-geht-um-die-wurst\/\" \/>\n<meta property=\"og:locale\" content=\"de_DE\" \/>\n<meta property=\"og:type\" content=\"article\" \/>\n<meta property=\"og:title\" content=\"Es geht um die Wurst - Zeitgeist? Frei!\" \/>\n<meta property=\"og:description\" content=\"Gl\u00fccklich ein Land, das keine gravierenden Probleme hat; keine marode Infrastruktur; gesperrte, weil vom Einsturz bedrohte Br\u00fccken; keine mit Schlagl\u00f6chern \u00fcbers\u00e4ten Stra\u00dfen; keine Schulen, in denen die Toiletten zum Himmel stinken; keine Altersarmut, die Menschen nach \u00fcber vierzig Jahren Berufst\u00e4tigkeit &hellip; Weiterlesen &rarr;\" \/>\n<meta property=\"og:url\" content=\"https:\/\/www.inkultura-online.de\/politisch_unkorrekt\/es-geht-um-die-wurst\/\" \/>\n<meta property=\"og:site_name\" content=\"Zeitgeist? Frei!\" \/>\n<meta property=\"article:published_time\" content=\"2018-12-01T08:59:40+00:00\" \/>\n<meta name=\"author\" content=\"Orator\" \/>\n<meta name=\"twitter:label1\" content=\"Verfasst von\" \/>\n\t<meta name=\"twitter:data1\" content=\"Orator\" \/>\n\t<meta name=\"twitter:label2\" content=\"Gesch\u00e4tzte Lesezeit\" \/>\n\t<meta name=\"twitter:data2\" content=\"2\u00a0Minuten\" \/>\n<script type=\"application\/ld+json\" class=\"yoast-schema-graph\">{\"@context\":\"https:\\\/\\\/schema.org\",\"@graph\":[{\"@type\":\"Article\",\"@id\":\"https:\\\/\\\/www.inkultura-online.de\\\/politisch_unkorrekt\\\/es-geht-um-die-wurst\\\/#article\",\"isPartOf\":{\"@id\":\"https:\\\/\\\/www.inkultura-online.de\\\/politisch_unkorrekt\\\/es-geht-um-die-wurst\\\/\"},\"author\":{\"name\":\"Orator\",\"@id\":\"https:\\\/\\\/www.inkultura-online.de\\\/politisch_unkorrekt\\\/#\\\/schema\\\/person\\\/5b30b80e385478896a1de221e1994d86\"},\"headline\":\"Es geht um die Wurst\",\"datePublished\":\"2018-12-01T08:59:40+00:00\",\"mainEntityOfPage\":{\"@id\":\"https:\\\/\\\/www.inkultura-online.de\\\/politisch_unkorrekt\\\/es-geht-um-die-wurst\\\/\"},\"wordCount\":456,\"publisher\":{\"@id\":\"https:\\\/\\\/www.inkultura-online.de\\\/politisch_unkorrekt\\\/#\\\/schema\\\/person\\\/5b30b80e385478896a1de221e1994d86\"},\"keywords\":[\"Blutwurst\",\"Friedensverhandlungen\",\"Islam-Konferenz\",\"Unterwerfung\"],\"articleSection\":[\"Antipathie\",\"Fundst\u00fccke\",\"Gedanken zum Tag\",\"Hauptstadtpossen\",\"Keine Islamisierung?\",\"So sieht\u00b4s aus\"],\"inLanguage\":\"de\"},{\"@type\":\"WebPage\",\"@id\":\"https:\\\/\\\/www.inkultura-online.de\\\/politisch_unkorrekt\\\/es-geht-um-die-wurst\\\/\",\"url\":\"https:\\\/\\\/www.inkultura-online.de\\\/politisch_unkorrekt\\\/es-geht-um-die-wurst\\\/\",\"name\":\"Es geht um die Wurst - Zeitgeist? Frei!\",\"isPartOf\":{\"@id\":\"https:\\\/\\\/www.inkultura-online.de\\\/politisch_unkorrekt\\\/#website\"},\"datePublished\":\"2018-12-01T08:59:40+00:00\",\"breadcrumb\":{\"@id\":\"https:\\\/\\\/www.inkultura-online.de\\\/politisch_unkorrekt\\\/es-geht-um-die-wurst\\\/#breadcrumb\"},\"inLanguage\":\"de\",\"potentialAction\":[{\"@type\":\"ReadAction\",\"target\":[\"https:\\\/\\\/www.inkultura-online.de\\\/politisch_unkorrekt\\\/es-geht-um-die-wurst\\\/\"]}]},{\"@type\":\"BreadcrumbList\",\"@id\":\"https:\\\/\\\/www.inkultura-online.de\\\/politisch_unkorrekt\\\/es-geht-um-die-wurst\\\/#breadcrumb\",\"itemListElement\":[{\"@type\":\"ListItem\",\"position\":1,\"name\":\"Home\",\"item\":\"https:\\\/\\\/www.inkultura-online.de\\\/politisch_unkorrekt\\\/\"},{\"@type\":\"ListItem\",\"position\":2,\"name\":\"Es geht um die Wurst\"}]},{\"@type\":\"WebSite\",\"@id\":\"https:\\\/\\\/www.inkultura-online.de\\\/politisch_unkorrekt\\\/#website\",\"url\":\"https:\\\/\\\/www.inkultura-online.de\\\/politisch_unkorrekt\\\/\",\"name\":\"Zeitgeist? Frei!\",\"description\":\"Was Ihr den Geist der Zeiten hei\u00dft...\",\"publisher\":{\"@id\":\"https:\\\/\\\/www.inkultura-online.de\\\/politisch_unkorrekt\\\/#\\\/schema\\\/person\\\/5b30b80e385478896a1de221e1994d86\"},\"potentialAction\":[{\"@type\":\"SearchAction\",\"target\":{\"@type\":\"EntryPoint\",\"urlTemplate\":\"https:\\\/\\\/www.inkultura-online.de\\\/politisch_unkorrekt\\\/?s={search_term_string}\"},\"query-input\":{\"@type\":\"PropertyValueSpecification\",\"valueRequired\":true,\"valueName\":\"search_term_string\"}}],\"inLanguage\":\"de\"},{\"@type\":[\"Person\",\"Organization\"],\"@id\":\"https:\\\/\\\/www.inkultura-online.de\\\/politisch_unkorrekt\\\/#\\\/schema\\\/person\\\/5b30b80e385478896a1de221e1994d86\",\"name\":\"Orator\",\"image\":{\"@type\":\"ImageObject\",\"inLanguage\":\"de\",\"@id\":\"https:\\\/\\\/secure.gravatar.com\\\/avatar\\\/96e03166d31716e9c437060430eb7605c45a8ce6fb6dab483637ca6915dd0844?s=96&d=mm&r=g\",\"url\":\"https:\\\/\\\/secure.gravatar.com\\\/avatar\\\/96e03166d31716e9c437060430eb7605c45a8ce6fb6dab483637ca6915dd0844?s=96&d=mm&r=g\",\"contentUrl\":\"https:\\\/\\\/secure.gravatar.com\\\/avatar\\\/96e03166d31716e9c437060430eb7605c45a8ce6fb6dab483637ca6915dd0844?s=96&d=mm&r=g\",\"caption\":\"Orator\"},\"logo\":{\"@id\":\"https:\\\/\\\/secure.gravatar.com\\\/avatar\\\/96e03166d31716e9c437060430eb7605c45a8ce6fb6dab483637ca6915dd0844?s=96&d=mm&r=g\"},\"url\":\"https:\\\/\\\/www.inkultura-online.de\\\/politisch_unkorrekt\\\/author\\\/1korrektor21-2\\\/\"}]}<\/script>\n<!-- \/ Yoast SEO plugin. -->","yoast_head_json":{"title":"Es geht um die Wurst - Zeitgeist? Frei!","robots":{"index":"index","follow":"follow","max-snippet":"max-snippet:-1","max-image-preview":"max-image-preview:large","max-video-preview":"max-video-preview:-1"},"canonical":"https:\/\/www.inkultura-online.de\/politisch_unkorrekt\/es-geht-um-die-wurst\/","og_locale":"de_DE","og_type":"article","og_title":"Es geht um die Wurst - Zeitgeist? Frei!","og_description":"Gl\u00fccklich ein Land, das keine gravierenden Probleme hat; keine marode Infrastruktur; gesperrte, weil vom Einsturz bedrohte Br\u00fccken; keine mit Schlagl\u00f6chern \u00fcbers\u00e4ten Stra\u00dfen; keine Schulen, in denen die Toiletten zum Himmel stinken; keine Altersarmut, die Menschen nach \u00fcber vierzig Jahren Berufst\u00e4tigkeit &hellip; Weiterlesen &rarr;","og_url":"https:\/\/www.inkultura-online.de\/politisch_unkorrekt\/es-geht-um-die-wurst\/","og_site_name":"Zeitgeist? Frei!","article_published_time":"2018-12-01T08:59:40+00:00","author":"Orator","twitter_misc":{"Verfasst von":"Orator","Gesch\u00e4tzte Lesezeit":"2\u00a0Minuten"},"schema":{"@context":"https:\/\/schema.org","@graph":[{"@type":"Article","@id":"https:\/\/www.inkultura-online.de\/politisch_unkorrekt\/es-geht-um-die-wurst\/#article","isPartOf":{"@id":"https:\/\/www.inkultura-online.de\/politisch_unkorrekt\/es-geht-um-die-wurst\/"},"author":{"name":"Orator","@id":"https:\/\/www.inkultura-online.de\/politisch_unkorrekt\/#\/schema\/person\/5b30b80e385478896a1de221e1994d86"},"headline":"Es geht um die Wurst","datePublished":"2018-12-01T08:59:40+00:00","mainEntityOfPage":{"@id":"https:\/\/www.inkultura-online.de\/politisch_unkorrekt\/es-geht-um-die-wurst\/"},"wordCount":456,"publisher":{"@id":"https:\/\/www.inkultura-online.de\/politisch_unkorrekt\/#\/schema\/person\/5b30b80e385478896a1de221e1994d86"},"keywords":["Blutwurst","Friedensverhandlungen","Islam-Konferenz","Unterwerfung"],"articleSection":["Antipathie","Fundst\u00fccke","Gedanken zum Tag","Hauptstadtpossen","Keine Islamisierung?","So sieht\u00b4s aus"],"inLanguage":"de"},{"@type":"WebPage","@id":"https:\/\/www.inkultura-online.de\/politisch_unkorrekt\/es-geht-um-die-wurst\/","url":"https:\/\/www.inkultura-online.de\/politisch_unkorrekt\/es-geht-um-die-wurst\/","name":"Es geht um die Wurst - Zeitgeist? Frei!","isPartOf":{"@id":"https:\/\/www.inkultura-online.de\/politisch_unkorrekt\/#website"},"datePublished":"2018-12-01T08:59:40+00:00","breadcrumb":{"@id":"https:\/\/www.inkultura-online.de\/politisch_unkorrekt\/es-geht-um-die-wurst\/#breadcrumb"},"inLanguage":"de","potentialAction":[{"@type":"ReadAction","target":["https:\/\/www.inkultura-online.de\/politisch_unkorrekt\/es-geht-um-die-wurst\/"]}]},{"@type":"BreadcrumbList","@id":"https:\/\/www.inkultura-online.de\/politisch_unkorrekt\/es-geht-um-die-wurst\/#breadcrumb","itemListElement":[{"@type":"ListItem","position":1,"name":"Home","item":"https:\/\/www.inkultura-online.de\/politisch_unkorrekt\/"},{"@type":"ListItem","position":2,"name":"Es geht um die Wurst"}]},{"@type":"WebSite","@id":"https:\/\/www.inkultura-online.de\/politisch_unkorrekt\/#website","url":"https:\/\/www.inkultura-online.de\/politisch_unkorrekt\/","name":"Zeitgeist? Frei!","description":"Was Ihr den Geist der Zeiten hei\u00dft...","publisher":{"@id":"https:\/\/www.inkultura-online.de\/politisch_unkorrekt\/#\/schema\/person\/5b30b80e385478896a1de221e1994d86"},"potentialAction":[{"@type":"SearchAction","target":{"@type":"EntryPoint","urlTemplate":"https:\/\/www.inkultura-online.de\/politisch_unkorrekt\/?s={search_term_string}"},"query-input":{"@type":"PropertyValueSpecification","valueRequired":true,"valueName":"search_term_string"}}],"inLanguage":"de"},{"@type":["Person","Organization"],"@id":"https:\/\/www.inkultura-online.de\/politisch_unkorrekt\/#\/schema\/person\/5b30b80e385478896a1de221e1994d86","name":"Orator","image":{"@type":"ImageObject","inLanguage":"de","@id":"https:\/\/secure.gravatar.com\/avatar\/96e03166d31716e9c437060430eb7605c45a8ce6fb6dab483637ca6915dd0844?s=96&d=mm&r=g","url":"https:\/\/secure.gravatar.com\/avatar\/96e03166d31716e9c437060430eb7605c45a8ce6fb6dab483637ca6915dd0844?s=96&d=mm&r=g","contentUrl":"https:\/\/secure.gravatar.com\/avatar\/96e03166d31716e9c437060430eb7605c45a8ce6fb6dab483637ca6915dd0844?s=96&d=mm&r=g","caption":"Orator"},"logo":{"@id":"https:\/\/secure.gravatar.com\/avatar\/96e03166d31716e9c437060430eb7605c45a8ce6fb6dab483637ca6915dd0844?s=96&d=mm&r=g"},"url":"https:\/\/www.inkultura-online.de\/politisch_unkorrekt\/author\/1korrektor21-2\/"}]}},"_links":{"self":[{"href":"https:\/\/www.inkultura-online.de\/politisch_unkorrekt\/wp-json\/wp\/v2\/posts\/1854","targetHints":{"allow":["GET"]}}],"collection":[{"href":"https:\/\/www.inkultura-online.de\/politisch_unkorrekt\/wp-json\/wp\/v2\/posts"}],"about":[{"href":"https:\/\/www.inkultura-online.de\/politisch_unkorrekt\/wp-json\/wp\/v2\/types\/post"}],"author":[{"embeddable":true,"href":"https:\/\/www.inkultura-online.de\/politisch_unkorrekt\/wp-json\/wp\/v2\/users\/1"}],"replies":[{"embeddable":true,"href":"https:\/\/www.inkultura-online.de\/politisch_unkorrekt\/wp-json\/wp\/v2\/comments?post=1854"}],"version-history":[{"count":1,"href":"https:\/\/www.inkultura-online.de\/politisch_unkorrekt\/wp-json\/wp\/v2\/posts\/1854\/revisions"}],"predecessor-version":[{"id":1855,"href":"https:\/\/www.inkultura-online.de\/politisch_unkorrekt\/wp-json\/wp\/v2\/posts\/1854\/revisions\/1855"}],"wp:attachment":[{"href":"https:\/\/www.inkultura-online.de\/politisch_unkorrekt\/wp-json\/wp\/v2\/media?parent=1854"}],"wp:term":[{"taxonomy":"category","embeddable":true,"href":"https:\/\/www.inkultura-online.de\/politisch_unkorrekt\/wp-json\/wp\/v2\/categories?post=1854"},{"taxonomy":"post_tag","embeddable":true,"href":"https:\/\/www.inkultura-online.de\/politisch_unkorrekt\/wp-json\/wp\/v2\/tags?post=1854"}],"curies":[{"name":"wp","href":"https:\/\/api.w.org\/{rel}","templated":true}]}}