{"id":1870,"date":"2019-01-05T11:56:38","date_gmt":"2019-01-05T09:56:38","guid":{"rendered":"http:\/\/www.inkultura-online.de\/politisch_unkorrekt\/?p=1870"},"modified":"2019-01-05T11:57:52","modified_gmt":"2019-01-05T09:57:52","slug":"angriff-auf-die-demokratie","status":"publish","type":"post","link":"https:\/\/www.inkultura-online.de\/politisch_unkorrekt\/angriff-auf-die-demokratie\/","title":{"rendered":"Angriff auf die Demokratie?"},"content":{"rendered":"<p>Eene meene Meck, die Daten sind jetzt weg. Na ja, weg sind sie nicht, die angeblich so brisanten Einblicke in die Privatsph\u00e4re von Politikern, Promis und sonstigen, sich zu den wichtigen Personen des Landes z\u00e4hlenden \u201eUsern\u201c sog. sozialer Netzwerke. Wer mit wem und wann irgendwo in welchem Restaurant gegessen hat, ver\u00f6ffentlichte Telefonnummern, Privatadressen und Fotos sollen wenn, wie in diesem Fall, sie gehackt werden und der \u00d6ffentlichkeit sichtbar gemacht werden, einen Staatsnotstand bedeuten? Geht es vielleicht eine Nummer kleiner?<!--more--><\/p>\n<p>Ist die Demokratie in Gefahr, wie es einige Politiker, die zwar wenig bis keine Ahnung von der Sicherung der eigenen Daten haben, daf\u00fcr aber um so lauter Zeter und Mordio schreien, weil ach so Privates jetzt alle lesen k\u00f6nnen, lautstark herausposaunen? Ist die aktuelle Cyber-Attacke nicht eher ein Angriff auf die Dummheit der Nutzer, die, mit Passw\u00f6rtern wie \u201e12345\u201c oder \u201ePasswort\u201c, ihre Konten und Daten meinen sch\u00fctzen zu k\u00f6nnen?<\/p>\n<p>Es ist mitnichten ein Angriff auf die Demokratie, sondern es ist eine Attacke auf die Beklopptheit und die Unwissenheit derjenigen, die meinen, ihre Daten, auch die intimen, w\u00fcrden, sobald sie in die \u201eCloud\u201c \u2013 wenn ich dieses Wort schon h\u00f6re, str\u00e4uben sich meine Nackenhaare \u2013 hochgeladen sind, damit automatisch vor Zugriffen Unberechtigter gesch\u00fctzt. \u00dcber diese Naivit\u00e4t kann man eigentlich nur den Kopf sch\u00fctteln.<\/p>\n<p>Es ist wieder einmal die Stunde der Heuchler, vornehmlich die der politischen, die sich zwar nicht scheuen, gestohlene Steuerdaten zu kaufen, Staatstrojaner zu installieren und aus dem B\u00fcrger einen gl\u00e4sernen (Stichwort Bankgeheimnis) zu machen, jetzt aber aufjaulen wie getretene Hunde, wenn ihre eigenen, aber eigentlich unwichtigen Daten f\u00fcr alle einsehbar sind.<\/p>\n<p>Da wird ein Schauplatz er\u00f6ffnet, der die mediale Aufmerksamkeit gar nicht wert ist. Seitdem arglose und dumme Menschen, immer im Glauben, dass es dort so etwas wie Sicherheit gibt, ihre pers\u00f6nlichen Daten, Fotos und sonstige intime Angelegenheiten ins Netz laden, solange gibt es auch Angriffe auf diese Accounts, mit dem Ziel, diesen die sog. Privatheit zu nehmen. Merkel und die NSA Abh\u00f6raff\u00e4re lassen sch\u00f6n gr\u00fc\u00dfen.<\/p>\n<p>Was jetzt als digitale Verletzlichkeit unserer Demokratie bezeichnet wird, ist eigentlich, wenn man schon meint die \u201esozialen Plattformen\u201c exzessiv nutzen zu m\u00fcssen, nur die Schlampigkeit und der unprofessionelle Umgang mit dieser Technik. Wer der Meinung ist, er m\u00fcsse des Nachts an einem beliebigen Hauptbahnhof der Republik nackt herumlaufen, seine pers\u00f6nlichen Daten und Geld auf den K\u00f6rper geklebt, der darf sich nicht wundern, wenn er gef&#8230; wird.<\/p>\n<p>Im Ernst, keinen mit Intelligenz ausgestatteten Menschen interessiert es, mit wem B-Promis so alles chatten. Aus diesem Grund dr\u00e4ngt sich eigentlich eine ganz andere Frage auf: Wovon soll die aktuelle Aufregung um gestohlene Daten wirklich ablenken?<\/p>\n<p>Der Datenklau ist kein Angriff auf die Demokratie, sondern nur angewandte Schlamperei. Der wirkliche Angriff auf die Republik ist seit sp\u00e4testens 2015 voll im Gange. Ob dessen Initiatoren \u2013 das polit-mediale Kartell \u2013 dabei ebenso kriminell vorgehen wie der oder die Hacker, m\u00fcsste mal untersucht werden.<\/p>\n","protected":false},"excerpt":{"rendered":"<p>Eene meene Meck, die Daten sind jetzt weg. Na ja, weg sind sie nicht, die angeblich so brisanten Einblicke in die Privatsph\u00e4re von Politikern, Promis und sonstigen, sich zu den wichtigen Personen des Landes z\u00e4hlenden \u201eUsern\u201c sog. sozialer Netzwerke. Wer &hellip; <a href=\"https:\/\/www.inkultura-online.de\/politisch_unkorrekt\/angriff-auf-die-demokratie\/\">Weiterlesen <span class=\"meta-nav\">&rarr;<\/span><\/a><\/p>\n","protected":false},"author":1,"featured_media":0,"comment_status":"closed","ping_status":"closed","sticky":false,"template":"","format":"standard","meta":{"footnotes":""},"categories":[444,6,7],"tags":[1150,1151,183,1152],"class_list":["post-1870","post","type-post","status-publish","format-standard","hentry","category-gedanken-zum-tag","category-menschen-untereinander","category-moderne-zeiten","tag-datenklau","tag-datensicherheit","tag-demokratie","tag-soziale-netzwerke"],"yoast_head":"<!-- This site is optimized with the Yoast SEO plugin v27.5 - https:\/\/yoast.com\/product\/yoast-seo-wordpress\/ -->\n<title>Angriff auf die Demokratie? - Zeitgeist? Frei!<\/title>\n<meta name=\"robots\" content=\"index, follow, max-snippet:-1, max-image-preview:large, max-video-preview:-1\" \/>\n<link rel=\"canonical\" href=\"https:\/\/www.inkultura-online.de\/politisch_unkorrekt\/angriff-auf-die-demokratie\/\" \/>\n<meta property=\"og:locale\" content=\"de_DE\" \/>\n<meta property=\"og:type\" content=\"article\" \/>\n<meta property=\"og:title\" content=\"Angriff auf die Demokratie? - Zeitgeist? Frei!\" \/>\n<meta property=\"og:description\" content=\"Eene meene Meck, die Daten sind jetzt weg. Na ja, weg sind sie nicht, die angeblich so brisanten Einblicke in die Privatsph\u00e4re von Politikern, Promis und sonstigen, sich zu den wichtigen Personen des Landes z\u00e4hlenden \u201eUsern\u201c sog. sozialer Netzwerke. Wer &hellip; Weiterlesen &rarr;\" \/>\n<meta property=\"og:url\" content=\"https:\/\/www.inkultura-online.de\/politisch_unkorrekt\/angriff-auf-die-demokratie\/\" \/>\n<meta property=\"og:site_name\" content=\"Zeitgeist? Frei!\" \/>\n<meta property=\"article:published_time\" content=\"2019-01-05T09:56:38+00:00\" \/>\n<meta property=\"article:modified_time\" content=\"2019-01-05T09:57:52+00:00\" \/>\n<meta name=\"author\" content=\"Orator\" \/>\n<meta name=\"twitter:label1\" content=\"Verfasst von\" \/>\n\t<meta name=\"twitter:data1\" content=\"Orator\" \/>\n\t<meta name=\"twitter:label2\" content=\"Gesch\u00e4tzte Lesezeit\" \/>\n\t<meta name=\"twitter:data2\" content=\"2\u00a0Minuten\" \/>\n<script type=\"application\/ld+json\" class=\"yoast-schema-graph\">{\"@context\":\"https:\\\/\\\/schema.org\",\"@graph\":[{\"@type\":\"Article\",\"@id\":\"https:\\\/\\\/www.inkultura-online.de\\\/politisch_unkorrekt\\\/angriff-auf-die-demokratie\\\/#article\",\"isPartOf\":{\"@id\":\"https:\\\/\\\/www.inkultura-online.de\\\/politisch_unkorrekt\\\/angriff-auf-die-demokratie\\\/\"},\"author\":{\"name\":\"Orator\",\"@id\":\"https:\\\/\\\/www.inkultura-online.de\\\/politisch_unkorrekt\\\/#\\\/schema\\\/person\\\/5b30b80e385478896a1de221e1994d86\"},\"headline\":\"Angriff auf die Demokratie?\",\"datePublished\":\"2019-01-05T09:56:38+00:00\",\"dateModified\":\"2019-01-05T09:57:52+00:00\",\"mainEntityOfPage\":{\"@id\":\"https:\\\/\\\/www.inkultura-online.de\\\/politisch_unkorrekt\\\/angriff-auf-die-demokratie\\\/\"},\"wordCount\":503,\"publisher\":{\"@id\":\"https:\\\/\\\/www.inkultura-online.de\\\/politisch_unkorrekt\\\/#\\\/schema\\\/person\\\/5b30b80e385478896a1de221e1994d86\"},\"keywords\":[\"Datenklau\",\"Datensicherheit\",\"Demokratie\",\"soziale Netzwerke\"],\"articleSection\":[\"Gedanken zum Tag\",\"Menschen untereinander\",\"Moderne Zeiten\"],\"inLanguage\":\"de\"},{\"@type\":\"WebPage\",\"@id\":\"https:\\\/\\\/www.inkultura-online.de\\\/politisch_unkorrekt\\\/angriff-auf-die-demokratie\\\/\",\"url\":\"https:\\\/\\\/www.inkultura-online.de\\\/politisch_unkorrekt\\\/angriff-auf-die-demokratie\\\/\",\"name\":\"Angriff auf die Demokratie? - Zeitgeist? Frei!\",\"isPartOf\":{\"@id\":\"https:\\\/\\\/www.inkultura-online.de\\\/politisch_unkorrekt\\\/#website\"},\"datePublished\":\"2019-01-05T09:56:38+00:00\",\"dateModified\":\"2019-01-05T09:57:52+00:00\",\"breadcrumb\":{\"@id\":\"https:\\\/\\\/www.inkultura-online.de\\\/politisch_unkorrekt\\\/angriff-auf-die-demokratie\\\/#breadcrumb\"},\"inLanguage\":\"de\",\"potentialAction\":[{\"@type\":\"ReadAction\",\"target\":[\"https:\\\/\\\/www.inkultura-online.de\\\/politisch_unkorrekt\\\/angriff-auf-die-demokratie\\\/\"]}]},{\"@type\":\"BreadcrumbList\",\"@id\":\"https:\\\/\\\/www.inkultura-online.de\\\/politisch_unkorrekt\\\/angriff-auf-die-demokratie\\\/#breadcrumb\",\"itemListElement\":[{\"@type\":\"ListItem\",\"position\":1,\"name\":\"Home\",\"item\":\"https:\\\/\\\/www.inkultura-online.de\\\/politisch_unkorrekt\\\/\"},{\"@type\":\"ListItem\",\"position\":2,\"name\":\"Angriff auf die Demokratie?\"}]},{\"@type\":\"WebSite\",\"@id\":\"https:\\\/\\\/www.inkultura-online.de\\\/politisch_unkorrekt\\\/#website\",\"url\":\"https:\\\/\\\/www.inkultura-online.de\\\/politisch_unkorrekt\\\/\",\"name\":\"Zeitgeist? Frei!\",\"description\":\"Was Ihr den Geist der Zeiten hei\u00dft...\",\"publisher\":{\"@id\":\"https:\\\/\\\/www.inkultura-online.de\\\/politisch_unkorrekt\\\/#\\\/schema\\\/person\\\/5b30b80e385478896a1de221e1994d86\"},\"potentialAction\":[{\"@type\":\"SearchAction\",\"target\":{\"@type\":\"EntryPoint\",\"urlTemplate\":\"https:\\\/\\\/www.inkultura-online.de\\\/politisch_unkorrekt\\\/?s={search_term_string}\"},\"query-input\":{\"@type\":\"PropertyValueSpecification\",\"valueRequired\":true,\"valueName\":\"search_term_string\"}}],\"inLanguage\":\"de\"},{\"@type\":[\"Person\",\"Organization\"],\"@id\":\"https:\\\/\\\/www.inkultura-online.de\\\/politisch_unkorrekt\\\/#\\\/schema\\\/person\\\/5b30b80e385478896a1de221e1994d86\",\"name\":\"Orator\",\"image\":{\"@type\":\"ImageObject\",\"inLanguage\":\"de\",\"@id\":\"https:\\\/\\\/secure.gravatar.com\\\/avatar\\\/96e03166d31716e9c437060430eb7605c45a8ce6fb6dab483637ca6915dd0844?s=96&d=mm&r=g\",\"url\":\"https:\\\/\\\/secure.gravatar.com\\\/avatar\\\/96e03166d31716e9c437060430eb7605c45a8ce6fb6dab483637ca6915dd0844?s=96&d=mm&r=g\",\"contentUrl\":\"https:\\\/\\\/secure.gravatar.com\\\/avatar\\\/96e03166d31716e9c437060430eb7605c45a8ce6fb6dab483637ca6915dd0844?s=96&d=mm&r=g\",\"caption\":\"Orator\"},\"logo\":{\"@id\":\"https:\\\/\\\/secure.gravatar.com\\\/avatar\\\/96e03166d31716e9c437060430eb7605c45a8ce6fb6dab483637ca6915dd0844?s=96&d=mm&r=g\"},\"url\":\"https:\\\/\\\/www.inkultura-online.de\\\/politisch_unkorrekt\\\/author\\\/1korrektor21-2\\\/\"}]}<\/script>\n<!-- \/ Yoast SEO plugin. -->","yoast_head_json":{"title":"Angriff auf die Demokratie? - Zeitgeist? Frei!","robots":{"index":"index","follow":"follow","max-snippet":"max-snippet:-1","max-image-preview":"max-image-preview:large","max-video-preview":"max-video-preview:-1"},"canonical":"https:\/\/www.inkultura-online.de\/politisch_unkorrekt\/angriff-auf-die-demokratie\/","og_locale":"de_DE","og_type":"article","og_title":"Angriff auf die Demokratie? - Zeitgeist? Frei!","og_description":"Eene meene Meck, die Daten sind jetzt weg. Na ja, weg sind sie nicht, die angeblich so brisanten Einblicke in die Privatsph\u00e4re von Politikern, Promis und sonstigen, sich zu den wichtigen Personen des Landes z\u00e4hlenden \u201eUsern\u201c sog. sozialer Netzwerke. Wer &hellip; Weiterlesen &rarr;","og_url":"https:\/\/www.inkultura-online.de\/politisch_unkorrekt\/angriff-auf-die-demokratie\/","og_site_name":"Zeitgeist? Frei!","article_published_time":"2019-01-05T09:56:38+00:00","article_modified_time":"2019-01-05T09:57:52+00:00","author":"Orator","twitter_misc":{"Verfasst von":"Orator","Gesch\u00e4tzte Lesezeit":"2\u00a0Minuten"},"schema":{"@context":"https:\/\/schema.org","@graph":[{"@type":"Article","@id":"https:\/\/www.inkultura-online.de\/politisch_unkorrekt\/angriff-auf-die-demokratie\/#article","isPartOf":{"@id":"https:\/\/www.inkultura-online.de\/politisch_unkorrekt\/angriff-auf-die-demokratie\/"},"author":{"name":"Orator","@id":"https:\/\/www.inkultura-online.de\/politisch_unkorrekt\/#\/schema\/person\/5b30b80e385478896a1de221e1994d86"},"headline":"Angriff auf die Demokratie?","datePublished":"2019-01-05T09:56:38+00:00","dateModified":"2019-01-05T09:57:52+00:00","mainEntityOfPage":{"@id":"https:\/\/www.inkultura-online.de\/politisch_unkorrekt\/angriff-auf-die-demokratie\/"},"wordCount":503,"publisher":{"@id":"https:\/\/www.inkultura-online.de\/politisch_unkorrekt\/#\/schema\/person\/5b30b80e385478896a1de221e1994d86"},"keywords":["Datenklau","Datensicherheit","Demokratie","soziale Netzwerke"],"articleSection":["Gedanken zum Tag","Menschen untereinander","Moderne Zeiten"],"inLanguage":"de"},{"@type":"WebPage","@id":"https:\/\/www.inkultura-online.de\/politisch_unkorrekt\/angriff-auf-die-demokratie\/","url":"https:\/\/www.inkultura-online.de\/politisch_unkorrekt\/angriff-auf-die-demokratie\/","name":"Angriff auf die Demokratie? - Zeitgeist? Frei!","isPartOf":{"@id":"https:\/\/www.inkultura-online.de\/politisch_unkorrekt\/#website"},"datePublished":"2019-01-05T09:56:38+00:00","dateModified":"2019-01-05T09:57:52+00:00","breadcrumb":{"@id":"https:\/\/www.inkultura-online.de\/politisch_unkorrekt\/angriff-auf-die-demokratie\/#breadcrumb"},"inLanguage":"de","potentialAction":[{"@type":"ReadAction","target":["https:\/\/www.inkultura-online.de\/politisch_unkorrekt\/angriff-auf-die-demokratie\/"]}]},{"@type":"BreadcrumbList","@id":"https:\/\/www.inkultura-online.de\/politisch_unkorrekt\/angriff-auf-die-demokratie\/#breadcrumb","itemListElement":[{"@type":"ListItem","position":1,"name":"Home","item":"https:\/\/www.inkultura-online.de\/politisch_unkorrekt\/"},{"@type":"ListItem","position":2,"name":"Angriff auf die Demokratie?"}]},{"@type":"WebSite","@id":"https:\/\/www.inkultura-online.de\/politisch_unkorrekt\/#website","url":"https:\/\/www.inkultura-online.de\/politisch_unkorrekt\/","name":"Zeitgeist? Frei!","description":"Was Ihr den Geist der Zeiten hei\u00dft...","publisher":{"@id":"https:\/\/www.inkultura-online.de\/politisch_unkorrekt\/#\/schema\/person\/5b30b80e385478896a1de221e1994d86"},"potentialAction":[{"@type":"SearchAction","target":{"@type":"EntryPoint","urlTemplate":"https:\/\/www.inkultura-online.de\/politisch_unkorrekt\/?s={search_term_string}"},"query-input":{"@type":"PropertyValueSpecification","valueRequired":true,"valueName":"search_term_string"}}],"inLanguage":"de"},{"@type":["Person","Organization"],"@id":"https:\/\/www.inkultura-online.de\/politisch_unkorrekt\/#\/schema\/person\/5b30b80e385478896a1de221e1994d86","name":"Orator","image":{"@type":"ImageObject","inLanguage":"de","@id":"https:\/\/secure.gravatar.com\/avatar\/96e03166d31716e9c437060430eb7605c45a8ce6fb6dab483637ca6915dd0844?s=96&d=mm&r=g","url":"https:\/\/secure.gravatar.com\/avatar\/96e03166d31716e9c437060430eb7605c45a8ce6fb6dab483637ca6915dd0844?s=96&d=mm&r=g","contentUrl":"https:\/\/secure.gravatar.com\/avatar\/96e03166d31716e9c437060430eb7605c45a8ce6fb6dab483637ca6915dd0844?s=96&d=mm&r=g","caption":"Orator"},"logo":{"@id":"https:\/\/secure.gravatar.com\/avatar\/96e03166d31716e9c437060430eb7605c45a8ce6fb6dab483637ca6915dd0844?s=96&d=mm&r=g"},"url":"https:\/\/www.inkultura-online.de\/politisch_unkorrekt\/author\/1korrektor21-2\/"}]}},"_links":{"self":[{"href":"https:\/\/www.inkultura-online.de\/politisch_unkorrekt\/wp-json\/wp\/v2\/posts\/1870","targetHints":{"allow":["GET"]}}],"collection":[{"href":"https:\/\/www.inkultura-online.de\/politisch_unkorrekt\/wp-json\/wp\/v2\/posts"}],"about":[{"href":"https:\/\/www.inkultura-online.de\/politisch_unkorrekt\/wp-json\/wp\/v2\/types\/post"}],"author":[{"embeddable":true,"href":"https:\/\/www.inkultura-online.de\/politisch_unkorrekt\/wp-json\/wp\/v2\/users\/1"}],"replies":[{"embeddable":true,"href":"https:\/\/www.inkultura-online.de\/politisch_unkorrekt\/wp-json\/wp\/v2\/comments?post=1870"}],"version-history":[{"count":2,"href":"https:\/\/www.inkultura-online.de\/politisch_unkorrekt\/wp-json\/wp\/v2\/posts\/1870\/revisions"}],"predecessor-version":[{"id":1872,"href":"https:\/\/www.inkultura-online.de\/politisch_unkorrekt\/wp-json\/wp\/v2\/posts\/1870\/revisions\/1872"}],"wp:attachment":[{"href":"https:\/\/www.inkultura-online.de\/politisch_unkorrekt\/wp-json\/wp\/v2\/media?parent=1870"}],"wp:term":[{"taxonomy":"category","embeddable":true,"href":"https:\/\/www.inkultura-online.de\/politisch_unkorrekt\/wp-json\/wp\/v2\/categories?post=1870"},{"taxonomy":"post_tag","embeddable":true,"href":"https:\/\/www.inkultura-online.de\/politisch_unkorrekt\/wp-json\/wp\/v2\/tags?post=1870"}],"curies":[{"name":"wp","href":"https:\/\/api.w.org\/{rel}","templated":true}]}}